{"id":101664,"date":"2026-03-10T10:05:09","date_gmt":"2026-03-10T09:05:09","guid":{"rendered":"https:\/\/www.montagnelagodicomo.it\/2026\/03\/10\/montagne-del-lago-di-como-alle-fiere-internazionali-2025-2\/"},"modified":"2026-03-10T13:06:17","modified_gmt":"2026-03-10T12:06:17","slug":"montagne-del-lago-di-como-alle-fiere-internazionali-2026","status":"publish","type":"post","link":"https:\/\/www.montagnelagodicomo.it\/de\/2026\/03\/10\/montagne-del-lago-di-como-alle-fiere-internazionali-2026\/","title":{"rendered":"Montagne del Lago di Como alle Fiere Internazionali 2026"},"content":{"rendered":"<figure id=\"attachment_78695\" class=\"wp-caption aligncenter\" aria-describedby=\"caption-attachment-78695\"><\/figure>\n<p><strong>Care\/i amiche\/ci,<\/strong><\/p>\n<p>qui trovate il Catalogo Fiere 2026, in formato grafico, che la Rete ha portato e porter\u00e0 alle prossime Fiere Internazionali del Turismo.<\/p>\n<p>\ud83d\udc49\ud83c\udffb <em><strong><a href=\"https:\/\/www.montagnelagodicomo.it\/wp-content\/uploads\/2026\/03\/Catalogo-Fiere-2026-Montagne-del-Lago-di-Como.pdf\">Catalogo Fiere 2026 &#8211; Montagne del Lago di Como<\/a><\/strong><\/em><\/p>\n<p>&nbsp;<\/p>\n<p><a href=\"https:\/\/www.montagnelagodicomo.it\/wp-content\/uploads\/2026\/03\/Catalogo-Fiere-2026-Montagne-del-Lago-di-Como.pdf\"><img fetchpriority=\"high\" decoding=\"async\" class=\" wp-image-101670 aligncenter\" src=\"https:\/\/www.montagnelagodicomo.it\/wp-content\/uploads\/2026\/03\/COPERTINA-1-212x300.jpg\" alt=\"\" width=\"477\" height=\"675\" srcset=\"https:\/\/www.montagnelagodicomo.it\/wp-content\/uploads\/2026\/03\/COPERTINA-1-212x300.jpg 212w, https:\/\/www.montagnelagodicomo.it\/wp-content\/uploads\/2026\/03\/COPERTINA-1-724x1024.jpg 724w, https:\/\/www.montagnelagodicomo.it\/wp-content\/uploads\/2026\/03\/COPERTINA-1-768x1086.jpg 768w, https:\/\/www.montagnelagodicomo.it\/wp-content\/uploads\/2026\/03\/COPERTINA-1-1086x1536.jpg 1086w, https:\/\/www.montagnelagodicomo.it\/wp-content\/uploads\/2026\/03\/COPERTINA-1.jpg 1414w\" sizes=\"(max-width: 477px) 100vw, 477px\" \/><\/a><\/p>\n<p style=\"text-align: right;\">\n","protected":false},"excerpt":{"rendered":"<p>Care\/i amiche\/ci, qui trovate il Catalogo Fiere 2026, in formato grafico, che la Rete ha portato e porter\u00e0 alle prossime Fiere Internazionali del Turismo. \ud83d\udc49\ud83c\udffb Catalogo Fiere 2026 &#8211; Montagne del Lago di Como &nbsp;<\/p>\n","protected":false},"author":4,"featured_media":101670,"comment_status":"open","ping_status":"open","sticky":false,"template":"","format":"standard","meta":{"_acf_changed":false,"footnotes":""},"categories":[146],"tags":[1971,1829,1263],"class_list":["post-101664","post","type-post","status-publish","format-standard","has-post-thumbnail","hentry","category-ultima-ora","tag-fieredelturismo","tag-fiereinternazionali","tag-montagnelago"],"acf":[],"yoast_head":"<!-- This site is optimized with the Yoast SEO plugin v25.0 - https:\/\/yoast.com\/wordpress\/plugins\/seo\/ -->\n<title>Montagne del Lago di Como alle Fiere Internazionali 2026<\/title>\n<meta name=\"description\" content=\"Care\/i amiche\/ci, qui trovate il Catalogo Fiere 2026, in formato grafico, che la Rete ha portato e porter\u00e0 alle prossime Fiere Internazionali del Turismo.\" \/>\n<meta name=\"robots\" content=\"index, follow, max-snippet:-1, max-image-preview:large, max-video-preview:-1\" \/>\n<link rel=\"canonical\" href=\"https:\/\/www.montagnelagodicomo.it\/2026\/03\/10\/montagne-del-lago-di-como-alle-fiere-internazionali-2026\/\" \/>\n<meta property=\"og:locale\" content=\"de_DE\" \/>\n<meta property=\"og:type\" content=\"article\" \/>\n<meta property=\"og:title\" content=\"Giugno: aspettando l&#039;estate\" \/>\n<meta property=\"og:description\" content=\"Cari amici, la stagione estiva \u00e8 alle porte e tanta \u00e8 la voglia di rilassarsi ed evadere dallo stress della vita quotidiana. E&#039; il momento giusto per scoprire quanto di pi\u00f9 bello le Montagne del Lago di Como hanno da offrire.\" \/>\n<meta property=\"og:url\" content=\"https:\/\/www.montagnelagodicomo.it\/2026\/03\/10\/montagne-del-lago-di-como-alle-fiere-internazionali-2026\/\" \/>\n<meta property=\"og:site_name\" content=\"Lago di Como e Valsassina\" \/>\n<meta property=\"article:publisher\" content=\"https:\/\/www.facebook.com\/montagnelagodicomo\" \/>\n<meta property=\"article:published_time\" content=\"2026-03-10T09:05:09+00:00\" \/>\n<meta property=\"article:modified_time\" content=\"2026-03-10T12:06:17+00:00\" \/>\n<meta property=\"og:image\" content=\"https:\/\/www.montagnelagodicomo.it\/wp-content\/uploads\/2022\/05\/Varenna_Alberto-Locatelli.jpg\" \/>\n\t<meta property=\"og:image:width\" content=\"1080\" \/>\n\t<meta property=\"og:image:height\" content=\"648\" \/>\n\t<meta property=\"og:image:type\" content=\"image\/jpeg\" \/>\n<meta name=\"author\" content=\"Lago di Como 3\" \/>\n<meta name=\"twitter:card\" content=\"summary_large_image\" \/>\n<meta name=\"twitter:creator\" content=\"@MontagneLago\" \/>\n<meta name=\"twitter:site\" content=\"@MontagneLago\" \/>\n<meta name=\"twitter:label1\" content=\"Verfasst von\" \/>\n\t<meta name=\"twitter:data1\" content=\"Lago di Como 3\" \/>\n\t<meta name=\"twitter:label2\" content=\"Gesch\u00e4tzte Lesezeit\" \/>\n\t<meta name=\"twitter:data2\" content=\"1\u00a0Minute\" \/>\n<script type=\"application\/ld+json\" class=\"yoast-schema-graph\">{\"@context\":\"https:\/\/schema.org\",\"@graph\":[{\"@type\":\"Article\",\"@id\":\"https:\/\/www.montagnelagodicomo.it\/2026\/03\/10\/montagne-del-lago-di-como-alle-fiere-internazionali-2026\/#article\",\"isPartOf\":{\"@id\":\"https:\/\/www.montagnelagodicomo.it\/2026\/03\/10\/montagne-del-lago-di-como-alle-fiere-internazionali-2026\/\"},\"author\":{\"name\":\"Lago di Como 3\",\"@id\":\"https:\/\/www.montagnelagodicomo.it\/#\/schema\/person\/62387dee120171fb5c03a77fe5169f1e\"},\"headline\":\"Montagne del Lago di Como alle Fiere Internazionali 2026\",\"datePublished\":\"2026-03-10T09:05:09+00:00\",\"dateModified\":\"2026-03-10T12:06:17+00:00\",\"mainEntityOfPage\":{\"@id\":\"https:\/\/www.montagnelagodicomo.it\/2026\/03\/10\/montagne-del-lago-di-como-alle-fiere-internazionali-2026\/\"},\"wordCount\":42,\"commentCount\":0,\"publisher\":{\"@id\":\"https:\/\/www.montagnelagodicomo.it\/#organization\"},\"image\":{\"@id\":\"https:\/\/www.montagnelagodicomo.it\/2026\/03\/10\/montagne-del-lago-di-como-alle-fiere-internazionali-2026\/#primaryimage\"},\"thumbnailUrl\":\"https:\/\/www.montagnelagodicomo.it\/wp-content\/uploads\/2026\/03\/COPERTINA-1.jpg\",\"keywords\":[\"fieredelturismo\",\"fiereinternazionali\",\"montagnelago\"],\"articleSection\":[\"Ultima ora\"],\"inLanguage\":\"de\",\"potentialAction\":[{\"@type\":\"CommentAction\",\"name\":\"Comment\",\"target\":[\"https:\/\/www.montagnelagodicomo.it\/2026\/03\/10\/montagne-del-lago-di-como-alle-fiere-internazionali-2026\/#respond\"]}]},{\"@type\":\"WebPage\",\"@id\":\"https:\/\/www.montagnelagodicomo.it\/2026\/03\/10\/montagne-del-lago-di-como-alle-fiere-internazionali-2026\/\",\"url\":\"https:\/\/www.montagnelagodicomo.it\/2026\/03\/10\/montagne-del-lago-di-como-alle-fiere-internazionali-2026\/\",\"name\":\"Montagne del Lago di Como alle Fiere Internazionali 2026\",\"isPartOf\":{\"@id\":\"https:\/\/www.montagnelagodicomo.it\/#website\"},\"primaryImageOfPage\":{\"@id\":\"https:\/\/www.montagnelagodicomo.it\/2026\/03\/10\/montagne-del-lago-di-como-alle-fiere-internazionali-2026\/#primaryimage\"},\"image\":{\"@id\":\"https:\/\/www.montagnelagodicomo.it\/2026\/03\/10\/montagne-del-lago-di-como-alle-fiere-internazionali-2026\/#primaryimage\"},\"thumbnailUrl\":\"https:\/\/www.montagnelagodicomo.it\/wp-content\/uploads\/2026\/03\/COPERTINA-1.jpg\",\"datePublished\":\"2026-03-10T09:05:09+00:00\",\"dateModified\":\"2026-03-10T12:06:17+00:00\",\"description\":\"Care\/i amiche\/ci, qui trovate il Catalogo Fiere 2026, in formato grafico, che la Rete ha portato e porter\u00e0 alle prossime Fiere Internazionali del Turismo.\",\"breadcrumb\":{\"@id\":\"https:\/\/www.montagnelagodicomo.it\/2026\/03\/10\/montagne-del-lago-di-como-alle-fiere-internazionali-2026\/#breadcrumb\"},\"inLanguage\":\"de\",\"potentialAction\":[{\"@type\":\"ReadAction\",\"target\":[\"https:\/\/www.montagnelagodicomo.it\/2026\/03\/10\/montagne-del-lago-di-como-alle-fiere-internazionali-2026\/\"]}]},{\"@type\":\"ImageObject\",\"inLanguage\":\"de\",\"@id\":\"https:\/\/www.montagnelagodicomo.it\/2026\/03\/10\/montagne-del-lago-di-como-alle-fiere-internazionali-2026\/#primaryimage\",\"url\":\"https:\/\/www.montagnelagodicomo.it\/wp-content\/uploads\/2026\/03\/COPERTINA-1.jpg\",\"contentUrl\":\"https:\/\/www.montagnelagodicomo.it\/wp-content\/uploads\/2026\/03\/COPERTINA-1.jpg\",\"width\":1414,\"height\":2000},{\"@type\":\"BreadcrumbList\",\"@id\":\"https:\/\/www.montagnelagodicomo.it\/2026\/03\/10\/montagne-del-lago-di-como-alle-fiere-internazionali-2026\/#breadcrumb\",\"itemListElement\":[{\"@type\":\"ListItem\",\"position\":1,\"name\":\"Home\",\"item\":\"https:\/\/www.montagnelagodicomo.it\/de\/\"},{\"@type\":\"ListItem\",\"position\":2,\"name\":\"Montagne del Lago di Como alle Fiere Internazionali 2026\"}]},{\"@type\":\"WebSite\",\"@id\":\"https:\/\/www.montagnelagodicomo.it\/#website\",\"url\":\"https:\/\/www.montagnelagodicomo.it\/\",\"name\":\"Lago di Como e Valsassina\",\"description\":\"\",\"publisher\":{\"@id\":\"https:\/\/www.montagnelagodicomo.it\/#organization\"},\"potentialAction\":[{\"@type\":\"SearchAction\",\"target\":{\"@type\":\"EntryPoint\",\"urlTemplate\":\"https:\/\/www.montagnelagodicomo.it\/?s={search_term_string}\"},\"query-input\":{\"@type\":\"PropertyValueSpecification\",\"valueRequired\":true,\"valueName\":\"search_term_string\"}}],\"inLanguage\":\"de\"},{\"@type\":\"Organization\",\"@id\":\"https:\/\/www.montagnelagodicomo.it\/#organization\",\"name\":\"Montagne del Lago di Como\",\"url\":\"https:\/\/www.montagnelagodicomo.it\/\",\"logo\":{\"@type\":\"ImageObject\",\"inLanguage\":\"de\",\"@id\":\"https:\/\/www.montagnelagodicomo.it\/#\/schema\/logo\/image\/\",\"url\":\"https:\/\/www.montagnelagodicomo.it\/wp-content\/uploads\/2016\/07\/DEF_Montagne_LagodiComo_04112015_png.png\",\"contentUrl\":\"https:\/\/www.montagnelagodicomo.it\/wp-content\/uploads\/2016\/07\/DEF_Montagne_LagodiComo_04112015_png.png\",\"width\":2997,\"height\":835,\"caption\":\"Montagne del Lago di Como\"},\"image\":{\"@id\":\"https:\/\/www.montagnelagodicomo.it\/#\/schema\/logo\/image\/\"},\"sameAs\":[\"https:\/\/www.facebook.com\/montagnelagodicomo\",\"https:\/\/x.com\/MontagneLago\",\"https:\/\/www.youtube.com\/channel\/UCDoxghWmgQnHlQ78rzZuUjA\"]},{\"@type\":\"Person\",\"@id\":\"https:\/\/www.montagnelagodicomo.it\/#\/schema\/person\/62387dee120171fb5c03a77fe5169f1e\",\"name\":\"Lago di Como 3\",\"image\":{\"@type\":\"ImageObject\",\"inLanguage\":\"de\",\"@id\":\"https:\/\/www.montagnelagodicomo.it\/#\/schema\/person\/image\/\",\"url\":\"https:\/\/secure.gravatar.com\/avatar\/177606e9ed7370bc5cd946f4243ac59920e657438575f65d56f2ebfb41996b8f?s=96&d=mm&r=g\",\"contentUrl\":\"https:\/\/secure.gravatar.com\/avatar\/177606e9ed7370bc5cd946f4243ac59920e657438575f65d56f2ebfb41996b8f?s=96&d=mm&r=g\",\"caption\":\"Lago di Como 3\"},\"url\":\"https:\/\/www.montagnelagodicomo.it\/de\/author\/lago-di-como-3\/\"}]}<\/script>\n<!-- \/ Yoast SEO plugin. -->","yoast_head_json":{"title":"Montagne del Lago di Como alle Fiere Internazionali 2026","description":"Care\/i amiche\/ci, qui trovate il Catalogo Fiere 2026, in formato grafico, che la Rete ha portato e porter\u00e0 alle prossime Fiere Internazionali del Turismo.","robots":{"index":"index","follow":"follow","max-snippet":"max-snippet:-1","max-image-preview":"max-image-preview:large","max-video-preview":"max-video-preview:-1"},"canonical":"https:\/\/www.montagnelagodicomo.it\/2026\/03\/10\/montagne-del-lago-di-como-alle-fiere-internazionali-2026\/","og_locale":"de_DE","og_type":"article","og_title":"Giugno: aspettando l'estate","og_description":"Cari amici, la stagione estiva \u00e8 alle porte e tanta \u00e8 la voglia di rilassarsi ed evadere dallo stress della vita quotidiana. E' il momento giusto per scoprire quanto di pi\u00f9 bello le Montagne del Lago di Como hanno da offrire.","og_url":"https:\/\/www.montagnelagodicomo.it\/2026\/03\/10\/montagne-del-lago-di-como-alle-fiere-internazionali-2026\/","og_site_name":"Lago di Como e Valsassina","article_publisher":"https:\/\/www.facebook.com\/montagnelagodicomo","article_published_time":"2026-03-10T09:05:09+00:00","article_modified_time":"2026-03-10T12:06:17+00:00","og_image":[{"width":1080,"height":648,"url":"https:\/\/www.montagnelagodicomo.it\/wp-content\/uploads\/2022\/05\/Varenna_Alberto-Locatelli.jpg","type":"image\/jpeg"}],"author":"Lago di Como 3","twitter_card":"summary_large_image","twitter_creator":"@MontagneLago","twitter_site":"@MontagneLago","twitter_misc":{"Verfasst von":"Lago di Como 3","Gesch\u00e4tzte Lesezeit":"1\u00a0Minute"},"schema":{"@context":"https:\/\/schema.org","@graph":[{"@type":"Article","@id":"https:\/\/www.montagnelagodicomo.it\/2026\/03\/10\/montagne-del-lago-di-como-alle-fiere-internazionali-2026\/#article","isPartOf":{"@id":"https:\/\/www.montagnelagodicomo.it\/2026\/03\/10\/montagne-del-lago-di-como-alle-fiere-internazionali-2026\/"},"author":{"name":"Lago di Como 3","@id":"https:\/\/www.montagnelagodicomo.it\/#\/schema\/person\/62387dee120171fb5c03a77fe5169f1e"},"headline":"Montagne del Lago di Como alle Fiere Internazionali 2026","datePublished":"2026-03-10T09:05:09+00:00","dateModified":"2026-03-10T12:06:17+00:00","mainEntityOfPage":{"@id":"https:\/\/www.montagnelagodicomo.it\/2026\/03\/10\/montagne-del-lago-di-como-alle-fiere-internazionali-2026\/"},"wordCount":42,"commentCount":0,"publisher":{"@id":"https:\/\/www.montagnelagodicomo.it\/#organization"},"image":{"@id":"https:\/\/www.montagnelagodicomo.it\/2026\/03\/10\/montagne-del-lago-di-como-alle-fiere-internazionali-2026\/#primaryimage"},"thumbnailUrl":"https:\/\/www.montagnelagodicomo.it\/wp-content\/uploads\/2026\/03\/COPERTINA-1.jpg","keywords":["fieredelturismo","fiereinternazionali","montagnelago"],"articleSection":["Ultima ora"],"inLanguage":"de","potentialAction":[{"@type":"CommentAction","name":"Comment","target":["https:\/\/www.montagnelagodicomo.it\/2026\/03\/10\/montagne-del-lago-di-como-alle-fiere-internazionali-2026\/#respond"]}]},{"@type":"WebPage","@id":"https:\/\/www.montagnelagodicomo.it\/2026\/03\/10\/montagne-del-lago-di-como-alle-fiere-internazionali-2026\/","url":"https:\/\/www.montagnelagodicomo.it\/2026\/03\/10\/montagne-del-lago-di-como-alle-fiere-internazionali-2026\/","name":"Montagne del Lago di Como alle Fiere Internazionali 2026","isPartOf":{"@id":"https:\/\/www.montagnelagodicomo.it\/#website"},"primaryImageOfPage":{"@id":"https:\/\/www.montagnelagodicomo.it\/2026\/03\/10\/montagne-del-lago-di-como-alle-fiere-internazionali-2026\/#primaryimage"},"image":{"@id":"https:\/\/www.montagnelagodicomo.it\/2026\/03\/10\/montagne-del-lago-di-como-alle-fiere-internazionali-2026\/#primaryimage"},"thumbnailUrl":"https:\/\/www.montagnelagodicomo.it\/wp-content\/uploads\/2026\/03\/COPERTINA-1.jpg","datePublished":"2026-03-10T09:05:09+00:00","dateModified":"2026-03-10T12:06:17+00:00","description":"Care\/i amiche\/ci, qui trovate il Catalogo Fiere 2026, in formato grafico, che la Rete ha portato e porter\u00e0 alle prossime Fiere Internazionali del Turismo.","breadcrumb":{"@id":"https:\/\/www.montagnelagodicomo.it\/2026\/03\/10\/montagne-del-lago-di-como-alle-fiere-internazionali-2026\/#breadcrumb"},"inLanguage":"de","potentialAction":[{"@type":"ReadAction","target":["https:\/\/www.montagnelagodicomo.it\/2026\/03\/10\/montagne-del-lago-di-como-alle-fiere-internazionali-2026\/"]}]},{"@type":"ImageObject","inLanguage":"de","@id":"https:\/\/www.montagnelagodicomo.it\/2026\/03\/10\/montagne-del-lago-di-como-alle-fiere-internazionali-2026\/#primaryimage","url":"https:\/\/www.montagnelagodicomo.it\/wp-content\/uploads\/2026\/03\/COPERTINA-1.jpg","contentUrl":"https:\/\/www.montagnelagodicomo.it\/wp-content\/uploads\/2026\/03\/COPERTINA-1.jpg","width":1414,"height":2000},{"@type":"BreadcrumbList","@id":"https:\/\/www.montagnelagodicomo.it\/2026\/03\/10\/montagne-del-lago-di-como-alle-fiere-internazionali-2026\/#breadcrumb","itemListElement":[{"@type":"ListItem","position":1,"name":"Home","item":"https:\/\/www.montagnelagodicomo.it\/de\/"},{"@type":"ListItem","position":2,"name":"Montagne del Lago di Como alle Fiere Internazionali 2026"}]},{"@type":"WebSite","@id":"https:\/\/www.montagnelagodicomo.it\/#website","url":"https:\/\/www.montagnelagodicomo.it\/","name":"Lago di Como e Valsassina","description":"","publisher":{"@id":"https:\/\/www.montagnelagodicomo.it\/#organization"},"potentialAction":[{"@type":"SearchAction","target":{"@type":"EntryPoint","urlTemplate":"https:\/\/www.montagnelagodicomo.it\/?s={search_term_string}"},"query-input":{"@type":"PropertyValueSpecification","valueRequired":true,"valueName":"search_term_string"}}],"inLanguage":"de"},{"@type":"Organization","@id":"https:\/\/www.montagnelagodicomo.it\/#organization","name":"Montagne del Lago di Como","url":"https:\/\/www.montagnelagodicomo.it\/","logo":{"@type":"ImageObject","inLanguage":"de","@id":"https:\/\/www.montagnelagodicomo.it\/#\/schema\/logo\/image\/","url":"https:\/\/www.montagnelagodicomo.it\/wp-content\/uploads\/2016\/07\/DEF_Montagne_LagodiComo_04112015_png.png","contentUrl":"https:\/\/www.montagnelagodicomo.it\/wp-content\/uploads\/2016\/07\/DEF_Montagne_LagodiComo_04112015_png.png","width":2997,"height":835,"caption":"Montagne del Lago di Como"},"image":{"@id":"https:\/\/www.montagnelagodicomo.it\/#\/schema\/logo\/image\/"},"sameAs":["https:\/\/www.facebook.com\/montagnelagodicomo","https:\/\/x.com\/MontagneLago","https:\/\/www.youtube.com\/channel\/UCDoxghWmgQnHlQ78rzZuUjA"]},{"@type":"Person","@id":"https:\/\/www.montagnelagodicomo.it\/#\/schema\/person\/62387dee120171fb5c03a77fe5169f1e","name":"Lago di Como 3","image":{"@type":"ImageObject","inLanguage":"de","@id":"https:\/\/www.montagnelagodicomo.it\/#\/schema\/person\/image\/","url":"https:\/\/secure.gravatar.com\/avatar\/177606e9ed7370bc5cd946f4243ac59920e657438575f65d56f2ebfb41996b8f?s=96&d=mm&r=g","contentUrl":"https:\/\/secure.gravatar.com\/avatar\/177606e9ed7370bc5cd946f4243ac59920e657438575f65d56f2ebfb41996b8f?s=96&d=mm&r=g","caption":"Lago di Como 3"},"url":"https:\/\/www.montagnelagodicomo.it\/de\/author\/lago-di-como-3\/"}]}},"_links":{"self":[{"href":"https:\/\/www.montagnelagodicomo.it\/de\/wp-json\/wp\/v2\/posts\/101664","targetHints":{"allow":["GET"]}}],"collection":[{"href":"https:\/\/www.montagnelagodicomo.it\/de\/wp-json\/wp\/v2\/posts"}],"about":[{"href":"https:\/\/www.montagnelagodicomo.it\/de\/wp-json\/wp\/v2\/types\/post"}],"author":[{"embeddable":true,"href":"https:\/\/www.montagnelagodicomo.it\/de\/wp-json\/wp\/v2\/users\/4"}],"replies":[{"embeddable":true,"href":"https:\/\/www.montagnelagodicomo.it\/de\/wp-json\/wp\/v2\/comments?post=101664"}],"version-history":[{"count":3,"href":"https:\/\/www.montagnelagodicomo.it\/de\/wp-json\/wp\/v2\/posts\/101664\/revisions"}],"predecessor-version":[{"id":101679,"href":"https:\/\/www.montagnelagodicomo.it\/de\/wp-json\/wp\/v2\/posts\/101664\/revisions\/101679"}],"wp:featuredmedia":[{"embeddable":true,"href":"https:\/\/www.montagnelagodicomo.it\/de\/wp-json\/wp\/v2\/media\/101670"}],"wp:attachment":[{"href":"https:\/\/www.montagnelagodicomo.it\/de\/wp-json\/wp\/v2\/media?parent=101664"}],"wp:term":[{"taxonomy":"category","embeddable":true,"href":"https:\/\/www.montagnelagodicomo.it\/de\/wp-json\/wp\/v2\/categories?post=101664"},{"taxonomy":"post_tag","embeddable":true,"href":"https:\/\/www.montagnelagodicomo.it\/de\/wp-json\/wp\/v2\/tags?post=101664"}],"curies":[{"name":"wp","href":"https:\/\/api.w.org\/{rel}","templated":true}]}}