{"id":15891,"date":"2016-04-29T11:01:16","date_gmt":"2016-04-29T09:01:16","guid":{"rendered":"http:\/\/www.montagnelagodicomo.it\/2016\/04\/29\/nasce-ufficialmente-la-rete-montagne-del-lago-di-como\/"},"modified":"2017-03-13T15:47:34","modified_gmt":"2017-03-13T14:47:34","slug":"nasce-ufficialmente-la-rete-montagne-del-lago-di-como","status":"publish","type":"post","link":"https:\/\/www.montagnelagodicomo.it\/de\/2016\/04\/29\/nasce-ufficialmente-la-rete-montagne-del-lago-di-como\/","title":{"rendered":"Nasce ufficialmente la rete Montagne del Lago di Como"},"content":{"rendered":"<p><a href=\"http:\/\/www.montagnelagodicomo.it\/wp-content\/uploads\/2016\/04\/foto-di-gruppo-firma-dal-notaio-Minussi.jpg\"><img fetchpriority=\"high\" decoding=\"async\" class=\"wp-image-8866 aligncenter\" src=\"http:\/\/www.montagnelagodicomo.it\/wp-content\/uploads\/2016\/04\/foto-di-gruppo-firma-dal-notaio-Minussi.jpg\" alt=\"foto di gruppo firma dal notaio Minussi\" width=\"500\" height=\"375\" srcset=\"https:\/\/www.montagnelagodicomo.it\/wp-content\/uploads\/2016\/04\/foto-di-gruppo-firma-dal-notaio-Minussi.jpg 4000w, https:\/\/www.montagnelagodicomo.it\/wp-content\/uploads\/2016\/04\/foto-di-gruppo-firma-dal-notaio-Minussi-300x225.jpg 300w, https:\/\/www.montagnelagodicomo.it\/wp-content\/uploads\/2016\/04\/foto-di-gruppo-firma-dal-notaio-Minussi-768x576.jpg 768w, https:\/\/www.montagnelagodicomo.it\/wp-content\/uploads\/2016\/04\/foto-di-gruppo-firma-dal-notaio-Minussi-1024x768.jpg 1024w\" sizes=\"(max-width: 500px) 100vw, 500px\" \/><\/a><\/p>\n<p>Siamo felici di festeggiare con voi la costituzione ufficiale della Rete di Imprese Montagne Lago di Como avvenuta nel pomeriggio del 28 aprile 2016 nello studio del Notaio Daniele Minussi di Lecco.<\/p>\n<p>&#8222;Un traguardo ambizioso e difficile, raggiunto con il concorso e il lavoro di molte persone, che ha richiesto tempo, impegno e capacit\u00e0. Auguri a tutti per il grande lavoro che ci aspetta. Gi\u00e0 150 aziende ci hanno dato fiducia, ma la strada \u00e8 appena stata imboccata.&#8220;<br \/>\n<strong>Stefano Gianola, Presidente di Montagne Lago di Como<br \/>\n<\/strong><\/p>\n<p><a href=\"http:\/\/www.montagnelagodicomo.it\/wp-content\/uploads\/2016\/04\/lettura-atto.jpg\"><img decoding=\"async\" class=\"alignleft wp-image-8868\" src=\"http:\/\/www.montagnelagodicomo.it\/wp-content\/uploads\/2016\/04\/lettura-atto.jpg\" alt=\"lettura atto\" width=\"500\" height=\"375\" srcset=\"https:\/\/www.montagnelagodicomo.it\/wp-content\/uploads\/2016\/04\/lettura-atto.jpg 4000w, https:\/\/www.montagnelagodicomo.it\/wp-content\/uploads\/2016\/04\/lettura-atto-300x225.jpg 300w, https:\/\/www.montagnelagodicomo.it\/wp-content\/uploads\/2016\/04\/lettura-atto-768x576.jpg 768w, https:\/\/www.montagnelagodicomo.it\/wp-content\/uploads\/2016\/04\/lettura-atto-1024x768.jpg 1024w\" sizes=\"(max-width: 500px) 100vw, 500px\" \/><\/a><a href=\"http:\/\/www.montagnelagodicomo.it\/wp-content\/uploads\/2016\/04\/firma-imprenditori.jpg\"><img decoding=\"async\" class=\"alignleft wp-image-8867\" src=\"http:\/\/www.montagnelagodicomo.it\/wp-content\/uploads\/2016\/04\/firma-imprenditori.jpg\" alt=\"firma imprenditori\" width=\"500\" height=\"375\" srcset=\"https:\/\/www.montagnelagodicomo.it\/wp-content\/uploads\/2016\/04\/firma-imprenditori.jpg 4000w, https:\/\/www.montagnelagodicomo.it\/wp-content\/uploads\/2016\/04\/firma-imprenditori-300x225.jpg 300w, https:\/\/www.montagnelagodicomo.it\/wp-content\/uploads\/2016\/04\/firma-imprenditori-768x576.jpg 768w, https:\/\/www.montagnelagodicomo.it\/wp-content\/uploads\/2016\/04\/firma-imprenditori-1024x768.jpg 1024w\" sizes=\"(max-width: 500px) 100vw, 500px\" \/><\/a><\/p>\n<p>&nbsp;<\/p>\n","protected":false},"excerpt":{"rendered":"<p>Siamo felici di festeggiare con voi la costituzione ufficiale della Rete di Imprese Montagne Lago di Como avvenuta nel pomeriggio del 28 aprile 2016 nello studio del Notaio Daniele Minussi di Lecco. &#8222;Un traguardo ambizioso e difficile, raggiunto con il concorso e il lavoro di molte persone, che ha richiesto tempo, impegno e capacit\u00e0. Auguri [&hellip;]<\/p>\n","protected":false},"author":1,"featured_media":0,"comment_status":"closed","ping_status":"closed","sticky":false,"template":"","format":"standard","meta":{"_acf_changed":false,"footnotes":""},"categories":[146],"tags":[],"class_list":["post-15891","post","type-post","status-publish","format-standard","hentry","category-ultima-ora"],"acf":[],"yoast_head":"<!-- This site is optimized with the Yoast SEO plugin v25.0 - https:\/\/yoast.com\/wordpress\/plugins\/seo\/ -->\n<title>Nasce ufficialmente la rete Montagne del Lago di Como - Lago di Como e Valsassina<\/title>\n<meta name=\"robots\" content=\"index, follow, max-snippet:-1, max-image-preview:large, max-video-preview:-1\" \/>\n<link rel=\"canonical\" href=\"https:\/\/www.montagnelagodicomo.it\/fr\/2016\/04\/29\/nasce-ufficialmente-la-rete-montagne-del-lago-di-como\/\" \/>\n<meta property=\"og:locale\" content=\"de_DE\" \/>\n<meta property=\"og:type\" content=\"article\" \/>\n<meta property=\"og:title\" content=\"Nasce ufficialmente la rete Montagne del Lago di Como - Lago di Como e Valsassina\" \/>\n<meta property=\"og:description\" content=\"Siamo felici di festeggiare con voi la costituzione ufficiale della Rete di Imprese Montagne Lago di Como avvenuta nel pomeriggio del 28 aprile 2016 nello studio del Notaio Daniele Minussi di Lecco. &#8222;Un traguardo ambizioso e difficile, raggiunto con il concorso e il lavoro di molte persone, che ha richiesto tempo, impegno e capacit\u00e0. Auguri [&hellip;]\" \/>\n<meta property=\"og:url\" content=\"https:\/\/www.montagnelagodicomo.it\/fr\/2016\/04\/29\/nasce-ufficialmente-la-rete-montagne-del-lago-di-como\/\" \/>\n<meta property=\"og:site_name\" content=\"Lago di Como e Valsassina\" \/>\n<meta property=\"article:publisher\" content=\"https:\/\/www.facebook.com\/montagnelagodicomo\" \/>\n<meta property=\"article:published_time\" content=\"2016-04-29T09:01:16+00:00\" \/>\n<meta property=\"article:modified_time\" content=\"2017-03-13T14:47:34+00:00\" \/>\n<meta property=\"og:image\" content=\"http:\/\/www.montagnelagodicomo.it\/wp-content\/uploads\/2016\/04\/foto-di-gruppo-firma-dal-notaio-Minussi.jpg\" \/>\n<meta name=\"author\" content=\"montagne\" \/>\n<meta name=\"twitter:card\" content=\"summary_large_image\" \/>\n<meta name=\"twitter:creator\" content=\"@MontagneLago\" \/>\n<meta name=\"twitter:site\" content=\"@MontagneLago\" \/>\n<meta name=\"twitter:label1\" content=\"Verfasst von\" \/>\n\t<meta name=\"twitter:data1\" content=\"montagne\" \/>\n<script type=\"application\/ld+json\" class=\"yoast-schema-graph\">{\"@context\":\"https:\/\/schema.org\",\"@graph\":[{\"@type\":\"Article\",\"@id\":\"https:\/\/www.montagnelagodicomo.it\/fr\/2016\/04\/29\/nasce-ufficialmente-la-rete-montagne-del-lago-di-como\/#article\",\"isPartOf\":{\"@id\":\"https:\/\/www.montagnelagodicomo.it\/fr\/2016\/04\/29\/nasce-ufficialmente-la-rete-montagne-del-lago-di-como\/\"},\"author\":{\"name\":\"montagne\",\"@id\":\"https:\/\/www.montagnelagodicomo.it\/#\/schema\/person\/e29d7922634eb034bc4083a91cad0954\"},\"headline\":\"Nasce ufficialmente la rete Montagne del Lago di Como\",\"datePublished\":\"2016-04-29T09:01:16+00:00\",\"dateModified\":\"2017-03-13T14:47:34+00:00\",\"mainEntityOfPage\":{\"@id\":\"https:\/\/www.montagnelagodicomo.it\/fr\/2016\/04\/29\/nasce-ufficialmente-la-rete-montagne-del-lago-di-como\/\"},\"wordCount\":92,\"publisher\":{\"@id\":\"https:\/\/www.montagnelagodicomo.it\/#organization\"},\"image\":{\"@id\":\"https:\/\/www.montagnelagodicomo.it\/fr\/2016\/04\/29\/nasce-ufficialmente-la-rete-montagne-del-lago-di-como\/#primaryimage\"},\"thumbnailUrl\":\"http:\/\/www.montagnelagodicomo.it\/wp-content\/uploads\/2016\/04\/foto-di-gruppo-firma-dal-notaio-Minussi.jpg\",\"articleSection\":[\"Ultima ora\"],\"inLanguage\":\"de\"},{\"@type\":\"WebPage\",\"@id\":\"https:\/\/www.montagnelagodicomo.it\/fr\/2016\/04\/29\/nasce-ufficialmente-la-rete-montagne-del-lago-di-como\/\",\"url\":\"https:\/\/www.montagnelagodicomo.it\/fr\/2016\/04\/29\/nasce-ufficialmente-la-rete-montagne-del-lago-di-como\/\",\"name\":\"Nasce ufficialmente la rete Montagne del Lago di Como - Lago di Como e Valsassina\",\"isPartOf\":{\"@id\":\"https:\/\/www.montagnelagodicomo.it\/#website\"},\"primaryImageOfPage\":{\"@id\":\"https:\/\/www.montagnelagodicomo.it\/fr\/2016\/04\/29\/nasce-ufficialmente-la-rete-montagne-del-lago-di-como\/#primaryimage\"},\"image\":{\"@id\":\"https:\/\/www.montagnelagodicomo.it\/fr\/2016\/04\/29\/nasce-ufficialmente-la-rete-montagne-del-lago-di-como\/#primaryimage\"},\"thumbnailUrl\":\"http:\/\/www.montagnelagodicomo.it\/wp-content\/uploads\/2016\/04\/foto-di-gruppo-firma-dal-notaio-Minussi.jpg\",\"datePublished\":\"2016-04-29T09:01:16+00:00\",\"dateModified\":\"2017-03-13T14:47:34+00:00\",\"breadcrumb\":{\"@id\":\"https:\/\/www.montagnelagodicomo.it\/fr\/2016\/04\/29\/nasce-ufficialmente-la-rete-montagne-del-lago-di-como\/#breadcrumb\"},\"inLanguage\":\"de\",\"potentialAction\":[{\"@type\":\"ReadAction\",\"target\":[\"https:\/\/www.montagnelagodicomo.it\/fr\/2016\/04\/29\/nasce-ufficialmente-la-rete-montagne-del-lago-di-como\/\"]}]},{\"@type\":\"ImageObject\",\"inLanguage\":\"de\",\"@id\":\"https:\/\/www.montagnelagodicomo.it\/fr\/2016\/04\/29\/nasce-ufficialmente-la-rete-montagne-del-lago-di-como\/#primaryimage\",\"url\":\"http:\/\/www.montagnelagodicomo.it\/wp-content\/uploads\/2016\/04\/foto-di-gruppo-firma-dal-notaio-Minussi.jpg\",\"contentUrl\":\"http:\/\/www.montagnelagodicomo.it\/wp-content\/uploads\/2016\/04\/foto-di-gruppo-firma-dal-notaio-Minussi.jpg\"},{\"@type\":\"BreadcrumbList\",\"@id\":\"https:\/\/www.montagnelagodicomo.it\/fr\/2016\/04\/29\/nasce-ufficialmente-la-rete-montagne-del-lago-di-como\/#breadcrumb\",\"itemListElement\":[{\"@type\":\"ListItem\",\"position\":1,\"name\":\"Home\",\"item\":\"https:\/\/www.montagnelagodicomo.it\/de\/\"},{\"@type\":\"ListItem\",\"position\":2,\"name\":\"Nasce ufficialmente la rete Montagne del Lago di Como\"}]},{\"@type\":\"WebSite\",\"@id\":\"https:\/\/www.montagnelagodicomo.it\/#website\",\"url\":\"https:\/\/www.montagnelagodicomo.it\/\",\"name\":\"Lago di Como e Valsassina\",\"description\":\"\",\"publisher\":{\"@id\":\"https:\/\/www.montagnelagodicomo.it\/#organization\"},\"potentialAction\":[{\"@type\":\"SearchAction\",\"target\":{\"@type\":\"EntryPoint\",\"urlTemplate\":\"https:\/\/www.montagnelagodicomo.it\/?s={search_term_string}\"},\"query-input\":{\"@type\":\"PropertyValueSpecification\",\"valueRequired\":true,\"valueName\":\"search_term_string\"}}],\"inLanguage\":\"de\"},{\"@type\":\"Organization\",\"@id\":\"https:\/\/www.montagnelagodicomo.it\/#organization\",\"name\":\"Montagne del Lago di Como\",\"url\":\"https:\/\/www.montagnelagodicomo.it\/\",\"logo\":{\"@type\":\"ImageObject\",\"inLanguage\":\"de\",\"@id\":\"https:\/\/www.montagnelagodicomo.it\/#\/schema\/logo\/image\/\",\"url\":\"https:\/\/www.montagnelagodicomo.it\/wp-content\/uploads\/2016\/07\/DEF_Montagne_LagodiComo_04112015_png.png\",\"contentUrl\":\"https:\/\/www.montagnelagodicomo.it\/wp-content\/uploads\/2016\/07\/DEF_Montagne_LagodiComo_04112015_png.png\",\"width\":2997,\"height\":835,\"caption\":\"Montagne del Lago di Como\"},\"image\":{\"@id\":\"https:\/\/www.montagnelagodicomo.it\/#\/schema\/logo\/image\/\"},\"sameAs\":[\"https:\/\/www.facebook.com\/montagnelagodicomo\",\"https:\/\/x.com\/MontagneLago\",\"https:\/\/www.youtube.com\/channel\/UCDoxghWmgQnHlQ78rzZuUjA\"]},{\"@type\":\"Person\",\"@id\":\"https:\/\/www.montagnelagodicomo.it\/#\/schema\/person\/e29d7922634eb034bc4083a91cad0954\",\"name\":\"montagne\",\"image\":{\"@type\":\"ImageObject\",\"inLanguage\":\"de\",\"@id\":\"https:\/\/www.montagnelagodicomo.it\/#\/schema\/person\/image\/\",\"url\":\"https:\/\/secure.gravatar.com\/avatar\/ea758e56c15e5aff2449e6dbda52d15b66f73260605c6968eff333359d31b7ee?s=96&d=mm&r=g\",\"contentUrl\":\"https:\/\/secure.gravatar.com\/avatar\/ea758e56c15e5aff2449e6dbda52d15b66f73260605c6968eff333359d31b7ee?s=96&d=mm&r=g\",\"caption\":\"montagne\"},\"url\":\"https:\/\/www.montagnelagodicomo.it\/de\/author\/montagne\/\"}]}<\/script>\n<!-- \/ Yoast SEO plugin. -->","yoast_head_json":{"title":"Nasce ufficialmente la rete Montagne del Lago di Como - Lago di Como e Valsassina","robots":{"index":"index","follow":"follow","max-snippet":"max-snippet:-1","max-image-preview":"max-image-preview:large","max-video-preview":"max-video-preview:-1"},"canonical":"https:\/\/www.montagnelagodicomo.it\/fr\/2016\/04\/29\/nasce-ufficialmente-la-rete-montagne-del-lago-di-como\/","og_locale":"de_DE","og_type":"article","og_title":"Nasce ufficialmente la rete Montagne del Lago di Como - Lago di Como e Valsassina","og_description":"Siamo felici di festeggiare con voi la costituzione ufficiale della Rete di Imprese Montagne Lago di Como avvenuta nel pomeriggio del 28 aprile 2016 nello studio del Notaio Daniele Minussi di Lecco. &#8222;Un traguardo ambizioso e difficile, raggiunto con il concorso e il lavoro di molte persone, che ha richiesto tempo, impegno e capacit\u00e0. Auguri [&hellip;]","og_url":"https:\/\/www.montagnelagodicomo.it\/fr\/2016\/04\/29\/nasce-ufficialmente-la-rete-montagne-del-lago-di-como\/","og_site_name":"Lago di Como e Valsassina","article_publisher":"https:\/\/www.facebook.com\/montagnelagodicomo","article_published_time":"2016-04-29T09:01:16+00:00","article_modified_time":"2017-03-13T14:47:34+00:00","og_image":[{"url":"http:\/\/www.montagnelagodicomo.it\/wp-content\/uploads\/2016\/04\/foto-di-gruppo-firma-dal-notaio-Minussi.jpg","type":"","width":"","height":""}],"author":"montagne","twitter_card":"summary_large_image","twitter_creator":"@MontagneLago","twitter_site":"@MontagneLago","twitter_misc":{"Verfasst von":"montagne"},"schema":{"@context":"https:\/\/schema.org","@graph":[{"@type":"Article","@id":"https:\/\/www.montagnelagodicomo.it\/fr\/2016\/04\/29\/nasce-ufficialmente-la-rete-montagne-del-lago-di-como\/#article","isPartOf":{"@id":"https:\/\/www.montagnelagodicomo.it\/fr\/2016\/04\/29\/nasce-ufficialmente-la-rete-montagne-del-lago-di-como\/"},"author":{"name":"montagne","@id":"https:\/\/www.montagnelagodicomo.it\/#\/schema\/person\/e29d7922634eb034bc4083a91cad0954"},"headline":"Nasce ufficialmente la rete Montagne del Lago di Como","datePublished":"2016-04-29T09:01:16+00:00","dateModified":"2017-03-13T14:47:34+00:00","mainEntityOfPage":{"@id":"https:\/\/www.montagnelagodicomo.it\/fr\/2016\/04\/29\/nasce-ufficialmente-la-rete-montagne-del-lago-di-como\/"},"wordCount":92,"publisher":{"@id":"https:\/\/www.montagnelagodicomo.it\/#organization"},"image":{"@id":"https:\/\/www.montagnelagodicomo.it\/fr\/2016\/04\/29\/nasce-ufficialmente-la-rete-montagne-del-lago-di-como\/#primaryimage"},"thumbnailUrl":"http:\/\/www.montagnelagodicomo.it\/wp-content\/uploads\/2016\/04\/foto-di-gruppo-firma-dal-notaio-Minussi.jpg","articleSection":["Ultima ora"],"inLanguage":"de"},{"@type":"WebPage","@id":"https:\/\/www.montagnelagodicomo.it\/fr\/2016\/04\/29\/nasce-ufficialmente-la-rete-montagne-del-lago-di-como\/","url":"https:\/\/www.montagnelagodicomo.it\/fr\/2016\/04\/29\/nasce-ufficialmente-la-rete-montagne-del-lago-di-como\/","name":"Nasce ufficialmente la rete Montagne del Lago di Como - Lago di Como e Valsassina","isPartOf":{"@id":"https:\/\/www.montagnelagodicomo.it\/#website"},"primaryImageOfPage":{"@id":"https:\/\/www.montagnelagodicomo.it\/fr\/2016\/04\/29\/nasce-ufficialmente-la-rete-montagne-del-lago-di-como\/#primaryimage"},"image":{"@id":"https:\/\/www.montagnelagodicomo.it\/fr\/2016\/04\/29\/nasce-ufficialmente-la-rete-montagne-del-lago-di-como\/#primaryimage"},"thumbnailUrl":"http:\/\/www.montagnelagodicomo.it\/wp-content\/uploads\/2016\/04\/foto-di-gruppo-firma-dal-notaio-Minussi.jpg","datePublished":"2016-04-29T09:01:16+00:00","dateModified":"2017-03-13T14:47:34+00:00","breadcrumb":{"@id":"https:\/\/www.montagnelagodicomo.it\/fr\/2016\/04\/29\/nasce-ufficialmente-la-rete-montagne-del-lago-di-como\/#breadcrumb"},"inLanguage":"de","potentialAction":[{"@type":"ReadAction","target":["https:\/\/www.montagnelagodicomo.it\/fr\/2016\/04\/29\/nasce-ufficialmente-la-rete-montagne-del-lago-di-como\/"]}]},{"@type":"ImageObject","inLanguage":"de","@id":"https:\/\/www.montagnelagodicomo.it\/fr\/2016\/04\/29\/nasce-ufficialmente-la-rete-montagne-del-lago-di-como\/#primaryimage","url":"http:\/\/www.montagnelagodicomo.it\/wp-content\/uploads\/2016\/04\/foto-di-gruppo-firma-dal-notaio-Minussi.jpg","contentUrl":"http:\/\/www.montagnelagodicomo.it\/wp-content\/uploads\/2016\/04\/foto-di-gruppo-firma-dal-notaio-Minussi.jpg"},{"@type":"BreadcrumbList","@id":"https:\/\/www.montagnelagodicomo.it\/fr\/2016\/04\/29\/nasce-ufficialmente-la-rete-montagne-del-lago-di-como\/#breadcrumb","itemListElement":[{"@type":"ListItem","position":1,"name":"Home","item":"https:\/\/www.montagnelagodicomo.it\/de\/"},{"@type":"ListItem","position":2,"name":"Nasce ufficialmente la rete Montagne del Lago di Como"}]},{"@type":"WebSite","@id":"https:\/\/www.montagnelagodicomo.it\/#website","url":"https:\/\/www.montagnelagodicomo.it\/","name":"Lago di Como e Valsassina","description":"","publisher":{"@id":"https:\/\/www.montagnelagodicomo.it\/#organization"},"potentialAction":[{"@type":"SearchAction","target":{"@type":"EntryPoint","urlTemplate":"https:\/\/www.montagnelagodicomo.it\/?s={search_term_string}"},"query-input":{"@type":"PropertyValueSpecification","valueRequired":true,"valueName":"search_term_string"}}],"inLanguage":"de"},{"@type":"Organization","@id":"https:\/\/www.montagnelagodicomo.it\/#organization","name":"Montagne del Lago di Como","url":"https:\/\/www.montagnelagodicomo.it\/","logo":{"@type":"ImageObject","inLanguage":"de","@id":"https:\/\/www.montagnelagodicomo.it\/#\/schema\/logo\/image\/","url":"https:\/\/www.montagnelagodicomo.it\/wp-content\/uploads\/2016\/07\/DEF_Montagne_LagodiComo_04112015_png.png","contentUrl":"https:\/\/www.montagnelagodicomo.it\/wp-content\/uploads\/2016\/07\/DEF_Montagne_LagodiComo_04112015_png.png","width":2997,"height":835,"caption":"Montagne del Lago di Como"},"image":{"@id":"https:\/\/www.montagnelagodicomo.it\/#\/schema\/logo\/image\/"},"sameAs":["https:\/\/www.facebook.com\/montagnelagodicomo","https:\/\/x.com\/MontagneLago","https:\/\/www.youtube.com\/channel\/UCDoxghWmgQnHlQ78rzZuUjA"]},{"@type":"Person","@id":"https:\/\/www.montagnelagodicomo.it\/#\/schema\/person\/e29d7922634eb034bc4083a91cad0954","name":"montagne","image":{"@type":"ImageObject","inLanguage":"de","@id":"https:\/\/www.montagnelagodicomo.it\/#\/schema\/person\/image\/","url":"https:\/\/secure.gravatar.com\/avatar\/ea758e56c15e5aff2449e6dbda52d15b66f73260605c6968eff333359d31b7ee?s=96&d=mm&r=g","contentUrl":"https:\/\/secure.gravatar.com\/avatar\/ea758e56c15e5aff2449e6dbda52d15b66f73260605c6968eff333359d31b7ee?s=96&d=mm&r=g","caption":"montagne"},"url":"https:\/\/www.montagnelagodicomo.it\/de\/author\/montagne\/"}]}},"_links":{"self":[{"href":"https:\/\/www.montagnelagodicomo.it\/de\/wp-json\/wp\/v2\/posts\/15891","targetHints":{"allow":["GET"]}}],"collection":[{"href":"https:\/\/www.montagnelagodicomo.it\/de\/wp-json\/wp\/v2\/posts"}],"about":[{"href":"https:\/\/www.montagnelagodicomo.it\/de\/wp-json\/wp\/v2\/types\/post"}],"author":[{"embeddable":true,"href":"https:\/\/www.montagnelagodicomo.it\/de\/wp-json\/wp\/v2\/users\/1"}],"replies":[{"embeddable":true,"href":"https:\/\/www.montagnelagodicomo.it\/de\/wp-json\/wp\/v2\/comments?post=15891"}],"version-history":[{"count":1,"href":"https:\/\/www.montagnelagodicomo.it\/de\/wp-json\/wp\/v2\/posts\/15891\/revisions"}],"predecessor-version":[{"id":15971,"href":"https:\/\/www.montagnelagodicomo.it\/de\/wp-json\/wp\/v2\/posts\/15891\/revisions\/15971"}],"wp:attachment":[{"href":"https:\/\/www.montagnelagodicomo.it\/de\/wp-json\/wp\/v2\/media?parent=15891"}],"wp:term":[{"taxonomy":"category","embeddable":true,"href":"https:\/\/www.montagnelagodicomo.it\/de\/wp-json\/wp\/v2\/categories?post=15891"},{"taxonomy":"post_tag","embeddable":true,"href":"https:\/\/www.montagnelagodicomo.it\/de\/wp-json\/wp\/v2\/tags?post=15891"}],"curies":[{"name":"wp","href":"https:\/\/api.w.org\/{rel}","templated":true}]}}