{"id":15893,"date":"2016-05-19T12:32:41","date_gmt":"2016-05-19T10:32:41","guid":{"rendered":"http:\/\/www.montagnelagodicomo.it\/2016\/05\/19\/mlc-a-leccocreaimpresa-smart\/"},"modified":"2017-03-13T15:47:28","modified_gmt":"2017-03-13T14:47:28","slug":"mlc-a-leccocreaimpresa-smart","status":"publish","type":"post","link":"https:\/\/www.montagnelagodicomo.it\/de\/2016\/05\/19\/mlc-a-leccocreaimpresa-smart\/","title":{"rendered":"MLC a Leccocreaimpresa SMART"},"content":{"rendered":"<p><a href=\"http:\/\/www.montagnelagodicomo.it\/wp-content\/uploads\/2016\/05\/13217333_1054214651291281_982652755950719885_o.jpg\"><img fetchpriority=\"high\" decoding=\"async\" class=\"alignnone wp-image-9236\" src=\"http:\/\/www.montagnelagodicomo.it\/wp-content\/uploads\/2016\/05\/13217333_1054214651291281_982652755950719885_o.jpg\" alt=\"13217333_1054214651291281_982652755950719885_o\" width=\"500\" height=\"333\" srcset=\"https:\/\/www.montagnelagodicomo.it\/wp-content\/uploads\/2016\/05\/13217333_1054214651291281_982652755950719885_o.jpg 1003w, https:\/\/www.montagnelagodicomo.it\/wp-content\/uploads\/2016\/05\/13217333_1054214651291281_982652755950719885_o-300x200.jpg 300w, https:\/\/www.montagnelagodicomo.it\/wp-content\/uploads\/2016\/05\/13217333_1054214651291281_982652755950719885_o-768x512.jpg 768w\" sizes=\"(max-width: 500px) 100vw, 500px\" \/><\/a><\/p>\n<p>Il <strong>Presidente di Montagne Lago di Como<\/strong> <strong>Stefano Gianola<\/strong>, insieme a <strong>Carlo Montisci di Ideas<\/strong>, Destination Manager della nostra rete, \u00e8 intervenuto all&#8217;incontro dello scorso <strong>11 maggio<\/strong> promosso dalla <strong>Camera di Commercio di Lecco<\/strong> nell&#8217;ambito del progetto <strong>Leccocreaimpresa SMART<\/strong>.<\/p>\n<p><strong>Nel suo intervento, Stefano Gianola<\/strong> ha raccontato come la nascita stessa di Montagne Lago di Como sia scaturita dalla necessit\u00e0 di un processo di digitalizzazione delle imprese e come i nuovi strumenti di marketing digitali siano una grande opportunit\u00e0 per l&#8217;aumento di visibilit\u00e0 sui vari canali e piattaforme, l&#8217;automazione di alcune attivit\u00e0 e la fornitura di servizi alla PA e alle aziende associate.<\/p>\n<p>Clicca per leggere il\u00a0\u00a0<a href=\"http:\/\/www.montagnelagodicomo.it\/wp-content\/uploads\/2016\/05\/CS1_11maggio2016.pdf\" target=\"_blank\">Comunicato stampa<\/a> e vedere alcune <a href=\"http:\/\/www.montagnelagodicomo.it\/wp-content\/uploads\/2016\/05\/reportfoto.pdf\" target=\"_blank\">fotografie<\/a> della giornata.<\/p>\n","protected":false},"excerpt":{"rendered":"<p>Il Presidente di Montagne Lago di Como Stefano Gianola, insieme a Carlo Montisci di Ideas, Destination Manager della nostra rete, \u00e8 intervenuto all&#8217;incontro dello scorso 11 maggio promosso dalla Camera di Commercio di Lecco nell&#8217;ambito del progetto Leccocreaimpresa SMART. Nel suo intervento, Stefano Gianola ha raccontato come la nascita stessa di Montagne Lago di Como [&hellip;]<\/p>\n","protected":false},"author":1,"featured_media":0,"comment_status":"closed","ping_status":"closed","sticky":false,"template":"","format":"standard","meta":{"_acf_changed":false,"footnotes":""},"categories":[146],"tags":[],"class_list":["post-15893","post","type-post","status-publish","format-standard","hentry","category-ultima-ora"],"acf":[],"yoast_head":"<!-- This site is optimized with the Yoast SEO plugin v25.0 - https:\/\/yoast.com\/wordpress\/plugins\/seo\/ -->\n<title>MLC a Leccocreaimpresa SMART - Lago di Como e Valsassina<\/title>\n<meta name=\"robots\" content=\"index, follow, max-snippet:-1, max-image-preview:large, max-video-preview:-1\" \/>\n<link rel=\"canonical\" href=\"https:\/\/www.montagnelagodicomo.it\/en\/2016\/05\/19\/mlc-a-leccocreaimpresa-smart\/\" \/>\n<meta property=\"og:locale\" content=\"de_DE\" \/>\n<meta property=\"og:type\" content=\"article\" \/>\n<meta property=\"og:title\" content=\"MLC a Leccocreaimpresa SMART - Lago di Como e Valsassina\" \/>\n<meta property=\"og:description\" content=\"Il Presidente di Montagne Lago di Como Stefano Gianola, insieme a Carlo Montisci di Ideas, Destination Manager della nostra rete, \u00e8 intervenuto all&#8217;incontro dello scorso 11 maggio promosso dalla Camera di Commercio di Lecco nell&#8217;ambito del progetto Leccocreaimpresa SMART. Nel suo intervento, Stefano Gianola ha raccontato come la nascita stessa di Montagne Lago di Como [&hellip;]\" \/>\n<meta property=\"og:url\" content=\"https:\/\/www.montagnelagodicomo.it\/en\/2016\/05\/19\/mlc-a-leccocreaimpresa-smart\/\" \/>\n<meta property=\"og:site_name\" content=\"Lago di Como e Valsassina\" \/>\n<meta property=\"article:publisher\" content=\"https:\/\/www.facebook.com\/montagnelagodicomo\" \/>\n<meta property=\"article:published_time\" content=\"2016-05-19T10:32:41+00:00\" \/>\n<meta property=\"article:modified_time\" content=\"2017-03-13T14:47:28+00:00\" \/>\n<meta property=\"og:image\" content=\"http:\/\/www.montagnelagodicomo.it\/wp-content\/uploads\/2016\/05\/13217333_1054214651291281_982652755950719885_o.jpg\" \/>\n<meta name=\"author\" content=\"montagne\" \/>\n<meta name=\"twitter:card\" content=\"summary_large_image\" \/>\n<meta name=\"twitter:creator\" content=\"@MontagneLago\" \/>\n<meta name=\"twitter:site\" content=\"@MontagneLago\" \/>\n<meta name=\"twitter:label1\" content=\"Verfasst von\" \/>\n\t<meta name=\"twitter:data1\" content=\"montagne\" \/>\n\t<meta name=\"twitter:label2\" content=\"Gesch\u00e4tzte Lesezeit\" \/>\n\t<meta name=\"twitter:data2\" content=\"1\u00a0Minute\" \/>\n<script type=\"application\/ld+json\" class=\"yoast-schema-graph\">{\"@context\":\"https:\/\/schema.org\",\"@graph\":[{\"@type\":\"Article\",\"@id\":\"https:\/\/www.montagnelagodicomo.it\/en\/2016\/05\/19\/mlc-a-leccocreaimpresa-smart\/#article\",\"isPartOf\":{\"@id\":\"https:\/\/www.montagnelagodicomo.it\/en\/2016\/05\/19\/mlc-a-leccocreaimpresa-smart\/\"},\"author\":{\"name\":\"montagne\",\"@id\":\"https:\/\/www.montagnelagodicomo.it\/#\/schema\/person\/e29d7922634eb034bc4083a91cad0954\"},\"headline\":\"MLC a Leccocreaimpresa SMART\",\"datePublished\":\"2016-05-19T10:32:41+00:00\",\"dateModified\":\"2017-03-13T14:47:28+00:00\",\"mainEntityOfPage\":{\"@id\":\"https:\/\/www.montagnelagodicomo.it\/en\/2016\/05\/19\/mlc-a-leccocreaimpresa-smart\/\"},\"wordCount\":116,\"publisher\":{\"@id\":\"https:\/\/www.montagnelagodicomo.it\/#organization\"},\"image\":{\"@id\":\"https:\/\/www.montagnelagodicomo.it\/en\/2016\/05\/19\/mlc-a-leccocreaimpresa-smart\/#primaryimage\"},\"thumbnailUrl\":\"http:\/\/www.montagnelagodicomo.it\/wp-content\/uploads\/2016\/05\/13217333_1054214651291281_982652755950719885_o.jpg\",\"articleSection\":[\"Ultima ora\"],\"inLanguage\":\"de\"},{\"@type\":\"WebPage\",\"@id\":\"https:\/\/www.montagnelagodicomo.it\/en\/2016\/05\/19\/mlc-a-leccocreaimpresa-smart\/\",\"url\":\"https:\/\/www.montagnelagodicomo.it\/en\/2016\/05\/19\/mlc-a-leccocreaimpresa-smart\/\",\"name\":\"MLC a Leccocreaimpresa SMART - Lago di Como e Valsassina\",\"isPartOf\":{\"@id\":\"https:\/\/www.montagnelagodicomo.it\/#website\"},\"primaryImageOfPage\":{\"@id\":\"https:\/\/www.montagnelagodicomo.it\/en\/2016\/05\/19\/mlc-a-leccocreaimpresa-smart\/#primaryimage\"},\"image\":{\"@id\":\"https:\/\/www.montagnelagodicomo.it\/en\/2016\/05\/19\/mlc-a-leccocreaimpresa-smart\/#primaryimage\"},\"thumbnailUrl\":\"http:\/\/www.montagnelagodicomo.it\/wp-content\/uploads\/2016\/05\/13217333_1054214651291281_982652755950719885_o.jpg\",\"datePublished\":\"2016-05-19T10:32:41+00:00\",\"dateModified\":\"2017-03-13T14:47:28+00:00\",\"breadcrumb\":{\"@id\":\"https:\/\/www.montagnelagodicomo.it\/en\/2016\/05\/19\/mlc-a-leccocreaimpresa-smart\/#breadcrumb\"},\"inLanguage\":\"de\",\"potentialAction\":[{\"@type\":\"ReadAction\",\"target\":[\"https:\/\/www.montagnelagodicomo.it\/en\/2016\/05\/19\/mlc-a-leccocreaimpresa-smart\/\"]}]},{\"@type\":\"ImageObject\",\"inLanguage\":\"de\",\"@id\":\"https:\/\/www.montagnelagodicomo.it\/en\/2016\/05\/19\/mlc-a-leccocreaimpresa-smart\/#primaryimage\",\"url\":\"http:\/\/www.montagnelagodicomo.it\/wp-content\/uploads\/2016\/05\/13217333_1054214651291281_982652755950719885_o.jpg\",\"contentUrl\":\"http:\/\/www.montagnelagodicomo.it\/wp-content\/uploads\/2016\/05\/13217333_1054214651291281_982652755950719885_o.jpg\"},{\"@type\":\"BreadcrumbList\",\"@id\":\"https:\/\/www.montagnelagodicomo.it\/en\/2016\/05\/19\/mlc-a-leccocreaimpresa-smart\/#breadcrumb\",\"itemListElement\":[{\"@type\":\"ListItem\",\"position\":1,\"name\":\"Home\",\"item\":\"https:\/\/www.montagnelagodicomo.it\/de\/\"},{\"@type\":\"ListItem\",\"position\":2,\"name\":\"MLC a Leccocreaimpresa SMART\"}]},{\"@type\":\"WebSite\",\"@id\":\"https:\/\/www.montagnelagodicomo.it\/#website\",\"url\":\"https:\/\/www.montagnelagodicomo.it\/\",\"name\":\"Lago di Como e Valsassina\",\"description\":\"\",\"publisher\":{\"@id\":\"https:\/\/www.montagnelagodicomo.it\/#organization\"},\"potentialAction\":[{\"@type\":\"SearchAction\",\"target\":{\"@type\":\"EntryPoint\",\"urlTemplate\":\"https:\/\/www.montagnelagodicomo.it\/?s={search_term_string}\"},\"query-input\":{\"@type\":\"PropertyValueSpecification\",\"valueRequired\":true,\"valueName\":\"search_term_string\"}}],\"inLanguage\":\"de\"},{\"@type\":\"Organization\",\"@id\":\"https:\/\/www.montagnelagodicomo.it\/#organization\",\"name\":\"Montagne del Lago di Como\",\"url\":\"https:\/\/www.montagnelagodicomo.it\/\",\"logo\":{\"@type\":\"ImageObject\",\"inLanguage\":\"de\",\"@id\":\"https:\/\/www.montagnelagodicomo.it\/#\/schema\/logo\/image\/\",\"url\":\"https:\/\/www.montagnelagodicomo.it\/wp-content\/uploads\/2016\/07\/DEF_Montagne_LagodiComo_04112015_png.png\",\"contentUrl\":\"https:\/\/www.montagnelagodicomo.it\/wp-content\/uploads\/2016\/07\/DEF_Montagne_LagodiComo_04112015_png.png\",\"width\":2997,\"height\":835,\"caption\":\"Montagne del Lago di Como\"},\"image\":{\"@id\":\"https:\/\/www.montagnelagodicomo.it\/#\/schema\/logo\/image\/\"},\"sameAs\":[\"https:\/\/www.facebook.com\/montagnelagodicomo\",\"https:\/\/x.com\/MontagneLago\",\"https:\/\/www.youtube.com\/channel\/UCDoxghWmgQnHlQ78rzZuUjA\"]},{\"@type\":\"Person\",\"@id\":\"https:\/\/www.montagnelagodicomo.it\/#\/schema\/person\/e29d7922634eb034bc4083a91cad0954\",\"name\":\"montagne\",\"image\":{\"@type\":\"ImageObject\",\"inLanguage\":\"de\",\"@id\":\"https:\/\/www.montagnelagodicomo.it\/#\/schema\/person\/image\/\",\"url\":\"https:\/\/secure.gravatar.com\/avatar\/ea758e56c15e5aff2449e6dbda52d15b66f73260605c6968eff333359d31b7ee?s=96&d=mm&r=g\",\"contentUrl\":\"https:\/\/secure.gravatar.com\/avatar\/ea758e56c15e5aff2449e6dbda52d15b66f73260605c6968eff333359d31b7ee?s=96&d=mm&r=g\",\"caption\":\"montagne\"},\"url\":\"https:\/\/www.montagnelagodicomo.it\/de\/author\/montagne\/\"}]}<\/script>\n<!-- \/ Yoast SEO plugin. -->","yoast_head_json":{"title":"MLC a Leccocreaimpresa SMART - Lago di Como e Valsassina","robots":{"index":"index","follow":"follow","max-snippet":"max-snippet:-1","max-image-preview":"max-image-preview:large","max-video-preview":"max-video-preview:-1"},"canonical":"https:\/\/www.montagnelagodicomo.it\/en\/2016\/05\/19\/mlc-a-leccocreaimpresa-smart\/","og_locale":"de_DE","og_type":"article","og_title":"MLC a Leccocreaimpresa SMART - Lago di Como e Valsassina","og_description":"Il Presidente di Montagne Lago di Como Stefano Gianola, insieme a Carlo Montisci di Ideas, Destination Manager della nostra rete, \u00e8 intervenuto all&#8217;incontro dello scorso 11 maggio promosso dalla Camera di Commercio di Lecco nell&#8217;ambito del progetto Leccocreaimpresa SMART. Nel suo intervento, Stefano Gianola ha raccontato come la nascita stessa di Montagne Lago di Como [&hellip;]","og_url":"https:\/\/www.montagnelagodicomo.it\/en\/2016\/05\/19\/mlc-a-leccocreaimpresa-smart\/","og_site_name":"Lago di Como e Valsassina","article_publisher":"https:\/\/www.facebook.com\/montagnelagodicomo","article_published_time":"2016-05-19T10:32:41+00:00","article_modified_time":"2017-03-13T14:47:28+00:00","og_image":[{"url":"http:\/\/www.montagnelagodicomo.it\/wp-content\/uploads\/2016\/05\/13217333_1054214651291281_982652755950719885_o.jpg","type":"","width":"","height":""}],"author":"montagne","twitter_card":"summary_large_image","twitter_creator":"@MontagneLago","twitter_site":"@MontagneLago","twitter_misc":{"Verfasst von":"montagne","Gesch\u00e4tzte Lesezeit":"1\u00a0Minute"},"schema":{"@context":"https:\/\/schema.org","@graph":[{"@type":"Article","@id":"https:\/\/www.montagnelagodicomo.it\/en\/2016\/05\/19\/mlc-a-leccocreaimpresa-smart\/#article","isPartOf":{"@id":"https:\/\/www.montagnelagodicomo.it\/en\/2016\/05\/19\/mlc-a-leccocreaimpresa-smart\/"},"author":{"name":"montagne","@id":"https:\/\/www.montagnelagodicomo.it\/#\/schema\/person\/e29d7922634eb034bc4083a91cad0954"},"headline":"MLC a Leccocreaimpresa SMART","datePublished":"2016-05-19T10:32:41+00:00","dateModified":"2017-03-13T14:47:28+00:00","mainEntityOfPage":{"@id":"https:\/\/www.montagnelagodicomo.it\/en\/2016\/05\/19\/mlc-a-leccocreaimpresa-smart\/"},"wordCount":116,"publisher":{"@id":"https:\/\/www.montagnelagodicomo.it\/#organization"},"image":{"@id":"https:\/\/www.montagnelagodicomo.it\/en\/2016\/05\/19\/mlc-a-leccocreaimpresa-smart\/#primaryimage"},"thumbnailUrl":"http:\/\/www.montagnelagodicomo.it\/wp-content\/uploads\/2016\/05\/13217333_1054214651291281_982652755950719885_o.jpg","articleSection":["Ultima ora"],"inLanguage":"de"},{"@type":"WebPage","@id":"https:\/\/www.montagnelagodicomo.it\/en\/2016\/05\/19\/mlc-a-leccocreaimpresa-smart\/","url":"https:\/\/www.montagnelagodicomo.it\/en\/2016\/05\/19\/mlc-a-leccocreaimpresa-smart\/","name":"MLC a Leccocreaimpresa SMART - Lago di Como e Valsassina","isPartOf":{"@id":"https:\/\/www.montagnelagodicomo.it\/#website"},"primaryImageOfPage":{"@id":"https:\/\/www.montagnelagodicomo.it\/en\/2016\/05\/19\/mlc-a-leccocreaimpresa-smart\/#primaryimage"},"image":{"@id":"https:\/\/www.montagnelagodicomo.it\/en\/2016\/05\/19\/mlc-a-leccocreaimpresa-smart\/#primaryimage"},"thumbnailUrl":"http:\/\/www.montagnelagodicomo.it\/wp-content\/uploads\/2016\/05\/13217333_1054214651291281_982652755950719885_o.jpg","datePublished":"2016-05-19T10:32:41+00:00","dateModified":"2017-03-13T14:47:28+00:00","breadcrumb":{"@id":"https:\/\/www.montagnelagodicomo.it\/en\/2016\/05\/19\/mlc-a-leccocreaimpresa-smart\/#breadcrumb"},"inLanguage":"de","potentialAction":[{"@type":"ReadAction","target":["https:\/\/www.montagnelagodicomo.it\/en\/2016\/05\/19\/mlc-a-leccocreaimpresa-smart\/"]}]},{"@type":"ImageObject","inLanguage":"de","@id":"https:\/\/www.montagnelagodicomo.it\/en\/2016\/05\/19\/mlc-a-leccocreaimpresa-smart\/#primaryimage","url":"http:\/\/www.montagnelagodicomo.it\/wp-content\/uploads\/2016\/05\/13217333_1054214651291281_982652755950719885_o.jpg","contentUrl":"http:\/\/www.montagnelagodicomo.it\/wp-content\/uploads\/2016\/05\/13217333_1054214651291281_982652755950719885_o.jpg"},{"@type":"BreadcrumbList","@id":"https:\/\/www.montagnelagodicomo.it\/en\/2016\/05\/19\/mlc-a-leccocreaimpresa-smart\/#breadcrumb","itemListElement":[{"@type":"ListItem","position":1,"name":"Home","item":"https:\/\/www.montagnelagodicomo.it\/de\/"},{"@type":"ListItem","position":2,"name":"MLC a Leccocreaimpresa SMART"}]},{"@type":"WebSite","@id":"https:\/\/www.montagnelagodicomo.it\/#website","url":"https:\/\/www.montagnelagodicomo.it\/","name":"Lago di Como e Valsassina","description":"","publisher":{"@id":"https:\/\/www.montagnelagodicomo.it\/#organization"},"potentialAction":[{"@type":"SearchAction","target":{"@type":"EntryPoint","urlTemplate":"https:\/\/www.montagnelagodicomo.it\/?s={search_term_string}"},"query-input":{"@type":"PropertyValueSpecification","valueRequired":true,"valueName":"search_term_string"}}],"inLanguage":"de"},{"@type":"Organization","@id":"https:\/\/www.montagnelagodicomo.it\/#organization","name":"Montagne del Lago di Como","url":"https:\/\/www.montagnelagodicomo.it\/","logo":{"@type":"ImageObject","inLanguage":"de","@id":"https:\/\/www.montagnelagodicomo.it\/#\/schema\/logo\/image\/","url":"https:\/\/www.montagnelagodicomo.it\/wp-content\/uploads\/2016\/07\/DEF_Montagne_LagodiComo_04112015_png.png","contentUrl":"https:\/\/www.montagnelagodicomo.it\/wp-content\/uploads\/2016\/07\/DEF_Montagne_LagodiComo_04112015_png.png","width":2997,"height":835,"caption":"Montagne del Lago di Como"},"image":{"@id":"https:\/\/www.montagnelagodicomo.it\/#\/schema\/logo\/image\/"},"sameAs":["https:\/\/www.facebook.com\/montagnelagodicomo","https:\/\/x.com\/MontagneLago","https:\/\/www.youtube.com\/channel\/UCDoxghWmgQnHlQ78rzZuUjA"]},{"@type":"Person","@id":"https:\/\/www.montagnelagodicomo.it\/#\/schema\/person\/e29d7922634eb034bc4083a91cad0954","name":"montagne","image":{"@type":"ImageObject","inLanguage":"de","@id":"https:\/\/www.montagnelagodicomo.it\/#\/schema\/person\/image\/","url":"https:\/\/secure.gravatar.com\/avatar\/ea758e56c15e5aff2449e6dbda52d15b66f73260605c6968eff333359d31b7ee?s=96&d=mm&r=g","contentUrl":"https:\/\/secure.gravatar.com\/avatar\/ea758e56c15e5aff2449e6dbda52d15b66f73260605c6968eff333359d31b7ee?s=96&d=mm&r=g","caption":"montagne"},"url":"https:\/\/www.montagnelagodicomo.it\/de\/author\/montagne\/"}]}},"_links":{"self":[{"href":"https:\/\/www.montagnelagodicomo.it\/de\/wp-json\/wp\/v2\/posts\/15893","targetHints":{"allow":["GET"]}}],"collection":[{"href":"https:\/\/www.montagnelagodicomo.it\/de\/wp-json\/wp\/v2\/posts"}],"about":[{"href":"https:\/\/www.montagnelagodicomo.it\/de\/wp-json\/wp\/v2\/types\/post"}],"author":[{"embeddable":true,"href":"https:\/\/www.montagnelagodicomo.it\/de\/wp-json\/wp\/v2\/users\/1"}],"replies":[{"embeddable":true,"href":"https:\/\/www.montagnelagodicomo.it\/de\/wp-json\/wp\/v2\/comments?post=15893"}],"version-history":[{"count":1,"href":"https:\/\/www.montagnelagodicomo.it\/de\/wp-json\/wp\/v2\/posts\/15893\/revisions"}],"predecessor-version":[{"id":15969,"href":"https:\/\/www.montagnelagodicomo.it\/de\/wp-json\/wp\/v2\/posts\/15893\/revisions\/15969"}],"wp:attachment":[{"href":"https:\/\/www.montagnelagodicomo.it\/de\/wp-json\/wp\/v2\/media?parent=15893"}],"wp:term":[{"taxonomy":"category","embeddable":true,"href":"https:\/\/www.montagnelagodicomo.it\/de\/wp-json\/wp\/v2\/categories?post=15893"},{"taxonomy":"post_tag","embeddable":true,"href":"https:\/\/www.montagnelagodicomo.it\/de\/wp-json\/wp\/v2\/tags?post=15893"}],"curies":[{"name":"wp","href":"https:\/\/api.w.org\/{rel}","templated":true}]}}