{"id":65380,"date":"2020-04-10T11:15:44","date_gmt":"2020-04-10T09:15:44","guid":{"rendered":"https:\/\/www.montagnelagodicomo.it\/?p=65380"},"modified":"2020-05-04T11:29:02","modified_gmt":"2020-05-04T09:29:02","slug":"seminario-online-dedicato-ai-soci-promuovere-il-turismo-durante-la-pandemia","status":"publish","type":"post","link":"https:\/\/www.montagnelagodicomo.it\/de\/2020\/04\/10\/seminario-online-dedicato-ai-soci-promuovere-il-turismo-durante-la-pandemia\/","title":{"rendered":"Seminario Online dedicato ai Soci \u2013 PROMUOVERE IL TURISMO DURANTE LA PANDEMIA"},"content":{"rendered":"<div class=\"ox-700e5d70e4-block-grid\">\n<div class=\"ox-700e5d70e4-col ox-700e5d70e4-num12\">\n<h3><img fetchpriority=\"high\" decoding=\"async\" class=\"alignleft wp-image-65391 size-full\" src=\"https:\/\/www.montagnelagodicomo.it\/wp-content\/uploads\/2020\/05\/Promuovere-il-turismo-durante-la-pandemia_seminario-soci.jpg\" alt=\"\" width=\"934\" height=\"485\" srcset=\"https:\/\/www.montagnelagodicomo.it\/wp-content\/uploads\/2020\/05\/Promuovere-il-turismo-durante-la-pandemia_seminario-soci.jpg 934w, https:\/\/www.montagnelagodicomo.it\/wp-content\/uploads\/2020\/05\/Promuovere-il-turismo-durante-la-pandemia_seminario-soci-300x156.jpg 300w, https:\/\/www.montagnelagodicomo.it\/wp-content\/uploads\/2020\/05\/Promuovere-il-turismo-durante-la-pandemia_seminario-soci-768x399.jpg 768w\" sizes=\"(max-width: 934px) 100vw, 934px\" \/><\/h3>\n<h3><\/h3>\n<h3><\/h3>\n<h3 style=\"text-align: center;\"><span style=\"color: #ff6600;\"><strong>WEBINAR PROMUOVERE IL TURISMO DURANTE LA PANDEMIA<br \/>\n<\/strong><strong>VENERD\u00cc<\/strong><strong>\u00a017 APRILE 2020, ORE 17.00<\/strong><\/span><\/h3>\n<p>&nbsp;<\/p>\n<p><strong>PROMUOVERE IL TURISMO DURANTE LA PANDEMIA<br \/>\n<\/strong><strong>Sembra una provocazione? Non lo \u00e8.<\/strong><\/p>\n<div class=\"ox-700e5d70e4-col ox-700e5d70e4-num9\">\n<p>Chi sapr\u00e0 lavorare bene durante questi mesi di chiusura, potr\u00e0 raccogliere i frutti molto prima degli altri.<\/p>\n<p><strong><a href=\"http:\/\/customer8738.musvc1.net\/e\/t?q=6%3dOX4a%263%3dS%26o%3dWKU9%26H%3dHa4bM%26L%3di4r2bMAGt_KhtQ_Vr_IRvg_Sg_KhtQ_UwNxP.4FoMr8o832hHu0dH4F.jM_9rTs_I7%26e%3dFBJw6H.EfM%26zJ%3d6WJV\" target=\"_blank\" rel=\"noopener noreferrer\">Montagne del Lago di Como<\/a><\/strong>\u00a0in collaborazione con <strong><a href=\"http:\/\/customer8738.musvc1.net\/e\/t?q=5%3dTXBZ%268%3dS%26w%3dVPUG%26G%3dMaBaR%26L%3dq3w2jLFG_1soq_B3_Drbr_N7_1soq_A8IN6.9DLyHA0m7wJ.rL_Drbr_N7%26m%3dEGJ55M.EnL%265J%3dDVOV\" target=\"_blank\" rel=\"noopener noreferrer\">Ideas<\/a><\/strong> propone <strong>un\u00a0seminario gratuito, da seguire comodamente a casa dal PC<\/strong>, dedicato agli imprenditori che desiderano reagire correttamente al fermo del settore.<\/p>\n<p><strong>Carlo Montisci<\/strong>, Destination Manager, ci guider\u00e0 nel programmare le azioni per non rimanere ammutoliti durante la pandemia.<\/p>\n<p>Ci racconter\u00e0: Cosa possiamo imparare dalle esperienze passate di pandemia? Cosa non dobbiamo fare? Ma soprattutto cosa possiamo fare ora da casa?<\/p>\n<h4><span style=\"color: #008000;\"><strong>Per iscriverti basta\u00a0rispondere alla email che hai ricevuto lo scorso venerd\u00ec contenente le istruzioni\u00a0per partecipare.<\/strong><\/span><\/h4>\n<div>\n<div class=\"ox-700e5d70e4-block-grid\">\n<div class=\"ox-700e5d70e4-col ox-700e5d70e4-num12\">\n<p>Per qualsiasi informazione o altro tipo di richiesta o supporto, non esitate a contattare il nostro Staff. <strong>Siamo attivi e operativi con modalit\u00e0 smart working<\/strong>.<\/p>\n<\/div>\n<\/div>\n<\/div>\n<\/div>\n<\/div>\n<\/div>\n","protected":false},"excerpt":{"rendered":"<p>WEBINAR PROMUOVERE IL TURISMO DURANTE LA PANDEMIA VENERD\u00cc\u00a017 APRILE 2020, ORE 17.00 &nbsp; PROMUOVERE IL TURISMO DURANTE LA PANDEMIA Sembra una provocazione? Non lo \u00e8. Chi sapr\u00e0 lavorare bene durante questi mesi di chiusura, potr\u00e0 raccogliere i frutti molto prima degli altri. Montagne del Lago di Como\u00a0in collaborazione con Ideas propone un\u00a0seminario gratuito, da seguire [&hellip;]<\/p>\n","protected":false},"author":1,"featured_media":65397,"comment_status":"open","ping_status":"open","sticky":false,"template":"","format":"standard","meta":{"_acf_changed":false,"footnotes":""},"categories":[146],"tags":[],"class_list":["post-65380","post","type-post","status-publish","format-standard","has-post-thumbnail","hentry","category-ultima-ora"],"acf":[],"yoast_head":"<!-- This site is optimized with the Yoast SEO plugin v25.0 - https:\/\/yoast.com\/wordpress\/plugins\/seo\/ -->\n<title>Seminario Online dedicato ai Soci \u2013 PROMUOVERE IL TURISMO DURANTE LA PANDEMIA - Lago di Como e Valsassina<\/title>\n<meta name=\"robots\" content=\"index, follow, max-snippet:-1, max-image-preview:large, max-video-preview:-1\" \/>\n<link rel=\"canonical\" href=\"https:\/\/www.montagnelagodicomo.it\/2020\/04\/10\/seminario-online-dedicato-ai-soci-promuovere-il-turismo-durante-la-pandemia\/\" \/>\n<meta property=\"og:locale\" content=\"de_DE\" \/>\n<meta property=\"og:type\" content=\"article\" \/>\n<meta property=\"og:title\" content=\"Seminario Online dedicato ai Soci \u2013 PROMUOVERE IL TURISMO DURANTE LA PANDEMIA - Lago di Como e Valsassina\" \/>\n<meta property=\"og:description\" content=\"WEBINAR PROMUOVERE IL TURISMO DURANTE LA PANDEMIA VENERD\u00cc\u00a017 APRILE 2020, ORE 17.00 &nbsp; PROMUOVERE IL TURISMO DURANTE LA PANDEMIA Sembra una provocazione? Non lo \u00e8. Chi sapr\u00e0 lavorare bene durante questi mesi di chiusura, potr\u00e0 raccogliere i frutti molto prima degli altri. Montagne del Lago di Como\u00a0in collaborazione con Ideas propone un\u00a0seminario gratuito, da seguire [&hellip;]\" \/>\n<meta property=\"og:url\" content=\"https:\/\/www.montagnelagodicomo.it\/2020\/04\/10\/seminario-online-dedicato-ai-soci-promuovere-il-turismo-durante-la-pandemia\/\" \/>\n<meta property=\"og:site_name\" content=\"Lago di Como e Valsassina\" \/>\n<meta property=\"article:publisher\" content=\"https:\/\/www.facebook.com\/montagnelagodicomo\" \/>\n<meta property=\"article:published_time\" content=\"2020-04-10T09:15:44+00:00\" \/>\n<meta property=\"article:modified_time\" content=\"2020-05-04T09:29:02+00:00\" \/>\n<meta property=\"og:image\" content=\"https:\/\/www.montagnelagodicomo.it\/wp-content\/uploads\/2020\/05\/Promuovere-il-turismo-durante-la-pandemia_seminario-soci_quadrato.jpg\" \/>\n\t<meta property=\"og:image:width\" content=\"600\" \/>\n\t<meta property=\"og:image:height\" content=\"600\" \/>\n\t<meta property=\"og:image:type\" content=\"image\/jpeg\" \/>\n<meta name=\"author\" content=\"montagne\" \/>\n<meta name=\"twitter:card\" content=\"summary_large_image\" \/>\n<meta name=\"twitter:creator\" content=\"@MontagneLago\" \/>\n<meta name=\"twitter:site\" content=\"@MontagneLago\" \/>\n<meta name=\"twitter:label1\" content=\"Verfasst von\" \/>\n\t<meta name=\"twitter:data1\" content=\"montagne\" \/>\n\t<meta name=\"twitter:label2\" content=\"Gesch\u00e4tzte Lesezeit\" \/>\n\t<meta name=\"twitter:data2\" content=\"1\u00a0Minute\" \/>\n<script type=\"application\/ld+json\" class=\"yoast-schema-graph\">{\"@context\":\"https:\/\/schema.org\",\"@graph\":[{\"@type\":\"Article\",\"@id\":\"https:\/\/www.montagnelagodicomo.it\/2020\/04\/10\/seminario-online-dedicato-ai-soci-promuovere-il-turismo-durante-la-pandemia\/#article\",\"isPartOf\":{\"@id\":\"https:\/\/www.montagnelagodicomo.it\/2020\/04\/10\/seminario-online-dedicato-ai-soci-promuovere-il-turismo-durante-la-pandemia\/\"},\"author\":{\"name\":\"montagne\",\"@id\":\"https:\/\/www.montagnelagodicomo.it\/#\/schema\/person\/e29d7922634eb034bc4083a91cad0954\"},\"headline\":\"Seminario Online dedicato ai Soci \u2013 PROMUOVERE IL TURISMO DURANTE LA PANDEMIA\",\"datePublished\":\"2020-04-10T09:15:44+00:00\",\"dateModified\":\"2020-05-04T09:29:02+00:00\",\"mainEntityOfPage\":{\"@id\":\"https:\/\/www.montagnelagodicomo.it\/2020\/04\/10\/seminario-online-dedicato-ai-soci-promuovere-il-turismo-durante-la-pandemia\/\"},\"wordCount\":162,\"commentCount\":0,\"publisher\":{\"@id\":\"https:\/\/www.montagnelagodicomo.it\/#organization\"},\"image\":{\"@id\":\"https:\/\/www.montagnelagodicomo.it\/2020\/04\/10\/seminario-online-dedicato-ai-soci-promuovere-il-turismo-durante-la-pandemia\/#primaryimage\"},\"thumbnailUrl\":\"https:\/\/www.montagnelagodicomo.it\/wp-content\/uploads\/2020\/05\/Promuovere-il-turismo-durante-la-pandemia_seminario-soci_quadrato.jpg\",\"articleSection\":[\"Ultima ora\"],\"inLanguage\":\"de\",\"potentialAction\":[{\"@type\":\"CommentAction\",\"name\":\"Comment\",\"target\":[\"https:\/\/www.montagnelagodicomo.it\/2020\/04\/10\/seminario-online-dedicato-ai-soci-promuovere-il-turismo-durante-la-pandemia\/#respond\"]}]},{\"@type\":\"WebPage\",\"@id\":\"https:\/\/www.montagnelagodicomo.it\/2020\/04\/10\/seminario-online-dedicato-ai-soci-promuovere-il-turismo-durante-la-pandemia\/\",\"url\":\"https:\/\/www.montagnelagodicomo.it\/2020\/04\/10\/seminario-online-dedicato-ai-soci-promuovere-il-turismo-durante-la-pandemia\/\",\"name\":\"Seminario Online dedicato ai Soci \u2013 PROMUOVERE IL TURISMO DURANTE LA PANDEMIA - Lago di Como e Valsassina\",\"isPartOf\":{\"@id\":\"https:\/\/www.montagnelagodicomo.it\/#website\"},\"primaryImageOfPage\":{\"@id\":\"https:\/\/www.montagnelagodicomo.it\/2020\/04\/10\/seminario-online-dedicato-ai-soci-promuovere-il-turismo-durante-la-pandemia\/#primaryimage\"},\"image\":{\"@id\":\"https:\/\/www.montagnelagodicomo.it\/2020\/04\/10\/seminario-online-dedicato-ai-soci-promuovere-il-turismo-durante-la-pandemia\/#primaryimage\"},\"thumbnailUrl\":\"https:\/\/www.montagnelagodicomo.it\/wp-content\/uploads\/2020\/05\/Promuovere-il-turismo-durante-la-pandemia_seminario-soci_quadrato.jpg\",\"datePublished\":\"2020-04-10T09:15:44+00:00\",\"dateModified\":\"2020-05-04T09:29:02+00:00\",\"breadcrumb\":{\"@id\":\"https:\/\/www.montagnelagodicomo.it\/2020\/04\/10\/seminario-online-dedicato-ai-soci-promuovere-il-turismo-durante-la-pandemia\/#breadcrumb\"},\"inLanguage\":\"de\",\"potentialAction\":[{\"@type\":\"ReadAction\",\"target\":[\"https:\/\/www.montagnelagodicomo.it\/2020\/04\/10\/seminario-online-dedicato-ai-soci-promuovere-il-turismo-durante-la-pandemia\/\"]}]},{\"@type\":\"ImageObject\",\"inLanguage\":\"de\",\"@id\":\"https:\/\/www.montagnelagodicomo.it\/2020\/04\/10\/seminario-online-dedicato-ai-soci-promuovere-il-turismo-durante-la-pandemia\/#primaryimage\",\"url\":\"https:\/\/www.montagnelagodicomo.it\/wp-content\/uploads\/2020\/05\/Promuovere-il-turismo-durante-la-pandemia_seminario-soci_quadrato.jpg\",\"contentUrl\":\"https:\/\/www.montagnelagodicomo.it\/wp-content\/uploads\/2020\/05\/Promuovere-il-turismo-durante-la-pandemia_seminario-soci_quadrato.jpg\",\"width\":600,\"height\":600},{\"@type\":\"BreadcrumbList\",\"@id\":\"https:\/\/www.montagnelagodicomo.it\/2020\/04\/10\/seminario-online-dedicato-ai-soci-promuovere-il-turismo-durante-la-pandemia\/#breadcrumb\",\"itemListElement\":[{\"@type\":\"ListItem\",\"position\":1,\"name\":\"Home\",\"item\":\"https:\/\/www.montagnelagodicomo.it\/de\/\"},{\"@type\":\"ListItem\",\"position\":2,\"name\":\"Seminario Online dedicato ai Soci \u2013 PROMUOVERE IL TURISMO DURANTE LA PANDEMIA\"}]},{\"@type\":\"WebSite\",\"@id\":\"https:\/\/www.montagnelagodicomo.it\/#website\",\"url\":\"https:\/\/www.montagnelagodicomo.it\/\",\"name\":\"Lago di Como e Valsassina\",\"description\":\"\",\"publisher\":{\"@id\":\"https:\/\/www.montagnelagodicomo.it\/#organization\"},\"potentialAction\":[{\"@type\":\"SearchAction\",\"target\":{\"@type\":\"EntryPoint\",\"urlTemplate\":\"https:\/\/www.montagnelagodicomo.it\/?s={search_term_string}\"},\"query-input\":{\"@type\":\"PropertyValueSpecification\",\"valueRequired\":true,\"valueName\":\"search_term_string\"}}],\"inLanguage\":\"de\"},{\"@type\":\"Organization\",\"@id\":\"https:\/\/www.montagnelagodicomo.it\/#organization\",\"name\":\"Montagne del Lago di Como\",\"url\":\"https:\/\/www.montagnelagodicomo.it\/\",\"logo\":{\"@type\":\"ImageObject\",\"inLanguage\":\"de\",\"@id\":\"https:\/\/www.montagnelagodicomo.it\/#\/schema\/logo\/image\/\",\"url\":\"https:\/\/www.montagnelagodicomo.it\/wp-content\/uploads\/2016\/07\/DEF_Montagne_LagodiComo_04112015_png.png\",\"contentUrl\":\"https:\/\/www.montagnelagodicomo.it\/wp-content\/uploads\/2016\/07\/DEF_Montagne_LagodiComo_04112015_png.png\",\"width\":2997,\"height\":835,\"caption\":\"Montagne del Lago di Como\"},\"image\":{\"@id\":\"https:\/\/www.montagnelagodicomo.it\/#\/schema\/logo\/image\/\"},\"sameAs\":[\"https:\/\/www.facebook.com\/montagnelagodicomo\",\"https:\/\/x.com\/MontagneLago\",\"https:\/\/www.youtube.com\/channel\/UCDoxghWmgQnHlQ78rzZuUjA\"]},{\"@type\":\"Person\",\"@id\":\"https:\/\/www.montagnelagodicomo.it\/#\/schema\/person\/e29d7922634eb034bc4083a91cad0954\",\"name\":\"montagne\",\"image\":{\"@type\":\"ImageObject\",\"inLanguage\":\"de\",\"@id\":\"https:\/\/www.montagnelagodicomo.it\/#\/schema\/person\/image\/\",\"url\":\"https:\/\/secure.gravatar.com\/avatar\/ea758e56c15e5aff2449e6dbda52d15b66f73260605c6968eff333359d31b7ee?s=96&d=mm&r=g\",\"contentUrl\":\"https:\/\/secure.gravatar.com\/avatar\/ea758e56c15e5aff2449e6dbda52d15b66f73260605c6968eff333359d31b7ee?s=96&d=mm&r=g\",\"caption\":\"montagne\"},\"url\":\"https:\/\/www.montagnelagodicomo.it\/de\/author\/montagne\/\"}]}<\/script>\n<!-- \/ Yoast SEO plugin. -->","yoast_head_json":{"title":"Seminario Online dedicato ai Soci \u2013 PROMUOVERE IL TURISMO DURANTE LA PANDEMIA - Lago di Como e Valsassina","robots":{"index":"index","follow":"follow","max-snippet":"max-snippet:-1","max-image-preview":"max-image-preview:large","max-video-preview":"max-video-preview:-1"},"canonical":"https:\/\/www.montagnelagodicomo.it\/2020\/04\/10\/seminario-online-dedicato-ai-soci-promuovere-il-turismo-durante-la-pandemia\/","og_locale":"de_DE","og_type":"article","og_title":"Seminario Online dedicato ai Soci \u2013 PROMUOVERE IL TURISMO DURANTE LA PANDEMIA - Lago di Como e Valsassina","og_description":"WEBINAR PROMUOVERE IL TURISMO DURANTE LA PANDEMIA VENERD\u00cc\u00a017 APRILE 2020, ORE 17.00 &nbsp; PROMUOVERE IL TURISMO DURANTE LA PANDEMIA Sembra una provocazione? Non lo \u00e8. Chi sapr\u00e0 lavorare bene durante questi mesi di chiusura, potr\u00e0 raccogliere i frutti molto prima degli altri. Montagne del Lago di Como\u00a0in collaborazione con Ideas propone un\u00a0seminario gratuito, da seguire [&hellip;]","og_url":"https:\/\/www.montagnelagodicomo.it\/2020\/04\/10\/seminario-online-dedicato-ai-soci-promuovere-il-turismo-durante-la-pandemia\/","og_site_name":"Lago di Como e Valsassina","article_publisher":"https:\/\/www.facebook.com\/montagnelagodicomo","article_published_time":"2020-04-10T09:15:44+00:00","article_modified_time":"2020-05-04T09:29:02+00:00","og_image":[{"width":600,"height":600,"url":"https:\/\/www.montagnelagodicomo.it\/wp-content\/uploads\/2020\/05\/Promuovere-il-turismo-durante-la-pandemia_seminario-soci_quadrato.jpg","type":"image\/jpeg"}],"author":"montagne","twitter_card":"summary_large_image","twitter_creator":"@MontagneLago","twitter_site":"@MontagneLago","twitter_misc":{"Verfasst von":"montagne","Gesch\u00e4tzte Lesezeit":"1\u00a0Minute"},"schema":{"@context":"https:\/\/schema.org","@graph":[{"@type":"Article","@id":"https:\/\/www.montagnelagodicomo.it\/2020\/04\/10\/seminario-online-dedicato-ai-soci-promuovere-il-turismo-durante-la-pandemia\/#article","isPartOf":{"@id":"https:\/\/www.montagnelagodicomo.it\/2020\/04\/10\/seminario-online-dedicato-ai-soci-promuovere-il-turismo-durante-la-pandemia\/"},"author":{"name":"montagne","@id":"https:\/\/www.montagnelagodicomo.it\/#\/schema\/person\/e29d7922634eb034bc4083a91cad0954"},"headline":"Seminario Online dedicato ai Soci \u2013 PROMUOVERE IL TURISMO DURANTE LA PANDEMIA","datePublished":"2020-04-10T09:15:44+00:00","dateModified":"2020-05-04T09:29:02+00:00","mainEntityOfPage":{"@id":"https:\/\/www.montagnelagodicomo.it\/2020\/04\/10\/seminario-online-dedicato-ai-soci-promuovere-il-turismo-durante-la-pandemia\/"},"wordCount":162,"commentCount":0,"publisher":{"@id":"https:\/\/www.montagnelagodicomo.it\/#organization"},"image":{"@id":"https:\/\/www.montagnelagodicomo.it\/2020\/04\/10\/seminario-online-dedicato-ai-soci-promuovere-il-turismo-durante-la-pandemia\/#primaryimage"},"thumbnailUrl":"https:\/\/www.montagnelagodicomo.it\/wp-content\/uploads\/2020\/05\/Promuovere-il-turismo-durante-la-pandemia_seminario-soci_quadrato.jpg","articleSection":["Ultima ora"],"inLanguage":"de","potentialAction":[{"@type":"CommentAction","name":"Comment","target":["https:\/\/www.montagnelagodicomo.it\/2020\/04\/10\/seminario-online-dedicato-ai-soci-promuovere-il-turismo-durante-la-pandemia\/#respond"]}]},{"@type":"WebPage","@id":"https:\/\/www.montagnelagodicomo.it\/2020\/04\/10\/seminario-online-dedicato-ai-soci-promuovere-il-turismo-durante-la-pandemia\/","url":"https:\/\/www.montagnelagodicomo.it\/2020\/04\/10\/seminario-online-dedicato-ai-soci-promuovere-il-turismo-durante-la-pandemia\/","name":"Seminario Online dedicato ai Soci \u2013 PROMUOVERE IL TURISMO DURANTE LA PANDEMIA - Lago di Como e Valsassina","isPartOf":{"@id":"https:\/\/www.montagnelagodicomo.it\/#website"},"primaryImageOfPage":{"@id":"https:\/\/www.montagnelagodicomo.it\/2020\/04\/10\/seminario-online-dedicato-ai-soci-promuovere-il-turismo-durante-la-pandemia\/#primaryimage"},"image":{"@id":"https:\/\/www.montagnelagodicomo.it\/2020\/04\/10\/seminario-online-dedicato-ai-soci-promuovere-il-turismo-durante-la-pandemia\/#primaryimage"},"thumbnailUrl":"https:\/\/www.montagnelagodicomo.it\/wp-content\/uploads\/2020\/05\/Promuovere-il-turismo-durante-la-pandemia_seminario-soci_quadrato.jpg","datePublished":"2020-04-10T09:15:44+00:00","dateModified":"2020-05-04T09:29:02+00:00","breadcrumb":{"@id":"https:\/\/www.montagnelagodicomo.it\/2020\/04\/10\/seminario-online-dedicato-ai-soci-promuovere-il-turismo-durante-la-pandemia\/#breadcrumb"},"inLanguage":"de","potentialAction":[{"@type":"ReadAction","target":["https:\/\/www.montagnelagodicomo.it\/2020\/04\/10\/seminario-online-dedicato-ai-soci-promuovere-il-turismo-durante-la-pandemia\/"]}]},{"@type":"ImageObject","inLanguage":"de","@id":"https:\/\/www.montagnelagodicomo.it\/2020\/04\/10\/seminario-online-dedicato-ai-soci-promuovere-il-turismo-durante-la-pandemia\/#primaryimage","url":"https:\/\/www.montagnelagodicomo.it\/wp-content\/uploads\/2020\/05\/Promuovere-il-turismo-durante-la-pandemia_seminario-soci_quadrato.jpg","contentUrl":"https:\/\/www.montagnelagodicomo.it\/wp-content\/uploads\/2020\/05\/Promuovere-il-turismo-durante-la-pandemia_seminario-soci_quadrato.jpg","width":600,"height":600},{"@type":"BreadcrumbList","@id":"https:\/\/www.montagnelagodicomo.it\/2020\/04\/10\/seminario-online-dedicato-ai-soci-promuovere-il-turismo-durante-la-pandemia\/#breadcrumb","itemListElement":[{"@type":"ListItem","position":1,"name":"Home","item":"https:\/\/www.montagnelagodicomo.it\/de\/"},{"@type":"ListItem","position":2,"name":"Seminario Online dedicato ai Soci \u2013 PROMUOVERE IL TURISMO DURANTE LA PANDEMIA"}]},{"@type":"WebSite","@id":"https:\/\/www.montagnelagodicomo.it\/#website","url":"https:\/\/www.montagnelagodicomo.it\/","name":"Lago di Como e Valsassina","description":"","publisher":{"@id":"https:\/\/www.montagnelagodicomo.it\/#organization"},"potentialAction":[{"@type":"SearchAction","target":{"@type":"EntryPoint","urlTemplate":"https:\/\/www.montagnelagodicomo.it\/?s={search_term_string}"},"query-input":{"@type":"PropertyValueSpecification","valueRequired":true,"valueName":"search_term_string"}}],"inLanguage":"de"},{"@type":"Organization","@id":"https:\/\/www.montagnelagodicomo.it\/#organization","name":"Montagne del Lago di Como","url":"https:\/\/www.montagnelagodicomo.it\/","logo":{"@type":"ImageObject","inLanguage":"de","@id":"https:\/\/www.montagnelagodicomo.it\/#\/schema\/logo\/image\/","url":"https:\/\/www.montagnelagodicomo.it\/wp-content\/uploads\/2016\/07\/DEF_Montagne_LagodiComo_04112015_png.png","contentUrl":"https:\/\/www.montagnelagodicomo.it\/wp-content\/uploads\/2016\/07\/DEF_Montagne_LagodiComo_04112015_png.png","width":2997,"height":835,"caption":"Montagne del Lago di Como"},"image":{"@id":"https:\/\/www.montagnelagodicomo.it\/#\/schema\/logo\/image\/"},"sameAs":["https:\/\/www.facebook.com\/montagnelagodicomo","https:\/\/x.com\/MontagneLago","https:\/\/www.youtube.com\/channel\/UCDoxghWmgQnHlQ78rzZuUjA"]},{"@type":"Person","@id":"https:\/\/www.montagnelagodicomo.it\/#\/schema\/person\/e29d7922634eb034bc4083a91cad0954","name":"montagne","image":{"@type":"ImageObject","inLanguage":"de","@id":"https:\/\/www.montagnelagodicomo.it\/#\/schema\/person\/image\/","url":"https:\/\/secure.gravatar.com\/avatar\/ea758e56c15e5aff2449e6dbda52d15b66f73260605c6968eff333359d31b7ee?s=96&d=mm&r=g","contentUrl":"https:\/\/secure.gravatar.com\/avatar\/ea758e56c15e5aff2449e6dbda52d15b66f73260605c6968eff333359d31b7ee?s=96&d=mm&r=g","caption":"montagne"},"url":"https:\/\/www.montagnelagodicomo.it\/de\/author\/montagne\/"}]}},"_links":{"self":[{"href":"https:\/\/www.montagnelagodicomo.it\/de\/wp-json\/wp\/v2\/posts\/65380","targetHints":{"allow":["GET"]}}],"collection":[{"href":"https:\/\/www.montagnelagodicomo.it\/de\/wp-json\/wp\/v2\/posts"}],"about":[{"href":"https:\/\/www.montagnelagodicomo.it\/de\/wp-json\/wp\/v2\/types\/post"}],"author":[{"embeddable":true,"href":"https:\/\/www.montagnelagodicomo.it\/de\/wp-json\/wp\/v2\/users\/1"}],"replies":[{"embeddable":true,"href":"https:\/\/www.montagnelagodicomo.it\/de\/wp-json\/wp\/v2\/comments?post=65380"}],"version-history":[{"count":2,"href":"https:\/\/www.montagnelagodicomo.it\/de\/wp-json\/wp\/v2\/posts\/65380\/revisions"}],"predecessor-version":[{"id":65402,"href":"https:\/\/www.montagnelagodicomo.it\/de\/wp-json\/wp\/v2\/posts\/65380\/revisions\/65402"}],"wp:featuredmedia":[{"embeddable":true,"href":"https:\/\/www.montagnelagodicomo.it\/de\/wp-json\/wp\/v2\/media\/65397"}],"wp:attachment":[{"href":"https:\/\/www.montagnelagodicomo.it\/de\/wp-json\/wp\/v2\/media?parent=65380"}],"wp:term":[{"taxonomy":"category","embeddable":true,"href":"https:\/\/www.montagnelagodicomo.it\/de\/wp-json\/wp\/v2\/categories?post=65380"},{"taxonomy":"post_tag","embeddable":true,"href":"https:\/\/www.montagnelagodicomo.it\/de\/wp-json\/wp\/v2\/tags?post=65380"}],"curies":[{"name":"wp","href":"https:\/\/api.w.org\/{rel}","templated":true}]}}