{"id":70711,"date":"2020-12-30T14:28:24","date_gmt":"2020-12-30T13:28:24","guid":{"rendered":"https:\/\/www.montagnelagodicomo.it\/?p=70711"},"modified":"2020-12-30T14:28:24","modified_gmt":"2020-12-30T13:28:24","slug":"buon-anno","status":"publish","type":"post","link":"https:\/\/www.montagnelagodicomo.it\/de\/2020\/12\/30\/buon-anno\/","title":{"rendered":"Buon Anno!"},"content":{"rendered":"<figure id=\"attachment_70716\" aria-describedby=\"caption-attachment-70716\" style=\"width: 680px\" class=\"wp-caption aligncenter\"><a href=\"https:\/\/h7c8.emailsp.com\/f\/rnl.aspx\/?mje=u2yy_3c&amp;kl=uzek-=sx\/vz:e7&amp;d=ae8g&amp;x=pp&amp;x1.gfk3&amp;x=pv&amp;f&amp;&amp;x=pv&amp;8&amp;x=pv&amp;f6a0f.g7.g3a0f=y_1vNCLM\" target=\"_blank\" rel=\"https:\/\/h7c8.emailsp.com\/f\/rnl.aspx\/?mje=u2yy_3c&amp;kl=uzek-=sx\/vz:e7&amp;d=ae8g&amp;x=pp&amp;x1.gfk3&amp;x=pv&amp;f&amp;&amp;x=pv&amp;8&amp;x=pv&amp;f6a0f.g7.g3a0f=y_1vNCLM noopener noreferrer\"><img fetchpriority=\"high\" decoding=\"async\" class=\"wp-image-70716 size-full\" src=\"https:\/\/www.montagnelagodicomo.it\/wp-content\/uploads\/2020\/12\/MLC_newsletter-gennaio-2021.jpg\" alt=\"\" width=\"680\" height=\"390\" srcset=\"https:\/\/www.montagnelagodicomo.it\/wp-content\/uploads\/2020\/12\/MLC_newsletter-gennaio-2021.jpg 680w, https:\/\/www.montagnelagodicomo.it\/wp-content\/uploads\/2020\/12\/MLC_newsletter-gennaio-2021-300x172.jpg 300w\" sizes=\"(max-width: 680px) 100vw, 680px\" \/><\/a><figcaption id=\"caption-attachment-70716\" class=\"wp-caption-text\">Clicca e leggi la newsletter di Gennaio 2021<\/figcaption><\/figure>\n<p>&nbsp;<\/p>\n<p>Caro amico,<br \/>\nsiamo ormai a fine dicembre, un anno sta per finire mentre un altro si affaccia all\u2019orizzonte. E&#8216; tempo di bilanci e di riflessioni, di buoni propositi e di progetti e&#8230;..di mandarti i nostri auguri!<\/p>\n<p>L\u2019anno che si appresta a finire \u00e8 stato un anno strano, difficile e di privazioni. Un anno che ha lasciato e lascer\u00e0 in noi un segno profondo.<\/p>\n<p><strong>In questi giorni di festivit\u00e0 <\/strong>per\u00f2, complice l&#8217;atmosfera delle feste e le luci intermittenti lungo le strade, il regalo pi\u00f9 grande lo dobbiamo fare a noi stessi, <strong>prendendoci qualche minuto da dedicare a noi e ai nostri cari.<\/strong><\/p>\n<p>Come avrai gi\u00e0 avuto modo di scoprire, in questo periodo abbiamo introdotto una bella novit\u00e0: <strong>ora puoi acquistare online i <a href=\"http:\/\/customer8738.musvc1.net\/e\/t?q=6%3dOe3a%263%3dZ%26n%3dWKf3%26H%3dHh6cN%26S%3dhMANs_Kh1P_Vr_PQvg_Zf_Kh1P_UwCcH4KeKtC.mH5Ra05Cl4xMdBtMmH.zR_rtjx_297Po76RtB%26u%3dKuLCA1.GvR4r9a%26iL%3dLe0Z\">prodotti<\/a> e le <a href=\"http:\/\/customer8738.musvc1.net\/e\/t?q=3%3dJaLX%26x%3dV%267%3dTFbL%26E%3dCdOZI%26O%3d1J6JB_Hcwi_Sm_Ljsb_Vy_Hcwi_Rr9vEyGxHo9.6EzNt7z951sIw9oI6E.uN_Aqet_K6qM954CxDB9%26w%3dC7ME3C.H1m5txJ%26uM%3dNWLa\">esperienze<\/a><\/strong> offerti dalle imprese del nostro territorio. E&#8216; un bel modo per sentirti sempre vicino ai tuoi posti del cuore.<\/p>\n<p>Infine ti annunciamo con piacere che \u00e8 pronto il nostro <strong>calendario di <\/strong><strong>Ciaspolate con guida alpina<\/strong>. Da quest&#8217;anno l&#8217;acquisto si effettua on line: <strong><a href=\"http:\/\/customer8738.musvc1.net\/e\/t?q=3%3dBaKX%26p%3dV%266%3dT8bK%26E%3d5dNZA%26O%3dzJxJA_HUwh_Se_LisT_Vx_HUwh_Rj9uEqGwHg9.5ErNs7r941kIv9gI5E.mN_0qWt_J6iM85vCwD49_0qWt_J6gCs1e5sItI41x9%26v%3dCyMD35.HwJ%26mM%3dMWDa\">clicca qui<\/a><\/strong>.<\/p>\n<p>Le escursioni si svolgeranno nel pieno rispetto delle normative vigenti e i posti sono limitati. Una bella occasione per scoprire in modo slow le Montagne del Lago di Como ed i suoi incantevoli paesaggi!<\/p>\n<p>Cogliamo l&#8217;occasione per augurarti <strong>buone feste e un buon anno nuovo<\/strong>.<\/p>\n<p>Ci vediamo presto,<\/p>\n<p>Il Presidente \u2013 Stefano Gianola<\/p>\n<p>&nbsp;<\/p>\n<p style=\"text-align: left;\"><span style=\"color: #ff6600;\"><strong>Non sei iscritto alla nostra newsletter mensile? Puoi farlo direttamente dal sito! Compila il modulo che trovi in fondo alla pagina con i tuoi dati: riceverai gratuitamente i nostri eventi e le nostre proposte sulla tua email. Potrai annullare l&#8217;iscrizione quando vuoi. <\/strong><\/span><\/p>\n<p>Ringraziamo Emilio Buzzella per la bellissima foto.<\/p>\n","protected":false},"excerpt":{"rendered":"<p>&nbsp; Caro amico, siamo ormai a fine dicembre, un anno sta per finire mentre un altro si affaccia all\u2019orizzonte. E&#8216; tempo di bilanci e di riflessioni, di buoni propositi e di progetti e&#8230;..di mandarti i nostri auguri! L\u2019anno che si appresta a finire \u00e8 stato un anno strano, difficile e di privazioni. Un anno che [&hellip;]<\/p>\n","protected":false},"author":1,"featured_media":70712,"comment_status":"open","ping_status":"open","sticky":false,"template":"","format":"standard","meta":{"_acf_changed":false,"footnotes":""},"categories":[146],"tags":[],"class_list":["post-70711","post","type-post","status-publish","format-standard","has-post-thumbnail","hentry","category-ultima-ora"],"acf":[],"yoast_head":"<!-- This site is optimized with the Yoast SEO plugin v25.0 - https:\/\/yoast.com\/wordpress\/plugins\/seo\/ -->\n<title>Buon Anno! - Lago di Como e Valsassina<\/title>\n<meta name=\"description\" content=\"Caro amico,siamo ormai a fine dicembre, un anno sta per finire mentre un altro si affaccia all\u2019orizzonte. E&#039; tempo di bilanci e di riflessioni, di buoni propositi e di progetti e.....di mandarti i nostri auguri!\" \/>\n<meta name=\"robots\" content=\"index, follow, max-snippet:-1, max-image-preview:large, max-video-preview:-1\" \/>\n<link rel=\"canonical\" href=\"https:\/\/www.montagnelagodicomo.it\/en\/2020\/12\/30\/buon-anno\/\" \/>\n<meta property=\"og:locale\" content=\"de_DE\" \/>\n<meta property=\"og:type\" content=\"article\" \/>\n<meta property=\"og:title\" content=\"Benvenuto autunno - Lago di Como e Valsassina\" \/>\n<meta property=\"og:description\" content=\"Diamo il benvenuto all&#039;autunno sulle Montagne del Lago di Como. La stagione dei colori caldi \u00e8 arrivata a dipingere i nostri panorami. Si \u00e8 mostrata per ora timidamente, ma nelle prossime settimane ci regaler\u00e0 un crescendo di emozioni. Ammirare il foliage con un trekking, scoprire i riflessi dei monti nelle acque del lago, passeggiare nei piccoli borghi: ecco i doni dell&#039;autunno. Possiamo approfittare di questo \u201cstrano anno\u201d per sperimentare una nuova dimensione di vacanza e questa \u00e8 la stagione ideale. La proposta autunnale delle Montagne del Lago di Como \u00e8 fatta di relax, esperienze rigeneranti e di un contatto autentico con la natura, i sapori e le tradizioni del territorio.\" \/>\n<meta property=\"og:url\" content=\"https:\/\/www.montagnelagodicomo.it\/en\/2020\/12\/30\/buon-anno\/\" \/>\n<meta property=\"og:site_name\" content=\"Lago di Como e Valsassina\" \/>\n<meta property=\"article:publisher\" content=\"https:\/\/www.facebook.com\/montagnelagodicomo\" \/>\n<meta property=\"article:published_time\" content=\"2020-12-30T13:28:24+00:00\" \/>\n<meta property=\"og:image\" content=\"https:\/\/www.montagnelagodicomo.it\/wp-content\/uploads\/2020\/12\/MLC_gennaio-2021_banner-quadrato.jpg\" \/>\n\t<meta property=\"og:image:width\" content=\"600\" \/>\n\t<meta property=\"og:image:height\" content=\"600\" \/>\n\t<meta property=\"og:image:type\" content=\"image\/jpeg\" \/>\n<meta name=\"author\" content=\"montagne\" \/>\n<meta name=\"twitter:card\" content=\"summary_large_image\" \/>\n<meta name=\"twitter:creator\" content=\"@MontagneLago\" \/>\n<meta name=\"twitter:site\" content=\"@MontagneLago\" \/>\n<meta name=\"twitter:label1\" content=\"Verfasst von\" \/>\n\t<meta name=\"twitter:data1\" content=\"montagne\" \/>\n\t<meta name=\"twitter:label2\" content=\"Gesch\u00e4tzte Lesezeit\" \/>\n\t<meta name=\"twitter:data2\" content=\"1\u00a0Minute\" \/>\n<script type=\"application\/ld+json\" class=\"yoast-schema-graph\">{\"@context\":\"https:\/\/schema.org\",\"@graph\":[{\"@type\":\"Article\",\"@id\":\"https:\/\/www.montagnelagodicomo.it\/en\/2020\/12\/30\/buon-anno\/#article\",\"isPartOf\":{\"@id\":\"https:\/\/www.montagnelagodicomo.it\/en\/2020\/12\/30\/buon-anno\/\"},\"author\":{\"name\":\"montagne\",\"@id\":\"https:\/\/www.montagnelagodicomo.it\/#\/schema\/person\/e29d7922634eb034bc4083a91cad0954\"},\"headline\":\"Buon Anno!\",\"datePublished\":\"2020-12-30T13:28:24+00:00\",\"mainEntityOfPage\":{\"@id\":\"https:\/\/www.montagnelagodicomo.it\/en\/2020\/12\/30\/buon-anno\/\"},\"wordCount\":289,\"commentCount\":0,\"publisher\":{\"@id\":\"https:\/\/www.montagnelagodicomo.it\/#organization\"},\"image\":{\"@id\":\"https:\/\/www.montagnelagodicomo.it\/en\/2020\/12\/30\/buon-anno\/#primaryimage\"},\"thumbnailUrl\":\"https:\/\/www.montagnelagodicomo.it\/wp-content\/uploads\/2020\/12\/MLC_gennaio-2021_banner-quadrato.jpg\",\"articleSection\":[\"Ultima ora\"],\"inLanguage\":\"de\",\"potentialAction\":[{\"@type\":\"CommentAction\",\"name\":\"Comment\",\"target\":[\"https:\/\/www.montagnelagodicomo.it\/en\/2020\/12\/30\/buon-anno\/#respond\"]}]},{\"@type\":\"WebPage\",\"@id\":\"https:\/\/www.montagnelagodicomo.it\/en\/2020\/12\/30\/buon-anno\/\",\"url\":\"https:\/\/www.montagnelagodicomo.it\/en\/2020\/12\/30\/buon-anno\/\",\"name\":\"Buon Anno! - Lago di Como e Valsassina\",\"isPartOf\":{\"@id\":\"https:\/\/www.montagnelagodicomo.it\/#website\"},\"primaryImageOfPage\":{\"@id\":\"https:\/\/www.montagnelagodicomo.it\/en\/2020\/12\/30\/buon-anno\/#primaryimage\"},\"image\":{\"@id\":\"https:\/\/www.montagnelagodicomo.it\/en\/2020\/12\/30\/buon-anno\/#primaryimage\"},\"thumbnailUrl\":\"https:\/\/www.montagnelagodicomo.it\/wp-content\/uploads\/2020\/12\/MLC_gennaio-2021_banner-quadrato.jpg\",\"datePublished\":\"2020-12-30T13:28:24+00:00\",\"description\":\"Caro amico,siamo ormai a fine dicembre, un anno sta per finire mentre un altro si affaccia all\u2019orizzonte. E' tempo di bilanci e di riflessioni, di buoni propositi e di progetti e.....di mandarti i nostri auguri!\",\"breadcrumb\":{\"@id\":\"https:\/\/www.montagnelagodicomo.it\/en\/2020\/12\/30\/buon-anno\/#breadcrumb\"},\"inLanguage\":\"de\",\"potentialAction\":[{\"@type\":\"ReadAction\",\"target\":[\"https:\/\/www.montagnelagodicomo.it\/en\/2020\/12\/30\/buon-anno\/\"]}]},{\"@type\":\"ImageObject\",\"inLanguage\":\"de\",\"@id\":\"https:\/\/www.montagnelagodicomo.it\/en\/2020\/12\/30\/buon-anno\/#primaryimage\",\"url\":\"https:\/\/www.montagnelagodicomo.it\/wp-content\/uploads\/2020\/12\/MLC_gennaio-2021_banner-quadrato.jpg\",\"contentUrl\":\"https:\/\/www.montagnelagodicomo.it\/wp-content\/uploads\/2020\/12\/MLC_gennaio-2021_banner-quadrato.jpg\",\"width\":600,\"height\":600},{\"@type\":\"BreadcrumbList\",\"@id\":\"https:\/\/www.montagnelagodicomo.it\/en\/2020\/12\/30\/buon-anno\/#breadcrumb\",\"itemListElement\":[{\"@type\":\"ListItem\",\"position\":1,\"name\":\"Home\",\"item\":\"https:\/\/www.montagnelagodicomo.it\/de\/\"},{\"@type\":\"ListItem\",\"position\":2,\"name\":\"Buon Anno!\"}]},{\"@type\":\"WebSite\",\"@id\":\"https:\/\/www.montagnelagodicomo.it\/#website\",\"url\":\"https:\/\/www.montagnelagodicomo.it\/\",\"name\":\"Lago di Como e Valsassina\",\"description\":\"\",\"publisher\":{\"@id\":\"https:\/\/www.montagnelagodicomo.it\/#organization\"},\"potentialAction\":[{\"@type\":\"SearchAction\",\"target\":{\"@type\":\"EntryPoint\",\"urlTemplate\":\"https:\/\/www.montagnelagodicomo.it\/?s={search_term_string}\"},\"query-input\":{\"@type\":\"PropertyValueSpecification\",\"valueRequired\":true,\"valueName\":\"search_term_string\"}}],\"inLanguage\":\"de\"},{\"@type\":\"Organization\",\"@id\":\"https:\/\/www.montagnelagodicomo.it\/#organization\",\"name\":\"Montagne del Lago di Como\",\"url\":\"https:\/\/www.montagnelagodicomo.it\/\",\"logo\":{\"@type\":\"ImageObject\",\"inLanguage\":\"de\",\"@id\":\"https:\/\/www.montagnelagodicomo.it\/#\/schema\/logo\/image\/\",\"url\":\"https:\/\/www.montagnelagodicomo.it\/wp-content\/uploads\/2016\/07\/DEF_Montagne_LagodiComo_04112015_png.png\",\"contentUrl\":\"https:\/\/www.montagnelagodicomo.it\/wp-content\/uploads\/2016\/07\/DEF_Montagne_LagodiComo_04112015_png.png\",\"width\":2997,\"height\":835,\"caption\":\"Montagne del Lago di Como\"},\"image\":{\"@id\":\"https:\/\/www.montagnelagodicomo.it\/#\/schema\/logo\/image\/\"},\"sameAs\":[\"https:\/\/www.facebook.com\/montagnelagodicomo\",\"https:\/\/x.com\/MontagneLago\",\"https:\/\/www.youtube.com\/channel\/UCDoxghWmgQnHlQ78rzZuUjA\"]},{\"@type\":\"Person\",\"@id\":\"https:\/\/www.montagnelagodicomo.it\/#\/schema\/person\/e29d7922634eb034bc4083a91cad0954\",\"name\":\"montagne\",\"image\":{\"@type\":\"ImageObject\",\"inLanguage\":\"de\",\"@id\":\"https:\/\/www.montagnelagodicomo.it\/#\/schema\/person\/image\/\",\"url\":\"https:\/\/secure.gravatar.com\/avatar\/ea758e56c15e5aff2449e6dbda52d15b66f73260605c6968eff333359d31b7ee?s=96&d=mm&r=g\",\"contentUrl\":\"https:\/\/secure.gravatar.com\/avatar\/ea758e56c15e5aff2449e6dbda52d15b66f73260605c6968eff333359d31b7ee?s=96&d=mm&r=g\",\"caption\":\"montagne\"},\"url\":\"https:\/\/www.montagnelagodicomo.it\/de\/author\/montagne\/\"}]}<\/script>\n<!-- \/ Yoast SEO plugin. -->","yoast_head_json":{"title":"Buon Anno! - Lago di Como e Valsassina","description":"Caro amico,siamo ormai a fine dicembre, un anno sta per finire mentre un altro si affaccia all\u2019orizzonte. E' tempo di bilanci e di riflessioni, di buoni propositi e di progetti e.....di mandarti i nostri auguri!","robots":{"index":"index","follow":"follow","max-snippet":"max-snippet:-1","max-image-preview":"max-image-preview:large","max-video-preview":"max-video-preview:-1"},"canonical":"https:\/\/www.montagnelagodicomo.it\/en\/2020\/12\/30\/buon-anno\/","og_locale":"de_DE","og_type":"article","og_title":"Benvenuto autunno - Lago di Como e Valsassina","og_description":"Diamo il benvenuto all'autunno sulle Montagne del Lago di Como. La stagione dei colori caldi \u00e8 arrivata a dipingere i nostri panorami. Si \u00e8 mostrata per ora timidamente, ma nelle prossime settimane ci regaler\u00e0 un crescendo di emozioni. Ammirare il foliage con un trekking, scoprire i riflessi dei monti nelle acque del lago, passeggiare nei piccoli borghi: ecco i doni dell'autunno. Possiamo approfittare di questo \u201cstrano anno\u201d per sperimentare una nuova dimensione di vacanza e questa \u00e8 la stagione ideale. La proposta autunnale delle Montagne del Lago di Como \u00e8 fatta di relax, esperienze rigeneranti e di un contatto autentico con la natura, i sapori e le tradizioni del territorio.","og_url":"https:\/\/www.montagnelagodicomo.it\/en\/2020\/12\/30\/buon-anno\/","og_site_name":"Lago di Como e Valsassina","article_publisher":"https:\/\/www.facebook.com\/montagnelagodicomo","article_published_time":"2020-12-30T13:28:24+00:00","og_image":[{"width":600,"height":600,"url":"https:\/\/www.montagnelagodicomo.it\/wp-content\/uploads\/2020\/12\/MLC_gennaio-2021_banner-quadrato.jpg","type":"image\/jpeg"}],"author":"montagne","twitter_card":"summary_large_image","twitter_creator":"@MontagneLago","twitter_site":"@MontagneLago","twitter_misc":{"Verfasst von":"montagne","Gesch\u00e4tzte Lesezeit":"1\u00a0Minute"},"schema":{"@context":"https:\/\/schema.org","@graph":[{"@type":"Article","@id":"https:\/\/www.montagnelagodicomo.it\/en\/2020\/12\/30\/buon-anno\/#article","isPartOf":{"@id":"https:\/\/www.montagnelagodicomo.it\/en\/2020\/12\/30\/buon-anno\/"},"author":{"name":"montagne","@id":"https:\/\/www.montagnelagodicomo.it\/#\/schema\/person\/e29d7922634eb034bc4083a91cad0954"},"headline":"Buon Anno!","datePublished":"2020-12-30T13:28:24+00:00","mainEntityOfPage":{"@id":"https:\/\/www.montagnelagodicomo.it\/en\/2020\/12\/30\/buon-anno\/"},"wordCount":289,"commentCount":0,"publisher":{"@id":"https:\/\/www.montagnelagodicomo.it\/#organization"},"image":{"@id":"https:\/\/www.montagnelagodicomo.it\/en\/2020\/12\/30\/buon-anno\/#primaryimage"},"thumbnailUrl":"https:\/\/www.montagnelagodicomo.it\/wp-content\/uploads\/2020\/12\/MLC_gennaio-2021_banner-quadrato.jpg","articleSection":["Ultima ora"],"inLanguage":"de","potentialAction":[{"@type":"CommentAction","name":"Comment","target":["https:\/\/www.montagnelagodicomo.it\/en\/2020\/12\/30\/buon-anno\/#respond"]}]},{"@type":"WebPage","@id":"https:\/\/www.montagnelagodicomo.it\/en\/2020\/12\/30\/buon-anno\/","url":"https:\/\/www.montagnelagodicomo.it\/en\/2020\/12\/30\/buon-anno\/","name":"Buon Anno! - Lago di Como e Valsassina","isPartOf":{"@id":"https:\/\/www.montagnelagodicomo.it\/#website"},"primaryImageOfPage":{"@id":"https:\/\/www.montagnelagodicomo.it\/en\/2020\/12\/30\/buon-anno\/#primaryimage"},"image":{"@id":"https:\/\/www.montagnelagodicomo.it\/en\/2020\/12\/30\/buon-anno\/#primaryimage"},"thumbnailUrl":"https:\/\/www.montagnelagodicomo.it\/wp-content\/uploads\/2020\/12\/MLC_gennaio-2021_banner-quadrato.jpg","datePublished":"2020-12-30T13:28:24+00:00","description":"Caro amico,siamo ormai a fine dicembre, un anno sta per finire mentre un altro si affaccia all\u2019orizzonte. E' tempo di bilanci e di riflessioni, di buoni propositi e di progetti e.....di mandarti i nostri auguri!","breadcrumb":{"@id":"https:\/\/www.montagnelagodicomo.it\/en\/2020\/12\/30\/buon-anno\/#breadcrumb"},"inLanguage":"de","potentialAction":[{"@type":"ReadAction","target":["https:\/\/www.montagnelagodicomo.it\/en\/2020\/12\/30\/buon-anno\/"]}]},{"@type":"ImageObject","inLanguage":"de","@id":"https:\/\/www.montagnelagodicomo.it\/en\/2020\/12\/30\/buon-anno\/#primaryimage","url":"https:\/\/www.montagnelagodicomo.it\/wp-content\/uploads\/2020\/12\/MLC_gennaio-2021_banner-quadrato.jpg","contentUrl":"https:\/\/www.montagnelagodicomo.it\/wp-content\/uploads\/2020\/12\/MLC_gennaio-2021_banner-quadrato.jpg","width":600,"height":600},{"@type":"BreadcrumbList","@id":"https:\/\/www.montagnelagodicomo.it\/en\/2020\/12\/30\/buon-anno\/#breadcrumb","itemListElement":[{"@type":"ListItem","position":1,"name":"Home","item":"https:\/\/www.montagnelagodicomo.it\/de\/"},{"@type":"ListItem","position":2,"name":"Buon Anno!"}]},{"@type":"WebSite","@id":"https:\/\/www.montagnelagodicomo.it\/#website","url":"https:\/\/www.montagnelagodicomo.it\/","name":"Lago di Como e Valsassina","description":"","publisher":{"@id":"https:\/\/www.montagnelagodicomo.it\/#organization"},"potentialAction":[{"@type":"SearchAction","target":{"@type":"EntryPoint","urlTemplate":"https:\/\/www.montagnelagodicomo.it\/?s={search_term_string}"},"query-input":{"@type":"PropertyValueSpecification","valueRequired":true,"valueName":"search_term_string"}}],"inLanguage":"de"},{"@type":"Organization","@id":"https:\/\/www.montagnelagodicomo.it\/#organization","name":"Montagne del Lago di Como","url":"https:\/\/www.montagnelagodicomo.it\/","logo":{"@type":"ImageObject","inLanguage":"de","@id":"https:\/\/www.montagnelagodicomo.it\/#\/schema\/logo\/image\/","url":"https:\/\/www.montagnelagodicomo.it\/wp-content\/uploads\/2016\/07\/DEF_Montagne_LagodiComo_04112015_png.png","contentUrl":"https:\/\/www.montagnelagodicomo.it\/wp-content\/uploads\/2016\/07\/DEF_Montagne_LagodiComo_04112015_png.png","width":2997,"height":835,"caption":"Montagne del Lago di Como"},"image":{"@id":"https:\/\/www.montagnelagodicomo.it\/#\/schema\/logo\/image\/"},"sameAs":["https:\/\/www.facebook.com\/montagnelagodicomo","https:\/\/x.com\/MontagneLago","https:\/\/www.youtube.com\/channel\/UCDoxghWmgQnHlQ78rzZuUjA"]},{"@type":"Person","@id":"https:\/\/www.montagnelagodicomo.it\/#\/schema\/person\/e29d7922634eb034bc4083a91cad0954","name":"montagne","image":{"@type":"ImageObject","inLanguage":"de","@id":"https:\/\/www.montagnelagodicomo.it\/#\/schema\/person\/image\/","url":"https:\/\/secure.gravatar.com\/avatar\/ea758e56c15e5aff2449e6dbda52d15b66f73260605c6968eff333359d31b7ee?s=96&d=mm&r=g","contentUrl":"https:\/\/secure.gravatar.com\/avatar\/ea758e56c15e5aff2449e6dbda52d15b66f73260605c6968eff333359d31b7ee?s=96&d=mm&r=g","caption":"montagne"},"url":"https:\/\/www.montagnelagodicomo.it\/de\/author\/montagne\/"}]}},"_links":{"self":[{"href":"https:\/\/www.montagnelagodicomo.it\/de\/wp-json\/wp\/v2\/posts\/70711","targetHints":{"allow":["GET"]}}],"collection":[{"href":"https:\/\/www.montagnelagodicomo.it\/de\/wp-json\/wp\/v2\/posts"}],"about":[{"href":"https:\/\/www.montagnelagodicomo.it\/de\/wp-json\/wp\/v2\/types\/post"}],"author":[{"embeddable":true,"href":"https:\/\/www.montagnelagodicomo.it\/de\/wp-json\/wp\/v2\/users\/1"}],"replies":[{"embeddable":true,"href":"https:\/\/www.montagnelagodicomo.it\/de\/wp-json\/wp\/v2\/comments?post=70711"}],"version-history":[{"count":3,"href":"https:\/\/www.montagnelagodicomo.it\/de\/wp-json\/wp\/v2\/posts\/70711\/revisions"}],"predecessor-version":[{"id":70722,"href":"https:\/\/www.montagnelagodicomo.it\/de\/wp-json\/wp\/v2\/posts\/70711\/revisions\/70722"}],"wp:featuredmedia":[{"embeddable":true,"href":"https:\/\/www.montagnelagodicomo.it\/de\/wp-json\/wp\/v2\/media\/70712"}],"wp:attachment":[{"href":"https:\/\/www.montagnelagodicomo.it\/de\/wp-json\/wp\/v2\/media?parent=70711"}],"wp:term":[{"taxonomy":"category","embeddable":true,"href":"https:\/\/www.montagnelagodicomo.it\/de\/wp-json\/wp\/v2\/categories?post=70711"},{"taxonomy":"post_tag","embeddable":true,"href":"https:\/\/www.montagnelagodicomo.it\/de\/wp-json\/wp\/v2\/tags?post=70711"}],"curies":[{"name":"wp","href":"https:\/\/api.w.org\/{rel}","templated":true}]}}