{"id":91687,"date":"2023-10-26T09:53:14","date_gmt":"2023-10-26T07:53:14","guid":{"rendered":"https:\/\/www.montagnelagodicomo.it\/?p=91687"},"modified":"2023-10-26T09:53:14","modified_gmt":"2023-10-26T07:53:14","slug":"la-rete-di-impresa-raccontata-ad-altre-realta","status":"publish","type":"post","link":"https:\/\/www.montagnelagodicomo.it\/de\/2023\/10\/26\/la-rete-di-impresa-raccontata-ad-altre-realta\/","title":{"rendered":"La rete di impresa raccontata ad altre realt\u00e0"},"content":{"rendered":"<p><img fetchpriority=\"high\" decoding=\"async\" class=\"alignleft wp-image-91688 size-medium\" src=\"https:\/\/www.montagnelagodicomo.it\/wp-content\/uploads\/2023\/10\/Stefano-e-Carlo-a-Chioggia-225x300.jpeg\" alt=\"\" width=\"225\" height=\"300\" srcset=\"https:\/\/www.montagnelagodicomo.it\/wp-content\/uploads\/2023\/10\/Stefano-e-Carlo-a-Chioggia-225x300.jpeg 225w, https:\/\/www.montagnelagodicomo.it\/wp-content\/uploads\/2023\/10\/Stefano-e-Carlo-a-Chioggia-768x1024.jpeg 768w, https:\/\/www.montagnelagodicomo.it\/wp-content\/uploads\/2023\/10\/Stefano-e-Carlo-a-Chioggia-1152x1536.jpeg 1152w, https:\/\/www.montagnelagodicomo.it\/wp-content\/uploads\/2023\/10\/Stefano-e-Carlo-a-Chioggia.jpeg 1200w\" sizes=\"(max-width: 225px) 100vw, 225px\" \/><\/p>\n<p>La rete di imprese MLC \u00e8 stata invitata dall&#8216; &#8222;Autorit\u00e0 Portuale del Mare Adriatico Settentrionale &#8211; Porti di Venezia e Chioggia&#8220; a raccontare l&#8217;esperienza di rete davanti ad un pubblico di operatori del settore turistico della citt\u00e0 di Chioggia.<\/p>\n<p>L&#8217;evento si \u00e8 aperto con i saluti istituzionali del Sindaco di Chioggia Mauro Armelao, il comandante in II della Capitaneria di Porto di Chioggia, Ottavio Cilio, il Presidente di Autorit\u00e0 di Sistema Portuale del Mare Adriatico Settentrionale Fulvio Lino di Blasio.<\/p>\n<p>La presentazione della giornata ed il coordinamento del dibattito sono stati curati dal Destination Manager di Ideas, Carlo Montisci.<\/p>\n<p>Il training day ha visto la partecipazione di altri prestigiosi relatori: Stefan Marchioro direzione turismo e progetti territoriali e governance del turismo per la Regione Veneto ha parlato del tema &#8222;organizzare e gestire l&#8217;offerta turistica&#8220;, Diego Gallo direttore dell&#8217;area turismo e sviluppo locale di Etifor \u00e8 intervenuto con un &#8222;focus su Chioggia&#8220;, il nostro Presidente Stefano Gianola ha raccontato l&#8217;esperienza di rete Montagne Lago di Como, Anna Grazia Laura\u00a0 presidente di ENAT ha parlato di un turismo pi\u00f9 sostenibile ed inclusivo per passare all&#8217;intervento di Giacomo del Chiappa professore di economia e gestione delle imprese\/marketig presso l&#8217;universit\u00e0 di Sassari che ha parlato del &#8222;profilo del turista delle crociere&#8220;.<\/p>\n<p>&nbsp;<\/p>\n<p>&nbsp;<\/p>\n","protected":false},"excerpt":{"rendered":"<p>La rete di imprese MLC \u00e8 stata invitata dall&#8216; &#8222;Autorit\u00e0 Portuale del Mare Adriatico Settentrionale &#8211; Porti di Venezia e Chioggia&#8220; a raccontare l&#8217;esperienza di rete davanti ad un pubblico di operatori del settore turistico della citt\u00e0 di Chioggia. L&#8217;evento si \u00e8 aperto con i saluti istituzionali del Sindaco di Chioggia Mauro Armelao, il comandante [&hellip;]<\/p>\n","protected":false},"author":4,"featured_media":91688,"comment_status":"open","ping_status":"open","sticky":false,"template":"","format":"standard","meta":{"_acf_changed":false,"footnotes":""},"categories":[146],"tags":[1254,1252,1253],"class_list":["post-91687","post","type-post","status-publish","format-standard","has-post-thumbnail","hentry","category-ultima-ora","tag-montagnelagodicomo","tag-rete","tag-reteimpresa"],"acf":[],"yoast_head":"<!-- This site is optimized with the Yoast SEO plugin v25.0 - https:\/\/yoast.com\/wordpress\/plugins\/seo\/ -->\n<title>La rete di impresa raccontata ad altre realt\u00e0 - Lago di Como e Valsassina<\/title>\n<meta name=\"robots\" content=\"index, follow, max-snippet:-1, max-image-preview:large, max-video-preview:-1\" \/>\n<link rel=\"canonical\" href=\"https:\/\/www.montagnelagodicomo.it\/2023\/10\/26\/la-rete-di-impresa-raccontata-ad-altre-realta\/\" \/>\n<meta property=\"og:locale\" content=\"de_DE\" \/>\n<meta property=\"og:type\" content=\"article\" \/>\n<meta property=\"og:title\" content=\"La rete di impresa raccontata ad altre realt\u00e0 - Lago di Como e Valsassina\" \/>\n<meta property=\"og:description\" content=\"La rete di imprese MLC \u00e8 stata invitata dall&#8216; &#8222;Autorit\u00e0 Portuale del Mare Adriatico Settentrionale &#8211; Porti di Venezia e Chioggia&#8220; a raccontare l&#8217;esperienza di rete davanti ad un pubblico di operatori del settore turistico della citt\u00e0 di Chioggia. L&#8217;evento si \u00e8 aperto con i saluti istituzionali del Sindaco di Chioggia Mauro Armelao, il comandante [&hellip;]\" \/>\n<meta property=\"og:url\" content=\"https:\/\/www.montagnelagodicomo.it\/2023\/10\/26\/la-rete-di-impresa-raccontata-ad-altre-realta\/\" \/>\n<meta property=\"og:site_name\" content=\"Lago di Como e Valsassina\" \/>\n<meta property=\"article:publisher\" content=\"https:\/\/www.facebook.com\/montagnelagodicomo\" \/>\n<meta property=\"article:published_time\" content=\"2023-10-26T07:53:14+00:00\" \/>\n<meta property=\"og:image\" content=\"https:\/\/www.montagnelagodicomo.it\/wp-content\/uploads\/2023\/10\/Stefano-e-Carlo-a-Chioggia.jpeg\" \/>\n\t<meta property=\"og:image:width\" content=\"1200\" \/>\n\t<meta property=\"og:image:height\" content=\"1600\" \/>\n\t<meta property=\"og:image:type\" content=\"image\/jpeg\" \/>\n<meta name=\"author\" content=\"Lago di Como 3\" \/>\n<meta name=\"twitter:card\" content=\"summary_large_image\" \/>\n<meta name=\"twitter:creator\" content=\"@MontagneLago\" \/>\n<meta name=\"twitter:site\" content=\"@MontagneLago\" \/>\n<meta name=\"twitter:label1\" content=\"Verfasst von\" \/>\n\t<meta name=\"twitter:data1\" content=\"Lago di Como 3\" \/>\n\t<meta name=\"twitter:label2\" content=\"Gesch\u00e4tzte Lesezeit\" \/>\n\t<meta name=\"twitter:data2\" content=\"2\u00a0Minuten\" \/>\n<script type=\"application\/ld+json\" class=\"yoast-schema-graph\">{\"@context\":\"https:\/\/schema.org\",\"@graph\":[{\"@type\":\"Article\",\"@id\":\"https:\/\/www.montagnelagodicomo.it\/2023\/10\/26\/la-rete-di-impresa-raccontata-ad-altre-realta\/#article\",\"isPartOf\":{\"@id\":\"https:\/\/www.montagnelagodicomo.it\/2023\/10\/26\/la-rete-di-impresa-raccontata-ad-altre-realta\/\"},\"author\":{\"name\":\"Lago di Como 3\",\"@id\":\"https:\/\/www.montagnelagodicomo.it\/#\/schema\/person\/62387dee120171fb5c03a77fe5169f1e\"},\"headline\":\"La rete di impresa raccontata ad altre realt\u00e0\",\"datePublished\":\"2023-10-26T07:53:14+00:00\",\"mainEntityOfPage\":{\"@id\":\"https:\/\/www.montagnelagodicomo.it\/2023\/10\/26\/la-rete-di-impresa-raccontata-ad-altre-realta\/\"},\"wordCount\":215,\"commentCount\":0,\"publisher\":{\"@id\":\"https:\/\/www.montagnelagodicomo.it\/#organization\"},\"image\":{\"@id\":\"https:\/\/www.montagnelagodicomo.it\/2023\/10\/26\/la-rete-di-impresa-raccontata-ad-altre-realta\/#primaryimage\"},\"thumbnailUrl\":\"https:\/\/www.montagnelagodicomo.it\/wp-content\/uploads\/2023\/10\/Stefano-e-Carlo-a-Chioggia.jpeg\",\"keywords\":[\"montagnelagodicomo\",\"rete\",\"reteimpresa\"],\"articleSection\":[\"Ultima ora\"],\"inLanguage\":\"de\",\"potentialAction\":[{\"@type\":\"CommentAction\",\"name\":\"Comment\",\"target\":[\"https:\/\/www.montagnelagodicomo.it\/2023\/10\/26\/la-rete-di-impresa-raccontata-ad-altre-realta\/#respond\"]}]},{\"@type\":\"WebPage\",\"@id\":\"https:\/\/www.montagnelagodicomo.it\/2023\/10\/26\/la-rete-di-impresa-raccontata-ad-altre-realta\/\",\"url\":\"https:\/\/www.montagnelagodicomo.it\/2023\/10\/26\/la-rete-di-impresa-raccontata-ad-altre-realta\/\",\"name\":\"La rete di impresa raccontata ad altre realt\u00e0 - Lago di Como e Valsassina\",\"isPartOf\":{\"@id\":\"https:\/\/www.montagnelagodicomo.it\/#website\"},\"primaryImageOfPage\":{\"@id\":\"https:\/\/www.montagnelagodicomo.it\/2023\/10\/26\/la-rete-di-impresa-raccontata-ad-altre-realta\/#primaryimage\"},\"image\":{\"@id\":\"https:\/\/www.montagnelagodicomo.it\/2023\/10\/26\/la-rete-di-impresa-raccontata-ad-altre-realta\/#primaryimage\"},\"thumbnailUrl\":\"https:\/\/www.montagnelagodicomo.it\/wp-content\/uploads\/2023\/10\/Stefano-e-Carlo-a-Chioggia.jpeg\",\"datePublished\":\"2023-10-26T07:53:14+00:00\",\"breadcrumb\":{\"@id\":\"https:\/\/www.montagnelagodicomo.it\/2023\/10\/26\/la-rete-di-impresa-raccontata-ad-altre-realta\/#breadcrumb\"},\"inLanguage\":\"de\",\"potentialAction\":[{\"@type\":\"ReadAction\",\"target\":[\"https:\/\/www.montagnelagodicomo.it\/2023\/10\/26\/la-rete-di-impresa-raccontata-ad-altre-realta\/\"]}]},{\"@type\":\"ImageObject\",\"inLanguage\":\"de\",\"@id\":\"https:\/\/www.montagnelagodicomo.it\/2023\/10\/26\/la-rete-di-impresa-raccontata-ad-altre-realta\/#primaryimage\",\"url\":\"https:\/\/www.montagnelagodicomo.it\/wp-content\/uploads\/2023\/10\/Stefano-e-Carlo-a-Chioggia.jpeg\",\"contentUrl\":\"https:\/\/www.montagnelagodicomo.it\/wp-content\/uploads\/2023\/10\/Stefano-e-Carlo-a-Chioggia.jpeg\",\"width\":1200,\"height\":1600},{\"@type\":\"BreadcrumbList\",\"@id\":\"https:\/\/www.montagnelagodicomo.it\/2023\/10\/26\/la-rete-di-impresa-raccontata-ad-altre-realta\/#breadcrumb\",\"itemListElement\":[{\"@type\":\"ListItem\",\"position\":1,\"name\":\"Home\",\"item\":\"https:\/\/www.montagnelagodicomo.it\/de\/\"},{\"@type\":\"ListItem\",\"position\":2,\"name\":\"La rete di impresa raccontata ad altre realt\u00e0\"}]},{\"@type\":\"WebSite\",\"@id\":\"https:\/\/www.montagnelagodicomo.it\/#website\",\"url\":\"https:\/\/www.montagnelagodicomo.it\/\",\"name\":\"Lago di Como e Valsassina\",\"description\":\"\",\"publisher\":{\"@id\":\"https:\/\/www.montagnelagodicomo.it\/#organization\"},\"potentialAction\":[{\"@type\":\"SearchAction\",\"target\":{\"@type\":\"EntryPoint\",\"urlTemplate\":\"https:\/\/www.montagnelagodicomo.it\/?s={search_term_string}\"},\"query-input\":{\"@type\":\"PropertyValueSpecification\",\"valueRequired\":true,\"valueName\":\"search_term_string\"}}],\"inLanguage\":\"de\"},{\"@type\":\"Organization\",\"@id\":\"https:\/\/www.montagnelagodicomo.it\/#organization\",\"name\":\"Montagne del Lago di Como\",\"url\":\"https:\/\/www.montagnelagodicomo.it\/\",\"logo\":{\"@type\":\"ImageObject\",\"inLanguage\":\"de\",\"@id\":\"https:\/\/www.montagnelagodicomo.it\/#\/schema\/logo\/image\/\",\"url\":\"https:\/\/www.montagnelagodicomo.it\/wp-content\/uploads\/2016\/07\/DEF_Montagne_LagodiComo_04112015_png.png\",\"contentUrl\":\"https:\/\/www.montagnelagodicomo.it\/wp-content\/uploads\/2016\/07\/DEF_Montagne_LagodiComo_04112015_png.png\",\"width\":2997,\"height\":835,\"caption\":\"Montagne del Lago di Como\"},\"image\":{\"@id\":\"https:\/\/www.montagnelagodicomo.it\/#\/schema\/logo\/image\/\"},\"sameAs\":[\"https:\/\/www.facebook.com\/montagnelagodicomo\",\"https:\/\/x.com\/MontagneLago\",\"https:\/\/www.youtube.com\/channel\/UCDoxghWmgQnHlQ78rzZuUjA\"]},{\"@type\":\"Person\",\"@id\":\"https:\/\/www.montagnelagodicomo.it\/#\/schema\/person\/62387dee120171fb5c03a77fe5169f1e\",\"name\":\"Lago di Como 3\",\"image\":{\"@type\":\"ImageObject\",\"inLanguage\":\"de\",\"@id\":\"https:\/\/www.montagnelagodicomo.it\/#\/schema\/person\/image\/\",\"url\":\"https:\/\/secure.gravatar.com\/avatar\/177606e9ed7370bc5cd946f4243ac59920e657438575f65d56f2ebfb41996b8f?s=96&d=mm&r=g\",\"contentUrl\":\"https:\/\/secure.gravatar.com\/avatar\/177606e9ed7370bc5cd946f4243ac59920e657438575f65d56f2ebfb41996b8f?s=96&d=mm&r=g\",\"caption\":\"Lago di Como 3\"},\"url\":\"https:\/\/www.montagnelagodicomo.it\/de\/author\/lago-di-como-3\/\"}]}<\/script>\n<!-- \/ Yoast SEO plugin. -->","yoast_head_json":{"title":"La rete di impresa raccontata ad altre realt\u00e0 - Lago di Como e Valsassina","robots":{"index":"index","follow":"follow","max-snippet":"max-snippet:-1","max-image-preview":"max-image-preview:large","max-video-preview":"max-video-preview:-1"},"canonical":"https:\/\/www.montagnelagodicomo.it\/2023\/10\/26\/la-rete-di-impresa-raccontata-ad-altre-realta\/","og_locale":"de_DE","og_type":"article","og_title":"La rete di impresa raccontata ad altre realt\u00e0 - Lago di Como e Valsassina","og_description":"La rete di imprese MLC \u00e8 stata invitata dall&#8216; &#8222;Autorit\u00e0 Portuale del Mare Adriatico Settentrionale &#8211; Porti di Venezia e Chioggia&#8220; a raccontare l&#8217;esperienza di rete davanti ad un pubblico di operatori del settore turistico della citt\u00e0 di Chioggia. L&#8217;evento si \u00e8 aperto con i saluti istituzionali del Sindaco di Chioggia Mauro Armelao, il comandante [&hellip;]","og_url":"https:\/\/www.montagnelagodicomo.it\/2023\/10\/26\/la-rete-di-impresa-raccontata-ad-altre-realta\/","og_site_name":"Lago di Como e Valsassina","article_publisher":"https:\/\/www.facebook.com\/montagnelagodicomo","article_published_time":"2023-10-26T07:53:14+00:00","og_image":[{"width":1200,"height":1600,"url":"https:\/\/www.montagnelagodicomo.it\/wp-content\/uploads\/2023\/10\/Stefano-e-Carlo-a-Chioggia.jpeg","type":"image\/jpeg"}],"author":"Lago di Como 3","twitter_card":"summary_large_image","twitter_creator":"@MontagneLago","twitter_site":"@MontagneLago","twitter_misc":{"Verfasst von":"Lago di Como 3","Gesch\u00e4tzte Lesezeit":"2\u00a0Minuten"},"schema":{"@context":"https:\/\/schema.org","@graph":[{"@type":"Article","@id":"https:\/\/www.montagnelagodicomo.it\/2023\/10\/26\/la-rete-di-impresa-raccontata-ad-altre-realta\/#article","isPartOf":{"@id":"https:\/\/www.montagnelagodicomo.it\/2023\/10\/26\/la-rete-di-impresa-raccontata-ad-altre-realta\/"},"author":{"name":"Lago di Como 3","@id":"https:\/\/www.montagnelagodicomo.it\/#\/schema\/person\/62387dee120171fb5c03a77fe5169f1e"},"headline":"La rete di impresa raccontata ad altre realt\u00e0","datePublished":"2023-10-26T07:53:14+00:00","mainEntityOfPage":{"@id":"https:\/\/www.montagnelagodicomo.it\/2023\/10\/26\/la-rete-di-impresa-raccontata-ad-altre-realta\/"},"wordCount":215,"commentCount":0,"publisher":{"@id":"https:\/\/www.montagnelagodicomo.it\/#organization"},"image":{"@id":"https:\/\/www.montagnelagodicomo.it\/2023\/10\/26\/la-rete-di-impresa-raccontata-ad-altre-realta\/#primaryimage"},"thumbnailUrl":"https:\/\/www.montagnelagodicomo.it\/wp-content\/uploads\/2023\/10\/Stefano-e-Carlo-a-Chioggia.jpeg","keywords":["montagnelagodicomo","rete","reteimpresa"],"articleSection":["Ultima ora"],"inLanguage":"de","potentialAction":[{"@type":"CommentAction","name":"Comment","target":["https:\/\/www.montagnelagodicomo.it\/2023\/10\/26\/la-rete-di-impresa-raccontata-ad-altre-realta\/#respond"]}]},{"@type":"WebPage","@id":"https:\/\/www.montagnelagodicomo.it\/2023\/10\/26\/la-rete-di-impresa-raccontata-ad-altre-realta\/","url":"https:\/\/www.montagnelagodicomo.it\/2023\/10\/26\/la-rete-di-impresa-raccontata-ad-altre-realta\/","name":"La rete di impresa raccontata ad altre realt\u00e0 - Lago di Como e Valsassina","isPartOf":{"@id":"https:\/\/www.montagnelagodicomo.it\/#website"},"primaryImageOfPage":{"@id":"https:\/\/www.montagnelagodicomo.it\/2023\/10\/26\/la-rete-di-impresa-raccontata-ad-altre-realta\/#primaryimage"},"image":{"@id":"https:\/\/www.montagnelagodicomo.it\/2023\/10\/26\/la-rete-di-impresa-raccontata-ad-altre-realta\/#primaryimage"},"thumbnailUrl":"https:\/\/www.montagnelagodicomo.it\/wp-content\/uploads\/2023\/10\/Stefano-e-Carlo-a-Chioggia.jpeg","datePublished":"2023-10-26T07:53:14+00:00","breadcrumb":{"@id":"https:\/\/www.montagnelagodicomo.it\/2023\/10\/26\/la-rete-di-impresa-raccontata-ad-altre-realta\/#breadcrumb"},"inLanguage":"de","potentialAction":[{"@type":"ReadAction","target":["https:\/\/www.montagnelagodicomo.it\/2023\/10\/26\/la-rete-di-impresa-raccontata-ad-altre-realta\/"]}]},{"@type":"ImageObject","inLanguage":"de","@id":"https:\/\/www.montagnelagodicomo.it\/2023\/10\/26\/la-rete-di-impresa-raccontata-ad-altre-realta\/#primaryimage","url":"https:\/\/www.montagnelagodicomo.it\/wp-content\/uploads\/2023\/10\/Stefano-e-Carlo-a-Chioggia.jpeg","contentUrl":"https:\/\/www.montagnelagodicomo.it\/wp-content\/uploads\/2023\/10\/Stefano-e-Carlo-a-Chioggia.jpeg","width":1200,"height":1600},{"@type":"BreadcrumbList","@id":"https:\/\/www.montagnelagodicomo.it\/2023\/10\/26\/la-rete-di-impresa-raccontata-ad-altre-realta\/#breadcrumb","itemListElement":[{"@type":"ListItem","position":1,"name":"Home","item":"https:\/\/www.montagnelagodicomo.it\/de\/"},{"@type":"ListItem","position":2,"name":"La rete di impresa raccontata ad altre realt\u00e0"}]},{"@type":"WebSite","@id":"https:\/\/www.montagnelagodicomo.it\/#website","url":"https:\/\/www.montagnelagodicomo.it\/","name":"Lago di Como e Valsassina","description":"","publisher":{"@id":"https:\/\/www.montagnelagodicomo.it\/#organization"},"potentialAction":[{"@type":"SearchAction","target":{"@type":"EntryPoint","urlTemplate":"https:\/\/www.montagnelagodicomo.it\/?s={search_term_string}"},"query-input":{"@type":"PropertyValueSpecification","valueRequired":true,"valueName":"search_term_string"}}],"inLanguage":"de"},{"@type":"Organization","@id":"https:\/\/www.montagnelagodicomo.it\/#organization","name":"Montagne del Lago di Como","url":"https:\/\/www.montagnelagodicomo.it\/","logo":{"@type":"ImageObject","inLanguage":"de","@id":"https:\/\/www.montagnelagodicomo.it\/#\/schema\/logo\/image\/","url":"https:\/\/www.montagnelagodicomo.it\/wp-content\/uploads\/2016\/07\/DEF_Montagne_LagodiComo_04112015_png.png","contentUrl":"https:\/\/www.montagnelagodicomo.it\/wp-content\/uploads\/2016\/07\/DEF_Montagne_LagodiComo_04112015_png.png","width":2997,"height":835,"caption":"Montagne del Lago di Como"},"image":{"@id":"https:\/\/www.montagnelagodicomo.it\/#\/schema\/logo\/image\/"},"sameAs":["https:\/\/www.facebook.com\/montagnelagodicomo","https:\/\/x.com\/MontagneLago","https:\/\/www.youtube.com\/channel\/UCDoxghWmgQnHlQ78rzZuUjA"]},{"@type":"Person","@id":"https:\/\/www.montagnelagodicomo.it\/#\/schema\/person\/62387dee120171fb5c03a77fe5169f1e","name":"Lago di Como 3","image":{"@type":"ImageObject","inLanguage":"de","@id":"https:\/\/www.montagnelagodicomo.it\/#\/schema\/person\/image\/","url":"https:\/\/secure.gravatar.com\/avatar\/177606e9ed7370bc5cd946f4243ac59920e657438575f65d56f2ebfb41996b8f?s=96&d=mm&r=g","contentUrl":"https:\/\/secure.gravatar.com\/avatar\/177606e9ed7370bc5cd946f4243ac59920e657438575f65d56f2ebfb41996b8f?s=96&d=mm&r=g","caption":"Lago di Como 3"},"url":"https:\/\/www.montagnelagodicomo.it\/de\/author\/lago-di-como-3\/"}]}},"_links":{"self":[{"href":"https:\/\/www.montagnelagodicomo.it\/de\/wp-json\/wp\/v2\/posts\/91687","targetHints":{"allow":["GET"]}}],"collection":[{"href":"https:\/\/www.montagnelagodicomo.it\/de\/wp-json\/wp\/v2\/posts"}],"about":[{"href":"https:\/\/www.montagnelagodicomo.it\/de\/wp-json\/wp\/v2\/types\/post"}],"author":[{"embeddable":true,"href":"https:\/\/www.montagnelagodicomo.it\/de\/wp-json\/wp\/v2\/users\/4"}],"replies":[{"embeddable":true,"href":"https:\/\/www.montagnelagodicomo.it\/de\/wp-json\/wp\/v2\/comments?post=91687"}],"version-history":[{"count":3,"href":"https:\/\/www.montagnelagodicomo.it\/de\/wp-json\/wp\/v2\/posts\/91687\/revisions"}],"predecessor-version":[{"id":91694,"href":"https:\/\/www.montagnelagodicomo.it\/de\/wp-json\/wp\/v2\/posts\/91687\/revisions\/91694"}],"wp:featuredmedia":[{"embeddable":true,"href":"https:\/\/www.montagnelagodicomo.it\/de\/wp-json\/wp\/v2\/media\/91688"}],"wp:attachment":[{"href":"https:\/\/www.montagnelagodicomo.it\/de\/wp-json\/wp\/v2\/media?parent=91687"}],"wp:term":[{"taxonomy":"category","embeddable":true,"href":"https:\/\/www.montagnelagodicomo.it\/de\/wp-json\/wp\/v2\/categories?post=91687"},{"taxonomy":"post_tag","embeddable":true,"href":"https:\/\/www.montagnelagodicomo.it\/de\/wp-json\/wp\/v2\/tags?post=91687"}],"curies":[{"name":"wp","href":"https:\/\/api.w.org\/{rel}","templated":true}]}}