{"id":95853,"date":"2024-06-03T12:54:34","date_gmt":"2024-06-03T10:54:34","guid":{"rendered":"https:\/\/www.montagnelagodicomo.it\/?p=95853"},"modified":"2024-06-03T13:07:08","modified_gmt":"2024-06-03T11:07:08","slug":"giugno-le-nostre-proposte","status":"publish","type":"post","link":"https:\/\/www.montagnelagodicomo.it\/de\/2024\/06\/03\/giugno-le-nostre-proposte\/","title":{"rendered":"Giugno le nostre proposte"},"content":{"rendered":"<figure id=\"attachment_78695\" class=\"wp-caption aligncenter\" aria-describedby=\"caption-attachment-78695\"><\/figure>\n<p><a href=\"https:\/\/shorturl.at\/jpifN\"><img fetchpriority=\"high\" decoding=\"async\" class=\"alignnone wp-image-95859 size-large\" src=\"https:\/\/www.montagnelagodicomo.it\/wp-content\/uploads\/2024\/06\/Mornico-by-Alberto-Locatelli-1024x667.jpeg\" alt=\"\" width=\"1024\" height=\"667\" srcset=\"https:\/\/www.montagnelagodicomo.it\/wp-content\/uploads\/2024\/06\/Mornico-by-Alberto-Locatelli-1024x667.jpeg 1024w, https:\/\/www.montagnelagodicomo.it\/wp-content\/uploads\/2024\/06\/Mornico-by-Alberto-Locatelli-300x195.jpeg 300w, https:\/\/www.montagnelagodicomo.it\/wp-content\/uploads\/2024\/06\/Mornico-by-Alberto-Locatelli-768x500.jpeg 768w, https:\/\/www.montagnelagodicomo.it\/wp-content\/uploads\/2024\/06\/Mornico-by-Alberto-Locatelli-1536x1000.jpeg 1536w, https:\/\/www.montagnelagodicomo.it\/wp-content\/uploads\/2024\/06\/Mornico-by-Alberto-Locatelli.jpeg 1600w\" sizes=\"(max-width: 1024px) 100vw, 1024px\" \/><\/a><\/p>\n<p style=\"text-align: center;\"><a href=\"https:\/\/shorturl.at\/jpifN\">Clicca qui per leggere la NL del mese<\/a><\/p>\n<p>Care\/i Amiche\/ci,<\/p>\n<p>la stagione estiva \u00e8 alle porte e tanta \u00e8 la voglia di rilassarsi ed evadere dallo stress della vita quotidiana. E&#8216; il momento giusto per scoprire quanto di pi\u00f9 bello le Montagne del Lago di Como hanno da offrire.<\/p>\n<p>Grazie alle numerose offerte delle nostre aziende e alle manifestazioni in programma, tutti potranno provare nuove avventure: <a href=\"https:\/\/ecommerce.montagnelagodicomo.it\/esperienze\/pacchetti-trekking\/monte-nuvolone-un-balcone-sul-lago-di-como\">trekking<\/a>, <a href=\"https:\/\/www.montagnelagodicomo.it\/events\/giir-di-mont-2024-premana\/\">eventi sportivi<\/a>, festival musicali, appuntamenti culturali e tanto altro&#8230; Anche i buongustai potranno assaporare i prodotti tradizionali e genuini in loco oppure a casa propria grazie alle proposte dei nostri operatori: <a href=\"https:\/\/www.montagnelagodicomo.it\/listing_category\/ristorante\/\">ristoranti tipici e trattorie<\/a>,\u00a0 <a href=\"https:\/\/www.montagnelagodicomo.it\/listing_category\/agriturismi-e-fattorie\/\">agriturismi e fattorie<\/a>, <a href=\"https:\/\/www.montagnelagodicomo.it\/listing_category\/ospitalita-ristor-bar\/\">alberghi<\/a> , <a href=\"https:\/\/www.montagnelagodicomo.it\/listing_category\/ospitalita-ristorante\/\">ristoranti,<\/a> <a href=\"https:\/\/www.montagnelagodicomo.it\/listing_category\/rifugio\/\">ristori<\/a> e <a href=\"https:\/\/www.montagnelagodicomo.it\/listing_category\/rifugio\/\">rifugi .<\/a><\/p>\n<p>Diverse sono anche le<strong> <a href=\"https:\/\/ecommerce.montagnelagodicomo.it\/esperienze\" target=\"_blank\" rel=\"noopener\">esperienze <\/a><\/strong>in programma con vari appuntamenti tra lago e monti acquistabili direttamente sul nostro <a href=\"https:\/\/ecommerce.montagnelagodicomo.it\/\" target=\"_blank\" rel=\"noopener\"><strong>ecommerce<\/strong><\/a>.<\/p>\n<p>Non esitate a contattare il nostro staff anche per informazioni turistiche e consigli su itinerari e luoghi di visita.<\/p>\n<p>Un caro saluto.<br \/>\n<strong>IL PRESIDENTE \u2013 Stefano Gianola\u00a0<\/strong><\/p>\n<p><strong><span style=\"color: #ff6600;\"><br \/>\n<\/span> <\/strong><\/p>\n<p>Ringraziamo Alberto Locatelli per la bellissima foto.<\/p>\n","protected":false},"excerpt":{"rendered":"<p>Clicca qui per leggere la NL del mese Care\/i Amiche\/ci, la stagione estiva \u00e8 alle porte e tanta \u00e8 la voglia di rilassarsi ed evadere dallo stress della vita quotidiana. E&#8216; il momento giusto per scoprire quanto di pi\u00f9 bello le Montagne del Lago di Como hanno da offrire. Grazie alle numerose offerte delle nostre [&hellip;]<\/p>\n","protected":false},"author":4,"featured_media":95859,"comment_status":"open","ping_status":"open","sticky":false,"template":"","format":"standard","meta":{"_acf_changed":false,"footnotes":""},"categories":[146],"tags":[1120,1602,1598,1601,1600,1599],"class_list":["post-95853","post","type-post","status-publish","format-standard","has-post-thumbnail","hentry","category-ultima-ora","tag-estate","tag-estate2024","tag-giugno","tag-giugno2024","tag-manifestazioni","tag-proposte"],"acf":[],"yoast_head":"<!-- This site is optimized with the Yoast SEO plugin v25.0 - https:\/\/yoast.com\/wordpress\/plugins\/seo\/ -->\n<title>Giugno: aspettando l&#039;estate<\/title>\n<meta name=\"description\" content=\"Cari amici, la stagione estiva \u00e8 alle porte e tanta \u00e8 la voglia di rilassarsi ed evadere dallo stress della vita quotidiana. E&#039; il momento giusto per scoprire quanto di pi\u00f9 bello le Montagne del Lago di Como hanno da offrire.\" \/>\n<meta name=\"robots\" content=\"index, follow, max-snippet:-1, max-image-preview:large, max-video-preview:-1\" \/>\n<link rel=\"canonical\" href=\"https:\/\/www.montagnelagodicomo.it\/2024\/06\/03\/giugno-le-nostre-proposte\/\" \/>\n<meta property=\"og:locale\" content=\"de_DE\" \/>\n<meta property=\"og:type\" content=\"article\" \/>\n<meta property=\"og:title\" content=\"Giugno: aspettando l&#039;estate\" \/>\n<meta property=\"og:description\" content=\"Cari amici, la stagione estiva \u00e8 alle porte e tanta \u00e8 la voglia di rilassarsi ed evadere dallo stress della vita quotidiana. E&#039; il momento giusto per scoprire quanto di pi\u00f9 bello le Montagne del Lago di Como hanno da offrire.\" \/>\n<meta property=\"og:url\" content=\"https:\/\/www.montagnelagodicomo.it\/2024\/06\/03\/giugno-le-nostre-proposte\/\" \/>\n<meta property=\"og:site_name\" content=\"Lago di Como e Valsassina\" \/>\n<meta property=\"article:publisher\" content=\"https:\/\/www.facebook.com\/montagnelagodicomo\" \/>\n<meta property=\"article:published_time\" content=\"2024-06-03T10:54:34+00:00\" \/>\n<meta property=\"article:modified_time\" content=\"2024-06-03T11:07:08+00:00\" \/>\n<meta property=\"og:image\" content=\"https:\/\/www.montagnelagodicomo.it\/wp-content\/uploads\/2022\/05\/Varenna_Alberto-Locatelli.jpg\" \/>\n\t<meta property=\"og:image:width\" content=\"1080\" \/>\n\t<meta property=\"og:image:height\" content=\"648\" \/>\n\t<meta property=\"og:image:type\" content=\"image\/jpeg\" \/>\n<meta name=\"author\" content=\"Lago di Como 3\" \/>\n<meta name=\"twitter:card\" content=\"summary_large_image\" \/>\n<meta name=\"twitter:creator\" content=\"@MontagneLago\" \/>\n<meta name=\"twitter:site\" content=\"@MontagneLago\" \/>\n<meta name=\"twitter:label1\" content=\"Verfasst von\" \/>\n\t<meta name=\"twitter:data1\" content=\"Lago di Como 3\" \/>\n\t<meta name=\"twitter:label2\" content=\"Gesch\u00e4tzte Lesezeit\" \/>\n\t<meta name=\"twitter:data2\" content=\"1\u00a0Minute\" \/>\n<script type=\"application\/ld+json\" class=\"yoast-schema-graph\">{\"@context\":\"https:\/\/schema.org\",\"@graph\":[{\"@type\":\"Article\",\"@id\":\"https:\/\/www.montagnelagodicomo.it\/2024\/06\/03\/giugno-le-nostre-proposte\/#article\",\"isPartOf\":{\"@id\":\"https:\/\/www.montagnelagodicomo.it\/2024\/06\/03\/giugno-le-nostre-proposte\/\"},\"author\":{\"name\":\"Lago di Como 3\",\"@id\":\"https:\/\/www.montagnelagodicomo.it\/#\/schema\/person\/62387dee120171fb5c03a77fe5169f1e\"},\"headline\":\"Giugno le nostre proposte\",\"datePublished\":\"2024-06-03T10:54:34+00:00\",\"dateModified\":\"2024-06-03T11:07:08+00:00\",\"mainEntityOfPage\":{\"@id\":\"https:\/\/www.montagnelagodicomo.it\/2024\/06\/03\/giugno-le-nostre-proposte\/\"},\"wordCount\":166,\"commentCount\":0,\"publisher\":{\"@id\":\"https:\/\/www.montagnelagodicomo.it\/#organization\"},\"image\":{\"@id\":\"https:\/\/www.montagnelagodicomo.it\/2024\/06\/03\/giugno-le-nostre-proposte\/#primaryimage\"},\"thumbnailUrl\":\"https:\/\/www.montagnelagodicomo.it\/wp-content\/uploads\/2024\/06\/Mornico-by-Alberto-Locatelli.jpeg\",\"keywords\":[\"estate\",\"estate2024\",\"giugno\",\"giugno2024\",\"manifestazioni\",\"proposte\"],\"articleSection\":[\"Ultima ora\"],\"inLanguage\":\"de\",\"potentialAction\":[{\"@type\":\"CommentAction\",\"name\":\"Comment\",\"target\":[\"https:\/\/www.montagnelagodicomo.it\/2024\/06\/03\/giugno-le-nostre-proposte\/#respond\"]}]},{\"@type\":\"WebPage\",\"@id\":\"https:\/\/www.montagnelagodicomo.it\/2024\/06\/03\/giugno-le-nostre-proposte\/\",\"url\":\"https:\/\/www.montagnelagodicomo.it\/2024\/06\/03\/giugno-le-nostre-proposte\/\",\"name\":\"Giugno: aspettando l'estate\",\"isPartOf\":{\"@id\":\"https:\/\/www.montagnelagodicomo.it\/#website\"},\"primaryImageOfPage\":{\"@id\":\"https:\/\/www.montagnelagodicomo.it\/2024\/06\/03\/giugno-le-nostre-proposte\/#primaryimage\"},\"image\":{\"@id\":\"https:\/\/www.montagnelagodicomo.it\/2024\/06\/03\/giugno-le-nostre-proposte\/#primaryimage\"},\"thumbnailUrl\":\"https:\/\/www.montagnelagodicomo.it\/wp-content\/uploads\/2024\/06\/Mornico-by-Alberto-Locatelli.jpeg\",\"datePublished\":\"2024-06-03T10:54:34+00:00\",\"dateModified\":\"2024-06-03T11:07:08+00:00\",\"description\":\"Cari amici, la stagione estiva \u00e8 alle porte e tanta \u00e8 la voglia di rilassarsi ed evadere dallo stress della vita quotidiana. E' il momento giusto per scoprire quanto di pi\u00f9 bello le Montagne del Lago di Como hanno da offrire.\",\"breadcrumb\":{\"@id\":\"https:\/\/www.montagnelagodicomo.it\/2024\/06\/03\/giugno-le-nostre-proposte\/#breadcrumb\"},\"inLanguage\":\"de\",\"potentialAction\":[{\"@type\":\"ReadAction\",\"target\":[\"https:\/\/www.montagnelagodicomo.it\/2024\/06\/03\/giugno-le-nostre-proposte\/\"]}]},{\"@type\":\"ImageObject\",\"inLanguage\":\"de\",\"@id\":\"https:\/\/www.montagnelagodicomo.it\/2024\/06\/03\/giugno-le-nostre-proposte\/#primaryimage\",\"url\":\"https:\/\/www.montagnelagodicomo.it\/wp-content\/uploads\/2024\/06\/Mornico-by-Alberto-Locatelli.jpeg\",\"contentUrl\":\"https:\/\/www.montagnelagodicomo.it\/wp-content\/uploads\/2024\/06\/Mornico-by-Alberto-Locatelli.jpeg\",\"width\":1600,\"height\":1042},{\"@type\":\"BreadcrumbList\",\"@id\":\"https:\/\/www.montagnelagodicomo.it\/2024\/06\/03\/giugno-le-nostre-proposte\/#breadcrumb\",\"itemListElement\":[{\"@type\":\"ListItem\",\"position\":1,\"name\":\"Home\",\"item\":\"https:\/\/www.montagnelagodicomo.it\/de\/\"},{\"@type\":\"ListItem\",\"position\":2,\"name\":\"Giugno le nostre proposte\"}]},{\"@type\":\"WebSite\",\"@id\":\"https:\/\/www.montagnelagodicomo.it\/#website\",\"url\":\"https:\/\/www.montagnelagodicomo.it\/\",\"name\":\"Lago di Como e Valsassina\",\"description\":\"\",\"publisher\":{\"@id\":\"https:\/\/www.montagnelagodicomo.it\/#organization\"},\"potentialAction\":[{\"@type\":\"SearchAction\",\"target\":{\"@type\":\"EntryPoint\",\"urlTemplate\":\"https:\/\/www.montagnelagodicomo.it\/?s={search_term_string}\"},\"query-input\":{\"@type\":\"PropertyValueSpecification\",\"valueRequired\":true,\"valueName\":\"search_term_string\"}}],\"inLanguage\":\"de\"},{\"@type\":\"Organization\",\"@id\":\"https:\/\/www.montagnelagodicomo.it\/#organization\",\"name\":\"Montagne del Lago di Como\",\"url\":\"https:\/\/www.montagnelagodicomo.it\/\",\"logo\":{\"@type\":\"ImageObject\",\"inLanguage\":\"de\",\"@id\":\"https:\/\/www.montagnelagodicomo.it\/#\/schema\/logo\/image\/\",\"url\":\"https:\/\/www.montagnelagodicomo.it\/wp-content\/uploads\/2016\/07\/DEF_Montagne_LagodiComo_04112015_png.png\",\"contentUrl\":\"https:\/\/www.montagnelagodicomo.it\/wp-content\/uploads\/2016\/07\/DEF_Montagne_LagodiComo_04112015_png.png\",\"width\":2997,\"height\":835,\"caption\":\"Montagne del Lago di Como\"},\"image\":{\"@id\":\"https:\/\/www.montagnelagodicomo.it\/#\/schema\/logo\/image\/\"},\"sameAs\":[\"https:\/\/www.facebook.com\/montagnelagodicomo\",\"https:\/\/x.com\/MontagneLago\",\"https:\/\/www.youtube.com\/channel\/UCDoxghWmgQnHlQ78rzZuUjA\"]},{\"@type\":\"Person\",\"@id\":\"https:\/\/www.montagnelagodicomo.it\/#\/schema\/person\/62387dee120171fb5c03a77fe5169f1e\",\"name\":\"Lago di Como 3\",\"image\":{\"@type\":\"ImageObject\",\"inLanguage\":\"de\",\"@id\":\"https:\/\/www.montagnelagodicomo.it\/#\/schema\/person\/image\/\",\"url\":\"https:\/\/secure.gravatar.com\/avatar\/177606e9ed7370bc5cd946f4243ac59920e657438575f65d56f2ebfb41996b8f?s=96&d=mm&r=g\",\"contentUrl\":\"https:\/\/secure.gravatar.com\/avatar\/177606e9ed7370bc5cd946f4243ac59920e657438575f65d56f2ebfb41996b8f?s=96&d=mm&r=g\",\"caption\":\"Lago di Como 3\"},\"url\":\"https:\/\/www.montagnelagodicomo.it\/de\/author\/lago-di-como-3\/\"}]}<\/script>\n<!-- \/ Yoast SEO plugin. -->","yoast_head_json":{"title":"Giugno: aspettando l'estate","description":"Cari amici, la stagione estiva \u00e8 alle porte e tanta \u00e8 la voglia di rilassarsi ed evadere dallo stress della vita quotidiana. E' il momento giusto per scoprire quanto di pi\u00f9 bello le Montagne del Lago di Como hanno da offrire.","robots":{"index":"index","follow":"follow","max-snippet":"max-snippet:-1","max-image-preview":"max-image-preview:large","max-video-preview":"max-video-preview:-1"},"canonical":"https:\/\/www.montagnelagodicomo.it\/2024\/06\/03\/giugno-le-nostre-proposte\/","og_locale":"de_DE","og_type":"article","og_title":"Giugno: aspettando l'estate","og_description":"Cari amici, la stagione estiva \u00e8 alle porte e tanta \u00e8 la voglia di rilassarsi ed evadere dallo stress della vita quotidiana. E' il momento giusto per scoprire quanto di pi\u00f9 bello le Montagne del Lago di Como hanno da offrire.","og_url":"https:\/\/www.montagnelagodicomo.it\/2024\/06\/03\/giugno-le-nostre-proposte\/","og_site_name":"Lago di Como e Valsassina","article_publisher":"https:\/\/www.facebook.com\/montagnelagodicomo","article_published_time":"2024-06-03T10:54:34+00:00","article_modified_time":"2024-06-03T11:07:08+00:00","og_image":[{"width":1080,"height":648,"url":"https:\/\/www.montagnelagodicomo.it\/wp-content\/uploads\/2022\/05\/Varenna_Alberto-Locatelli.jpg","type":"image\/jpeg"}],"author":"Lago di Como 3","twitter_card":"summary_large_image","twitter_creator":"@MontagneLago","twitter_site":"@MontagneLago","twitter_misc":{"Verfasst von":"Lago di Como 3","Gesch\u00e4tzte Lesezeit":"1\u00a0Minute"},"schema":{"@context":"https:\/\/schema.org","@graph":[{"@type":"Article","@id":"https:\/\/www.montagnelagodicomo.it\/2024\/06\/03\/giugno-le-nostre-proposte\/#article","isPartOf":{"@id":"https:\/\/www.montagnelagodicomo.it\/2024\/06\/03\/giugno-le-nostre-proposte\/"},"author":{"name":"Lago di Como 3","@id":"https:\/\/www.montagnelagodicomo.it\/#\/schema\/person\/62387dee120171fb5c03a77fe5169f1e"},"headline":"Giugno le nostre proposte","datePublished":"2024-06-03T10:54:34+00:00","dateModified":"2024-06-03T11:07:08+00:00","mainEntityOfPage":{"@id":"https:\/\/www.montagnelagodicomo.it\/2024\/06\/03\/giugno-le-nostre-proposte\/"},"wordCount":166,"commentCount":0,"publisher":{"@id":"https:\/\/www.montagnelagodicomo.it\/#organization"},"image":{"@id":"https:\/\/www.montagnelagodicomo.it\/2024\/06\/03\/giugno-le-nostre-proposte\/#primaryimage"},"thumbnailUrl":"https:\/\/www.montagnelagodicomo.it\/wp-content\/uploads\/2024\/06\/Mornico-by-Alberto-Locatelli.jpeg","keywords":["estate","estate2024","giugno","giugno2024","manifestazioni","proposte"],"articleSection":["Ultima ora"],"inLanguage":"de","potentialAction":[{"@type":"CommentAction","name":"Comment","target":["https:\/\/www.montagnelagodicomo.it\/2024\/06\/03\/giugno-le-nostre-proposte\/#respond"]}]},{"@type":"WebPage","@id":"https:\/\/www.montagnelagodicomo.it\/2024\/06\/03\/giugno-le-nostre-proposte\/","url":"https:\/\/www.montagnelagodicomo.it\/2024\/06\/03\/giugno-le-nostre-proposte\/","name":"Giugno: aspettando l'estate","isPartOf":{"@id":"https:\/\/www.montagnelagodicomo.it\/#website"},"primaryImageOfPage":{"@id":"https:\/\/www.montagnelagodicomo.it\/2024\/06\/03\/giugno-le-nostre-proposte\/#primaryimage"},"image":{"@id":"https:\/\/www.montagnelagodicomo.it\/2024\/06\/03\/giugno-le-nostre-proposte\/#primaryimage"},"thumbnailUrl":"https:\/\/www.montagnelagodicomo.it\/wp-content\/uploads\/2024\/06\/Mornico-by-Alberto-Locatelli.jpeg","datePublished":"2024-06-03T10:54:34+00:00","dateModified":"2024-06-03T11:07:08+00:00","description":"Cari amici, la stagione estiva \u00e8 alle porte e tanta \u00e8 la voglia di rilassarsi ed evadere dallo stress della vita quotidiana. E' il momento giusto per scoprire quanto di pi\u00f9 bello le Montagne del Lago di Como hanno da offrire.","breadcrumb":{"@id":"https:\/\/www.montagnelagodicomo.it\/2024\/06\/03\/giugno-le-nostre-proposte\/#breadcrumb"},"inLanguage":"de","potentialAction":[{"@type":"ReadAction","target":["https:\/\/www.montagnelagodicomo.it\/2024\/06\/03\/giugno-le-nostre-proposte\/"]}]},{"@type":"ImageObject","inLanguage":"de","@id":"https:\/\/www.montagnelagodicomo.it\/2024\/06\/03\/giugno-le-nostre-proposte\/#primaryimage","url":"https:\/\/www.montagnelagodicomo.it\/wp-content\/uploads\/2024\/06\/Mornico-by-Alberto-Locatelli.jpeg","contentUrl":"https:\/\/www.montagnelagodicomo.it\/wp-content\/uploads\/2024\/06\/Mornico-by-Alberto-Locatelli.jpeg","width":1600,"height":1042},{"@type":"BreadcrumbList","@id":"https:\/\/www.montagnelagodicomo.it\/2024\/06\/03\/giugno-le-nostre-proposte\/#breadcrumb","itemListElement":[{"@type":"ListItem","position":1,"name":"Home","item":"https:\/\/www.montagnelagodicomo.it\/de\/"},{"@type":"ListItem","position":2,"name":"Giugno le nostre proposte"}]},{"@type":"WebSite","@id":"https:\/\/www.montagnelagodicomo.it\/#website","url":"https:\/\/www.montagnelagodicomo.it\/","name":"Lago di Como e Valsassina","description":"","publisher":{"@id":"https:\/\/www.montagnelagodicomo.it\/#organization"},"potentialAction":[{"@type":"SearchAction","target":{"@type":"EntryPoint","urlTemplate":"https:\/\/www.montagnelagodicomo.it\/?s={search_term_string}"},"query-input":{"@type":"PropertyValueSpecification","valueRequired":true,"valueName":"search_term_string"}}],"inLanguage":"de"},{"@type":"Organization","@id":"https:\/\/www.montagnelagodicomo.it\/#organization","name":"Montagne del Lago di Como","url":"https:\/\/www.montagnelagodicomo.it\/","logo":{"@type":"ImageObject","inLanguage":"de","@id":"https:\/\/www.montagnelagodicomo.it\/#\/schema\/logo\/image\/","url":"https:\/\/www.montagnelagodicomo.it\/wp-content\/uploads\/2016\/07\/DEF_Montagne_LagodiComo_04112015_png.png","contentUrl":"https:\/\/www.montagnelagodicomo.it\/wp-content\/uploads\/2016\/07\/DEF_Montagne_LagodiComo_04112015_png.png","width":2997,"height":835,"caption":"Montagne del Lago di Como"},"image":{"@id":"https:\/\/www.montagnelagodicomo.it\/#\/schema\/logo\/image\/"},"sameAs":["https:\/\/www.facebook.com\/montagnelagodicomo","https:\/\/x.com\/MontagneLago","https:\/\/www.youtube.com\/channel\/UCDoxghWmgQnHlQ78rzZuUjA"]},{"@type":"Person","@id":"https:\/\/www.montagnelagodicomo.it\/#\/schema\/person\/62387dee120171fb5c03a77fe5169f1e","name":"Lago di Como 3","image":{"@type":"ImageObject","inLanguage":"de","@id":"https:\/\/www.montagnelagodicomo.it\/#\/schema\/person\/image\/","url":"https:\/\/secure.gravatar.com\/avatar\/177606e9ed7370bc5cd946f4243ac59920e657438575f65d56f2ebfb41996b8f?s=96&d=mm&r=g","contentUrl":"https:\/\/secure.gravatar.com\/avatar\/177606e9ed7370bc5cd946f4243ac59920e657438575f65d56f2ebfb41996b8f?s=96&d=mm&r=g","caption":"Lago di Como 3"},"url":"https:\/\/www.montagnelagodicomo.it\/de\/author\/lago-di-como-3\/"}]}},"_links":{"self":[{"href":"https:\/\/www.montagnelagodicomo.it\/de\/wp-json\/wp\/v2\/posts\/95853","targetHints":{"allow":["GET"]}}],"collection":[{"href":"https:\/\/www.montagnelagodicomo.it\/de\/wp-json\/wp\/v2\/posts"}],"about":[{"href":"https:\/\/www.montagnelagodicomo.it\/de\/wp-json\/wp\/v2\/types\/post"}],"author":[{"embeddable":true,"href":"https:\/\/www.montagnelagodicomo.it\/de\/wp-json\/wp\/v2\/users\/4"}],"replies":[{"embeddable":true,"href":"https:\/\/www.montagnelagodicomo.it\/de\/wp-json\/wp\/v2\/comments?post=95853"}],"version-history":[{"count":6,"href":"https:\/\/www.montagnelagodicomo.it\/de\/wp-json\/wp\/v2\/posts\/95853\/revisions"}],"predecessor-version":[{"id":95867,"href":"https:\/\/www.montagnelagodicomo.it\/de\/wp-json\/wp\/v2\/posts\/95853\/revisions\/95867"}],"wp:featuredmedia":[{"embeddable":true,"href":"https:\/\/www.montagnelagodicomo.it\/de\/wp-json\/wp\/v2\/media\/95859"}],"wp:attachment":[{"href":"https:\/\/www.montagnelagodicomo.it\/de\/wp-json\/wp\/v2\/media?parent=95853"}],"wp:term":[{"taxonomy":"category","embeddable":true,"href":"https:\/\/www.montagnelagodicomo.it\/de\/wp-json\/wp\/v2\/categories?post=95853"},{"taxonomy":"post_tag","embeddable":true,"href":"https:\/\/www.montagnelagodicomo.it\/de\/wp-json\/wp\/v2\/tags?post=95853"}],"curies":[{"name":"wp","href":"https:\/\/api.w.org\/{rel}","templated":true}]}}