{"id":98396,"date":"2025-01-10T11:44:24","date_gmt":"2025-01-10T10:44:24","guid":{"rendered":"https:\/\/www.montagnelagodicomo.it\/2025\/01\/10\/le-nostre-proposte-per-gennaio-2\/"},"modified":"2025-01-10T12:15:31","modified_gmt":"2025-01-10T11:15:31","slug":"buon-2025-da-alimentamente","status":"publish","type":"post","link":"https:\/\/www.montagnelagodicomo.it\/de\/2025\/01\/10\/buon-2025-da-alimentamente\/","title":{"rendered":"Auguri di Buon 2025 da AlimentaMente!"},"content":{"rendered":"<figure id=\"attachment_78695\" class=\"wp-caption aligncenter\" aria-describedby=\"caption-attachment-78695\"><\/figure>\n<p><a href=\"https:\/\/youtu.be\/2bqM_qqMBag\"><img fetchpriority=\"high\" decoding=\"async\" class=\" wp-image-98398 aligncenter\" src=\"https:\/\/www.montagnelagodicomo.it\/wp-content\/uploads\/2025\/01\/Immagine-WhatsApp-2025-01-08-ore-12.58.29_f623d8e7-300x212.jpg\" alt=\"\" width=\"361\" height=\"255\" srcset=\"https:\/\/www.montagnelagodicomo.it\/wp-content\/uploads\/2025\/01\/Immagine-WhatsApp-2025-01-08-ore-12.58.29_f623d8e7-300x212.jpg 300w, https:\/\/www.montagnelagodicomo.it\/wp-content\/uploads\/2025\/01\/Immagine-WhatsApp-2025-01-08-ore-12.58.29_f623d8e7-1024x724.jpg 1024w, https:\/\/www.montagnelagodicomo.it\/wp-content\/uploads\/2025\/01\/Immagine-WhatsApp-2025-01-08-ore-12.58.29_f623d8e7-768x543.jpg 768w, https:\/\/www.montagnelagodicomo.it\/wp-content\/uploads\/2025\/01\/Immagine-WhatsApp-2025-01-08-ore-12.58.29_f623d8e7-1536x1087.jpg 1536w, https:\/\/www.montagnelagodicomo.it\/wp-content\/uploads\/2025\/01\/Immagine-WhatsApp-2025-01-08-ore-12.58.29_f623d8e7.jpg 1600w\" sizes=\"(max-width: 361px) 100vw, 361px\" \/><\/a><\/p>\n<div dir=\"auto\"><\/div>\n<div dir=\"auto\">Con grande piacere e gioia:<\/div>\n<div dir=\"auto\">Il <strong>Team AlimentaMente<\/strong> vi augura un meraviglioso 2025\u2728\ud83e\udd42ricco di emozioni da progettare <strong>insieme a noi<\/strong>!!<\/div>\n<div dir=\"auto\"><\/div>\n<div dir=\"auto\"><a href=\"https:\/\/youtu.be\/2bqM_qqMBag\">https:\/\/youtu.be\/2bqM_qqMBag<\/a><\/div>\n<div dir=\"auto\"><\/div>\n<div dir=\"auto\">Desideriamo condividere con Voi le <strong>s<\/strong><b>traordinarie esperienze del Team AlimentaMente<\/b>\u00a0in queste meravigliose giornate invernali\ud83c\udf04\u2744\ufe0f\u2728<\/div>\n<div dir=\"auto\"><\/div>\n<div dir=\"auto\">In anteprima assoluta per Voi, desideriamo <b>essere al Vostro fianco in ciascuno dei 365 giorni del 2025.\u00a0<\/b><\/div>\n<div dir=\"auto\">Eccovi <b>l&#8217;eccezionale reportage fotografico del <\/b><b>Nostro Team per farvi sognare ed emozionare <em>dalle<\/em> <em>Vette splendide delle nostre montagne<\/em><\/b> dove \u00e8 possibile toccare il cielo con un dito&#8230; ammirare tramonti mozzafiato in attesa che le stelle splendano magicamente\ud83d\udcab\u2728\ud83c\udf1f\ud83e\udd29<\/div>\n<div dir=\"auto\">Un osservatorio straordinario in cui immergersi tra natura, emozioni, avventura, sfide e contemplazione&#8230;<\/div>\n<div dir=\"auto\">Mixate in una magica e poetica atmosfera che solo i grandi appassionati di Montagna possono comprendere!!!<\/div>\n<div dir=\"auto\">\ud83d\udc93\ud83c\udf04<\/div>\n<div dir=\"auto\"><strong>UNITEVI A NOI\u00a0<\/strong><\/div>\n<div dir=\"auto\">LE AVVENTURE CONTINUANO \ud83e\udd29\ud83d\udd1d<\/div>\n<div dir=\"auto\">\ud83d\udfe2\ud83d\udd35\ud83d\udfe3\ud83d\udc49\ud83c\udffb <b>Contattateci per indimenticabili eventi, escursioni, &amp; slides show!!<\/b><\/div>\n<p style=\"text-align: right;\">\n","protected":false},"excerpt":{"rendered":"<p>Con grande piacere e gioia: Il Team AlimentaMente vi augura un meraviglioso 2025\u2728\ud83e\udd42ricco di emozioni da progettare insieme a noi!! https:\/\/youtu.be\/2bqM_qqMBag Desideriamo condividere con Voi le straordinarie esperienze del Team AlimentaMente\u00a0in queste meravigliose giornate invernali\ud83c\udf04\u2744\ufe0f\u2728 In anteprima assoluta per Voi, desideriamo essere al Vostro fianco in ciascuno dei 365 giorni del 2025.\u00a0 Eccovi l&#8217;eccezionale reportage [&hellip;]<\/p>\n","protected":false},"author":4,"featured_media":98398,"comment_status":"open","ping_status":"open","sticky":false,"template":"","format":"standard","meta":{"_acf_changed":false,"footnotes":""},"categories":[146],"tags":[1870,1871,1869,1263],"class_list":["post-98396","post","type-post","status-publish","format-standard","has-post-thumbnail","hentry","category-ultima-ora","tag-1870","tag-buon-anno","tag-inverno","tag-montagnelago"],"acf":[],"yoast_head":"<!-- This site is optimized with the Yoast SEO plugin v25.0 - https:\/\/yoast.com\/wordpress\/plugins\/seo\/ -->\n<title>Buon 2025 da AlimentaMente<\/title>\n<meta name=\"description\" content=\"Con grande piacere e gioia: il Team AlimentaMente vi augura un meraviglioso 2025 ricco di emozioni da progettare insieme a noi!\" \/>\n<meta name=\"robots\" content=\"index, follow, max-snippet:-1, max-image-preview:large, max-video-preview:-1\" \/>\n<link rel=\"canonical\" href=\"https:\/\/www.montagnelagodicomo.it\/2025\/01\/10\/buon-2025-da-alimentamente\/\" \/>\n<meta property=\"og:locale\" content=\"de_DE\" \/>\n<meta property=\"og:type\" content=\"article\" \/>\n<meta property=\"og:title\" content=\"Giugno: aspettando l&#039;estate\" \/>\n<meta property=\"og:description\" content=\"Cari amici, la stagione estiva \u00e8 alle porte e tanta \u00e8 la voglia di rilassarsi ed evadere dallo stress della vita quotidiana. E&#039; il momento giusto per scoprire quanto di pi\u00f9 bello le Montagne del Lago di Como hanno da offrire.\" \/>\n<meta property=\"og:url\" content=\"https:\/\/www.montagnelagodicomo.it\/2025\/01\/10\/buon-2025-da-alimentamente\/\" \/>\n<meta property=\"og:site_name\" content=\"Lago di Como e Valsassina\" \/>\n<meta property=\"article:publisher\" content=\"https:\/\/www.facebook.com\/montagnelagodicomo\" \/>\n<meta property=\"article:published_time\" content=\"2025-01-10T10:44:24+00:00\" \/>\n<meta property=\"article:modified_time\" content=\"2025-01-10T11:15:31+00:00\" \/>\n<meta property=\"og:image\" content=\"https:\/\/www.montagnelagodicomo.it\/wp-content\/uploads\/2022\/05\/Varenna_Alberto-Locatelli.jpg\" \/>\n\t<meta property=\"og:image:width\" content=\"1080\" \/>\n\t<meta property=\"og:image:height\" content=\"648\" \/>\n\t<meta property=\"og:image:type\" content=\"image\/jpeg\" \/>\n<meta name=\"author\" content=\"Lago di Como 3\" \/>\n<meta name=\"twitter:card\" content=\"summary_large_image\" \/>\n<meta name=\"twitter:creator\" content=\"@MontagneLago\" \/>\n<meta name=\"twitter:site\" content=\"@MontagneLago\" \/>\n<meta name=\"twitter:label1\" content=\"Verfasst von\" \/>\n\t<meta name=\"twitter:data1\" content=\"Lago di Como 3\" \/>\n\t<meta name=\"twitter:label2\" content=\"Gesch\u00e4tzte Lesezeit\" \/>\n\t<meta name=\"twitter:data2\" content=\"2\u00a0Minuten\" \/>\n<script type=\"application\/ld+json\" class=\"yoast-schema-graph\">{\"@context\":\"https:\/\/schema.org\",\"@graph\":[{\"@type\":\"Article\",\"@id\":\"https:\/\/www.montagnelagodicomo.it\/2025\/01\/10\/buon-2025-da-alimentamente\/#article\",\"isPartOf\":{\"@id\":\"https:\/\/www.montagnelagodicomo.it\/2025\/01\/10\/buon-2025-da-alimentamente\/\"},\"author\":{\"name\":\"Lago di Como 3\",\"@id\":\"https:\/\/www.montagnelagodicomo.it\/#\/schema\/person\/62387dee120171fb5c03a77fe5169f1e\"},\"headline\":\"Auguri di Buon 2025 da AlimentaMente!\",\"datePublished\":\"2025-01-10T10:44:24+00:00\",\"dateModified\":\"2025-01-10T11:15:31+00:00\",\"mainEntityOfPage\":{\"@id\":\"https:\/\/www.montagnelagodicomo.it\/2025\/01\/10\/buon-2025-da-alimentamente\/\"},\"wordCount\":140,\"commentCount\":0,\"publisher\":{\"@id\":\"https:\/\/www.montagnelagodicomo.it\/#organization\"},\"image\":{\"@id\":\"https:\/\/www.montagnelagodicomo.it\/2025\/01\/10\/buon-2025-da-alimentamente\/#primaryimage\"},\"thumbnailUrl\":\"https:\/\/www.montagnelagodicomo.it\/wp-content\/uploads\/2025\/01\/Immagine-WhatsApp-2025-01-08-ore-12.58.29_f623d8e7.jpg\",\"keywords\":[\"2025\",\"buon anno\",\"inverno\",\"montagnelago\"],\"articleSection\":[\"Ultima ora\"],\"inLanguage\":\"de\",\"potentialAction\":[{\"@type\":\"CommentAction\",\"name\":\"Comment\",\"target\":[\"https:\/\/www.montagnelagodicomo.it\/2025\/01\/10\/buon-2025-da-alimentamente\/#respond\"]}]},{\"@type\":\"WebPage\",\"@id\":\"https:\/\/www.montagnelagodicomo.it\/2025\/01\/10\/buon-2025-da-alimentamente\/\",\"url\":\"https:\/\/www.montagnelagodicomo.it\/2025\/01\/10\/buon-2025-da-alimentamente\/\",\"name\":\"Buon 2025 da AlimentaMente\",\"isPartOf\":{\"@id\":\"https:\/\/www.montagnelagodicomo.it\/#website\"},\"primaryImageOfPage\":{\"@id\":\"https:\/\/www.montagnelagodicomo.it\/2025\/01\/10\/buon-2025-da-alimentamente\/#primaryimage\"},\"image\":{\"@id\":\"https:\/\/www.montagnelagodicomo.it\/2025\/01\/10\/buon-2025-da-alimentamente\/#primaryimage\"},\"thumbnailUrl\":\"https:\/\/www.montagnelagodicomo.it\/wp-content\/uploads\/2025\/01\/Immagine-WhatsApp-2025-01-08-ore-12.58.29_f623d8e7.jpg\",\"datePublished\":\"2025-01-10T10:44:24+00:00\",\"dateModified\":\"2025-01-10T11:15:31+00:00\",\"description\":\"Con grande piacere e gioia: il Team AlimentaMente vi augura un meraviglioso 2025 ricco di emozioni da progettare insieme a noi!\",\"breadcrumb\":{\"@id\":\"https:\/\/www.montagnelagodicomo.it\/2025\/01\/10\/buon-2025-da-alimentamente\/#breadcrumb\"},\"inLanguage\":\"de\",\"potentialAction\":[{\"@type\":\"ReadAction\",\"target\":[\"https:\/\/www.montagnelagodicomo.it\/2025\/01\/10\/buon-2025-da-alimentamente\/\"]}]},{\"@type\":\"ImageObject\",\"inLanguage\":\"de\",\"@id\":\"https:\/\/www.montagnelagodicomo.it\/2025\/01\/10\/buon-2025-da-alimentamente\/#primaryimage\",\"url\":\"https:\/\/www.montagnelagodicomo.it\/wp-content\/uploads\/2025\/01\/Immagine-WhatsApp-2025-01-08-ore-12.58.29_f623d8e7.jpg\",\"contentUrl\":\"https:\/\/www.montagnelagodicomo.it\/wp-content\/uploads\/2025\/01\/Immagine-WhatsApp-2025-01-08-ore-12.58.29_f623d8e7.jpg\",\"width\":1600,\"height\":1132},{\"@type\":\"BreadcrumbList\",\"@id\":\"https:\/\/www.montagnelagodicomo.it\/2025\/01\/10\/buon-2025-da-alimentamente\/#breadcrumb\",\"itemListElement\":[{\"@type\":\"ListItem\",\"position\":1,\"name\":\"Home\",\"item\":\"https:\/\/www.montagnelagodicomo.it\/de\/\"},{\"@type\":\"ListItem\",\"position\":2,\"name\":\"Auguri di Buon 2025 da AlimentaMente!\"}]},{\"@type\":\"WebSite\",\"@id\":\"https:\/\/www.montagnelagodicomo.it\/#website\",\"url\":\"https:\/\/www.montagnelagodicomo.it\/\",\"name\":\"Lago di Como e Valsassina\",\"description\":\"\",\"publisher\":{\"@id\":\"https:\/\/www.montagnelagodicomo.it\/#organization\"},\"potentialAction\":[{\"@type\":\"SearchAction\",\"target\":{\"@type\":\"EntryPoint\",\"urlTemplate\":\"https:\/\/www.montagnelagodicomo.it\/?s={search_term_string}\"},\"query-input\":{\"@type\":\"PropertyValueSpecification\",\"valueRequired\":true,\"valueName\":\"search_term_string\"}}],\"inLanguage\":\"de\"},{\"@type\":\"Organization\",\"@id\":\"https:\/\/www.montagnelagodicomo.it\/#organization\",\"name\":\"Montagne del Lago di Como\",\"url\":\"https:\/\/www.montagnelagodicomo.it\/\",\"logo\":{\"@type\":\"ImageObject\",\"inLanguage\":\"de\",\"@id\":\"https:\/\/www.montagnelagodicomo.it\/#\/schema\/logo\/image\/\",\"url\":\"https:\/\/www.montagnelagodicomo.it\/wp-content\/uploads\/2016\/07\/DEF_Montagne_LagodiComo_04112015_png.png\",\"contentUrl\":\"https:\/\/www.montagnelagodicomo.it\/wp-content\/uploads\/2016\/07\/DEF_Montagne_LagodiComo_04112015_png.png\",\"width\":2997,\"height\":835,\"caption\":\"Montagne del Lago di Como\"},\"image\":{\"@id\":\"https:\/\/www.montagnelagodicomo.it\/#\/schema\/logo\/image\/\"},\"sameAs\":[\"https:\/\/www.facebook.com\/montagnelagodicomo\",\"https:\/\/x.com\/MontagneLago\",\"https:\/\/www.youtube.com\/channel\/UCDoxghWmgQnHlQ78rzZuUjA\"]},{\"@type\":\"Person\",\"@id\":\"https:\/\/www.montagnelagodicomo.it\/#\/schema\/person\/62387dee120171fb5c03a77fe5169f1e\",\"name\":\"Lago di Como 3\",\"image\":{\"@type\":\"ImageObject\",\"inLanguage\":\"de\",\"@id\":\"https:\/\/www.montagnelagodicomo.it\/#\/schema\/person\/image\/\",\"url\":\"https:\/\/secure.gravatar.com\/avatar\/177606e9ed7370bc5cd946f4243ac59920e657438575f65d56f2ebfb41996b8f?s=96&d=mm&r=g\",\"contentUrl\":\"https:\/\/secure.gravatar.com\/avatar\/177606e9ed7370bc5cd946f4243ac59920e657438575f65d56f2ebfb41996b8f?s=96&d=mm&r=g\",\"caption\":\"Lago di Como 3\"},\"url\":\"https:\/\/www.montagnelagodicomo.it\/de\/author\/lago-di-como-3\/\"}]}<\/script>\n<!-- \/ Yoast SEO plugin. -->","yoast_head_json":{"title":"Buon 2025 da AlimentaMente","description":"Con grande piacere e gioia: il Team AlimentaMente vi augura un meraviglioso 2025 ricco di emozioni da progettare insieme a noi!","robots":{"index":"index","follow":"follow","max-snippet":"max-snippet:-1","max-image-preview":"max-image-preview:large","max-video-preview":"max-video-preview:-1"},"canonical":"https:\/\/www.montagnelagodicomo.it\/2025\/01\/10\/buon-2025-da-alimentamente\/","og_locale":"de_DE","og_type":"article","og_title":"Giugno: aspettando l'estate","og_description":"Cari amici, la stagione estiva \u00e8 alle porte e tanta \u00e8 la voglia di rilassarsi ed evadere dallo stress della vita quotidiana. E' il momento giusto per scoprire quanto di pi\u00f9 bello le Montagne del Lago di Como hanno da offrire.","og_url":"https:\/\/www.montagnelagodicomo.it\/2025\/01\/10\/buon-2025-da-alimentamente\/","og_site_name":"Lago di Como e Valsassina","article_publisher":"https:\/\/www.facebook.com\/montagnelagodicomo","article_published_time":"2025-01-10T10:44:24+00:00","article_modified_time":"2025-01-10T11:15:31+00:00","og_image":[{"width":1080,"height":648,"url":"https:\/\/www.montagnelagodicomo.it\/wp-content\/uploads\/2022\/05\/Varenna_Alberto-Locatelli.jpg","type":"image\/jpeg"}],"author":"Lago di Como 3","twitter_card":"summary_large_image","twitter_creator":"@MontagneLago","twitter_site":"@MontagneLago","twitter_misc":{"Verfasst von":"Lago di Como 3","Gesch\u00e4tzte Lesezeit":"2\u00a0Minuten"},"schema":{"@context":"https:\/\/schema.org","@graph":[{"@type":"Article","@id":"https:\/\/www.montagnelagodicomo.it\/2025\/01\/10\/buon-2025-da-alimentamente\/#article","isPartOf":{"@id":"https:\/\/www.montagnelagodicomo.it\/2025\/01\/10\/buon-2025-da-alimentamente\/"},"author":{"name":"Lago di Como 3","@id":"https:\/\/www.montagnelagodicomo.it\/#\/schema\/person\/62387dee120171fb5c03a77fe5169f1e"},"headline":"Auguri di Buon 2025 da AlimentaMente!","datePublished":"2025-01-10T10:44:24+00:00","dateModified":"2025-01-10T11:15:31+00:00","mainEntityOfPage":{"@id":"https:\/\/www.montagnelagodicomo.it\/2025\/01\/10\/buon-2025-da-alimentamente\/"},"wordCount":140,"commentCount":0,"publisher":{"@id":"https:\/\/www.montagnelagodicomo.it\/#organization"},"image":{"@id":"https:\/\/www.montagnelagodicomo.it\/2025\/01\/10\/buon-2025-da-alimentamente\/#primaryimage"},"thumbnailUrl":"https:\/\/www.montagnelagodicomo.it\/wp-content\/uploads\/2025\/01\/Immagine-WhatsApp-2025-01-08-ore-12.58.29_f623d8e7.jpg","keywords":["2025","buon anno","inverno","montagnelago"],"articleSection":["Ultima ora"],"inLanguage":"de","potentialAction":[{"@type":"CommentAction","name":"Comment","target":["https:\/\/www.montagnelagodicomo.it\/2025\/01\/10\/buon-2025-da-alimentamente\/#respond"]}]},{"@type":"WebPage","@id":"https:\/\/www.montagnelagodicomo.it\/2025\/01\/10\/buon-2025-da-alimentamente\/","url":"https:\/\/www.montagnelagodicomo.it\/2025\/01\/10\/buon-2025-da-alimentamente\/","name":"Buon 2025 da AlimentaMente","isPartOf":{"@id":"https:\/\/www.montagnelagodicomo.it\/#website"},"primaryImageOfPage":{"@id":"https:\/\/www.montagnelagodicomo.it\/2025\/01\/10\/buon-2025-da-alimentamente\/#primaryimage"},"image":{"@id":"https:\/\/www.montagnelagodicomo.it\/2025\/01\/10\/buon-2025-da-alimentamente\/#primaryimage"},"thumbnailUrl":"https:\/\/www.montagnelagodicomo.it\/wp-content\/uploads\/2025\/01\/Immagine-WhatsApp-2025-01-08-ore-12.58.29_f623d8e7.jpg","datePublished":"2025-01-10T10:44:24+00:00","dateModified":"2025-01-10T11:15:31+00:00","description":"Con grande piacere e gioia: il Team AlimentaMente vi augura un meraviglioso 2025 ricco di emozioni da progettare insieme a noi!","breadcrumb":{"@id":"https:\/\/www.montagnelagodicomo.it\/2025\/01\/10\/buon-2025-da-alimentamente\/#breadcrumb"},"inLanguage":"de","potentialAction":[{"@type":"ReadAction","target":["https:\/\/www.montagnelagodicomo.it\/2025\/01\/10\/buon-2025-da-alimentamente\/"]}]},{"@type":"ImageObject","inLanguage":"de","@id":"https:\/\/www.montagnelagodicomo.it\/2025\/01\/10\/buon-2025-da-alimentamente\/#primaryimage","url":"https:\/\/www.montagnelagodicomo.it\/wp-content\/uploads\/2025\/01\/Immagine-WhatsApp-2025-01-08-ore-12.58.29_f623d8e7.jpg","contentUrl":"https:\/\/www.montagnelagodicomo.it\/wp-content\/uploads\/2025\/01\/Immagine-WhatsApp-2025-01-08-ore-12.58.29_f623d8e7.jpg","width":1600,"height":1132},{"@type":"BreadcrumbList","@id":"https:\/\/www.montagnelagodicomo.it\/2025\/01\/10\/buon-2025-da-alimentamente\/#breadcrumb","itemListElement":[{"@type":"ListItem","position":1,"name":"Home","item":"https:\/\/www.montagnelagodicomo.it\/de\/"},{"@type":"ListItem","position":2,"name":"Auguri di Buon 2025 da AlimentaMente!"}]},{"@type":"WebSite","@id":"https:\/\/www.montagnelagodicomo.it\/#website","url":"https:\/\/www.montagnelagodicomo.it\/","name":"Lago di Como e Valsassina","description":"","publisher":{"@id":"https:\/\/www.montagnelagodicomo.it\/#organization"},"potentialAction":[{"@type":"SearchAction","target":{"@type":"EntryPoint","urlTemplate":"https:\/\/www.montagnelagodicomo.it\/?s={search_term_string}"},"query-input":{"@type":"PropertyValueSpecification","valueRequired":true,"valueName":"search_term_string"}}],"inLanguage":"de"},{"@type":"Organization","@id":"https:\/\/www.montagnelagodicomo.it\/#organization","name":"Montagne del Lago di Como","url":"https:\/\/www.montagnelagodicomo.it\/","logo":{"@type":"ImageObject","inLanguage":"de","@id":"https:\/\/www.montagnelagodicomo.it\/#\/schema\/logo\/image\/","url":"https:\/\/www.montagnelagodicomo.it\/wp-content\/uploads\/2016\/07\/DEF_Montagne_LagodiComo_04112015_png.png","contentUrl":"https:\/\/www.montagnelagodicomo.it\/wp-content\/uploads\/2016\/07\/DEF_Montagne_LagodiComo_04112015_png.png","width":2997,"height":835,"caption":"Montagne del Lago di Como"},"image":{"@id":"https:\/\/www.montagnelagodicomo.it\/#\/schema\/logo\/image\/"},"sameAs":["https:\/\/www.facebook.com\/montagnelagodicomo","https:\/\/x.com\/MontagneLago","https:\/\/www.youtube.com\/channel\/UCDoxghWmgQnHlQ78rzZuUjA"]},{"@type":"Person","@id":"https:\/\/www.montagnelagodicomo.it\/#\/schema\/person\/62387dee120171fb5c03a77fe5169f1e","name":"Lago di Como 3","image":{"@type":"ImageObject","inLanguage":"de","@id":"https:\/\/www.montagnelagodicomo.it\/#\/schema\/person\/image\/","url":"https:\/\/secure.gravatar.com\/avatar\/177606e9ed7370bc5cd946f4243ac59920e657438575f65d56f2ebfb41996b8f?s=96&d=mm&r=g","contentUrl":"https:\/\/secure.gravatar.com\/avatar\/177606e9ed7370bc5cd946f4243ac59920e657438575f65d56f2ebfb41996b8f?s=96&d=mm&r=g","caption":"Lago di Como 3"},"url":"https:\/\/www.montagnelagodicomo.it\/de\/author\/lago-di-como-3\/"}]}},"_links":{"self":[{"href":"https:\/\/www.montagnelagodicomo.it\/de\/wp-json\/wp\/v2\/posts\/98396","targetHints":{"allow":["GET"]}}],"collection":[{"href":"https:\/\/www.montagnelagodicomo.it\/de\/wp-json\/wp\/v2\/posts"}],"about":[{"href":"https:\/\/www.montagnelagodicomo.it\/de\/wp-json\/wp\/v2\/types\/post"}],"author":[{"embeddable":true,"href":"https:\/\/www.montagnelagodicomo.it\/de\/wp-json\/wp\/v2\/users\/4"}],"replies":[{"embeddable":true,"href":"https:\/\/www.montagnelagodicomo.it\/de\/wp-json\/wp\/v2\/comments?post=98396"}],"version-history":[{"count":5,"href":"https:\/\/www.montagnelagodicomo.it\/de\/wp-json\/wp\/v2\/posts\/98396\/revisions"}],"predecessor-version":[{"id":98405,"href":"https:\/\/www.montagnelagodicomo.it\/de\/wp-json\/wp\/v2\/posts\/98396\/revisions\/98405"}],"wp:featuredmedia":[{"embeddable":true,"href":"https:\/\/www.montagnelagodicomo.it\/de\/wp-json\/wp\/v2\/media\/98398"}],"wp:attachment":[{"href":"https:\/\/www.montagnelagodicomo.it\/de\/wp-json\/wp\/v2\/media?parent=98396"}],"wp:term":[{"taxonomy":"category","embeddable":true,"href":"https:\/\/www.montagnelagodicomo.it\/de\/wp-json\/wp\/v2\/categories?post=98396"},{"taxonomy":"post_tag","embeddable":true,"href":"https:\/\/www.montagnelagodicomo.it\/de\/wp-json\/wp\/v2\/tags?post=98396"}],"curies":[{"name":"wp","href":"https:\/\/api.w.org\/{rel}","templated":true}]}}