{"id":99590,"date":"2025-06-27T16:50:10","date_gmt":"2025-06-27T14:50:10","guid":{"rendered":"https:\/\/www.montagnelagodicomo.it\/2025\/06\/27\/le-nostre-proposte-per-giugno-2\/"},"modified":"2025-06-27T17:15:51","modified_gmt":"2025-06-27T15:15:51","slug":"le-nostre-proposte-per-luglio-2","status":"publish","type":"post","link":"https:\/\/www.montagnelagodicomo.it\/de\/2025\/06\/27\/le-nostre-proposte-per-luglio-2\/","title":{"rendered":"Le nostre proposte per Luglio"},"content":{"rendered":"<p><img fetchpriority=\"high\" decoding=\"async\" class=\" wp-image-66107 aligncenter\" src=\"https:\/\/www.montagnelagodicomo.it\/wp-content\/uploads\/2020\/05\/MLC-eventi-estate_Emilio-Buzzella-300x120.jpg\" alt=\"\" width=\"621\" height=\"248\" srcset=\"https:\/\/www.montagnelagodicomo.it\/wp-content\/uploads\/2020\/05\/MLC-eventi-estate_Emilio-Buzzella-300x120.jpg 300w, https:\/\/www.montagnelagodicomo.it\/wp-content\/uploads\/2020\/05\/MLC-eventi-estate_Emilio-Buzzella-1024x410.jpg 1024w, https:\/\/www.montagnelagodicomo.it\/wp-content\/uploads\/2020\/05\/MLC-eventi-estate_Emilio-Buzzella-768x307.jpg 768w, https:\/\/www.montagnelagodicomo.it\/wp-content\/uploads\/2020\/05\/MLC-eventi-estate_Emilio-Buzzella-1536x614.jpg 1536w, https:\/\/www.montagnelagodicomo.it\/wp-content\/uploads\/2020\/05\/MLC-eventi-estate_Emilio-Buzzella.jpg 1920w\" sizes=\"(max-width: 621px) 100vw, 621px\" \/><\/p>\n<h5><\/h5>\n<h5><\/h5>\n<p>Care\/i amiche\/ci,<\/p>\n<p>Luglio sta per iniziare! Tra vacanze, momenti di relax e fughe dalla citt\u00e0, perch\u00e8 non venire a trascorrere l&#8217;estate tra le montagne del Lago di Como?\ud83c\udf04<\/p>\n<h4><\/h4>\n<h4><span class=\"tinyMce-placeholder\" style=\"color: #e62083;\">&#8218;GIIR DI MONT&#8216; &#8211; UNA SFIDA SUGLI ALPEGGI DI PREMANA<\/span><\/h4>\n<p>Nato come sfida su un percorso che unisse i 12 alpeggi del territorio premanese, il\u00a0<a href=\"https:\/\/www.montagnelagodicomo.it\/events\/giir-di-mont-2025-premana\/\" target=\"_blank\" rel=\"noopener\"><em>Giir di Mont<\/em><\/a>\u00a0(in dialetto \u201cgiro degli alpeggi\u201d) \u00e8 cresciuto fino a diventare evento di riferimento nel panorama della corsa in montagna. Per il 2025 ci aspetta il\u00a0<strong>26 &amp; 27 luglio<\/strong>, per vivere emozioni e pura adrenalina!<\/p>\n<h4><\/h4>\n<h4><span class=\"tinyMce-placeholder\" style=\"color: #e62083;\">QUALCHE SPUNTO PER UNA SOSTA TRA I MONTI<\/span><\/h4>\n<p>Se con il Giir di Mont andiamo alla scoperta degli alpeggi di Premana correndo, perch\u00e8 non scoprire i suoi monti anche attraverso la buona cucina?<\/p>\n<p>Il\u00a0<strong><a href=\"https:\/\/www.montagnelagodicomo.it\/listings\/ristoro-alpe-premaniga\/\" target=\"_blank\" rel=\"noopener\"><em>Ristoro Alpe Premaniga<\/em><\/a><\/strong>\u00a0accoglie gli escursionisti, presso l\u2019omonimo alpeggio. Il Ristoro \u00e8 allestito all\u2019 interno dello stabile dove si trova la cascina dell\u2019alpeggio, e offre<strong>\u00a0<\/strong>servizio bar e<strong>\u00a0<\/strong>possibilit\u00e0 di pranzi e cene. Un ottimo modo per vivere un&#8217;atmosfera cordiale e amichevole, tipica di un alpeggio di montagna!<\/p>\n<p>Il<strong>\u00a09 luglio<\/strong>\u00a0ci attende inoltre dalle 19.00 per un\u00a0<strong>Pasta Party,<\/strong>\u00a0al termine della gara\u00a0<em>&#8218;A pe&#8216; e in Bici&#8216;<\/em>, organizzata dall&#8217;A.S. Premana.<\/p>\n<p>Per chi vuole gustare i piatti della cucina tradizionale di montagna, il\u00a0<strong><a href=\"https:\/\/www.montagnelagodicomo.it\/listings\/ristoro-peter-alpe-vegessa\/\" target=\"_blank\" rel=\"noopener\"><em>Ristoro Peter Alpe Vegessa<\/em><\/a>\u00a0<\/strong>dispone di un\u2019ampia sala interna e di tavoli all\u2019aperto, con un campo di bocce e giochi per bambini; il Ristoro sorge circondato dai boschi e dalle belle baite ristrutturate dell\u2019alpe. Raggiungibile con una camminata di circa 1 ora e 30 minuti, \u00e8 una sosta perfetta per un trekking estivo!<\/p>\n<h4><\/h4>\n<h4><span class=\"tinyMce-placeholder\" style=\"color: #e62083;\">UNA TRAVERSATA NELLE ACQUE DEL LARIO<\/span><\/h4>\n<p><strong>Domenica 13 luglio<\/strong>\u00a0la\u00a0<strong>Pro Loco di Mandello del Lario<\/strong>\u00a0organizza la\u00a0<a href=\"https:\/\/www.montagnelagodicomo.it\/events\/traversata-del-lario-pro-loco-mandello\/\" target=\"_blank\" rel=\"noopener\"><em>Traversata del Lario<\/em><\/a>: la gara mezzofondo di nuoto non competitiva nelle acque del lago. La traversata si svolger\u00e0 su due differenti lunghezze: da Onno a Mandello del Lario di 1500mt; da Onno a Mandello del Lario e ritorno a Onno di 3000mt. Un modo diverso per scoprire il Lago!<\/p>\n<h4><\/h4>\n<h4><span class=\"tinyMce-placeholder\" style=\"color: #e62083;\">UN TUFFO NEL PASSATO TRA OGGETTI RARI E PEZZI UNICI<\/span><\/h4>\n<p>Nel borgo antico di\u00a0<strong>Mandello del Lario\u00a0<\/strong>e sul lungolago torna il tradizionale\u00a0<em><a href=\"https:\/\/www.montagnelagodicomo.it\/events\/mercatino-dellantiquariato-pro-loco-mandello\/\" target=\"_blank\" rel=\"noopener\">Mercatino dell\u2019Antiquariato<\/a><\/em>: per tutto il 2025, una domenica al mese, dalle 8.00 alle 19.00.<\/p>\n<p>Un tuffo nel passato tra oggetti rari, curiosit\u00e0 d\u2019epoca e pezzi unici.<\/p>\n<h4><\/h4>\n<h4><span style=\"color: #e62083;\">A &#8218;VILLA SIMONA&#8216; PER UNA VACANZA SUL LAGO<\/span><\/h4>\n<p>Immerso nella tranquillit\u00e0 di un parco e piccoli angoli di relax, la\u00a0<em><strong><a href=\"https:\/\/www.montagnelagodicomo.it\/listings\/foresteria-lombarda-villa-simona\/\" target=\"_blank\" rel=\"noopener\">Foresteria Villa Simona<\/a><\/strong>\u00a0<\/em>a Colico \u00e8 il punto di appoggio ideale per esplorare l&#8217;alto Lago di Como.<\/p>\n<p>Villa Simona offre quattro camere tutte dotate di ogni comfort. Nella piccola e accogliente sala colazioni, ci attender\u00e0 una colazione con dolci fatti in casa, frutta del giardino, marmellate, formaggi e salumi.<\/p>\n<p>Per i viandanti che decidono di percorrere i cammini delle nostre zone, Villa Simona ha anche il timbro per il\u00a0Passaporto del\u00a0Sentiero del Viandante.<\/p>\n<h4><\/h4>\n<h4><span class=\"tinyMce-placeholder\" style=\"color: #e62083;\">MUSICA E DANZE PER &#8218;LA BELLA STAGIONE&#8216;<\/span><\/h4>\n<p><a href=\"https:\/\/www.montagnelagodicomo.it\/events\/la-bella-stagione-serate-danzanti-al-ristorante-pizzeria-belvedere\/\" target=\"_blank\" rel=\"noopener\"><em>La Bella Stagione<\/em><\/a>\u00a0al\u00a0<strong>Ristorante Pizzeria Belvedere di Narro\u00a0<\/strong>continua in festa! Musica, balli e serate sotto le stelle: un calendario straordinario di serate danzanti con possibilit\u00e0 di cena. Grandi orchestre, atmosfera unica e una terrazza affacciata sulla Valsassina dove cenare, brindare e lasciarsi trasportare dal ritmo.<\/p>\n<h4><\/h4>\n<h4><span style=\"color: #e62083;\">ARTE &amp; MINIERE &#8211; UN&#8217;ESPERIENZA ARTISTICA DENTRO LA MONTAGNA<\/span><\/h4>\n<p>Presso il\u00a0<strong>sito minerario\u00a0di Cortabbio di Primaluna<\/strong>\u00a0continua la Mostra\u00a0<em><a href=\"https:\/\/www.montagnelagodicomo.it\/events\/rimuovere-una-mostra-presso-la-miniera-cortabbio-di-primaluna\/\" target=\"_blank\" rel=\"noopener\">\u201cRimuovere\u201d<\/a><\/em>, a cura del\u00a0collettivo\u00a0Tra.me.<\/p>\n<p>Nelle gallerie delle miniere, sar\u00e0 possibile vedere le opere esposte durante le visite guidate e, per i pi\u00f9 interessati, non pu\u00f2 mancare la visita direttamente con l&#8217;artista!<\/p>\n<h4><\/h4>\n<h4><span class=\"tinyMce-placeholder\" style=\"color: #e62083;\">MOMENTI DI GUSTO E RELAX &#8218;DA GIGI ALPINE ROOMS&#8216;<\/span><\/h4>\n<p>L\u2019estate porta con s\u00e9 una ventata di novit\u00e0 e tanti entusiasmanti cambiamenti: al\u00a0<strong><em><a href=\"https:\/\/www.montagnelagodicomo.it\/listings\/ristorante-albergo-da-gigi\/\" target=\"_blank\" rel=\"noopener\">Ristorante Da Gigi Alpine Rooms<\/a>\u00a0<\/em><\/strong>ci attende una nuova esperienza di soggiorno; tutte le camere sono state completamente rinnovate. Potremo rilassarci nella Jacuzzi panoramica a sfioro in giardino, sorseggiando uno sfizioso cocktail. Inoltre, il Ristorante Da Gigi \u00e8 aperto per trascorrere dei momenti golosi, con i piatti che da sempre preparati con prodotti locali ed un pizzico di fantasia. La famiglia Gobbi ci d\u00e0 il benvenuto!<\/p>\n<h4><\/h4>\n<h4><span style=\"color: #e62083;\">&#8218;PANORAMA D&#8217;ESTATE&#8216; &#8211; TRA SERATE MUSICALI E SGUARDO AL CIELO<\/span><\/h4>\n<p dir=\"auto\">Anche quest\u2019anno al\u00a0<strong>Panorama Caff\u00e8 di Vestreno<\/strong>, siamo alle porte di<strong>\u00a0<\/strong><a href=\"https:\/\/www.montagnelagodicomo.it\/events\/panorama-destate-2025-panorama-caffe-vestreno\/\" target=\"_blank\" rel=\"noopener\"><em>Panorama D&#8217;Estate<\/em><\/a><strong><em>:<\/em><\/strong>\u00a0serate musicali di vario genere, dal jazz alle serate danzanti, dai gruppi acustici alle band, oltre all\u2019immancabile appuntamento con le osservazioni del cielo.<\/p>\n<p dir=\"auto\"><strong>Domenica 6 luglio,<\/strong>\u00a0il secondo appuntamento de\u00a0<em>\u2018<a href=\"https:\/\/www.montagnelagodicomo.it\/events\/le-meraviglie-del-cielo-panorama-caffe-vestreno-2\/\" target=\"_blank\" rel=\"noopener\">Le meraviglie del cielo\u2019<\/a>\u00a0<\/em>ci parler\u00e0 infatti del Sistema Solare. E\u2019 prevista la possibilit\u00e0 di iniziare la serata con un gustoso menu!<\/p>\n<h4><\/h4>\n<h4><span class=\"tinyMce-placeholder\"><span style=\"color: #e62083;\">&#8218;NINJA SPLASH&#8216; &#8211; SFIDA L&#8217;ACQUA TRA OSTACOLI E PERCORSI<\/span>\u00a0<\/span><\/h4>\n<p dir=\"auto\">Per un\u2019estate rinfrescante e ricca di divertimento, c\u2019\u00e8 il\u00a0<strong><a href=\"https:\/\/www.montagnelagodicomo.it\/events\/ninja-splash-parco-acquatico-dervio\/\" target=\"_blank\" rel=\"noopener\"><em>Ninja Splash<\/em><\/a>\u00a0<\/strong>ad attenderci a\u00a0<strong>Dervio<\/strong>!<\/p>\n<p>Il Parco Acquatico sulle acque del Lago di Como \u00e8 una sfida per appassionati di sport e per bambini, che amano arrampicarsi, scivolare e tuffarsi in acqua. I percorsi a ostacoli hanno diversi livelli di difficolt\u00e0 per grandi e piccoli.<\/p>\n<h4><\/h4>\n<h4><span class=\"tinyMce-placeholder\" style=\"color: #e62083;\">PER UN&#8217;ESTATE DI TUTTI I COLORI &#8218;DA CAROZZI&#8216;<\/span><\/h4>\n<p>E&#8216; ricca di proposte l&#8216;<a href=\"https:\/\/www.montagnelagodicomo.it\/events\/estate-2025-da-carozzi\/\" target=\"_blank\" rel=\"noopener\"><strong>estate Da Carozzi<\/strong><\/a>!<\/p>\n<p>Luglio ci sorprende con diverse iniziative:\u00a0<em><a href=\"https:\/\/www.montagnelagodicomo.it\/events\/venerdi-in-musica-da-carozzi-2\/\" target=\"_blank\" rel=\"noopener\">venerd\u00ec in musica<\/a>,\u00a0<a href=\"https:\/\/www.montagnelagodicomo.it\/events\/passeggiata-tra-streghe-e-banditi-da-carozzi\/\" target=\"_blank\" rel=\"noopener\">passeggiate tra borghi dipinti<\/a>,\u00a0<a href=\"https:\/\/www.montagnelagodicomo.it\/events\/laboratori-per-bambini-da-carozzi\/\" target=\"_blank\" rel=\"noopener\">laboratori per bambini<\/a>,\u00a0<a href=\"https:\/\/www.montagnelagodicomo.it\/events\/estate-2025-da-carozzi\/\" target=\"_blank\" rel=\"noopener\">feste &amp; aperitivi<\/a>,\u00a0<a href=\"https:\/\/www.montagnelagodicomo.it\/events\/estate-2025-da-carozzi\/\" target=\"_blank\" rel=\"noopener\">visite al caseificio<\/a><\/em><\/p>\n<p>Venite a scoprirli tutti, per un\u2019estate di tutti i colori!<\/p>\n<h4><\/h4>\n<h4><span style=\"color: #e62083;\">ALLA SCOPERTA DELLA NATURA &#8211; LABORATORIO PER BAMBINI<\/span><\/h4>\n<p>Anche\u00a0<strong>AlimentaMente<\/strong>\u00a0ci attende\u00a0<strong>domenica 13 luglio<\/strong>\u00a0Da Carozzi con un laboratorio dedicato ai pi\u00f9 piccoli. Con il\u00a0<a href=\"https:\/\/www.montagnelagodicomo.it\/listings\/alimentamente\/\" target=\"_blank\" rel=\"noopener\"><em>Percorso Olistico nella Natura<\/em><\/a>, i bimbi potranno vivere un\u2019esperienza olistica in cui apprendere ad ascoltare le proprie emozioni, in armonia con la natura e attraverso la consapevolezza del respiro, attraverso un percorso multi sensoriale.<\/p>\n<h4><\/h4>\n<h4><span style=\"color: #e62083;\">UN PERCORSO PER PRENDERSI CURA DEL PROPRIO BENESSER<\/span>E<\/h4>\n<p>Con\u00a0<a href=\"https:\/\/www.montagnelagodicomo.it\/listings\/alimentamente\/\" target=\"_blank\" rel=\"noopener\"><em>Ritrova il tuo potenziale<\/em><\/a>\u00a0e\u00a0<em><a href=\"https:\/\/www.montagnelagodicomo.it\/listings\/alimentamente\/\" target=\"_blank\" rel=\"noopener\">Armonia&amp;Benessere<\/a>\u00a0Olistico<\/em>, anche i pi\u00f9 grandi possono prendersi cura del proprio benessere.<\/p>\n<p><strong>AlimentaMente<\/strong>\u00a0propone un percorso su misura, una full immersion nella natura, dedicato al nostro BenEssere e per migliori performance sportive e un viaggio immersivo per ri-trovare la serenit\u00e0 e l\u2019equilibrio interiore ed esteriore.<\/p>\n<h4><\/h4>\n<h4><span class=\"tinyMce-placeholder\" style=\"color: #e62083;\">VACANZE TRA NATURA E CULTURA A &#8218;LA CASA DEL SARTO&#8216;<\/span><\/h4>\n<p>Per vacanze all&#8217;insegna della cultura e della natura,<strong>\u00a0<em><a href=\"https:\/\/www.montagnelagodicomo.it\/listings\/la-casa-del-sarto\/\" target=\"_blank\" rel=\"noopener\">La Casa del Sarto &#8211; Rooms and Apartments<\/a><\/em><\/strong>\u00a0ci attende a Lecco. Da qui, possiamo raggiungere i luoghi manzoniani, o pedalare lungo Ciclovia dell&#8217;Adda. Ogni mattina saremo accolti da fresche colazioni fatte in casa, arricchite da piatti caldi preparati al momento, nella tranquillit\u00e0 della corte interna; potremo noleggiare biciclette ed essere accompagnati nelle nostre escursioni giornaliere dal lunch box. Un ottimo punto di partenza per esplorare Lecco e i suoi dintorni!<\/p>\n<h5><\/h5>\n<p style=\"text-align: center;\">Montagne del Lago di Como augura a tutti buon mese di luglio!\u2600\ufe0f<\/p>\n<h5><\/h5>\n<p style=\"text-align: right;\">Foto di Emilio Buzzella<\/p>\n<p style=\"text-align: center;\"><span style=\"color: #ff6600;\"><strong>Vuoi ricevere la newsletter? Scrivici a info@montagnelagodicomo.it<\/strong><\/span><\/p>\n<p style=\"text-align: right;\">\n","protected":false},"excerpt":{"rendered":"<p>Care\/i amiche\/ci, Luglio sta per iniziare! Tra vacanze, momenti di relax e fughe dalla citt\u00e0, perch\u00e8 non venire a trascorrere l&#8217;estate tra le montagne del Lago di Como?\ud83c\udf04 &#8218;GIIR DI MONT&#8216; &#8211; UNA SFIDA SUGLI ALPEGGI DI PREMANA Nato come sfida su un percorso che unisse i 12 alpeggi del territorio premanese, il\u00a0Giir di Mont\u00a0(in [&hellip;]<\/p>\n","protected":false},"author":4,"featured_media":66107,"comment_status":"open","ping_status":"open","sticky":false,"template":"","format":"standard","meta":{"_acf_changed":false,"footnotes":""},"categories":[145],"tags":[1120,1295,1881,1951,1599,1210],"class_list":["post-99590","post","type-post","status-publish","format-standard","has-post-thumbnail","hentry","category-non-categorizzato","tag-estate","tag-eventi","tag-idee","tag-luglio","tag-proposte","tag-weekend"],"acf":[],"yoast_head":"<!-- This site is optimized with the Yoast SEO plugin v25.0 - https:\/\/yoast.com\/wordpress\/plugins\/seo\/ -->\n<title>Le nostre proposte per Luglio - Lago di Como e Valsassina<\/title>\n<meta name=\"description\" content=\"Care\/i amiche\/ci, Luglio sta per iniziare! Tra vacanze, momenti di relax e fughe dalla citt\u00e0, perch\u00e8 non venire a trascorrere l&#039;estate tra le montagne del Lago di Como?\ud83c\udf04\" \/>\n<meta name=\"robots\" content=\"index, follow, max-snippet:-1, max-image-preview:large, max-video-preview:-1\" \/>\n<link rel=\"canonical\" href=\"https:\/\/www.montagnelagodicomo.it\/2025\/06\/27\/le-nostre-proposte-per-luglio-2\/\" \/>\n<meta property=\"og:locale\" content=\"de_DE\" \/>\n<meta property=\"og:type\" content=\"article\" \/>\n<meta property=\"og:title\" content=\"Le nostre proposte per Luglio - Lago di Como e Valsassina\" \/>\n<meta property=\"og:description\" content=\"Care\/i amiche\/ci, Luglio sta per iniziare! Tra vacanze, momenti di relax e fughe dalla citt\u00e0, perch\u00e8 non venire a trascorrere l&#039;estate tra le montagne del Lago di Como?\ud83c\udf04\" \/>\n<meta property=\"og:url\" content=\"https:\/\/www.montagnelagodicomo.it\/2025\/06\/27\/le-nostre-proposte-per-luglio-2\/\" \/>\n<meta property=\"og:site_name\" content=\"Lago di Como e Valsassina\" \/>\n<meta property=\"article:publisher\" content=\"https:\/\/www.facebook.com\/montagnelagodicomo\" \/>\n<meta property=\"article:published_time\" content=\"2025-06-27T14:50:10+00:00\" \/>\n<meta property=\"article:modified_time\" content=\"2025-06-27T15:15:51+00:00\" \/>\n<meta property=\"og:image\" content=\"https:\/\/www.montagnelagodicomo.it\/wp-content\/uploads\/2020\/05\/MLC-eventi-estate_Emilio-Buzzella.jpg\" \/>\n\t<meta property=\"og:image:width\" content=\"1920\" \/>\n\t<meta property=\"og:image:height\" content=\"768\" \/>\n\t<meta property=\"og:image:type\" content=\"image\/jpeg\" \/>\n<meta name=\"author\" content=\"Lago di Como 3\" \/>\n<meta name=\"twitter:card\" content=\"summary_large_image\" \/>\n<meta name=\"twitter:creator\" content=\"@MontagneLago\" \/>\n<meta name=\"twitter:site\" content=\"@MontagneLago\" \/>\n<meta name=\"twitter:label1\" content=\"Verfasst von\" \/>\n\t<meta name=\"twitter:data1\" content=\"Lago di Como 3\" \/>\n\t<meta name=\"twitter:label2\" content=\"Gesch\u00e4tzte Lesezeit\" \/>\n\t<meta name=\"twitter:data2\" content=\"7\u00a0Minuten\" \/>\n<script type=\"application\/ld+json\" class=\"yoast-schema-graph\">{\"@context\":\"https:\/\/schema.org\",\"@graph\":[{\"@type\":\"Article\",\"@id\":\"https:\/\/www.montagnelagodicomo.it\/2025\/06\/27\/le-nostre-proposte-per-luglio-2\/#article\",\"isPartOf\":{\"@id\":\"https:\/\/www.montagnelagodicomo.it\/2025\/06\/27\/le-nostre-proposte-per-luglio-2\/\"},\"author\":{\"name\":\"Lago di Como 3\",\"@id\":\"https:\/\/www.montagnelagodicomo.it\/#\/schema\/person\/62387dee120171fb5c03a77fe5169f1e\"},\"headline\":\"Le nostre proposte per Luglio\",\"datePublished\":\"2025-06-27T14:50:10+00:00\",\"dateModified\":\"2025-06-27T15:15:51+00:00\",\"mainEntityOfPage\":{\"@id\":\"https:\/\/www.montagnelagodicomo.it\/2025\/06\/27\/le-nostre-proposte-per-luglio-2\/\"},\"wordCount\":1092,\"commentCount\":0,\"publisher\":{\"@id\":\"https:\/\/www.montagnelagodicomo.it\/#organization\"},\"image\":{\"@id\":\"https:\/\/www.montagnelagodicomo.it\/2025\/06\/27\/le-nostre-proposte-per-luglio-2\/#primaryimage\"},\"thumbnailUrl\":\"https:\/\/www.montagnelagodicomo.it\/wp-content\/uploads\/2020\/05\/MLC-eventi-estate_Emilio-Buzzella.jpg\",\"keywords\":[\"estate\",\"eventi\",\"idee\",\"luglio\",\"proposte\",\"weekend\"],\"articleSection\":[\"Non categorizzato\"],\"inLanguage\":\"de\",\"potentialAction\":[{\"@type\":\"CommentAction\",\"name\":\"Comment\",\"target\":[\"https:\/\/www.montagnelagodicomo.it\/2025\/06\/27\/le-nostre-proposte-per-luglio-2\/#respond\"]}]},{\"@type\":\"WebPage\",\"@id\":\"https:\/\/www.montagnelagodicomo.it\/2025\/06\/27\/le-nostre-proposte-per-luglio-2\/\",\"url\":\"https:\/\/www.montagnelagodicomo.it\/2025\/06\/27\/le-nostre-proposte-per-luglio-2\/\",\"name\":\"Le nostre proposte per Luglio - Lago di Como e Valsassina\",\"isPartOf\":{\"@id\":\"https:\/\/www.montagnelagodicomo.it\/#website\"},\"primaryImageOfPage\":{\"@id\":\"https:\/\/www.montagnelagodicomo.it\/2025\/06\/27\/le-nostre-proposte-per-luglio-2\/#primaryimage\"},\"image\":{\"@id\":\"https:\/\/www.montagnelagodicomo.it\/2025\/06\/27\/le-nostre-proposte-per-luglio-2\/#primaryimage\"},\"thumbnailUrl\":\"https:\/\/www.montagnelagodicomo.it\/wp-content\/uploads\/2020\/05\/MLC-eventi-estate_Emilio-Buzzella.jpg\",\"datePublished\":\"2025-06-27T14:50:10+00:00\",\"dateModified\":\"2025-06-27T15:15:51+00:00\",\"description\":\"Care\/i amiche\/ci, Luglio sta per iniziare! Tra vacanze, momenti di relax e fughe dalla citt\u00e0, perch\u00e8 non venire a trascorrere l'estate tra le montagne del Lago di Como?\ud83c\udf04\",\"breadcrumb\":{\"@id\":\"https:\/\/www.montagnelagodicomo.it\/2025\/06\/27\/le-nostre-proposte-per-luglio-2\/#breadcrumb\"},\"inLanguage\":\"de\",\"potentialAction\":[{\"@type\":\"ReadAction\",\"target\":[\"https:\/\/www.montagnelagodicomo.it\/2025\/06\/27\/le-nostre-proposte-per-luglio-2\/\"]}]},{\"@type\":\"ImageObject\",\"inLanguage\":\"de\",\"@id\":\"https:\/\/www.montagnelagodicomo.it\/2025\/06\/27\/le-nostre-proposte-per-luglio-2\/#primaryimage\",\"url\":\"https:\/\/www.montagnelagodicomo.it\/wp-content\/uploads\/2020\/05\/MLC-eventi-estate_Emilio-Buzzella.jpg\",\"contentUrl\":\"https:\/\/www.montagnelagodicomo.it\/wp-content\/uploads\/2020\/05\/MLC-eventi-estate_Emilio-Buzzella.jpg\",\"width\":1920,\"height\":768},{\"@type\":\"BreadcrumbList\",\"@id\":\"https:\/\/www.montagnelagodicomo.it\/2025\/06\/27\/le-nostre-proposte-per-luglio-2\/#breadcrumb\",\"itemListElement\":[{\"@type\":\"ListItem\",\"position\":1,\"name\":\"Home\",\"item\":\"https:\/\/www.montagnelagodicomo.it\/de\/\"},{\"@type\":\"ListItem\",\"position\":2,\"name\":\"Le nostre proposte per Luglio\"}]},{\"@type\":\"WebSite\",\"@id\":\"https:\/\/www.montagnelagodicomo.it\/#website\",\"url\":\"https:\/\/www.montagnelagodicomo.it\/\",\"name\":\"Lago di Como e Valsassina\",\"description\":\"\",\"publisher\":{\"@id\":\"https:\/\/www.montagnelagodicomo.it\/#organization\"},\"potentialAction\":[{\"@type\":\"SearchAction\",\"target\":{\"@type\":\"EntryPoint\",\"urlTemplate\":\"https:\/\/www.montagnelagodicomo.it\/?s={search_term_string}\"},\"query-input\":{\"@type\":\"PropertyValueSpecification\",\"valueRequired\":true,\"valueName\":\"search_term_string\"}}],\"inLanguage\":\"de\"},{\"@type\":\"Organization\",\"@id\":\"https:\/\/www.montagnelagodicomo.it\/#organization\",\"name\":\"Montagne del Lago di Como\",\"url\":\"https:\/\/www.montagnelagodicomo.it\/\",\"logo\":{\"@type\":\"ImageObject\",\"inLanguage\":\"de\",\"@id\":\"https:\/\/www.montagnelagodicomo.it\/#\/schema\/logo\/image\/\",\"url\":\"https:\/\/www.montagnelagodicomo.it\/wp-content\/uploads\/2016\/07\/DEF_Montagne_LagodiComo_04112015_png.png\",\"contentUrl\":\"https:\/\/www.montagnelagodicomo.it\/wp-content\/uploads\/2016\/07\/DEF_Montagne_LagodiComo_04112015_png.png\",\"width\":2997,\"height\":835,\"caption\":\"Montagne del Lago di Como\"},\"image\":{\"@id\":\"https:\/\/www.montagnelagodicomo.it\/#\/schema\/logo\/image\/\"},\"sameAs\":[\"https:\/\/www.facebook.com\/montagnelagodicomo\",\"https:\/\/x.com\/MontagneLago\",\"https:\/\/www.youtube.com\/channel\/UCDoxghWmgQnHlQ78rzZuUjA\"]},{\"@type\":\"Person\",\"@id\":\"https:\/\/www.montagnelagodicomo.it\/#\/schema\/person\/62387dee120171fb5c03a77fe5169f1e\",\"name\":\"Lago di Como 3\",\"image\":{\"@type\":\"ImageObject\",\"inLanguage\":\"de\",\"@id\":\"https:\/\/www.montagnelagodicomo.it\/#\/schema\/person\/image\/\",\"url\":\"https:\/\/secure.gravatar.com\/avatar\/177606e9ed7370bc5cd946f4243ac59920e657438575f65d56f2ebfb41996b8f?s=96&d=mm&r=g\",\"contentUrl\":\"https:\/\/secure.gravatar.com\/avatar\/177606e9ed7370bc5cd946f4243ac59920e657438575f65d56f2ebfb41996b8f?s=96&d=mm&r=g\",\"caption\":\"Lago di Como 3\"},\"url\":\"https:\/\/www.montagnelagodicomo.it\/de\/author\/lago-di-como-3\/\"}]}<\/script>\n<!-- \/ Yoast SEO plugin. -->","yoast_head_json":{"title":"Le nostre proposte per Luglio - Lago di Como e Valsassina","description":"Care\/i amiche\/ci, Luglio sta per iniziare! Tra vacanze, momenti di relax e fughe dalla citt\u00e0, perch\u00e8 non venire a trascorrere l'estate tra le montagne del Lago di Como?\ud83c\udf04","robots":{"index":"index","follow":"follow","max-snippet":"max-snippet:-1","max-image-preview":"max-image-preview:large","max-video-preview":"max-video-preview:-1"},"canonical":"https:\/\/www.montagnelagodicomo.it\/2025\/06\/27\/le-nostre-proposte-per-luglio-2\/","og_locale":"de_DE","og_type":"article","og_title":"Le nostre proposte per Luglio - Lago di Como e Valsassina","og_description":"Care\/i amiche\/ci, Luglio sta per iniziare! Tra vacanze, momenti di relax e fughe dalla citt\u00e0, perch\u00e8 non venire a trascorrere l'estate tra le montagne del Lago di Como?\ud83c\udf04","og_url":"https:\/\/www.montagnelagodicomo.it\/2025\/06\/27\/le-nostre-proposte-per-luglio-2\/","og_site_name":"Lago di Como e Valsassina","article_publisher":"https:\/\/www.facebook.com\/montagnelagodicomo","article_published_time":"2025-06-27T14:50:10+00:00","article_modified_time":"2025-06-27T15:15:51+00:00","og_image":[{"width":1920,"height":768,"url":"https:\/\/www.montagnelagodicomo.it\/wp-content\/uploads\/2020\/05\/MLC-eventi-estate_Emilio-Buzzella.jpg","type":"image\/jpeg"}],"author":"Lago di Como 3","twitter_card":"summary_large_image","twitter_creator":"@MontagneLago","twitter_site":"@MontagneLago","twitter_misc":{"Verfasst von":"Lago di Como 3","Gesch\u00e4tzte Lesezeit":"7\u00a0Minuten"},"schema":{"@context":"https:\/\/schema.org","@graph":[{"@type":"Article","@id":"https:\/\/www.montagnelagodicomo.it\/2025\/06\/27\/le-nostre-proposte-per-luglio-2\/#article","isPartOf":{"@id":"https:\/\/www.montagnelagodicomo.it\/2025\/06\/27\/le-nostre-proposte-per-luglio-2\/"},"author":{"name":"Lago di Como 3","@id":"https:\/\/www.montagnelagodicomo.it\/#\/schema\/person\/62387dee120171fb5c03a77fe5169f1e"},"headline":"Le nostre proposte per Luglio","datePublished":"2025-06-27T14:50:10+00:00","dateModified":"2025-06-27T15:15:51+00:00","mainEntityOfPage":{"@id":"https:\/\/www.montagnelagodicomo.it\/2025\/06\/27\/le-nostre-proposte-per-luglio-2\/"},"wordCount":1092,"commentCount":0,"publisher":{"@id":"https:\/\/www.montagnelagodicomo.it\/#organization"},"image":{"@id":"https:\/\/www.montagnelagodicomo.it\/2025\/06\/27\/le-nostre-proposte-per-luglio-2\/#primaryimage"},"thumbnailUrl":"https:\/\/www.montagnelagodicomo.it\/wp-content\/uploads\/2020\/05\/MLC-eventi-estate_Emilio-Buzzella.jpg","keywords":["estate","eventi","idee","luglio","proposte","weekend"],"articleSection":["Non categorizzato"],"inLanguage":"de","potentialAction":[{"@type":"CommentAction","name":"Comment","target":["https:\/\/www.montagnelagodicomo.it\/2025\/06\/27\/le-nostre-proposte-per-luglio-2\/#respond"]}]},{"@type":"WebPage","@id":"https:\/\/www.montagnelagodicomo.it\/2025\/06\/27\/le-nostre-proposte-per-luglio-2\/","url":"https:\/\/www.montagnelagodicomo.it\/2025\/06\/27\/le-nostre-proposte-per-luglio-2\/","name":"Le nostre proposte per Luglio - Lago di Como e Valsassina","isPartOf":{"@id":"https:\/\/www.montagnelagodicomo.it\/#website"},"primaryImageOfPage":{"@id":"https:\/\/www.montagnelagodicomo.it\/2025\/06\/27\/le-nostre-proposte-per-luglio-2\/#primaryimage"},"image":{"@id":"https:\/\/www.montagnelagodicomo.it\/2025\/06\/27\/le-nostre-proposte-per-luglio-2\/#primaryimage"},"thumbnailUrl":"https:\/\/www.montagnelagodicomo.it\/wp-content\/uploads\/2020\/05\/MLC-eventi-estate_Emilio-Buzzella.jpg","datePublished":"2025-06-27T14:50:10+00:00","dateModified":"2025-06-27T15:15:51+00:00","description":"Care\/i amiche\/ci, Luglio sta per iniziare! Tra vacanze, momenti di relax e fughe dalla citt\u00e0, perch\u00e8 non venire a trascorrere l'estate tra le montagne del Lago di Como?\ud83c\udf04","breadcrumb":{"@id":"https:\/\/www.montagnelagodicomo.it\/2025\/06\/27\/le-nostre-proposte-per-luglio-2\/#breadcrumb"},"inLanguage":"de","potentialAction":[{"@type":"ReadAction","target":["https:\/\/www.montagnelagodicomo.it\/2025\/06\/27\/le-nostre-proposte-per-luglio-2\/"]}]},{"@type":"ImageObject","inLanguage":"de","@id":"https:\/\/www.montagnelagodicomo.it\/2025\/06\/27\/le-nostre-proposte-per-luglio-2\/#primaryimage","url":"https:\/\/www.montagnelagodicomo.it\/wp-content\/uploads\/2020\/05\/MLC-eventi-estate_Emilio-Buzzella.jpg","contentUrl":"https:\/\/www.montagnelagodicomo.it\/wp-content\/uploads\/2020\/05\/MLC-eventi-estate_Emilio-Buzzella.jpg","width":1920,"height":768},{"@type":"BreadcrumbList","@id":"https:\/\/www.montagnelagodicomo.it\/2025\/06\/27\/le-nostre-proposte-per-luglio-2\/#breadcrumb","itemListElement":[{"@type":"ListItem","position":1,"name":"Home","item":"https:\/\/www.montagnelagodicomo.it\/de\/"},{"@type":"ListItem","position":2,"name":"Le nostre proposte per Luglio"}]},{"@type":"WebSite","@id":"https:\/\/www.montagnelagodicomo.it\/#website","url":"https:\/\/www.montagnelagodicomo.it\/","name":"Lago di Como e Valsassina","description":"","publisher":{"@id":"https:\/\/www.montagnelagodicomo.it\/#organization"},"potentialAction":[{"@type":"SearchAction","target":{"@type":"EntryPoint","urlTemplate":"https:\/\/www.montagnelagodicomo.it\/?s={search_term_string}"},"query-input":{"@type":"PropertyValueSpecification","valueRequired":true,"valueName":"search_term_string"}}],"inLanguage":"de"},{"@type":"Organization","@id":"https:\/\/www.montagnelagodicomo.it\/#organization","name":"Montagne del Lago di Como","url":"https:\/\/www.montagnelagodicomo.it\/","logo":{"@type":"ImageObject","inLanguage":"de","@id":"https:\/\/www.montagnelagodicomo.it\/#\/schema\/logo\/image\/","url":"https:\/\/www.montagnelagodicomo.it\/wp-content\/uploads\/2016\/07\/DEF_Montagne_LagodiComo_04112015_png.png","contentUrl":"https:\/\/www.montagnelagodicomo.it\/wp-content\/uploads\/2016\/07\/DEF_Montagne_LagodiComo_04112015_png.png","width":2997,"height":835,"caption":"Montagne del Lago di Como"},"image":{"@id":"https:\/\/www.montagnelagodicomo.it\/#\/schema\/logo\/image\/"},"sameAs":["https:\/\/www.facebook.com\/montagnelagodicomo","https:\/\/x.com\/MontagneLago","https:\/\/www.youtube.com\/channel\/UCDoxghWmgQnHlQ78rzZuUjA"]},{"@type":"Person","@id":"https:\/\/www.montagnelagodicomo.it\/#\/schema\/person\/62387dee120171fb5c03a77fe5169f1e","name":"Lago di Como 3","image":{"@type":"ImageObject","inLanguage":"de","@id":"https:\/\/www.montagnelagodicomo.it\/#\/schema\/person\/image\/","url":"https:\/\/secure.gravatar.com\/avatar\/177606e9ed7370bc5cd946f4243ac59920e657438575f65d56f2ebfb41996b8f?s=96&d=mm&r=g","contentUrl":"https:\/\/secure.gravatar.com\/avatar\/177606e9ed7370bc5cd946f4243ac59920e657438575f65d56f2ebfb41996b8f?s=96&d=mm&r=g","caption":"Lago di Como 3"},"url":"https:\/\/www.montagnelagodicomo.it\/de\/author\/lago-di-como-3\/"}]}},"_links":{"self":[{"href":"https:\/\/www.montagnelagodicomo.it\/de\/wp-json\/wp\/v2\/posts\/99590","targetHints":{"allow":["GET"]}}],"collection":[{"href":"https:\/\/www.montagnelagodicomo.it\/de\/wp-json\/wp\/v2\/posts"}],"about":[{"href":"https:\/\/www.montagnelagodicomo.it\/de\/wp-json\/wp\/v2\/types\/post"}],"author":[{"embeddable":true,"href":"https:\/\/www.montagnelagodicomo.it\/de\/wp-json\/wp\/v2\/users\/4"}],"replies":[{"embeddable":true,"href":"https:\/\/www.montagnelagodicomo.it\/de\/wp-json\/wp\/v2\/comments?post=99590"}],"version-history":[{"count":6,"href":"https:\/\/www.montagnelagodicomo.it\/de\/wp-json\/wp\/v2\/posts\/99590\/revisions"}],"predecessor-version":[{"id":99596,"href":"https:\/\/www.montagnelagodicomo.it\/de\/wp-json\/wp\/v2\/posts\/99590\/revisions\/99596"}],"wp:featuredmedia":[{"embeddable":true,"href":"https:\/\/www.montagnelagodicomo.it\/de\/wp-json\/wp\/v2\/media\/66107"}],"wp:attachment":[{"href":"https:\/\/www.montagnelagodicomo.it\/de\/wp-json\/wp\/v2\/media?parent=99590"}],"wp:term":[{"taxonomy":"category","embeddable":true,"href":"https:\/\/www.montagnelagodicomo.it\/de\/wp-json\/wp\/v2\/categories?post=99590"},{"taxonomy":"post_tag","embeddable":true,"href":"https:\/\/www.montagnelagodicomo.it\/de\/wp-json\/wp\/v2\/tags?post=99590"}],"curies":[{"name":"wp","href":"https:\/\/api.w.org\/{rel}","templated":true}]}}