{"id":99905,"date":"2025-07-31T13:53:22","date_gmt":"2025-07-31T11:53:22","guid":{"rendered":"https:\/\/www.montagnelagodicomo.it\/2025\/07\/31\/le-nostre-proposte-per-luglio-3\/"},"modified":"2025-07-31T14:09:32","modified_gmt":"2025-07-31T12:09:32","slug":"le-nostre-proposte-per-agosto","status":"publish","type":"post","link":"https:\/\/www.montagnelagodicomo.it\/de\/2025\/07\/31\/le-nostre-proposte-per-agosto\/","title":{"rendered":"Le nostre proposte per Agosto"},"content":{"rendered":"<h5><img fetchpriority=\"high\" decoding=\"async\" class=\" wp-image-71522 aligncenter\" style=\"font-size: 16px; font-weight: 400; text-align: right;\" src=\"https:\/\/www.montagnelagodicomo.it\/wp-content\/uploads\/2021\/03\/1-Panorama-MLC-primavera_Emilio-Buzzella_wide-300x120.jpg\" alt=\"\" width=\"683\" height=\"273\" srcset=\"https:\/\/www.montagnelagodicomo.it\/wp-content\/uploads\/2021\/03\/1-Panorama-MLC-primavera_Emilio-Buzzella_wide-300x120.jpg 300w, https:\/\/www.montagnelagodicomo.it\/wp-content\/uploads\/2021\/03\/1-Panorama-MLC-primavera_Emilio-Buzzella_wide-1024x410.jpg 1024w, https:\/\/www.montagnelagodicomo.it\/wp-content\/uploads\/2021\/03\/1-Panorama-MLC-primavera_Emilio-Buzzella_wide-768x307.jpg 768w, https:\/\/www.montagnelagodicomo.it\/wp-content\/uploads\/2021\/03\/1-Panorama-MLC-primavera_Emilio-Buzzella_wide-1536x614.jpg 1536w, https:\/\/www.montagnelagodicomo.it\/wp-content\/uploads\/2021\/03\/1-Panorama-MLC-primavera_Emilio-Buzzella_wide.jpg 1920w\" sizes=\"(max-width: 683px) 100vw, 683px\" \/><\/h5>\n<p>Care\/i amiche\/ci,<\/p>\n<p>il tempo passa e un nuovo mese sta per iniziare: diamo il benvenuto ad agosto!\u2600\ufe0f<br \/>\n\u00c8 ancora tempo di vacanze, escursioni e scoperte&#8230; Approfittiamone per vivere nuove esperienze tra le meraviglie delle Montagne del Lago di Como!<\/p>\n<h5><\/h5>\n<h4><span class=\"tinyMce-placeholder\"><span style=\"color: #03a603;\">VELA VIVA 15 &#8211; IN BARCA A VELA SULLE ACQUE DEL LAGO<\/span>\u26f5<\/span><\/h4>\n<p>La Federazione Italiana Vela organizza\u00a0<em><strong><a href=\"https:\/\/www.montagnelagodicomo.it\/events\/vela-viva-15-veleggiata-sul-lago-di-como\/\" target=\"_blank\" rel=\"noopener\">Vela Viva 15<\/a>\u00a0<\/strong><\/em>\u2013 una veleggiata che si terr\u00e0\u00a0<strong>sabato\u00a030 agosto<\/strong>, contemporaneamente su ben sette laghi.<br \/>\nVela Viva 15 \u00e8 aperta anche al pubblico gratuitamente, con sessioni di prove in barca a vela, simulatore per ragazzi, conferenze e incontri tematici.<br \/>\nQuale modo migliore per scoprire il nostro lago, se non vivendolo?<\/p>\n<h5><\/h5>\n<h4><span class=\"tinyMce-placeholder\"><span style=\"color: #03a603;\">I MENU&#8216; DI FERRAGOSTO &#8211; IL NOSTRO TERRITORIO A TAVOLA!<\/span>\ud83c\udf74<\/span><\/h4>\n<p>Lasciati avvolgere dai sapori delle Montagne del Lago di Como: a\u00a0<strong>Ferragosto<\/strong>\u00a0i\u00a0<em>ristoranti<\/em>, i\u00a0<em>rifugi<\/em>\u00a0e gli\u00a0<em>agriturismi<\/em>\u00a0ci aspettano per trascorrere una giornata estiva di festa.<\/p>\n<p><strong><a href=\"https:\/\/www.montagnelagodicomo.it\/2025\/07\/30\/i-menu-di-ferragosto-sulle-montagne-del-lago-di-como\/\" target=\"_blank\" rel=\"noopener\">Scopri tutti i men\u00f9 e prenota!<\/a><\/strong><\/p>\n<h5><\/h5>\n<h4><span class=\"tinyMce-placeholder\"><span style=\"color: #03a603;\">UN TUFFO NEL PASSATO &#8211; CORENNO PLINIO E IL MEDIOEVO<\/span>\u2694<\/span><\/h4>\n<p><strong>Sabato 23 agosto<\/strong>, il borgo di\u00a0<em><strong><a href=\"https:\/\/www.montagnelagodicomo.it\/events\/medievale-a-corenno-plinio-2\/\" target=\"_blank\" rel=\"noopener\">Corenno Plinio<\/a><\/strong><\/em>\u00a0si trasformer\u00e0 in un borgo medievale: per tutta la giornata, si potranno ammirare antichi mestieri, arcieri, musiche, balli, cavalieri.<br \/>\nNon mancheranno visite guidate al castello, al borgo e attivit\u00e0 e laboratori per bambini.<\/p>\n<p>Non perderti questo tuffo nel passato!<\/p>\n<h5><\/h5>\n<h4><span class=\"tinyMce-placeholder\"><span style=\"color: #03a603;\">SERATE DI AGOSTO IN MUSICA<\/span>\ud83c\udfbc<\/span><\/h4>\n<p>Il\u00a0<strong>Corpo Musicale S. Cecilia di Barzio<\/strong>\u00a0ha organizzato per l\u2019estate una serie di\u00a0appuntamenti musicali,<em>\u00a0<\/em>che allieteranno anche le sere d&#8217;agosto.<br \/>\nUn tour di\u00a0<a href=\"https:\/\/www.montagnelagodicomo.it\/events\/serata-in-musica-corpo-musicale-s-cecilia-barzio\/\" target=\"_blank\" rel=\"noopener\"><em><strong>Serate<\/strong><\/em>\u00a0<em><strong>in musica<\/strong><\/em><\/a><em><strong>\u00a0<\/strong><\/em>nei paesi della Valsassina.<\/p>\n<h5><\/h5>\n<h4><span class=\"tinyMce-placeholder\"><span style=\"color: #03a603;\">FESTA, MUSICA E SAPORI A CASARGO<\/span>\ud83c\udf8a<\/span><\/h4>\n<p>L&#8216;<strong>Albergo Alpino di Casargo\u00a0<\/strong>ti aspetta per tutto il mese: serate di festa, musica, giochi, e ovviamente buon cibo, ti terranno compagnia!<br \/>\nAppuntamento con\u00a0<em><strong><a href=\"https:\/\/www.montagnelagodicomo.it\/events\/all-you-can-sciatt-albergo-alpino\/\" target=\"_blank\" rel=\"noopener\">&#8218;<\/a><a href=\"https:\/\/www.montagnelagodicomo.it\/events\/all-you-can-sciatt-albergo-alpino\/\" target=\"_blank\" rel=\"noopener\">All You Can Sciatt&#8216;<\/a><\/strong><\/em>,\u00a0<strong><em><a href=\"https:\/\/www.montagnelagodicomo.it\/events\/serata-karaoke-disney-albergo-alpino\/\" target=\"_blank\" rel=\"noopener\">&#8218;Karaoke Disney&#8216;<\/a>\u00a0<\/em><\/strong>e\u00a0<a href=\"https:\/\/www.montagnelagodicomo.it\/events\/serata-gelato-artigianale-albergo-alpino\/\" target=\"_blank\" rel=\"noopener\"><em><strong>&#8218;Serata Gelato Artigianale<\/strong><\/em>&#8218;<\/a>: scopri quale serata fa per te!<\/p>\n<h5><\/h5>\n<h4><span class=\"tinyMce-placeholder\"><span style=\"color: #03a603;\">IL LAGO DA UN PUNTO DI VISTA ALTERNATIVO CON &#8218;ECONOLEGGIO COMO LAKE&#8216;<\/span>\ud83d\udef5<\/span><\/h4>\n<p>Se cerchi un modo alternativo per visitare il Lago di Como,<strong>\u00a0<em><a href=\"https:\/\/www.montagnelagodicomo.it\/events\/alla-scoperta-del-lago-con-econoleggio-como-lake\/\" target=\"_blank\" rel=\"noopener\">Econoleggio Como Lake<\/a><\/em><\/strong>\u00a0potrebbe avere qualcosa per te.<br \/>\nIn sella a uno\u00a0<em>scooter elettrico<\/em>\u00a0o a una\u00a0<em>bicicletta<\/em>, oppure navigando sulle acque del lago a bordo di una\u00a0<em>barca elettrica<\/em>: da Colico puoi partire per belle avventure!<\/p>\n<h5><\/h5>\n<h4><span class=\"tinyMce-placeholder\"><span style=\"color: #03a603;\">A &#8218;VILLA SIMONA&#8216; PER UNA VACANZA SUL LAGO<\/span>\u2600\ufe0f<\/span><\/h4>\n<p>Immerso nella tranquillit\u00e0 di un parco e piccoli angoli di relax, la\u00a0<em><strong><a href=\"https:\/\/www.montagnelagodicomo.it\/listings\/foresteria-lombarda-villa-simona\/\" target=\"_blank\" rel=\"noopener\">Foresteria Villa Simona<\/a><\/strong>\u00a0<\/em>a Colico \u00e8 il punto di appoggio ideale per esplorare l&#8217;alto Lago di Como.<br \/>\nVilla Simona offre quattro camere tutte dotate di ogni comfort. Nella piccola e accogliente sala colazioni, ci attender\u00e0 una colazione con dolci fatti in casa, frutta del giardino, marmellate, formaggi e salumi.<br \/>\nPer i viandanti che decidono di percorrere i cammini delle nostre zone, Villa Simona ha anche il timbro per il\u00a0Passaporto del\u00a0Sentiero del Viandante.<\/p>\n<h5><\/h5>\n<h4><span class=\"tinyMce-placeholder\"><span style=\"color: #03a603;\">MUSICA E DANZE PER &#8218;LA BELLA STAGIONE&#8216;<\/span>\ud83c\udfb6<\/span><\/h4>\n<p><a href=\"https:\/\/www.montagnelagodicomo.it\/events\/la-bella-stagione-serate-danzanti-al-ristorante-pizzeria-belvedere\/\" target=\"_blank\" rel=\"noopener\"><em><strong>La Bella Stagione<\/strong><\/em><\/a>\u00a0al\u00a0<strong>Ristorante Pizzeria Belvedere di Narro\u00a0<\/strong>continua in festa! Musica, balli e serate sotto le stelle: un calendario straordinario di serate danzanti con possibilit\u00e0 di cena. Grandi orchestre, atmosfera unica e una terrazza affacciata sulla Valsassina dove cenare, brindare e lasciarsi trasportare dal ritmo.<\/p>\n<h5><\/h5>\n<h4><span class=\"tinyMce-placeholder\"><span style=\"color: #03a603;\">MONTI E ALPEGGI DA SCOPRIRE ALL&#8217;AGRITURISMO COSTA DEL PALIO<\/span>\u26f0<\/span><\/h4>\n<p><span class=\"tinyMce-placeholder\"><em><strong><a href=\"https:\/\/www.montagnelagodicomo.it\/events\/estate-2025-allagriturismo-costa-del-palio-morterone\/\" target=\"_blank\" rel=\"noopener\">Estate 2025<\/a><\/strong><\/em>\u00a0ricca di iniziative all\u2019<strong>Agriturismo Costa del Palio.<br \/>\n<\/strong>Non perderti tutte le date e gli eventi organizzati: aperitivi, sapori dell\u2019alpe, laboratori, feste\u2026 ti aspettano a Morterone!\u00a0<\/span><\/p>\n<h5><\/h5>\n<h4><span class=\"tinyMce-placeholder\"><span style=\"color: #03a603;\">ARTE &amp; MINIERE &#8211; UN&#8217;ESPERIENZA ARTISTICA DENTRO LA MONTAGNA<\/span>\u26cf<\/span><\/h4>\n<p>Presso il\u00a0<strong>sito minerario\u00a0di Cortabbio di Primaluna<\/strong>\u00a0continua la Mostra\u00a0<strong><em><a href=\"https:\/\/www.montagnelagodicomo.it\/events\/rimuovere-una-mostra-presso-la-miniera-cortabbio-di-primaluna\/\" target=\"_blank\" rel=\"noopener\">\u201cRimuovere\u201d<\/a><\/em><\/strong>, a cura del\u00a0collettivo\u00a0Tra.me.<br \/>\nNelle gallerie delle miniere, sar\u00e0 possibile vedere le opere esposte durante le visite guidate e, per i pi\u00f9 interessati, non pu\u00f2 mancare la visita direttamente con l&#8217;artista.<\/p>\n<h5><\/h5>\n<h4><span style=\"color: #03a603;\">&#8218;PANORAMA D&#8217;ESTATE&#8216; &#8211; TRA SERATE MUSICALI E SGUARDO AL CIELO<\/span>\ud83d\udd2d<\/h4>\n<p>Al\u00a0<strong>Panorama Caff\u00e8 di Vestreno<\/strong>, gli appuntamenti di<strong>\u00a0<a href=\"https:\/\/www.montagnelagodicomo.it\/events\/panorama-destate-2025-panorama-caffe-vestreno-2\/\" target=\"_blank\" rel=\"noopener\"><em>Panorama D&#8217;Estate<\/em><\/a><\/strong>\u00a0non si fermano: serate musicali di vario genere, dal jazz alle serate danzanti, dai gruppi acustici alle band, oltre all\u2019immancabile appuntamento con le osservazioni del cielo, arricchiscono il mese di agosto.<\/p>\n<h5><\/h5>\n<h4><span class=\"tinyMce-placeholder\"><span style=\"color: #03a603;\">&#8218;NINJA SPLASH&#8216; &#8211; SFIDA L&#8217;ACQUA TRA OSTACOLI E PERCORSI<\/span>\ud83c\udf0a<\/span><\/h4>\n<p dir=\"auto\">Per un\u2019estate rinfrescante e ricca di divertimento, c\u2019\u00e8 il\u00a0<strong><a href=\"https:\/\/www.montagnelagodicomo.it\/events\/ninja-splash-parco-acquatico-dervio\/\" target=\"_blank\" rel=\"noopener\"><em>Ninja Splash<\/em><\/a>\u00a0<\/strong>ad attenderci a\u00a0<strong>Dervio<\/strong>!<\/p>\n<p>Il Parco Acquatico sulle acque del Lago di Como \u00e8 una sfida per appassionati di sport e per bambini, che amano arrampicarsi, scivolare e tuffarsi in acqua. I percorsi a ostacoli hanno diversi livelli di difficolt\u00e0 per grandi e piccoli.<\/p>\n<h5><\/h5>\n<p style=\"text-align: center;\">Montagne del Lago di Como augura a tutti buon mese di agosto!\u2600\ufe0f<\/p>\n<h5><\/h5>\n<p style=\"text-align: right;\">Foto di Emilio Buzzella<\/p>\n<p style=\"text-align: center;\"><span style=\"color: #ff6600;\"><strong>Vuoi ricevere la newsletter? Scrivici a info@montagnelagodicomo.it<\/strong><\/span><\/p>\n<p style=\"text-align: right;\">\n","protected":false},"excerpt":{"rendered":"<p>Care\/i amiche\/ci, il tempo passa e un nuovo mese sta per iniziare: diamo il benvenuto ad agosto!\u2600\ufe0f \u00c8 ancora tempo di vacanze, escursioni e scoperte&#8230; Approfittiamone per vivere nuove esperienze tra le meraviglie delle Montagne del Lago di Como! VELA VIVA 15 &#8211; IN BARCA A VELA SULLE ACQUE DEL LAGO\u26f5 La Federazione Italiana Vela [&hellip;]<\/p>\n","protected":false},"author":4,"featured_media":71522,"comment_status":"open","ping_status":"open","sticky":false,"template":"","format":"standard","meta":{"_acf_changed":false,"footnotes":""},"categories":[145],"tags":[1754,1120,1295,1881,1599,1210],"class_list":["post-99905","post","type-post","status-publish","format-standard","has-post-thumbnail","hentry","category-non-categorizzato","tag-agosto","tag-estate","tag-eventi","tag-idee","tag-proposte","tag-weekend"],"acf":[],"yoast_head":"<!-- This site is optimized with the Yoast SEO plugin v25.0 - https:\/\/yoast.com\/wordpress\/plugins\/seo\/ -->\n<title>Le nostre proposte per Agosto - Lago di Como e Valsassina<\/title>\n<meta name=\"description\" content=\"Care\/i amiche\/ci, Luglio sta per iniziare! Tra vacanze, momenti di relax e fughe dalla citt\u00e0, perch\u00e8 non venire a trascorrere l&#039;estate tra le montagne del Lago di Como?\ud83c\udf04\" \/>\n<meta name=\"robots\" content=\"index, follow, max-snippet:-1, max-image-preview:large, max-video-preview:-1\" \/>\n<link rel=\"canonical\" href=\"https:\/\/www.montagnelagodicomo.it\/2025\/07\/31\/le-nostre-proposte-per-agosto\/\" \/>\n<meta property=\"og:locale\" content=\"de_DE\" \/>\n<meta property=\"og:type\" content=\"article\" \/>\n<meta property=\"og:title\" content=\"Le nostre proposte per Agosto - Lago di Como e Valsassina\" \/>\n<meta property=\"og:description\" content=\"Care\/i amiche\/ci, Luglio sta per iniziare! Tra vacanze, momenti di relax e fughe dalla citt\u00e0, perch\u00e8 non venire a trascorrere l&#039;estate tra le montagne del Lago di Como?\ud83c\udf04\" \/>\n<meta property=\"og:url\" content=\"https:\/\/www.montagnelagodicomo.it\/2025\/07\/31\/le-nostre-proposte-per-agosto\/\" \/>\n<meta property=\"og:site_name\" content=\"Lago di Como e Valsassina\" \/>\n<meta property=\"article:publisher\" content=\"https:\/\/www.facebook.com\/montagnelagodicomo\" \/>\n<meta property=\"article:published_time\" content=\"2025-07-31T11:53:22+00:00\" \/>\n<meta property=\"article:modified_time\" content=\"2025-07-31T12:09:32+00:00\" \/>\n<meta property=\"og:image\" content=\"https:\/\/www.montagnelagodicomo.it\/wp-content\/uploads\/2021\/03\/1-Panorama-MLC-primavera_Emilio-Buzzella_wide.jpg\" \/>\n\t<meta property=\"og:image:width\" content=\"1920\" \/>\n\t<meta property=\"og:image:height\" content=\"768\" \/>\n\t<meta property=\"og:image:type\" content=\"image\/jpeg\" \/>\n<meta name=\"author\" content=\"Lago di Como 3\" \/>\n<meta name=\"twitter:card\" content=\"summary_large_image\" \/>\n<meta name=\"twitter:creator\" content=\"@MontagneLago\" \/>\n<meta name=\"twitter:site\" content=\"@MontagneLago\" \/>\n<meta name=\"twitter:label1\" content=\"Verfasst von\" \/>\n\t<meta name=\"twitter:data1\" content=\"Lago di Como 3\" \/>\n\t<meta name=\"twitter:label2\" content=\"Gesch\u00e4tzte Lesezeit\" \/>\n\t<meta name=\"twitter:data2\" content=\"5\u00a0Minuten\" \/>\n<script type=\"application\/ld+json\" class=\"yoast-schema-graph\">{\"@context\":\"https:\/\/schema.org\",\"@graph\":[{\"@type\":\"Article\",\"@id\":\"https:\/\/www.montagnelagodicomo.it\/2025\/07\/31\/le-nostre-proposte-per-agosto\/#article\",\"isPartOf\":{\"@id\":\"https:\/\/www.montagnelagodicomo.it\/2025\/07\/31\/le-nostre-proposte-per-agosto\/\"},\"author\":{\"name\":\"Lago di Como 3\",\"@id\":\"https:\/\/www.montagnelagodicomo.it\/#\/schema\/person\/62387dee120171fb5c03a77fe5169f1e\"},\"headline\":\"Le nostre proposte per Agosto\",\"datePublished\":\"2025-07-31T11:53:22+00:00\",\"dateModified\":\"2025-07-31T12:09:32+00:00\",\"mainEntityOfPage\":{\"@id\":\"https:\/\/www.montagnelagodicomo.it\/2025\/07\/31\/le-nostre-proposte-per-agosto\/\"},\"wordCount\":733,\"commentCount\":0,\"publisher\":{\"@id\":\"https:\/\/www.montagnelagodicomo.it\/#organization\"},\"image\":{\"@id\":\"https:\/\/www.montagnelagodicomo.it\/2025\/07\/31\/le-nostre-proposte-per-agosto\/#primaryimage\"},\"thumbnailUrl\":\"https:\/\/www.montagnelagodicomo.it\/wp-content\/uploads\/2021\/03\/1-Panorama-MLC-primavera_Emilio-Buzzella_wide.jpg\",\"keywords\":[\"agosto\",\"estate\",\"eventi\",\"idee\",\"proposte\",\"weekend\"],\"articleSection\":[\"Non categorizzato\"],\"inLanguage\":\"de\",\"potentialAction\":[{\"@type\":\"CommentAction\",\"name\":\"Comment\",\"target\":[\"https:\/\/www.montagnelagodicomo.it\/2025\/07\/31\/le-nostre-proposte-per-agosto\/#respond\"]}]},{\"@type\":\"WebPage\",\"@id\":\"https:\/\/www.montagnelagodicomo.it\/2025\/07\/31\/le-nostre-proposte-per-agosto\/\",\"url\":\"https:\/\/www.montagnelagodicomo.it\/2025\/07\/31\/le-nostre-proposte-per-agosto\/\",\"name\":\"Le nostre proposte per Agosto - Lago di Como e Valsassina\",\"isPartOf\":{\"@id\":\"https:\/\/www.montagnelagodicomo.it\/#website\"},\"primaryImageOfPage\":{\"@id\":\"https:\/\/www.montagnelagodicomo.it\/2025\/07\/31\/le-nostre-proposte-per-agosto\/#primaryimage\"},\"image\":{\"@id\":\"https:\/\/www.montagnelagodicomo.it\/2025\/07\/31\/le-nostre-proposte-per-agosto\/#primaryimage\"},\"thumbnailUrl\":\"https:\/\/www.montagnelagodicomo.it\/wp-content\/uploads\/2021\/03\/1-Panorama-MLC-primavera_Emilio-Buzzella_wide.jpg\",\"datePublished\":\"2025-07-31T11:53:22+00:00\",\"dateModified\":\"2025-07-31T12:09:32+00:00\",\"description\":\"Care\/i amiche\/ci, Luglio sta per iniziare! Tra vacanze, momenti di relax e fughe dalla citt\u00e0, perch\u00e8 non venire a trascorrere l'estate tra le montagne del Lago di Como?\ud83c\udf04\",\"breadcrumb\":{\"@id\":\"https:\/\/www.montagnelagodicomo.it\/2025\/07\/31\/le-nostre-proposte-per-agosto\/#breadcrumb\"},\"inLanguage\":\"de\",\"potentialAction\":[{\"@type\":\"ReadAction\",\"target\":[\"https:\/\/www.montagnelagodicomo.it\/2025\/07\/31\/le-nostre-proposte-per-agosto\/\"]}]},{\"@type\":\"ImageObject\",\"inLanguage\":\"de\",\"@id\":\"https:\/\/www.montagnelagodicomo.it\/2025\/07\/31\/le-nostre-proposte-per-agosto\/#primaryimage\",\"url\":\"https:\/\/www.montagnelagodicomo.it\/wp-content\/uploads\/2021\/03\/1-Panorama-MLC-primavera_Emilio-Buzzella_wide.jpg\",\"contentUrl\":\"https:\/\/www.montagnelagodicomo.it\/wp-content\/uploads\/2021\/03\/1-Panorama-MLC-primavera_Emilio-Buzzella_wide.jpg\",\"width\":1920,\"height\":768},{\"@type\":\"BreadcrumbList\",\"@id\":\"https:\/\/www.montagnelagodicomo.it\/2025\/07\/31\/le-nostre-proposte-per-agosto\/#breadcrumb\",\"itemListElement\":[{\"@type\":\"ListItem\",\"position\":1,\"name\":\"Home\",\"item\":\"https:\/\/www.montagnelagodicomo.it\/de\/\"},{\"@type\":\"ListItem\",\"position\":2,\"name\":\"Le nostre proposte per Agosto\"}]},{\"@type\":\"WebSite\",\"@id\":\"https:\/\/www.montagnelagodicomo.it\/#website\",\"url\":\"https:\/\/www.montagnelagodicomo.it\/\",\"name\":\"Lago di Como e Valsassina\",\"description\":\"\",\"publisher\":{\"@id\":\"https:\/\/www.montagnelagodicomo.it\/#organization\"},\"potentialAction\":[{\"@type\":\"SearchAction\",\"target\":{\"@type\":\"EntryPoint\",\"urlTemplate\":\"https:\/\/www.montagnelagodicomo.it\/?s={search_term_string}\"},\"query-input\":{\"@type\":\"PropertyValueSpecification\",\"valueRequired\":true,\"valueName\":\"search_term_string\"}}],\"inLanguage\":\"de\"},{\"@type\":\"Organization\",\"@id\":\"https:\/\/www.montagnelagodicomo.it\/#organization\",\"name\":\"Montagne del Lago di Como\",\"url\":\"https:\/\/www.montagnelagodicomo.it\/\",\"logo\":{\"@type\":\"ImageObject\",\"inLanguage\":\"de\",\"@id\":\"https:\/\/www.montagnelagodicomo.it\/#\/schema\/logo\/image\/\",\"url\":\"https:\/\/www.montagnelagodicomo.it\/wp-content\/uploads\/2016\/07\/DEF_Montagne_LagodiComo_04112015_png.png\",\"contentUrl\":\"https:\/\/www.montagnelagodicomo.it\/wp-content\/uploads\/2016\/07\/DEF_Montagne_LagodiComo_04112015_png.png\",\"width\":2997,\"height\":835,\"caption\":\"Montagne del Lago di Como\"},\"image\":{\"@id\":\"https:\/\/www.montagnelagodicomo.it\/#\/schema\/logo\/image\/\"},\"sameAs\":[\"https:\/\/www.facebook.com\/montagnelagodicomo\",\"https:\/\/x.com\/MontagneLago\",\"https:\/\/www.youtube.com\/channel\/UCDoxghWmgQnHlQ78rzZuUjA\"]},{\"@type\":\"Person\",\"@id\":\"https:\/\/www.montagnelagodicomo.it\/#\/schema\/person\/62387dee120171fb5c03a77fe5169f1e\",\"name\":\"Lago di Como 3\",\"image\":{\"@type\":\"ImageObject\",\"inLanguage\":\"de\",\"@id\":\"https:\/\/www.montagnelagodicomo.it\/#\/schema\/person\/image\/\",\"url\":\"https:\/\/secure.gravatar.com\/avatar\/177606e9ed7370bc5cd946f4243ac59920e657438575f65d56f2ebfb41996b8f?s=96&d=mm&r=g\",\"contentUrl\":\"https:\/\/secure.gravatar.com\/avatar\/177606e9ed7370bc5cd946f4243ac59920e657438575f65d56f2ebfb41996b8f?s=96&d=mm&r=g\",\"caption\":\"Lago di Como 3\"},\"url\":\"https:\/\/www.montagnelagodicomo.it\/de\/author\/lago-di-como-3\/\"}]}<\/script>\n<!-- \/ Yoast SEO plugin. -->","yoast_head_json":{"title":"Le nostre proposte per Agosto - Lago di Como e Valsassina","description":"Care\/i amiche\/ci, Luglio sta per iniziare! Tra vacanze, momenti di relax e fughe dalla citt\u00e0, perch\u00e8 non venire a trascorrere l'estate tra le montagne del Lago di Como?\ud83c\udf04","robots":{"index":"index","follow":"follow","max-snippet":"max-snippet:-1","max-image-preview":"max-image-preview:large","max-video-preview":"max-video-preview:-1"},"canonical":"https:\/\/www.montagnelagodicomo.it\/2025\/07\/31\/le-nostre-proposte-per-agosto\/","og_locale":"de_DE","og_type":"article","og_title":"Le nostre proposte per Agosto - Lago di Como e Valsassina","og_description":"Care\/i amiche\/ci, Luglio sta per iniziare! Tra vacanze, momenti di relax e fughe dalla citt\u00e0, perch\u00e8 non venire a trascorrere l'estate tra le montagne del Lago di Como?\ud83c\udf04","og_url":"https:\/\/www.montagnelagodicomo.it\/2025\/07\/31\/le-nostre-proposte-per-agosto\/","og_site_name":"Lago di Como e Valsassina","article_publisher":"https:\/\/www.facebook.com\/montagnelagodicomo","article_published_time":"2025-07-31T11:53:22+00:00","article_modified_time":"2025-07-31T12:09:32+00:00","og_image":[{"width":1920,"height":768,"url":"https:\/\/www.montagnelagodicomo.it\/wp-content\/uploads\/2021\/03\/1-Panorama-MLC-primavera_Emilio-Buzzella_wide.jpg","type":"image\/jpeg"}],"author":"Lago di Como 3","twitter_card":"summary_large_image","twitter_creator":"@MontagneLago","twitter_site":"@MontagneLago","twitter_misc":{"Verfasst von":"Lago di Como 3","Gesch\u00e4tzte Lesezeit":"5\u00a0Minuten"},"schema":{"@context":"https:\/\/schema.org","@graph":[{"@type":"Article","@id":"https:\/\/www.montagnelagodicomo.it\/2025\/07\/31\/le-nostre-proposte-per-agosto\/#article","isPartOf":{"@id":"https:\/\/www.montagnelagodicomo.it\/2025\/07\/31\/le-nostre-proposte-per-agosto\/"},"author":{"name":"Lago di Como 3","@id":"https:\/\/www.montagnelagodicomo.it\/#\/schema\/person\/62387dee120171fb5c03a77fe5169f1e"},"headline":"Le nostre proposte per Agosto","datePublished":"2025-07-31T11:53:22+00:00","dateModified":"2025-07-31T12:09:32+00:00","mainEntityOfPage":{"@id":"https:\/\/www.montagnelagodicomo.it\/2025\/07\/31\/le-nostre-proposte-per-agosto\/"},"wordCount":733,"commentCount":0,"publisher":{"@id":"https:\/\/www.montagnelagodicomo.it\/#organization"},"image":{"@id":"https:\/\/www.montagnelagodicomo.it\/2025\/07\/31\/le-nostre-proposte-per-agosto\/#primaryimage"},"thumbnailUrl":"https:\/\/www.montagnelagodicomo.it\/wp-content\/uploads\/2021\/03\/1-Panorama-MLC-primavera_Emilio-Buzzella_wide.jpg","keywords":["agosto","estate","eventi","idee","proposte","weekend"],"articleSection":["Non categorizzato"],"inLanguage":"de","potentialAction":[{"@type":"CommentAction","name":"Comment","target":["https:\/\/www.montagnelagodicomo.it\/2025\/07\/31\/le-nostre-proposte-per-agosto\/#respond"]}]},{"@type":"WebPage","@id":"https:\/\/www.montagnelagodicomo.it\/2025\/07\/31\/le-nostre-proposte-per-agosto\/","url":"https:\/\/www.montagnelagodicomo.it\/2025\/07\/31\/le-nostre-proposte-per-agosto\/","name":"Le nostre proposte per Agosto - Lago di Como e Valsassina","isPartOf":{"@id":"https:\/\/www.montagnelagodicomo.it\/#website"},"primaryImageOfPage":{"@id":"https:\/\/www.montagnelagodicomo.it\/2025\/07\/31\/le-nostre-proposte-per-agosto\/#primaryimage"},"image":{"@id":"https:\/\/www.montagnelagodicomo.it\/2025\/07\/31\/le-nostre-proposte-per-agosto\/#primaryimage"},"thumbnailUrl":"https:\/\/www.montagnelagodicomo.it\/wp-content\/uploads\/2021\/03\/1-Panorama-MLC-primavera_Emilio-Buzzella_wide.jpg","datePublished":"2025-07-31T11:53:22+00:00","dateModified":"2025-07-31T12:09:32+00:00","description":"Care\/i amiche\/ci, Luglio sta per iniziare! Tra vacanze, momenti di relax e fughe dalla citt\u00e0, perch\u00e8 non venire a trascorrere l'estate tra le montagne del Lago di Como?\ud83c\udf04","breadcrumb":{"@id":"https:\/\/www.montagnelagodicomo.it\/2025\/07\/31\/le-nostre-proposte-per-agosto\/#breadcrumb"},"inLanguage":"de","potentialAction":[{"@type":"ReadAction","target":["https:\/\/www.montagnelagodicomo.it\/2025\/07\/31\/le-nostre-proposte-per-agosto\/"]}]},{"@type":"ImageObject","inLanguage":"de","@id":"https:\/\/www.montagnelagodicomo.it\/2025\/07\/31\/le-nostre-proposte-per-agosto\/#primaryimage","url":"https:\/\/www.montagnelagodicomo.it\/wp-content\/uploads\/2021\/03\/1-Panorama-MLC-primavera_Emilio-Buzzella_wide.jpg","contentUrl":"https:\/\/www.montagnelagodicomo.it\/wp-content\/uploads\/2021\/03\/1-Panorama-MLC-primavera_Emilio-Buzzella_wide.jpg","width":1920,"height":768},{"@type":"BreadcrumbList","@id":"https:\/\/www.montagnelagodicomo.it\/2025\/07\/31\/le-nostre-proposte-per-agosto\/#breadcrumb","itemListElement":[{"@type":"ListItem","position":1,"name":"Home","item":"https:\/\/www.montagnelagodicomo.it\/de\/"},{"@type":"ListItem","position":2,"name":"Le nostre proposte per Agosto"}]},{"@type":"WebSite","@id":"https:\/\/www.montagnelagodicomo.it\/#website","url":"https:\/\/www.montagnelagodicomo.it\/","name":"Lago di Como e Valsassina","description":"","publisher":{"@id":"https:\/\/www.montagnelagodicomo.it\/#organization"},"potentialAction":[{"@type":"SearchAction","target":{"@type":"EntryPoint","urlTemplate":"https:\/\/www.montagnelagodicomo.it\/?s={search_term_string}"},"query-input":{"@type":"PropertyValueSpecification","valueRequired":true,"valueName":"search_term_string"}}],"inLanguage":"de"},{"@type":"Organization","@id":"https:\/\/www.montagnelagodicomo.it\/#organization","name":"Montagne del Lago di Como","url":"https:\/\/www.montagnelagodicomo.it\/","logo":{"@type":"ImageObject","inLanguage":"de","@id":"https:\/\/www.montagnelagodicomo.it\/#\/schema\/logo\/image\/","url":"https:\/\/www.montagnelagodicomo.it\/wp-content\/uploads\/2016\/07\/DEF_Montagne_LagodiComo_04112015_png.png","contentUrl":"https:\/\/www.montagnelagodicomo.it\/wp-content\/uploads\/2016\/07\/DEF_Montagne_LagodiComo_04112015_png.png","width":2997,"height":835,"caption":"Montagne del Lago di Como"},"image":{"@id":"https:\/\/www.montagnelagodicomo.it\/#\/schema\/logo\/image\/"},"sameAs":["https:\/\/www.facebook.com\/montagnelagodicomo","https:\/\/x.com\/MontagneLago","https:\/\/www.youtube.com\/channel\/UCDoxghWmgQnHlQ78rzZuUjA"]},{"@type":"Person","@id":"https:\/\/www.montagnelagodicomo.it\/#\/schema\/person\/62387dee120171fb5c03a77fe5169f1e","name":"Lago di Como 3","image":{"@type":"ImageObject","inLanguage":"de","@id":"https:\/\/www.montagnelagodicomo.it\/#\/schema\/person\/image\/","url":"https:\/\/secure.gravatar.com\/avatar\/177606e9ed7370bc5cd946f4243ac59920e657438575f65d56f2ebfb41996b8f?s=96&d=mm&r=g","contentUrl":"https:\/\/secure.gravatar.com\/avatar\/177606e9ed7370bc5cd946f4243ac59920e657438575f65d56f2ebfb41996b8f?s=96&d=mm&r=g","caption":"Lago di Como 3"},"url":"https:\/\/www.montagnelagodicomo.it\/de\/author\/lago-di-como-3\/"}]}},"_links":{"self":[{"href":"https:\/\/www.montagnelagodicomo.it\/de\/wp-json\/wp\/v2\/posts\/99905","targetHints":{"allow":["GET"]}}],"collection":[{"href":"https:\/\/www.montagnelagodicomo.it\/de\/wp-json\/wp\/v2\/posts"}],"about":[{"href":"https:\/\/www.montagnelagodicomo.it\/de\/wp-json\/wp\/v2\/types\/post"}],"author":[{"embeddable":true,"href":"https:\/\/www.montagnelagodicomo.it\/de\/wp-json\/wp\/v2\/users\/4"}],"replies":[{"embeddable":true,"href":"https:\/\/www.montagnelagodicomo.it\/de\/wp-json\/wp\/v2\/comments?post=99905"}],"version-history":[{"count":4,"href":"https:\/\/www.montagnelagodicomo.it\/de\/wp-json\/wp\/v2\/posts\/99905\/revisions"}],"predecessor-version":[{"id":99909,"href":"https:\/\/www.montagnelagodicomo.it\/de\/wp-json\/wp\/v2\/posts\/99905\/revisions\/99909"}],"wp:featuredmedia":[{"embeddable":true,"href":"https:\/\/www.montagnelagodicomo.it\/de\/wp-json\/wp\/v2\/media\/71522"}],"wp:attachment":[{"href":"https:\/\/www.montagnelagodicomo.it\/de\/wp-json\/wp\/v2\/media?parent=99905"}],"wp:term":[{"taxonomy":"category","embeddable":true,"href":"https:\/\/www.montagnelagodicomo.it\/de\/wp-json\/wp\/v2\/categories?post=99905"},{"taxonomy":"post_tag","embeddable":true,"href":"https:\/\/www.montagnelagodicomo.it\/de\/wp-json\/wp\/v2\/tags?post=99905"}],"curies":[{"name":"wp","href":"https:\/\/api.w.org\/{rel}","templated":true}]}}