{"id":72967,"date":"2021-05-31T15:14:50","date_gmt":"2021-05-31T13:14:50","guid":{"rendered":"https:\/\/www.montagnelagodicomo.it\/?p=72967"},"modified":"2021-05-31T15:16:20","modified_gmt":"2021-05-31T13:16:20","slug":"mlc-e-il-consorzio-albergatori-lecchesi-uniti-per-rilanciare-il-turismo","status":"publish","type":"post","link":"https:\/\/www.montagnelagodicomo.it\/en\/2021\/05\/31\/mlc-e-il-consorzio-albergatori-lecchesi-uniti-per-rilanciare-il-turismo\/","title":{"rendered":"MLC e il Consorzio Albergatori Lecchesi, uniti per rilanciare il turismo"},"content":{"rendered":"<p><img decoding=\"async\" class=\"size-medium wp-image-25458 aligncenter\" src=\"https:\/\/www.montagnelagodicomo.it\/wp-content\/uploads\/2017\/02\/banner-Logo-MLC-300x105.png\" alt=\"\" width=\"300\" height=\"105\" srcset=\"https:\/\/www.montagnelagodicomo.it\/wp-content\/uploads\/2017\/02\/banner-Logo-MLC-300x105.png 300w, https:\/\/www.montagnelagodicomo.it\/wp-content\/uploads\/2017\/02\/banner-Logo-MLC.png 686w\" sizes=\"(max-width: 300px) 100vw, 300px\" \/><\/p>\n<p><span style=\"font-family: Arial, sans-serif;\"><u><b>COMUNICATO STAMPA DEL 31\/05\/2021<\/b><\/u><\/span><\/p>\n<p align=\"CENTER\"><span style=\"font-family: Arial, sans-serif;\"><span style=\"font-size: large;\"><b>UNITI PER RILANCIARE IL TURISMO<\/b><\/span><\/span><\/p>\n<p align=\"CENTER\"><span style=\"font-family: Arial, sans-serif;\"><span style=\"font-size: medium;\"><b>La rete di imprese \u201cMontagne del Lago di Como\u201d ed il \u201cConsorzio albergatori lecchesi\u201d hanno concluso un accordo per la promozione e commercializzazione<\/b><\/span><\/span><\/p>\n<p align=\"JUSTIFY\"><span style=\"font-family: Arial, sans-serif;\"><span style=\"font-size: medium;\">La rete di imprese \u201cMontagne del Lago di Como\u201d, ed il Consorzio \u201cAlbergatori Lecchesi\u201d, hanno concluso un accordo di collaborazione per serrare le fila e concentrare gli sforzi nella riconquista dei mercati del turismo italiani ed esteri.<\/span><\/span><\/p>\n<p align=\"JUSTIFY\"><span style=\"font-family: Arial, sans-serif;\"><span style=\"font-size: medium;\">L\u2019accordo consente alle imprese del Consorzio Albergatori di accedere agli strumenti di promozione che Montagne del Lago di Como mette a disposizione dei suoi associati.<\/span><\/span><\/p>\n<p align=\"JUSTIFY\">\u201c<span style=\"font-family: Arial, sans-serif;\"><span style=\"font-size: medium;\">Abbiamo apprezzato\u201d \u2013 dichiara <\/span><\/span><span style=\"font-family: Arial, sans-serif;\"><span style=\"font-size: medium;\"><b>Fabio Dadati<\/b><\/span><\/span><span style=\"font-family: Arial, sans-serif;\"><span style=\"font-size: medium;\">, Presidente del Consorzio Albergatori Lecchesi e titolare del Ristorante Da Giovannino \u2013 \u201cla concretezza e professionalit\u00e0 della Rete, che con costanza ha saputo creare un mix interessante di strumenti per la commercializzazione dei servizi Turistici\u201d.<\/span><\/span><\/p>\n<p align=\"JUSTIFY\"><span style=\"font-family: Arial, sans-serif;\"><span style=\"font-size: medium;\">Una sinergia vantaggiosa per tutti come spiega <\/span><\/span><span style=\"font-family: Arial, sans-serif;\"><span style=\"font-size: medium;\"><b>Stefano Gianola<\/b><\/span><\/span><span style=\"font-family: Arial, sans-serif;\"><span style=\"font-size: medium;\">, Presidente della Rete di Imprese: \u201cSi tratta per la nostra organizzazione di un grande momento che premia il lavoro di tanti anni. L\u2019ingresso nella rete di strutture ricettive cos\u00ec importanti \u00e8 una grande opportunit\u00e0 perch\u00e9 moltiplica la nostra capacit\u00e0 di proporci al mercato nazionale ed internazionale con un\u2019offerta ampia che spazia dalla piccola struttura ricettiva, agli hotel pi\u00f9 grandi del territorio\u201d.<\/span><\/span><\/p>\n<p align=\"JUSTIFY\"><span style=\"font-family: Arial, sans-serif;\"><span style=\"font-size: medium;\">L\u2019accordo ha gi\u00e0 dispiegato i suoi effetti con l\u2019ingresso nella rete Montagne del Lago di Como dei primi due soci del Consorzio: l\u2019<\/span><\/span><span style=\"font-family: Arial, sans-serif;\"><span style=\"font-size: medium;\"><b>NH Lecco Pontevecchio <\/b><\/span><\/span><span style=\"font-family: Arial, sans-serif;\"><span style=\"font-size: medium;\">ed il <\/span><\/span><span style=\"font-family: Arial, sans-serif;\"><span style=\"font-size: medium;\"><b>Ristorante Da Giovannino<\/b><\/span><\/span><span style=\"font-family: Arial, sans-serif;\"><span style=\"font-size: medium;\"> di Malgrate con il \u201cboutique &amp; design hotel\u201d collegato, <\/span><\/span><span style=\"font-family: Arial, sans-serif;\"><span style=\"font-size: medium;\"><b>La Casa Sull\u2019Albero<\/b><\/span><\/span><span style=\"font-family: Arial, sans-serif;\"><span style=\"font-size: medium;\">, e dal prossimo anno con l\u2019Hotel Promessi Sposi, completamente rinnovato.<\/span><\/span><\/p>\n<p align=\"JUSTIFY\">\u201c<span style=\"font-family: Arial, sans-serif;\"><span style=\"font-size: medium;\">Abbiamo aderito alla rete perch\u00e9 crediamo nel valore del territorio in cui operiamo\u201d \u2013 dichiara <\/span><\/span><span style=\"font-family: Arial, sans-serif;\"><span style=\"font-size: medium;\"><b>Alessandra Giovanniello<\/b><\/span><\/span><span style=\"font-family: Arial, sans-serif;\"><span style=\"font-size: medium;\">, neodirettrice dell\u2019NH Lecco Pontevecchio, parte della catena internazionale NH Hotel Group. \u201cIl nostro hotel \u00e8 al tempo stesso un nodo di un grande gruppo alberghiero, che conta 350 hotel in 28 Paesi, ma soprattutto parte importante e integrante dell\u2019offerta turistica locale: motivo per cui siamo impegnati a costruire collaborazioni e creare sinergie con gli altri professionisti del settore. Tutti noi operatori abbiamo un obiettivo comune: far crescere il turismo di questo ramo del Lago di Como\u201d.<\/span><\/span><\/p>\n<p align=\"JUSTIFY\">\u201c<span style=\"font-family: Arial, sans-serif;\"><span style=\"font-size: medium;\">Il turismo \u00e8 un settore economico complesso che necessita di professionalit\u00e0 e specializzazione\u201d \u2013 spiega <\/span><\/span><span style=\"font-family: Arial, sans-serif;\"><span style=\"font-size: medium;\"><b>Fabio Dadati<\/b><\/span><\/span><span style=\"font-family: Arial, sans-serif;\"><span style=\"font-size: medium;\"> \u2013 \u201cCon il ristorante e l\u2019hotel abbiamo creato un\u2019offerta di qualit\u00e0 che proponiamo sia al nostro territorio sia al mercato turistico nazionale ed internazionale. La collaborazione con Montagne del Lago di Como ci consente di aggiungere nuovi strumenti al nostro arsenale di promozione per far conoscere sempre di pi\u00f9 la nostra proposta\u201d.<\/span><\/span><\/p>\n<p align=\"JUSTIFY\"><span style=\"font-family: Arial, sans-serif;\"><span style=\"font-size: medium;\">Lecco \u2013 Crandola V., 31 maggio 2021<\/span><\/span><\/p>\n","protected":false},"excerpt":{"rendered":"<p>COMUNICATO STAMPA DEL 31\/05\/2021 UNITI PER RILANCIARE IL TURISMO La rete di imprese \u201cMontagne del Lago di Como\u201d ed il \u201cConsorzio albergatori lecchesi\u201d hanno concluso un accordo per la promozione e commercializzazione La rete di imprese \u201cMontagne del Lago di Como\u201d, ed il Consorzio \u201cAlbergatori Lecchesi\u201d, hanno concluso un accordo di collaborazione per serrare le [&hellip;]<\/p>\n","protected":false},"author":1,"featured_media":25458,"comment_status":"open","ping_status":"open","sticky":false,"template":"","format":"standard","meta":{"_acf_changed":false,"footnotes":""},"categories":[145],"tags":[],"class_list":["post-72967","post","type-post","status-publish","format-standard","has-post-thumbnail","hentry","category-non-categorizzato"],"acf":[],"yoast_head":"<!-- This site is optimized with the Yoast SEO plugin v25.0 - https:\/\/yoast.com\/wordpress\/plugins\/seo\/ -->\n<title>MLC e il Consorzio Albergatori Lecchesi, uniti per rilanciare il turismo - Lago di Como e Valsassina<\/title>\n<meta name=\"robots\" content=\"index, follow, max-snippet:-1, max-image-preview:large, max-video-preview:-1\" \/>\n<link rel=\"canonical\" href=\"https:\/\/www.montagnelagodicomo.it\/2021\/05\/31\/mlc-e-il-consorzio-albergatori-lecchesi-uniti-per-rilanciare-il-turismo\/\" \/>\n<meta property=\"og:locale\" content=\"en_US\" \/>\n<meta property=\"og:type\" content=\"article\" \/>\n<meta property=\"og:title\" content=\"MLC e il Consorzio Albergatori Lecchesi, uniti per rilanciare il turismo - Lago di Como e Valsassina\" \/>\n<meta property=\"og:description\" content=\"COMUNICATO STAMPA DEL 31\/05\/2021 UNITI PER RILANCIARE IL TURISMO La rete di imprese \u201cMontagne del Lago di Como\u201d ed il \u201cConsorzio albergatori lecchesi\u201d hanno concluso un accordo per la promozione e commercializzazione La rete di imprese \u201cMontagne del Lago di Como\u201d, ed il Consorzio \u201cAlbergatori Lecchesi\u201d, hanno concluso un accordo di collaborazione per serrare le [&hellip;]\" \/>\n<meta property=\"og:url\" content=\"https:\/\/www.montagnelagodicomo.it\/2021\/05\/31\/mlc-e-il-consorzio-albergatori-lecchesi-uniti-per-rilanciare-il-turismo\/\" \/>\n<meta property=\"og:site_name\" content=\"Lago di Como e Valsassina\" \/>\n<meta property=\"article:publisher\" content=\"https:\/\/www.facebook.com\/montagnelagodicomo\" \/>\n<meta property=\"article:published_time\" content=\"2021-05-31T13:14:50+00:00\" \/>\n<meta property=\"article:modified_time\" content=\"2021-05-31T13:16:20+00:00\" \/>\n<meta property=\"og:image\" content=\"https:\/\/www.montagnelagodicomo.it\/wp-content\/uploads\/2017\/02\/banner-Logo-MLC.png\" \/>\n\t<meta property=\"og:image:width\" content=\"686\" \/>\n\t<meta property=\"og:image:height\" content=\"240\" \/>\n\t<meta property=\"og:image:type\" content=\"image\/png\" \/>\n<meta name=\"author\" content=\"montagne\" \/>\n<meta name=\"twitter:card\" content=\"summary_large_image\" \/>\n<meta name=\"twitter:creator\" content=\"@MontagneLago\" \/>\n<meta name=\"twitter:site\" content=\"@MontagneLago\" \/>\n<meta name=\"twitter:label1\" content=\"Written by\" \/>\n\t<meta name=\"twitter:data1\" content=\"montagne\" \/>\n\t<meta name=\"twitter:label2\" content=\"Est. reading time\" \/>\n\t<meta name=\"twitter:data2\" content=\"3 minutes\" \/>\n<script type=\"application\/ld+json\" class=\"yoast-schema-graph\">{\"@context\":\"https:\/\/schema.org\",\"@graph\":[{\"@type\":\"Article\",\"@id\":\"https:\/\/www.montagnelagodicomo.it\/2021\/05\/31\/mlc-e-il-consorzio-albergatori-lecchesi-uniti-per-rilanciare-il-turismo\/#article\",\"isPartOf\":{\"@id\":\"https:\/\/www.montagnelagodicomo.it\/2021\/05\/31\/mlc-e-il-consorzio-albergatori-lecchesi-uniti-per-rilanciare-il-turismo\/\"},\"author\":{\"name\":\"montagne\",\"@id\":\"https:\/\/www.montagnelagodicomo.it\/#\/schema\/person\/e29d7922634eb034bc4083a91cad0954\"},\"headline\":\"MLC e il Consorzio Albergatori Lecchesi, uniti per rilanciare il turismo\",\"datePublished\":\"2021-05-31T13:14:50+00:00\",\"dateModified\":\"2021-05-31T13:16:20+00:00\",\"mainEntityOfPage\":{\"@id\":\"https:\/\/www.montagnelagodicomo.it\/2021\/05\/31\/mlc-e-il-consorzio-albergatori-lecchesi-uniti-per-rilanciare-il-turismo\/\"},\"wordCount\":435,\"commentCount\":0,\"publisher\":{\"@id\":\"https:\/\/www.montagnelagodicomo.it\/#organization\"},\"image\":{\"@id\":\"https:\/\/www.montagnelagodicomo.it\/2021\/05\/31\/mlc-e-il-consorzio-albergatori-lecchesi-uniti-per-rilanciare-il-turismo\/#primaryimage\"},\"thumbnailUrl\":\"https:\/\/www.montagnelagodicomo.it\/wp-content\/uploads\/2017\/02\/banner-Logo-MLC.png\",\"articleSection\":[\"Non categorizzato\"],\"inLanguage\":\"en-US\",\"potentialAction\":[{\"@type\":\"CommentAction\",\"name\":\"Comment\",\"target\":[\"https:\/\/www.montagnelagodicomo.it\/2021\/05\/31\/mlc-e-il-consorzio-albergatori-lecchesi-uniti-per-rilanciare-il-turismo\/#respond\"]}]},{\"@type\":\"WebPage\",\"@id\":\"https:\/\/www.montagnelagodicomo.it\/2021\/05\/31\/mlc-e-il-consorzio-albergatori-lecchesi-uniti-per-rilanciare-il-turismo\/\",\"url\":\"https:\/\/www.montagnelagodicomo.it\/2021\/05\/31\/mlc-e-il-consorzio-albergatori-lecchesi-uniti-per-rilanciare-il-turismo\/\",\"name\":\"MLC e il Consorzio Albergatori Lecchesi, uniti per rilanciare il turismo - Lago di Como e Valsassina\",\"isPartOf\":{\"@id\":\"https:\/\/www.montagnelagodicomo.it\/#website\"},\"primaryImageOfPage\":{\"@id\":\"https:\/\/www.montagnelagodicomo.it\/2021\/05\/31\/mlc-e-il-consorzio-albergatori-lecchesi-uniti-per-rilanciare-il-turismo\/#primaryimage\"},\"image\":{\"@id\":\"https:\/\/www.montagnelagodicomo.it\/2021\/05\/31\/mlc-e-il-consorzio-albergatori-lecchesi-uniti-per-rilanciare-il-turismo\/#primaryimage\"},\"thumbnailUrl\":\"https:\/\/www.montagnelagodicomo.it\/wp-content\/uploads\/2017\/02\/banner-Logo-MLC.png\",\"datePublished\":\"2021-05-31T13:14:50+00:00\",\"dateModified\":\"2021-05-31T13:16:20+00:00\",\"breadcrumb\":{\"@id\":\"https:\/\/www.montagnelagodicomo.it\/2021\/05\/31\/mlc-e-il-consorzio-albergatori-lecchesi-uniti-per-rilanciare-il-turismo\/#breadcrumb\"},\"inLanguage\":\"en-US\",\"potentialAction\":[{\"@type\":\"ReadAction\",\"target\":[\"https:\/\/www.montagnelagodicomo.it\/2021\/05\/31\/mlc-e-il-consorzio-albergatori-lecchesi-uniti-per-rilanciare-il-turismo\/\"]}]},{\"@type\":\"ImageObject\",\"inLanguage\":\"en-US\",\"@id\":\"https:\/\/www.montagnelagodicomo.it\/2021\/05\/31\/mlc-e-il-consorzio-albergatori-lecchesi-uniti-per-rilanciare-il-turismo\/#primaryimage\",\"url\":\"https:\/\/www.montagnelagodicomo.it\/wp-content\/uploads\/2017\/02\/banner-Logo-MLC.png\",\"contentUrl\":\"https:\/\/www.montagnelagodicomo.it\/wp-content\/uploads\/2017\/02\/banner-Logo-MLC.png\",\"width\":686,\"height\":240},{\"@type\":\"BreadcrumbList\",\"@id\":\"https:\/\/www.montagnelagodicomo.it\/2021\/05\/31\/mlc-e-il-consorzio-albergatori-lecchesi-uniti-per-rilanciare-il-turismo\/#breadcrumb\",\"itemListElement\":[{\"@type\":\"ListItem\",\"position\":1,\"name\":\"Home\",\"item\":\"https:\/\/www.montagnelagodicomo.it\/en\/\"},{\"@type\":\"ListItem\",\"position\":2,\"name\":\"MLC e il Consorzio Albergatori Lecchesi, uniti per rilanciare il turismo\"}]},{\"@type\":\"WebSite\",\"@id\":\"https:\/\/www.montagnelagodicomo.it\/#website\",\"url\":\"https:\/\/www.montagnelagodicomo.it\/\",\"name\":\"Lago di Como e Valsassina\",\"description\":\"\",\"publisher\":{\"@id\":\"https:\/\/www.montagnelagodicomo.it\/#organization\"},\"potentialAction\":[{\"@type\":\"SearchAction\",\"target\":{\"@type\":\"EntryPoint\",\"urlTemplate\":\"https:\/\/www.montagnelagodicomo.it\/?s={search_term_string}\"},\"query-input\":{\"@type\":\"PropertyValueSpecification\",\"valueRequired\":true,\"valueName\":\"search_term_string\"}}],\"inLanguage\":\"en-US\"},{\"@type\":\"Organization\",\"@id\":\"https:\/\/www.montagnelagodicomo.it\/#organization\",\"name\":\"Montagne del Lago di Como\",\"url\":\"https:\/\/www.montagnelagodicomo.it\/\",\"logo\":{\"@type\":\"ImageObject\",\"inLanguage\":\"en-US\",\"@id\":\"https:\/\/www.montagnelagodicomo.it\/#\/schema\/logo\/image\/\",\"url\":\"https:\/\/www.montagnelagodicomo.it\/wp-content\/uploads\/2016\/07\/DEF_Montagne_LagodiComo_04112015_png.png\",\"contentUrl\":\"https:\/\/www.montagnelagodicomo.it\/wp-content\/uploads\/2016\/07\/DEF_Montagne_LagodiComo_04112015_png.png\",\"width\":2997,\"height\":835,\"caption\":\"Montagne del Lago di Como\"},\"image\":{\"@id\":\"https:\/\/www.montagnelagodicomo.it\/#\/schema\/logo\/image\/\"},\"sameAs\":[\"https:\/\/www.facebook.com\/montagnelagodicomo\",\"https:\/\/x.com\/MontagneLago\",\"https:\/\/www.youtube.com\/channel\/UCDoxghWmgQnHlQ78rzZuUjA\"]},{\"@type\":\"Person\",\"@id\":\"https:\/\/www.montagnelagodicomo.it\/#\/schema\/person\/e29d7922634eb034bc4083a91cad0954\",\"name\":\"montagne\",\"image\":{\"@type\":\"ImageObject\",\"inLanguage\":\"en-US\",\"@id\":\"https:\/\/www.montagnelagodicomo.it\/#\/schema\/person\/image\/\",\"url\":\"https:\/\/secure.gravatar.com\/avatar\/ea758e56c15e5aff2449e6dbda52d15b66f73260605c6968eff333359d31b7ee?s=96&d=mm&r=g\",\"contentUrl\":\"https:\/\/secure.gravatar.com\/avatar\/ea758e56c15e5aff2449e6dbda52d15b66f73260605c6968eff333359d31b7ee?s=96&d=mm&r=g\",\"caption\":\"montagne\"},\"url\":\"https:\/\/www.montagnelagodicomo.it\/en\/author\/montagne\/\"}]}<\/script>\n<!-- \/ Yoast SEO plugin. -->","yoast_head_json":{"title":"MLC e il Consorzio Albergatori Lecchesi, uniti per rilanciare il turismo - Lago di Como e Valsassina","robots":{"index":"index","follow":"follow","max-snippet":"max-snippet:-1","max-image-preview":"max-image-preview:large","max-video-preview":"max-video-preview:-1"},"canonical":"https:\/\/www.montagnelagodicomo.it\/2021\/05\/31\/mlc-e-il-consorzio-albergatori-lecchesi-uniti-per-rilanciare-il-turismo\/","og_locale":"en_US","og_type":"article","og_title":"MLC e il Consorzio Albergatori Lecchesi, uniti per rilanciare il turismo - Lago di Como e Valsassina","og_description":"COMUNICATO STAMPA DEL 31\/05\/2021 UNITI PER RILANCIARE IL TURISMO La rete di imprese \u201cMontagne del Lago di Como\u201d ed il \u201cConsorzio albergatori lecchesi\u201d hanno concluso un accordo per la promozione e commercializzazione La rete di imprese \u201cMontagne del Lago di Como\u201d, ed il Consorzio \u201cAlbergatori Lecchesi\u201d, hanno concluso un accordo di collaborazione per serrare le [&hellip;]","og_url":"https:\/\/www.montagnelagodicomo.it\/2021\/05\/31\/mlc-e-il-consorzio-albergatori-lecchesi-uniti-per-rilanciare-il-turismo\/","og_site_name":"Lago di Como e Valsassina","article_publisher":"https:\/\/www.facebook.com\/montagnelagodicomo","article_published_time":"2021-05-31T13:14:50+00:00","article_modified_time":"2021-05-31T13:16:20+00:00","og_image":[{"width":686,"height":240,"url":"https:\/\/www.montagnelagodicomo.it\/wp-content\/uploads\/2017\/02\/banner-Logo-MLC.png","type":"image\/png"}],"author":"montagne","twitter_card":"summary_large_image","twitter_creator":"@MontagneLago","twitter_site":"@MontagneLago","twitter_misc":{"Written by":"montagne","Est. reading time":"3 minutes"},"schema":{"@context":"https:\/\/schema.org","@graph":[{"@type":"Article","@id":"https:\/\/www.montagnelagodicomo.it\/2021\/05\/31\/mlc-e-il-consorzio-albergatori-lecchesi-uniti-per-rilanciare-il-turismo\/#article","isPartOf":{"@id":"https:\/\/www.montagnelagodicomo.it\/2021\/05\/31\/mlc-e-il-consorzio-albergatori-lecchesi-uniti-per-rilanciare-il-turismo\/"},"author":{"name":"montagne","@id":"https:\/\/www.montagnelagodicomo.it\/#\/schema\/person\/e29d7922634eb034bc4083a91cad0954"},"headline":"MLC e il Consorzio Albergatori Lecchesi, uniti per rilanciare il turismo","datePublished":"2021-05-31T13:14:50+00:00","dateModified":"2021-05-31T13:16:20+00:00","mainEntityOfPage":{"@id":"https:\/\/www.montagnelagodicomo.it\/2021\/05\/31\/mlc-e-il-consorzio-albergatori-lecchesi-uniti-per-rilanciare-il-turismo\/"},"wordCount":435,"commentCount":0,"publisher":{"@id":"https:\/\/www.montagnelagodicomo.it\/#organization"},"image":{"@id":"https:\/\/www.montagnelagodicomo.it\/2021\/05\/31\/mlc-e-il-consorzio-albergatori-lecchesi-uniti-per-rilanciare-il-turismo\/#primaryimage"},"thumbnailUrl":"https:\/\/www.montagnelagodicomo.it\/wp-content\/uploads\/2017\/02\/banner-Logo-MLC.png","articleSection":["Non categorizzato"],"inLanguage":"en-US","potentialAction":[{"@type":"CommentAction","name":"Comment","target":["https:\/\/www.montagnelagodicomo.it\/2021\/05\/31\/mlc-e-il-consorzio-albergatori-lecchesi-uniti-per-rilanciare-il-turismo\/#respond"]}]},{"@type":"WebPage","@id":"https:\/\/www.montagnelagodicomo.it\/2021\/05\/31\/mlc-e-il-consorzio-albergatori-lecchesi-uniti-per-rilanciare-il-turismo\/","url":"https:\/\/www.montagnelagodicomo.it\/2021\/05\/31\/mlc-e-il-consorzio-albergatori-lecchesi-uniti-per-rilanciare-il-turismo\/","name":"MLC e il Consorzio Albergatori Lecchesi, uniti per rilanciare il turismo - Lago di Como e Valsassina","isPartOf":{"@id":"https:\/\/www.montagnelagodicomo.it\/#website"},"primaryImageOfPage":{"@id":"https:\/\/www.montagnelagodicomo.it\/2021\/05\/31\/mlc-e-il-consorzio-albergatori-lecchesi-uniti-per-rilanciare-il-turismo\/#primaryimage"},"image":{"@id":"https:\/\/www.montagnelagodicomo.it\/2021\/05\/31\/mlc-e-il-consorzio-albergatori-lecchesi-uniti-per-rilanciare-il-turismo\/#primaryimage"},"thumbnailUrl":"https:\/\/www.montagnelagodicomo.it\/wp-content\/uploads\/2017\/02\/banner-Logo-MLC.png","datePublished":"2021-05-31T13:14:50+00:00","dateModified":"2021-05-31T13:16:20+00:00","breadcrumb":{"@id":"https:\/\/www.montagnelagodicomo.it\/2021\/05\/31\/mlc-e-il-consorzio-albergatori-lecchesi-uniti-per-rilanciare-il-turismo\/#breadcrumb"},"inLanguage":"en-US","potentialAction":[{"@type":"ReadAction","target":["https:\/\/www.montagnelagodicomo.it\/2021\/05\/31\/mlc-e-il-consorzio-albergatori-lecchesi-uniti-per-rilanciare-il-turismo\/"]}]},{"@type":"ImageObject","inLanguage":"en-US","@id":"https:\/\/www.montagnelagodicomo.it\/2021\/05\/31\/mlc-e-il-consorzio-albergatori-lecchesi-uniti-per-rilanciare-il-turismo\/#primaryimage","url":"https:\/\/www.montagnelagodicomo.it\/wp-content\/uploads\/2017\/02\/banner-Logo-MLC.png","contentUrl":"https:\/\/www.montagnelagodicomo.it\/wp-content\/uploads\/2017\/02\/banner-Logo-MLC.png","width":686,"height":240},{"@type":"BreadcrumbList","@id":"https:\/\/www.montagnelagodicomo.it\/2021\/05\/31\/mlc-e-il-consorzio-albergatori-lecchesi-uniti-per-rilanciare-il-turismo\/#breadcrumb","itemListElement":[{"@type":"ListItem","position":1,"name":"Home","item":"https:\/\/www.montagnelagodicomo.it\/en\/"},{"@type":"ListItem","position":2,"name":"MLC e il Consorzio Albergatori Lecchesi, uniti per rilanciare il turismo"}]},{"@type":"WebSite","@id":"https:\/\/www.montagnelagodicomo.it\/#website","url":"https:\/\/www.montagnelagodicomo.it\/","name":"Lago di Como e Valsassina","description":"","publisher":{"@id":"https:\/\/www.montagnelagodicomo.it\/#organization"},"potentialAction":[{"@type":"SearchAction","target":{"@type":"EntryPoint","urlTemplate":"https:\/\/www.montagnelagodicomo.it\/?s={search_term_string}"},"query-input":{"@type":"PropertyValueSpecification","valueRequired":true,"valueName":"search_term_string"}}],"inLanguage":"en-US"},{"@type":"Organization","@id":"https:\/\/www.montagnelagodicomo.it\/#organization","name":"Montagne del Lago di Como","url":"https:\/\/www.montagnelagodicomo.it\/","logo":{"@type":"ImageObject","inLanguage":"en-US","@id":"https:\/\/www.montagnelagodicomo.it\/#\/schema\/logo\/image\/","url":"https:\/\/www.montagnelagodicomo.it\/wp-content\/uploads\/2016\/07\/DEF_Montagne_LagodiComo_04112015_png.png","contentUrl":"https:\/\/www.montagnelagodicomo.it\/wp-content\/uploads\/2016\/07\/DEF_Montagne_LagodiComo_04112015_png.png","width":2997,"height":835,"caption":"Montagne del Lago di Como"},"image":{"@id":"https:\/\/www.montagnelagodicomo.it\/#\/schema\/logo\/image\/"},"sameAs":["https:\/\/www.facebook.com\/montagnelagodicomo","https:\/\/x.com\/MontagneLago","https:\/\/www.youtube.com\/channel\/UCDoxghWmgQnHlQ78rzZuUjA"]},{"@type":"Person","@id":"https:\/\/www.montagnelagodicomo.it\/#\/schema\/person\/e29d7922634eb034bc4083a91cad0954","name":"montagne","image":{"@type":"ImageObject","inLanguage":"en-US","@id":"https:\/\/www.montagnelagodicomo.it\/#\/schema\/person\/image\/","url":"https:\/\/secure.gravatar.com\/avatar\/ea758e56c15e5aff2449e6dbda52d15b66f73260605c6968eff333359d31b7ee?s=96&d=mm&r=g","contentUrl":"https:\/\/secure.gravatar.com\/avatar\/ea758e56c15e5aff2449e6dbda52d15b66f73260605c6968eff333359d31b7ee?s=96&d=mm&r=g","caption":"montagne"},"url":"https:\/\/www.montagnelagodicomo.it\/en\/author\/montagne\/"}]}},"_links":{"self":[{"href":"https:\/\/www.montagnelagodicomo.it\/en\/wp-json\/wp\/v2\/posts\/72967","targetHints":{"allow":["GET"]}}],"collection":[{"href":"https:\/\/www.montagnelagodicomo.it\/en\/wp-json\/wp\/v2\/posts"}],"about":[{"href":"https:\/\/www.montagnelagodicomo.it\/en\/wp-json\/wp\/v2\/types\/post"}],"author":[{"embeddable":true,"href":"https:\/\/www.montagnelagodicomo.it\/en\/wp-json\/wp\/v2\/users\/1"}],"replies":[{"embeddable":true,"href":"https:\/\/www.montagnelagodicomo.it\/en\/wp-json\/wp\/v2\/comments?post=72967"}],"version-history":[{"count":3,"href":"https:\/\/www.montagnelagodicomo.it\/en\/wp-json\/wp\/v2\/posts\/72967\/revisions"}],"predecessor-version":[{"id":72969,"href":"https:\/\/www.montagnelagodicomo.it\/en\/wp-json\/wp\/v2\/posts\/72967\/revisions\/72969"}],"wp:featuredmedia":[{"embeddable":true,"href":"https:\/\/www.montagnelagodicomo.it\/en\/wp-json\/wp\/v2\/media\/25458"}],"wp:attachment":[{"href":"https:\/\/www.montagnelagodicomo.it\/en\/wp-json\/wp\/v2\/media?parent=72967"}],"wp:term":[{"taxonomy":"category","embeddable":true,"href":"https:\/\/www.montagnelagodicomo.it\/en\/wp-json\/wp\/v2\/categories?post=72967"},{"taxonomy":"post_tag","embeddable":true,"href":"https:\/\/www.montagnelagodicomo.it\/en\/wp-json\/wp\/v2\/tags?post=72967"}],"curies":[{"name":"wp","href":"https:\/\/api.w.org\/{rel}","templated":true}]}}