{"id":77825,"date":"2021-09-27T09:44:02","date_gmt":"2021-09-27T07:44:02","guid":{"rendered":"https:\/\/www.montagnelagodicomo.it\/?p=77825"},"modified":"2021-09-27T09:46:44","modified_gmt":"2021-09-27T07:46:44","slug":"avviso-manifestazione-interesse-interreg-vie-del-viandante","status":"publish","type":"post","link":"https:\/\/www.montagnelagodicomo.it\/en\/2021\/09\/27\/avviso-manifestazione-interesse-interreg-vie-del-viandante\/","title":{"rendered":"Avviso manifestazione interesse Interreg Vi.Vi. 2.0"},"content":{"rendered":"<p align=\"CENTER\"><img decoding=\"async\" class=\"size-medium wp-image-27309 alignleft\" src=\"https:\/\/www.montagnelagodicomo.it\/wp-content\/uploads\/2019\/08\/banner-INTERREG-VIVI-300x105.png\" alt=\"\" width=\"300\" height=\"105\" srcset=\"https:\/\/www.montagnelagodicomo.it\/wp-content\/uploads\/2019\/08\/banner-INTERREG-VIVI-300x105.png 300w, https:\/\/www.montagnelagodicomo.it\/wp-content\/uploads\/2019\/08\/banner-INTERREG-VIVI.png 343w\" sizes=\"(max-width: 300px) 100vw, 300px\" \/><img decoding=\"async\" class=\"size-medium wp-image-70009 alignright\" src=\"https:\/\/www.montagnelagodicomo.it\/wp-content\/uploads\/2020\/10\/Logo-prodotto-Le-Vie-del-Viandante-300x165.jpg\" alt=\"\" width=\"300\" height=\"165\" srcset=\"https:\/\/www.montagnelagodicomo.it\/wp-content\/uploads\/2020\/10\/Logo-prodotto-Le-Vie-del-Viandante-300x165.jpg 300w, https:\/\/www.montagnelagodicomo.it\/wp-content\/uploads\/2020\/10\/Logo-prodotto-Le-Vie-del-Viandante-1024x562.jpg 1024w, https:\/\/www.montagnelagodicomo.it\/wp-content\/uploads\/2020\/10\/Logo-prodotto-Le-Vie-del-Viandante-768x422.jpg 768w, https:\/\/www.montagnelagodicomo.it\/wp-content\/uploads\/2020\/10\/Logo-prodotto-Le-Vie-del-Viandante.jpg 1202w\" sizes=\"(max-width: 300px) 100vw, 300px\" \/><\/p>\n<p align=\"CENTER\"><span style=\"font-size: large;\"><b>AVVISO MANIFESTAZIONE DI INTERESSE PER ATTIVITA\u2019 DI PACCHETTIZZAZIONE, MARKETING E ADVERTISING E-COMMERCE MONTAGNE DEL LAGO DI COMO <\/b><\/span><\/p>\n<p align=\"CENTER\"><span style=\"font-size: large;\"><b>PROGETTO INTERREG LE VIE DEL VIANDANTE 2.0<br \/>\n<\/b><\/span><span style=\"font-size: large;\"><b>WP 5 &#8211; CUP E45J18000100004<\/b><\/span><\/p>\n<p align=\"JUSTIFY\"><b>PREMESSA<\/b><\/p>\n<p align=\"JUSTIFY\">Montagne del Lago di Como \u00e8 impegnato all\u2019interno di un progetto di Cooperazione Transfrontaliera sul programma Interreg Italia \u2013 Svizzera 2014 -2020 dal titolo: \u201cVi.Vi 2.0\u201d e recentemente la rete \u00e8 stata riconosciuta beneficiaria di un finanziamento aggiuntivo sullo stesso progetto legato alla particolare situazione COVID (Modulo Aggiuntivo COVID).<\/p>\n<p align=\"JUSTIFY\">Nel contesto del progetto in essere e nel contesto del Modulo Aggiuntivo Covid, Montagne del Lago di Como \u00e8 alla ricerca di un soggetto qualificato che offra la propria prestazione nella gestione delle azioni del progetto in supporto dello staff di Montagne del Lago di Como.<\/p>\n<p align=\"JUSTIFY\"><b>IL PROGETTO INTERREG VI.VI. 2.0<\/b><\/p>\n<p align=\"JUSTIFY\">Il progetto vede protagoniste le imprese di piccole e medie dimensioni che intendono attivare intorno al prodotto turistico \u201cLe vie del Viandante\u201d una collaborazione tra imprese finalizzata alla creazione di un\u2019offerta turistica.<\/p>\n<p align=\"JUSTIFY\">Nello specifico le imprese, tramite le loro organizzazioni saranno impegnate:<\/p>\n<p align=\"JUSTIFY\">\u2022 Nella definizione di pacchetti turistici integrati;<\/p>\n<p align=\"JUSTIFY\">\u2022 Nella realizzazione di strumenti di marketing e promo-commercializzazione finalizzati alla vendita del prodotto.<\/p>\n<p align=\"JUSTIFY\"><b>A CHI SI RIVOLGE L\u2019INVITO<\/b><\/p>\n<p align=\"JUSTIFY\">Professionisti ed imprese con esperienza nelle materie oggetto del servizio.<\/p>\n<p align=\"JUSTIFY\">Nel caso di imprese occorrer\u00e0 individuare una persona che far\u00e0 da referente al progetto e che si raccorder\u00e0 con gli uffici di Montagne del Lago di Como con la possibilit\u00e0 di espletare alcune attivit\u00e0 presso la sede operativa di Crandola Valsassina (LC)<\/p>\n<p align=\"JUSTIFY\"><b>SERVIZIO RICHIESTO<\/b><\/p>\n<p align=\"JUSTIFY\">Il servizio consiste nel fornire una prestazione specialistica finalizzata al lancio sul mercato della nuova piattaforma di e-commerce. Nel dettaglio si individuano le seguenti attivit\u00e0:<\/p>\n<p align=\"JUSTIFY\">a) Definizione di un piano operativo di promozione del market place ed in particolare del prodotto Le Vie del Viandante<\/p>\n<p align=\"JUSTIFY\">b) Supporto nella definizione delle campagne per la promozione dei pacchetti e delle offerte turistiche in coordinamento e sinergia con le imprese aderenti al progetto;<\/p>\n<p align=\"JUSTIFY\">c) Raccordo con le imprese aderenti al progetto per stimolare nuove proposte turistiche e l\u2019uso del marketplace;<\/p>\n<p align=\"JUSTIFY\">d) Realizzazione di azioni sui social (Facebook, Instagram e altri canali da definirsi) di campagne promozionali del market place;<\/p>\n<p align=\"JUSTIFY\">e) Produzione di contenuti da utilizzare nelle attivit\u00e0 promozionali e popolamento di sito e social.<\/p>\n<p align=\"JUSTIFY\"><b>TEMPI DI ESECUZIONE DEL SERVIZIO<\/b><\/p>\n<p align=\"JUSTIFY\">Le attivit\u00e0 alle lettere a), b) dovranno essere svolte entro ottobre 2021 all\u2019interno del progetto Vi.Vi. 2.0 in scadenza al 30\/10\/2021.<\/p>\n<p align=\"JUSTIFY\">Mentre le attivit\u00e0 alle lettere c), d), e), f) dovranno realizzarsi entro Gennaio 2022, salvo proroghe da concordare, all\u2019interno del MAC (Modulo Aggiuntivo Covid).<\/p>\n<p align=\"JUSTIFY\"><b>COMPENSO PREVISTO<\/b><\/p>\n<p align=\"JUSTIFY\">Per le attivit\u00e0 a) e b), \u00e8 previsto un compenso lordo massimo di Euro 3.000+IVA da fatturare entro il 30\/10\/2021.<\/p>\n<p align=\"JUSTIFY\">Per le attivit\u00e0 c), d), e), nel periodo novembre 2021- gennaio 2022 \u00e8 previsto un compenso lordo massimo di Euro 4.800+IVA da fatturare secondo l\u2019avanzamento delle attivit\u00e0.<\/p>\n<p align=\"JUSTIFY\">Qualora le esigenze di progetto richiedano un proseguimento del servizio per ulteriori 2 mesi si definisce fin da ora il compenso lordo di Euro 2.400+IVA.<\/p>\n<p align=\"JUSTIFY\"><b>MODALITA\u2019 DI PARTECIPAZIONE ALL\u2019AVVISO<\/b><\/p>\n<p align=\"JUSTIFY\">Si chiede di trasmettere via pec <a href=\"mailto:mlc@lamiapec.it\">mlc@lamiapec.it<\/a> entro il giorno 30\/09\/2021 ore 13.00 i seguenti documenti:<\/p>\n<p align=\"JUSTIFY\">&#8211; Breve presentazione soggetto candidato. La presentazione dovr\u00e0 essere di max 2000 caratteri in Italiano e in Inglese;<\/p>\n<p align=\"JUSTIFY\">&#8211; Numero di giornate al mese per le quali si \u00e8 disponibili ad essere presenti presso la sede operativa di Crandola Valsassina (LC)<\/p>\n<p align=\"JUSTIFY\"><b>MODALITA\u2019 DI SCELTA DELL\u2019OPERATORE<\/b><\/p>\n<p align=\"JUSTIFY\">La selezione avverr\u00e0 sulla base dei documenti trasmessi individuando 3 soggetti ai quali sar\u00e0 proposto un colloquio finalizzato a verificare la capacit\u00e0 di svolgere il servizio in tutte le sue declinazioni: produzione post, gestione criticit\u00e0, lettura dei dati, controllo dei costi, relazioni con le imprese\u2026.<\/p>\n<p align=\"JUSTIFY\"><b>PER INFORMAZIONI<\/b><\/p>\n<p align=\"JUSTIFY\">Scrivere a <a href=\"mailto:info@montagnelagodicomo.it\">info@montagnelagodicomo.it<\/a><\/p>\n<p align=\"JUSTIFY\"><strong><a href=\"https:\/\/www.montagnelagodicomo.it\/wp-content\/uploads\/2021\/09\/2021-09-27-Avviso-manifestazione-interesse_Interreg-Vi.Vi_.-2.0-1.pdf\" target=\"_blank\" rel=\"noopener\">Clicca qui e scarica l&#8217;avviso in formato PDF<\/a><\/strong><\/p>\n<p align=\"JUSTIFY\">Crandola Valsassina, 27 settembre 2021<\/p>\n<p>&nbsp;<\/p>\n","protected":false},"excerpt":{"rendered":"<p>AVVISO MANIFESTAZIONE DI INTERESSE PER ATTIVITA\u2019 DI PACCHETTIZZAZIONE, MARKETING E ADVERTISING E-COMMERCE MONTAGNE DEL LAGO DI COMO PROGETTO INTERREG LE VIE DEL VIANDANTE 2.0 WP 5 &#8211; CUP E45J18000100004 PREMESSA Montagne del Lago di Como \u00e8 impegnato all\u2019interno di un progetto di Cooperazione Transfrontaliera sul programma Interreg Italia \u2013 Svizzera 2014 -2020 dal titolo: \u201cVi.Vi [&hellip;]<\/p>\n","protected":false},"author":1,"featured_media":76973,"comment_status":"open","ping_status":"open","sticky":false,"template":"","format":"standard","meta":{"_acf_changed":false,"footnotes":""},"categories":[145],"tags":[],"class_list":["post-77825","post","type-post","status-publish","format-standard","has-post-thumbnail","hentry","category-non-categorizzato"],"acf":[],"yoast_head":"<!-- This site is optimized with the Yoast SEO plugin v25.0 - https:\/\/yoast.com\/wordpress\/plugins\/seo\/ -->\n<title>Avviso manifestazione interesse Interreg Vi.Vi. 2.0 - Lago di Como e Valsassina<\/title>\n<meta name=\"description\" content=\"AVVISO MANIFESTAZIONE DI INTERESSE PER ATTIVITA\u2019 DI PACCHETTIZZAZIONE, MARKETING E ADVERTISINGE-COMMERCE MONTAGNE DEL LAGO DI COMO\" \/>\n<meta name=\"robots\" content=\"index, follow, max-snippet:-1, max-image-preview:large, max-video-preview:-1\" \/>\n<link rel=\"canonical\" href=\"https:\/\/www.montagnelagodicomo.it\/2021\/09\/27\/avviso-manifestazione-interesse-interreg-vie-del-viandante\/\" \/>\n<meta property=\"og:locale\" content=\"en_US\" \/>\n<meta property=\"og:type\" content=\"article\" \/>\n<meta property=\"og:title\" content=\"Avviso manifestazione interesse Interreg Vi.Vi. 2.0 - Lago di Como e Valsassina\" \/>\n<meta property=\"og:description\" content=\"AVVISO MANIFESTAZIONE DI INTERESSE PER ATTIVITA\u2019 DI PACCHETTIZZAZIONE, MARKETING E ADVERTISINGE-COMMERCE MONTAGNE DEL LAGO DI COMO\" \/>\n<meta property=\"og:url\" content=\"https:\/\/www.montagnelagodicomo.it\/2021\/09\/27\/avviso-manifestazione-interesse-interreg-vie-del-viandante\/\" \/>\n<meta property=\"og:site_name\" content=\"Lago di Como e Valsassina\" \/>\n<meta property=\"article:publisher\" content=\"https:\/\/www.facebook.com\/montagnelagodicomo\" \/>\n<meta property=\"article:published_time\" content=\"2021-09-27T07:44:02+00:00\" \/>\n<meta property=\"article:modified_time\" content=\"2021-09-27T07:46:44+00:00\" \/>\n<meta property=\"og:image\" content=\"https:\/\/www.montagnelagodicomo.it\/wp-content\/uploads\/2021\/07\/MLC_Le-Vie-del-Viandante_banner-quadrato.jpg\" \/>\n\t<meta property=\"og:image:width\" content=\"800\" \/>\n\t<meta property=\"og:image:height\" content=\"800\" \/>\n\t<meta property=\"og:image:type\" content=\"image\/jpeg\" \/>\n<meta name=\"author\" content=\"montagne\" \/>\n<meta name=\"twitter:card\" content=\"summary_large_image\" \/>\n<meta name=\"twitter:creator\" content=\"@MontagneLago\" \/>\n<meta name=\"twitter:site\" content=\"@MontagneLago\" \/>\n<meta name=\"twitter:label1\" content=\"Written by\" \/>\n\t<meta name=\"twitter:data1\" content=\"montagne\" \/>\n\t<meta name=\"twitter:label2\" content=\"Est. reading time\" \/>\n\t<meta name=\"twitter:data2\" content=\"4 minutes\" \/>\n<script type=\"application\/ld+json\" class=\"yoast-schema-graph\">{\"@context\":\"https:\/\/schema.org\",\"@graph\":[{\"@type\":\"Article\",\"@id\":\"https:\/\/www.montagnelagodicomo.it\/2021\/09\/27\/avviso-manifestazione-interesse-interreg-vie-del-viandante\/#article\",\"isPartOf\":{\"@id\":\"https:\/\/www.montagnelagodicomo.it\/2021\/09\/27\/avviso-manifestazione-interesse-interreg-vie-del-viandante\/\"},\"author\":{\"name\":\"montagne\",\"@id\":\"https:\/\/www.montagnelagodicomo.it\/#\/schema\/person\/e29d7922634eb034bc4083a91cad0954\"},\"headline\":\"Avviso manifestazione interesse Interreg Vi.Vi. 2.0\",\"datePublished\":\"2021-09-27T07:44:02+00:00\",\"dateModified\":\"2021-09-27T07:46:44+00:00\",\"mainEntityOfPage\":{\"@id\":\"https:\/\/www.montagnelagodicomo.it\/2021\/09\/27\/avviso-manifestazione-interesse-interreg-vie-del-viandante\/\"},\"wordCount\":622,\"commentCount\":0,\"publisher\":{\"@id\":\"https:\/\/www.montagnelagodicomo.it\/#organization\"},\"image\":{\"@id\":\"https:\/\/www.montagnelagodicomo.it\/2021\/09\/27\/avviso-manifestazione-interesse-interreg-vie-del-viandante\/#primaryimage\"},\"thumbnailUrl\":\"https:\/\/www.montagnelagodicomo.it\/wp-content\/uploads\/2021\/07\/MLC_Le-Vie-del-Viandante_banner-quadrato.jpg\",\"articleSection\":[\"Non categorizzato\"],\"inLanguage\":\"en-US\",\"potentialAction\":[{\"@type\":\"CommentAction\",\"name\":\"Comment\",\"target\":[\"https:\/\/www.montagnelagodicomo.it\/2021\/09\/27\/avviso-manifestazione-interesse-interreg-vie-del-viandante\/#respond\"]}]},{\"@type\":\"WebPage\",\"@id\":\"https:\/\/www.montagnelagodicomo.it\/2021\/09\/27\/avviso-manifestazione-interesse-interreg-vie-del-viandante\/\",\"url\":\"https:\/\/www.montagnelagodicomo.it\/2021\/09\/27\/avviso-manifestazione-interesse-interreg-vie-del-viandante\/\",\"name\":\"Avviso manifestazione interesse Interreg Vi.Vi. 2.0 - Lago di Como e Valsassina\",\"isPartOf\":{\"@id\":\"https:\/\/www.montagnelagodicomo.it\/#website\"},\"primaryImageOfPage\":{\"@id\":\"https:\/\/www.montagnelagodicomo.it\/2021\/09\/27\/avviso-manifestazione-interesse-interreg-vie-del-viandante\/#primaryimage\"},\"image\":{\"@id\":\"https:\/\/www.montagnelagodicomo.it\/2021\/09\/27\/avviso-manifestazione-interesse-interreg-vie-del-viandante\/#primaryimage\"},\"thumbnailUrl\":\"https:\/\/www.montagnelagodicomo.it\/wp-content\/uploads\/2021\/07\/MLC_Le-Vie-del-Viandante_banner-quadrato.jpg\",\"datePublished\":\"2021-09-27T07:44:02+00:00\",\"dateModified\":\"2021-09-27T07:46:44+00:00\",\"description\":\"AVVISO MANIFESTAZIONE DI INTERESSE PER ATTIVITA\u2019 DI PACCHETTIZZAZIONE, MARKETING E ADVERTISINGE-COMMERCE MONTAGNE DEL LAGO DI COMO\",\"breadcrumb\":{\"@id\":\"https:\/\/www.montagnelagodicomo.it\/2021\/09\/27\/avviso-manifestazione-interesse-interreg-vie-del-viandante\/#breadcrumb\"},\"inLanguage\":\"en-US\",\"potentialAction\":[{\"@type\":\"ReadAction\",\"target\":[\"https:\/\/www.montagnelagodicomo.it\/2021\/09\/27\/avviso-manifestazione-interesse-interreg-vie-del-viandante\/\"]}]},{\"@type\":\"ImageObject\",\"inLanguage\":\"en-US\",\"@id\":\"https:\/\/www.montagnelagodicomo.it\/2021\/09\/27\/avviso-manifestazione-interesse-interreg-vie-del-viandante\/#primaryimage\",\"url\":\"https:\/\/www.montagnelagodicomo.it\/wp-content\/uploads\/2021\/07\/MLC_Le-Vie-del-Viandante_banner-quadrato.jpg\",\"contentUrl\":\"https:\/\/www.montagnelagodicomo.it\/wp-content\/uploads\/2021\/07\/MLC_Le-Vie-del-Viandante_banner-quadrato.jpg\",\"width\":800,\"height\":800},{\"@type\":\"BreadcrumbList\",\"@id\":\"https:\/\/www.montagnelagodicomo.it\/2021\/09\/27\/avviso-manifestazione-interesse-interreg-vie-del-viandante\/#breadcrumb\",\"itemListElement\":[{\"@type\":\"ListItem\",\"position\":1,\"name\":\"Home\",\"item\":\"https:\/\/www.montagnelagodicomo.it\/en\/\"},{\"@type\":\"ListItem\",\"position\":2,\"name\":\"Avviso manifestazione interesse Interreg Vi.Vi. 2.0\"}]},{\"@type\":\"WebSite\",\"@id\":\"https:\/\/www.montagnelagodicomo.it\/#website\",\"url\":\"https:\/\/www.montagnelagodicomo.it\/\",\"name\":\"Lago di Como e Valsassina\",\"description\":\"\",\"publisher\":{\"@id\":\"https:\/\/www.montagnelagodicomo.it\/#organization\"},\"potentialAction\":[{\"@type\":\"SearchAction\",\"target\":{\"@type\":\"EntryPoint\",\"urlTemplate\":\"https:\/\/www.montagnelagodicomo.it\/?s={search_term_string}\"},\"query-input\":{\"@type\":\"PropertyValueSpecification\",\"valueRequired\":true,\"valueName\":\"search_term_string\"}}],\"inLanguage\":\"en-US\"},{\"@type\":\"Organization\",\"@id\":\"https:\/\/www.montagnelagodicomo.it\/#organization\",\"name\":\"Montagne del Lago di Como\",\"url\":\"https:\/\/www.montagnelagodicomo.it\/\",\"logo\":{\"@type\":\"ImageObject\",\"inLanguage\":\"en-US\",\"@id\":\"https:\/\/www.montagnelagodicomo.it\/#\/schema\/logo\/image\/\",\"url\":\"https:\/\/www.montagnelagodicomo.it\/wp-content\/uploads\/2016\/07\/DEF_Montagne_LagodiComo_04112015_png.png\",\"contentUrl\":\"https:\/\/www.montagnelagodicomo.it\/wp-content\/uploads\/2016\/07\/DEF_Montagne_LagodiComo_04112015_png.png\",\"width\":2997,\"height\":835,\"caption\":\"Montagne del Lago di Como\"},\"image\":{\"@id\":\"https:\/\/www.montagnelagodicomo.it\/#\/schema\/logo\/image\/\"},\"sameAs\":[\"https:\/\/www.facebook.com\/montagnelagodicomo\",\"https:\/\/x.com\/MontagneLago\",\"https:\/\/www.youtube.com\/channel\/UCDoxghWmgQnHlQ78rzZuUjA\"]},{\"@type\":\"Person\",\"@id\":\"https:\/\/www.montagnelagodicomo.it\/#\/schema\/person\/e29d7922634eb034bc4083a91cad0954\",\"name\":\"montagne\",\"image\":{\"@type\":\"ImageObject\",\"inLanguage\":\"en-US\",\"@id\":\"https:\/\/www.montagnelagodicomo.it\/#\/schema\/person\/image\/\",\"url\":\"https:\/\/secure.gravatar.com\/avatar\/ea758e56c15e5aff2449e6dbda52d15b66f73260605c6968eff333359d31b7ee?s=96&d=mm&r=g\",\"contentUrl\":\"https:\/\/secure.gravatar.com\/avatar\/ea758e56c15e5aff2449e6dbda52d15b66f73260605c6968eff333359d31b7ee?s=96&d=mm&r=g\",\"caption\":\"montagne\"},\"url\":\"https:\/\/www.montagnelagodicomo.it\/en\/author\/montagne\/\"}]}<\/script>\n<!-- \/ Yoast SEO plugin. -->","yoast_head_json":{"title":"Avviso manifestazione interesse Interreg Vi.Vi. 2.0 - Lago di Como e Valsassina","description":"AVVISO MANIFESTAZIONE DI INTERESSE PER ATTIVITA\u2019 DI PACCHETTIZZAZIONE, MARKETING E ADVERTISINGE-COMMERCE MONTAGNE DEL LAGO DI COMO","robots":{"index":"index","follow":"follow","max-snippet":"max-snippet:-1","max-image-preview":"max-image-preview:large","max-video-preview":"max-video-preview:-1"},"canonical":"https:\/\/www.montagnelagodicomo.it\/2021\/09\/27\/avviso-manifestazione-interesse-interreg-vie-del-viandante\/","og_locale":"en_US","og_type":"article","og_title":"Avviso manifestazione interesse Interreg Vi.Vi. 2.0 - Lago di Como e Valsassina","og_description":"AVVISO MANIFESTAZIONE DI INTERESSE PER ATTIVITA\u2019 DI PACCHETTIZZAZIONE, MARKETING E ADVERTISINGE-COMMERCE MONTAGNE DEL LAGO DI COMO","og_url":"https:\/\/www.montagnelagodicomo.it\/2021\/09\/27\/avviso-manifestazione-interesse-interreg-vie-del-viandante\/","og_site_name":"Lago di Como e Valsassina","article_publisher":"https:\/\/www.facebook.com\/montagnelagodicomo","article_published_time":"2021-09-27T07:44:02+00:00","article_modified_time":"2021-09-27T07:46:44+00:00","og_image":[{"width":800,"height":800,"url":"https:\/\/www.montagnelagodicomo.it\/wp-content\/uploads\/2021\/07\/MLC_Le-Vie-del-Viandante_banner-quadrato.jpg","type":"image\/jpeg"}],"author":"montagne","twitter_card":"summary_large_image","twitter_creator":"@MontagneLago","twitter_site":"@MontagneLago","twitter_misc":{"Written by":"montagne","Est. reading time":"4 minutes"},"schema":{"@context":"https:\/\/schema.org","@graph":[{"@type":"Article","@id":"https:\/\/www.montagnelagodicomo.it\/2021\/09\/27\/avviso-manifestazione-interesse-interreg-vie-del-viandante\/#article","isPartOf":{"@id":"https:\/\/www.montagnelagodicomo.it\/2021\/09\/27\/avviso-manifestazione-interesse-interreg-vie-del-viandante\/"},"author":{"name":"montagne","@id":"https:\/\/www.montagnelagodicomo.it\/#\/schema\/person\/e29d7922634eb034bc4083a91cad0954"},"headline":"Avviso manifestazione interesse Interreg Vi.Vi. 2.0","datePublished":"2021-09-27T07:44:02+00:00","dateModified":"2021-09-27T07:46:44+00:00","mainEntityOfPage":{"@id":"https:\/\/www.montagnelagodicomo.it\/2021\/09\/27\/avviso-manifestazione-interesse-interreg-vie-del-viandante\/"},"wordCount":622,"commentCount":0,"publisher":{"@id":"https:\/\/www.montagnelagodicomo.it\/#organization"},"image":{"@id":"https:\/\/www.montagnelagodicomo.it\/2021\/09\/27\/avviso-manifestazione-interesse-interreg-vie-del-viandante\/#primaryimage"},"thumbnailUrl":"https:\/\/www.montagnelagodicomo.it\/wp-content\/uploads\/2021\/07\/MLC_Le-Vie-del-Viandante_banner-quadrato.jpg","articleSection":["Non categorizzato"],"inLanguage":"en-US","potentialAction":[{"@type":"CommentAction","name":"Comment","target":["https:\/\/www.montagnelagodicomo.it\/2021\/09\/27\/avviso-manifestazione-interesse-interreg-vie-del-viandante\/#respond"]}]},{"@type":"WebPage","@id":"https:\/\/www.montagnelagodicomo.it\/2021\/09\/27\/avviso-manifestazione-interesse-interreg-vie-del-viandante\/","url":"https:\/\/www.montagnelagodicomo.it\/2021\/09\/27\/avviso-manifestazione-interesse-interreg-vie-del-viandante\/","name":"Avviso manifestazione interesse Interreg Vi.Vi. 2.0 - Lago di Como e Valsassina","isPartOf":{"@id":"https:\/\/www.montagnelagodicomo.it\/#website"},"primaryImageOfPage":{"@id":"https:\/\/www.montagnelagodicomo.it\/2021\/09\/27\/avviso-manifestazione-interesse-interreg-vie-del-viandante\/#primaryimage"},"image":{"@id":"https:\/\/www.montagnelagodicomo.it\/2021\/09\/27\/avviso-manifestazione-interesse-interreg-vie-del-viandante\/#primaryimage"},"thumbnailUrl":"https:\/\/www.montagnelagodicomo.it\/wp-content\/uploads\/2021\/07\/MLC_Le-Vie-del-Viandante_banner-quadrato.jpg","datePublished":"2021-09-27T07:44:02+00:00","dateModified":"2021-09-27T07:46:44+00:00","description":"AVVISO MANIFESTAZIONE DI INTERESSE PER ATTIVITA\u2019 DI PACCHETTIZZAZIONE, MARKETING E ADVERTISINGE-COMMERCE MONTAGNE DEL LAGO DI COMO","breadcrumb":{"@id":"https:\/\/www.montagnelagodicomo.it\/2021\/09\/27\/avviso-manifestazione-interesse-interreg-vie-del-viandante\/#breadcrumb"},"inLanguage":"en-US","potentialAction":[{"@type":"ReadAction","target":["https:\/\/www.montagnelagodicomo.it\/2021\/09\/27\/avviso-manifestazione-interesse-interreg-vie-del-viandante\/"]}]},{"@type":"ImageObject","inLanguage":"en-US","@id":"https:\/\/www.montagnelagodicomo.it\/2021\/09\/27\/avviso-manifestazione-interesse-interreg-vie-del-viandante\/#primaryimage","url":"https:\/\/www.montagnelagodicomo.it\/wp-content\/uploads\/2021\/07\/MLC_Le-Vie-del-Viandante_banner-quadrato.jpg","contentUrl":"https:\/\/www.montagnelagodicomo.it\/wp-content\/uploads\/2021\/07\/MLC_Le-Vie-del-Viandante_banner-quadrato.jpg","width":800,"height":800},{"@type":"BreadcrumbList","@id":"https:\/\/www.montagnelagodicomo.it\/2021\/09\/27\/avviso-manifestazione-interesse-interreg-vie-del-viandante\/#breadcrumb","itemListElement":[{"@type":"ListItem","position":1,"name":"Home","item":"https:\/\/www.montagnelagodicomo.it\/en\/"},{"@type":"ListItem","position":2,"name":"Avviso manifestazione interesse Interreg Vi.Vi. 2.0"}]},{"@type":"WebSite","@id":"https:\/\/www.montagnelagodicomo.it\/#website","url":"https:\/\/www.montagnelagodicomo.it\/","name":"Lago di Como e Valsassina","description":"","publisher":{"@id":"https:\/\/www.montagnelagodicomo.it\/#organization"},"potentialAction":[{"@type":"SearchAction","target":{"@type":"EntryPoint","urlTemplate":"https:\/\/www.montagnelagodicomo.it\/?s={search_term_string}"},"query-input":{"@type":"PropertyValueSpecification","valueRequired":true,"valueName":"search_term_string"}}],"inLanguage":"en-US"},{"@type":"Organization","@id":"https:\/\/www.montagnelagodicomo.it\/#organization","name":"Montagne del Lago di Como","url":"https:\/\/www.montagnelagodicomo.it\/","logo":{"@type":"ImageObject","inLanguage":"en-US","@id":"https:\/\/www.montagnelagodicomo.it\/#\/schema\/logo\/image\/","url":"https:\/\/www.montagnelagodicomo.it\/wp-content\/uploads\/2016\/07\/DEF_Montagne_LagodiComo_04112015_png.png","contentUrl":"https:\/\/www.montagnelagodicomo.it\/wp-content\/uploads\/2016\/07\/DEF_Montagne_LagodiComo_04112015_png.png","width":2997,"height":835,"caption":"Montagne del Lago di Como"},"image":{"@id":"https:\/\/www.montagnelagodicomo.it\/#\/schema\/logo\/image\/"},"sameAs":["https:\/\/www.facebook.com\/montagnelagodicomo","https:\/\/x.com\/MontagneLago","https:\/\/www.youtube.com\/channel\/UCDoxghWmgQnHlQ78rzZuUjA"]},{"@type":"Person","@id":"https:\/\/www.montagnelagodicomo.it\/#\/schema\/person\/e29d7922634eb034bc4083a91cad0954","name":"montagne","image":{"@type":"ImageObject","inLanguage":"en-US","@id":"https:\/\/www.montagnelagodicomo.it\/#\/schema\/person\/image\/","url":"https:\/\/secure.gravatar.com\/avatar\/ea758e56c15e5aff2449e6dbda52d15b66f73260605c6968eff333359d31b7ee?s=96&d=mm&r=g","contentUrl":"https:\/\/secure.gravatar.com\/avatar\/ea758e56c15e5aff2449e6dbda52d15b66f73260605c6968eff333359d31b7ee?s=96&d=mm&r=g","caption":"montagne"},"url":"https:\/\/www.montagnelagodicomo.it\/en\/author\/montagne\/"}]}},"_links":{"self":[{"href":"https:\/\/www.montagnelagodicomo.it\/en\/wp-json\/wp\/v2\/posts\/77825","targetHints":{"allow":["GET"]}}],"collection":[{"href":"https:\/\/www.montagnelagodicomo.it\/en\/wp-json\/wp\/v2\/posts"}],"about":[{"href":"https:\/\/www.montagnelagodicomo.it\/en\/wp-json\/wp\/v2\/types\/post"}],"author":[{"embeddable":true,"href":"https:\/\/www.montagnelagodicomo.it\/en\/wp-json\/wp\/v2\/users\/1"}],"replies":[{"embeddable":true,"href":"https:\/\/www.montagnelagodicomo.it\/en\/wp-json\/wp\/v2\/comments?post=77825"}],"version-history":[{"count":5,"href":"https:\/\/www.montagnelagodicomo.it\/en\/wp-json\/wp\/v2\/posts\/77825\/revisions"}],"predecessor-version":[{"id":77838,"href":"https:\/\/www.montagnelagodicomo.it\/en\/wp-json\/wp\/v2\/posts\/77825\/revisions\/77838"}],"wp:featuredmedia":[{"embeddable":true,"href":"https:\/\/www.montagnelagodicomo.it\/en\/wp-json\/wp\/v2\/media\/76973"}],"wp:attachment":[{"href":"https:\/\/www.montagnelagodicomo.it\/en\/wp-json\/wp\/v2\/media?parent=77825"}],"wp:term":[{"taxonomy":"category","embeddable":true,"href":"https:\/\/www.montagnelagodicomo.it\/en\/wp-json\/wp\/v2\/categories?post=77825"},{"taxonomy":"post_tag","embeddable":true,"href":"https:\/\/www.montagnelagodicomo.it\/en\/wp-json\/wp\/v2\/tags?post=77825"}],"curies":[{"name":"wp","href":"https:\/\/api.w.org\/{rel}","templated":true}]}}