{"id":83249,"date":"2022-06-30T12:24:11","date_gmt":"2022-06-30T10:24:11","guid":{"rendered":"https:\/\/www.montagnelagodicomo.it\/?p=83249"},"modified":"2024-06-27T11:21:20","modified_gmt":"2024-06-27T09:21:20","slug":"luglio-evviva-l-estate","status":"publish","type":"post","link":"https:\/\/www.montagnelagodicomo.it\/en\/2022\/06\/30\/luglio-evviva-l-estate\/","title":{"rendered":"Luglio: \u00e8 arrivata l&#8217;estate"},"content":{"rendered":"<figure id=\"attachment_78695\" class=\"wp-caption aligncenter\" aria-describedby=\"caption-attachment-78695\"><\/figure>\n<figure id=\"attachment_83250\" aria-describedby=\"caption-attachment-83250\" style=\"width: 800px\" class=\"wp-caption aligncenter\"><a href=\"https:\/\/h7c8.emailsp.com\/f\/rnl.aspx\/?mje=u2yy_3c&amp;kl=uzek-=syyuz:e7&amp;d=ae8g&amp;x=pp&amp;x1.gfk3&amp;x=pv&amp;f&amp;&amp;x=pv&amp;8&amp;x=pv&amp;f6a0f.g7.g3a0f=zwzwNCLM\" target=\"_blank\" rel=\"noopener\"><img fetchpriority=\"high\" decoding=\"async\" class=\"wp-image-83250\" src=\"https:\/\/www.montagnelagodicomo.it\/wp-content\/uploads\/2022\/06\/Emilio-Buzzella-panorama-luglio-2.jpg\" alt=\"\" width=\"800\" height=\"534\" srcset=\"https:\/\/www.montagnelagodicomo.it\/wp-content\/uploads\/2022\/06\/Emilio-Buzzella-panorama-luglio-2.jpg 1024w, https:\/\/www.montagnelagodicomo.it\/wp-content\/uploads\/2022\/06\/Emilio-Buzzella-panorama-luglio-2-300x200.jpg 300w, https:\/\/www.montagnelagodicomo.it\/wp-content\/uploads\/2022\/06\/Emilio-Buzzella-panorama-luglio-2-768x512.jpg 768w\" sizes=\"(max-width: 800px) 100vw, 800px\" \/><\/a><figcaption id=\"caption-attachment-83250\" class=\"wp-caption-text\">Clicca e scopri la newsletter di luglio<\/figcaption><\/figure>\n<p>&nbsp;<\/p>\n<p>Cari amici,<\/p>\n<p>finalmente la tanto attesa stagione estiva \u00e8 arrivata. Il clima caldo e le lunghe giornate di sole invogliano sempre di pi\u00f9 a scoprire le bellezze delle Montagne del Lago di Como.<\/p>\n<p>Tanti gli appuntamenti: eventi sportivi e musicali, visite guidate, trekking e molto altro.. l&#8217;intrattenimento \u00e8 garantito per grandi e piccini.<\/p>\n<p>Non possiamo dimenticare poi il gusto della tradizione, che possiamo ritrovare ogni giorno nei piatti proposti dai nostri <strong><a href=\"https:\/\/customer8738.musvc1.net\/e\/t?q=8%3dRZHc%266%3dU%263%3dYOXG%26J%3dKcKeQ%26N%3dwODI8_Mkve_Xu_Kfxj_Uu_Mkve_WzPBR.7H3Ou03064vJxBrJ7H.xO_Bthu_L91DCMxI1_MpB_Bthu_L92680x6B86u4p_7vms_GA%26x%3dF0NF6F.IyM%26xN%3dPVLc\">ristoranti e rifugi<\/a><\/strong> dove i profumi e i sapori si fondono nella splendida cornice del Lago di Como.<\/p>\n<p>Cosa state aspettando? Organizzate la vostra vacanza o un weekend sulle Montagne del Lago di Como. Contattate il <a href=\"https:\/\/customer8738.musvc1.net\/e\/t?q=3%3dCcLX%26q%3dX%267%3dT0aK%26E%3d6fOZB%26Q%3d1JyLB_HVyi_Sf_NjsU_Xy_HVyi_RkSFM.rK7JfC75q7zEiEvErK.2J_wwlp_7B9HjJ8JfV2EsE-v1rAA5_wwlp_7B1f7t%26w%3dCzOE36.JxJ%26nO%3dOSBd\"><strong>Centro Unico Prenotazioni<\/strong><\/a> per trovare una struttura per il <strong><a href=\"https:\/\/customer8738.musvc1.net\/e\/t?q=A%3dJYCf%26x%3dT%26x%3dbGWB%26M%3dCbFhI%26M%3drR6H3_PcuZ_am_Ja1b_Tp_PcuZ_ZrO7U.yGxRm9xCx3qMpAmMyG.sR_4scx_D8vG5LsLs_LkE_4scx_D8nM4EsPq_9m3kJa1b_Tp%26B%3dyM3ToS.xC6%26A3%3ddEYH\">pernottamento<\/a> <\/strong>oppure consultate il nostro sito.<\/p>\n<p>Il nostro personale \u00e8 sempre a vostra disposizione per qualsiasi informazione, consiglio o necessit\u00e0.<\/p>\n<p>Un caro saluto<\/p>\n<p><strong>IL PRESIDENTE \u2013 Stefano Gianola<\/strong><\/p>\n<p><strong><span style=\"color: #ff6600;\">Non sei iscritto alla nostra newsletter mensile? Puoi farlo direttamente dal sito! Compila il modulo che trovi in fondo alla pagina con i tuoi dati: riceverai gratuitamente i nostri eventi e le nostre proposte sulla tua email. Potrai annullare l\u2019iscrizione quando vuoi.<\/span> <\/strong><\/p>\n<p>Ringraziamo Emilio Buzzella per la bellissima foto.<\/p>\n","protected":false},"excerpt":{"rendered":"<p>&nbsp; Cari amici, finalmente la tanto attesa stagione estiva \u00e8 arrivata. Il clima caldo e le lunghe giornate di sole invogliano sempre di pi\u00f9 a scoprire le bellezze delle Montagne del Lago di Como. Tanti gli appuntamenti: eventi sportivi e musicali, visite guidate, trekking e molto altro.. l&#8217;intrattenimento \u00e8 garantito per grandi e piccini. Non [&hellip;]<\/p>\n","protected":false},"author":6,"featured_media":83254,"comment_status":"open","ping_status":"open","sticky":false,"template":"","format":"standard","meta":{"_acf_changed":false,"footnotes":""},"categories":[146],"tags":[],"class_list":["post-83249","post","type-post","status-publish","format-standard","has-post-thumbnail","hentry","category-ultima-ora"],"acf":[],"yoast_head":"<!-- This site is optimized with the Yoast SEO plugin v25.0 - https:\/\/yoast.com\/wordpress\/plugins\/seo\/ -->\n<title>Luglio: evviva l&#039;estate<\/title>\n<meta name=\"description\" content=\"Cari amici,finalmente la tanto attesa stagione estiva \u00e8 arrivata. Il clima caldo e le lunghe giornate di sole invogliano sempre di pi\u00f9 a scoprire le bellezze delle Montagne del Lago di Como.La noia, qui, non \u00e8 all&#039;ordine del giorno: eventi sportivi e musicali, visite guidate, trekking e molto altro.. l&#039;intrattenimento \u00e8 garantito per grandi e piccini.\" \/>\n<meta name=\"robots\" content=\"index, follow, max-snippet:-1, max-image-preview:large, max-video-preview:-1\" \/>\n<link rel=\"canonical\" href=\"https:\/\/www.montagnelagodicomo.it\/2022\/06\/30\/luglio-evviva-l-estate\/\" \/>\n<meta property=\"og:locale\" content=\"en_US\" \/>\n<meta property=\"og:type\" content=\"article\" \/>\n<meta property=\"og:title\" content=\"Giugno: aspettando l&#039;estate\" \/>\n<meta property=\"og:description\" content=\"Cari amici, la stagione estiva \u00e8 alle porte e tanta \u00e8 la voglia di rilassarsi ed evadere dallo stress della vita quotidiana. E&#039; il momento giusto per scoprire quanto di pi\u00f9 bello le Montagne del Lago di Como hanno da offrire.\" \/>\n<meta property=\"og:url\" content=\"https:\/\/www.montagnelagodicomo.it\/2022\/06\/30\/luglio-evviva-l-estate\/\" \/>\n<meta property=\"og:site_name\" content=\"Lago di Como e Valsassina\" \/>\n<meta property=\"article:publisher\" content=\"https:\/\/www.facebook.com\/montagnelagodicomo\" \/>\n<meta property=\"article:published_time\" content=\"2022-06-30T10:24:11+00:00\" \/>\n<meta property=\"article:modified_time\" content=\"2024-06-27T09:21:20+00:00\" \/>\n<meta property=\"og:image\" content=\"https:\/\/www.montagnelagodicomo.it\/wp-content\/uploads\/2022\/05\/Varenna_Alberto-Locatelli.jpg\" \/>\n\t<meta property=\"og:image:width\" content=\"1080\" \/>\n\t<meta property=\"og:image:height\" content=\"648\" \/>\n\t<meta property=\"og:image:type\" content=\"image\/jpeg\" \/>\n<meta name=\"author\" content=\"Lago di Como\" \/>\n<meta name=\"twitter:card\" content=\"summary_large_image\" \/>\n<meta name=\"twitter:creator\" content=\"@MontagneLago\" \/>\n<meta name=\"twitter:site\" content=\"@MontagneLago\" \/>\n<meta name=\"twitter:label1\" content=\"Written by\" \/>\n\t<meta name=\"twitter:data1\" content=\"Lago di Como\" \/>\n\t<meta name=\"twitter:label2\" content=\"Est. reading time\" \/>\n\t<meta name=\"twitter:data2\" content=\"2 minutes\" \/>\n<script type=\"application\/ld+json\" class=\"yoast-schema-graph\">{\"@context\":\"https:\/\/schema.org\",\"@graph\":[{\"@type\":\"Article\",\"@id\":\"https:\/\/www.montagnelagodicomo.it\/2022\/06\/30\/luglio-evviva-l-estate\/#article\",\"isPartOf\":{\"@id\":\"https:\/\/www.montagnelagodicomo.it\/2022\/06\/30\/luglio-evviva-l-estate\/\"},\"author\":{\"name\":\"Lago di Como\",\"@id\":\"https:\/\/www.montagnelagodicomo.it\/#\/schema\/person\/2bf16933476a4be250f5262fc4b6be73\"},\"headline\":\"Luglio: \u00e8 arrivata l&#8217;estate\",\"datePublished\":\"2022-06-30T10:24:11+00:00\",\"dateModified\":\"2024-06-27T09:21:20+00:00\",\"mainEntityOfPage\":{\"@id\":\"https:\/\/www.montagnelagodicomo.it\/2022\/06\/30\/luglio-evviva-l-estate\/\"},\"wordCount\":208,\"commentCount\":0,\"publisher\":{\"@id\":\"https:\/\/www.montagnelagodicomo.it\/#organization\"},\"image\":{\"@id\":\"https:\/\/www.montagnelagodicomo.it\/2022\/06\/30\/luglio-evviva-l-estate\/#primaryimage\"},\"thumbnailUrl\":\"https:\/\/www.montagnelagodicomo.it\/wp-content\/uploads\/2022\/06\/Emilio-Buzzella-panorama-luglio-2_quadrata.jpg\",\"articleSection\":[\"Ultima ora\"],\"inLanguage\":\"en-US\",\"potentialAction\":[{\"@type\":\"CommentAction\",\"name\":\"Comment\",\"target\":[\"https:\/\/www.montagnelagodicomo.it\/2022\/06\/30\/luglio-evviva-l-estate\/#respond\"]}]},{\"@type\":\"WebPage\",\"@id\":\"https:\/\/www.montagnelagodicomo.it\/2022\/06\/30\/luglio-evviva-l-estate\/\",\"url\":\"https:\/\/www.montagnelagodicomo.it\/2022\/06\/30\/luglio-evviva-l-estate\/\",\"name\":\"Luglio: evviva l'estate\",\"isPartOf\":{\"@id\":\"https:\/\/www.montagnelagodicomo.it\/#website\"},\"primaryImageOfPage\":{\"@id\":\"https:\/\/www.montagnelagodicomo.it\/2022\/06\/30\/luglio-evviva-l-estate\/#primaryimage\"},\"image\":{\"@id\":\"https:\/\/www.montagnelagodicomo.it\/2022\/06\/30\/luglio-evviva-l-estate\/#primaryimage\"},\"thumbnailUrl\":\"https:\/\/www.montagnelagodicomo.it\/wp-content\/uploads\/2022\/06\/Emilio-Buzzella-panorama-luglio-2_quadrata.jpg\",\"datePublished\":\"2022-06-30T10:24:11+00:00\",\"dateModified\":\"2024-06-27T09:21:20+00:00\",\"description\":\"Cari amici,finalmente la tanto attesa stagione estiva \u00e8 arrivata. Il clima caldo e le lunghe giornate di sole invogliano sempre di pi\u00f9 a scoprire le bellezze delle Montagne del Lago di Como.La noia, qui, non \u00e8 all'ordine del giorno: eventi sportivi e musicali, visite guidate, trekking e molto altro.. l'intrattenimento \u00e8 garantito per grandi e piccini.\",\"breadcrumb\":{\"@id\":\"https:\/\/www.montagnelagodicomo.it\/2022\/06\/30\/luglio-evviva-l-estate\/#breadcrumb\"},\"inLanguage\":\"en-US\",\"potentialAction\":[{\"@type\":\"ReadAction\",\"target\":[\"https:\/\/www.montagnelagodicomo.it\/2022\/06\/30\/luglio-evviva-l-estate\/\"]}]},{\"@type\":\"ImageObject\",\"inLanguage\":\"en-US\",\"@id\":\"https:\/\/www.montagnelagodicomo.it\/2022\/06\/30\/luglio-evviva-l-estate\/#primaryimage\",\"url\":\"https:\/\/www.montagnelagodicomo.it\/wp-content\/uploads\/2022\/06\/Emilio-Buzzella-panorama-luglio-2_quadrata.jpg\",\"contentUrl\":\"https:\/\/www.montagnelagodicomo.it\/wp-content\/uploads\/2022\/06\/Emilio-Buzzella-panorama-luglio-2_quadrata.jpg\",\"width\":800,\"height\":800},{\"@type\":\"BreadcrumbList\",\"@id\":\"https:\/\/www.montagnelagodicomo.it\/2022\/06\/30\/luglio-evviva-l-estate\/#breadcrumb\",\"itemListElement\":[{\"@type\":\"ListItem\",\"position\":1,\"name\":\"Home\",\"item\":\"https:\/\/www.montagnelagodicomo.it\/en\/\"},{\"@type\":\"ListItem\",\"position\":2,\"name\":\"Luglio: \u00e8 arrivata l&#8217;estate\"}]},{\"@type\":\"WebSite\",\"@id\":\"https:\/\/www.montagnelagodicomo.it\/#website\",\"url\":\"https:\/\/www.montagnelagodicomo.it\/\",\"name\":\"Lago di Como e Valsassina\",\"description\":\"\",\"publisher\":{\"@id\":\"https:\/\/www.montagnelagodicomo.it\/#organization\"},\"potentialAction\":[{\"@type\":\"SearchAction\",\"target\":{\"@type\":\"EntryPoint\",\"urlTemplate\":\"https:\/\/www.montagnelagodicomo.it\/?s={search_term_string}\"},\"query-input\":{\"@type\":\"PropertyValueSpecification\",\"valueRequired\":true,\"valueName\":\"search_term_string\"}}],\"inLanguage\":\"en-US\"},{\"@type\":\"Organization\",\"@id\":\"https:\/\/www.montagnelagodicomo.it\/#organization\",\"name\":\"Montagne del Lago di Como\",\"url\":\"https:\/\/www.montagnelagodicomo.it\/\",\"logo\":{\"@type\":\"ImageObject\",\"inLanguage\":\"en-US\",\"@id\":\"https:\/\/www.montagnelagodicomo.it\/#\/schema\/logo\/image\/\",\"url\":\"https:\/\/www.montagnelagodicomo.it\/wp-content\/uploads\/2016\/07\/DEF_Montagne_LagodiComo_04112015_png.png\",\"contentUrl\":\"https:\/\/www.montagnelagodicomo.it\/wp-content\/uploads\/2016\/07\/DEF_Montagne_LagodiComo_04112015_png.png\",\"width\":2997,\"height\":835,\"caption\":\"Montagne del Lago di Como\"},\"image\":{\"@id\":\"https:\/\/www.montagnelagodicomo.it\/#\/schema\/logo\/image\/\"},\"sameAs\":[\"https:\/\/www.facebook.com\/montagnelagodicomo\",\"https:\/\/x.com\/MontagneLago\",\"https:\/\/www.youtube.com\/channel\/UCDoxghWmgQnHlQ78rzZuUjA\"]},{\"@type\":\"Person\",\"@id\":\"https:\/\/www.montagnelagodicomo.it\/#\/schema\/person\/2bf16933476a4be250f5262fc4b6be73\",\"name\":\"Lago di Como\",\"image\":{\"@type\":\"ImageObject\",\"inLanguage\":\"en-US\",\"@id\":\"https:\/\/www.montagnelagodicomo.it\/#\/schema\/person\/image\/\",\"url\":\"https:\/\/secure.gravatar.com\/avatar\/b0ea597184538654d9c960fec152139dfdb9bdcb85f1479a337049ab90c2f71a?s=96&d=mm&r=g\",\"contentUrl\":\"https:\/\/secure.gravatar.com\/avatar\/b0ea597184538654d9c960fec152139dfdb9bdcb85f1479a337049ab90c2f71a?s=96&d=mm&r=g\",\"caption\":\"Lago di Como\"},\"url\":\"https:\/\/www.montagnelagodicomo.it\/en\/author\/lago-di-como\/\"}]}<\/script>\n<!-- \/ Yoast SEO plugin. -->","yoast_head_json":{"title":"Luglio: evviva l'estate","description":"Cari amici,finalmente la tanto attesa stagione estiva \u00e8 arrivata. Il clima caldo e le lunghe giornate di sole invogliano sempre di pi\u00f9 a scoprire le bellezze delle Montagne del Lago di Como.La noia, qui, non \u00e8 all'ordine del giorno: eventi sportivi e musicali, visite guidate, trekking e molto altro.. l'intrattenimento \u00e8 garantito per grandi e piccini.","robots":{"index":"index","follow":"follow","max-snippet":"max-snippet:-1","max-image-preview":"max-image-preview:large","max-video-preview":"max-video-preview:-1"},"canonical":"https:\/\/www.montagnelagodicomo.it\/2022\/06\/30\/luglio-evviva-l-estate\/","og_locale":"en_US","og_type":"article","og_title":"Giugno: aspettando l'estate","og_description":"Cari amici, la stagione estiva \u00e8 alle porte e tanta \u00e8 la voglia di rilassarsi ed evadere dallo stress della vita quotidiana. E' il momento giusto per scoprire quanto di pi\u00f9 bello le Montagne del Lago di Como hanno da offrire.","og_url":"https:\/\/www.montagnelagodicomo.it\/2022\/06\/30\/luglio-evviva-l-estate\/","og_site_name":"Lago di Como e Valsassina","article_publisher":"https:\/\/www.facebook.com\/montagnelagodicomo","article_published_time":"2022-06-30T10:24:11+00:00","article_modified_time":"2024-06-27T09:21:20+00:00","og_image":[{"width":1080,"height":648,"url":"https:\/\/www.montagnelagodicomo.it\/wp-content\/uploads\/2022\/05\/Varenna_Alberto-Locatelli.jpg","type":"image\/jpeg"}],"author":"Lago di Como","twitter_card":"summary_large_image","twitter_creator":"@MontagneLago","twitter_site":"@MontagneLago","twitter_misc":{"Written by":"Lago di Como","Est. reading time":"2 minutes"},"schema":{"@context":"https:\/\/schema.org","@graph":[{"@type":"Article","@id":"https:\/\/www.montagnelagodicomo.it\/2022\/06\/30\/luglio-evviva-l-estate\/#article","isPartOf":{"@id":"https:\/\/www.montagnelagodicomo.it\/2022\/06\/30\/luglio-evviva-l-estate\/"},"author":{"name":"Lago di Como","@id":"https:\/\/www.montagnelagodicomo.it\/#\/schema\/person\/2bf16933476a4be250f5262fc4b6be73"},"headline":"Luglio: \u00e8 arrivata l&#8217;estate","datePublished":"2022-06-30T10:24:11+00:00","dateModified":"2024-06-27T09:21:20+00:00","mainEntityOfPage":{"@id":"https:\/\/www.montagnelagodicomo.it\/2022\/06\/30\/luglio-evviva-l-estate\/"},"wordCount":208,"commentCount":0,"publisher":{"@id":"https:\/\/www.montagnelagodicomo.it\/#organization"},"image":{"@id":"https:\/\/www.montagnelagodicomo.it\/2022\/06\/30\/luglio-evviva-l-estate\/#primaryimage"},"thumbnailUrl":"https:\/\/www.montagnelagodicomo.it\/wp-content\/uploads\/2022\/06\/Emilio-Buzzella-panorama-luglio-2_quadrata.jpg","articleSection":["Ultima ora"],"inLanguage":"en-US","potentialAction":[{"@type":"CommentAction","name":"Comment","target":["https:\/\/www.montagnelagodicomo.it\/2022\/06\/30\/luglio-evviva-l-estate\/#respond"]}]},{"@type":"WebPage","@id":"https:\/\/www.montagnelagodicomo.it\/2022\/06\/30\/luglio-evviva-l-estate\/","url":"https:\/\/www.montagnelagodicomo.it\/2022\/06\/30\/luglio-evviva-l-estate\/","name":"Luglio: evviva l'estate","isPartOf":{"@id":"https:\/\/www.montagnelagodicomo.it\/#website"},"primaryImageOfPage":{"@id":"https:\/\/www.montagnelagodicomo.it\/2022\/06\/30\/luglio-evviva-l-estate\/#primaryimage"},"image":{"@id":"https:\/\/www.montagnelagodicomo.it\/2022\/06\/30\/luglio-evviva-l-estate\/#primaryimage"},"thumbnailUrl":"https:\/\/www.montagnelagodicomo.it\/wp-content\/uploads\/2022\/06\/Emilio-Buzzella-panorama-luglio-2_quadrata.jpg","datePublished":"2022-06-30T10:24:11+00:00","dateModified":"2024-06-27T09:21:20+00:00","description":"Cari amici,finalmente la tanto attesa stagione estiva \u00e8 arrivata. Il clima caldo e le lunghe giornate di sole invogliano sempre di pi\u00f9 a scoprire le bellezze delle Montagne del Lago di Como.La noia, qui, non \u00e8 all'ordine del giorno: eventi sportivi e musicali, visite guidate, trekking e molto altro.. l'intrattenimento \u00e8 garantito per grandi e piccini.","breadcrumb":{"@id":"https:\/\/www.montagnelagodicomo.it\/2022\/06\/30\/luglio-evviva-l-estate\/#breadcrumb"},"inLanguage":"en-US","potentialAction":[{"@type":"ReadAction","target":["https:\/\/www.montagnelagodicomo.it\/2022\/06\/30\/luglio-evviva-l-estate\/"]}]},{"@type":"ImageObject","inLanguage":"en-US","@id":"https:\/\/www.montagnelagodicomo.it\/2022\/06\/30\/luglio-evviva-l-estate\/#primaryimage","url":"https:\/\/www.montagnelagodicomo.it\/wp-content\/uploads\/2022\/06\/Emilio-Buzzella-panorama-luglio-2_quadrata.jpg","contentUrl":"https:\/\/www.montagnelagodicomo.it\/wp-content\/uploads\/2022\/06\/Emilio-Buzzella-panorama-luglio-2_quadrata.jpg","width":800,"height":800},{"@type":"BreadcrumbList","@id":"https:\/\/www.montagnelagodicomo.it\/2022\/06\/30\/luglio-evviva-l-estate\/#breadcrumb","itemListElement":[{"@type":"ListItem","position":1,"name":"Home","item":"https:\/\/www.montagnelagodicomo.it\/en\/"},{"@type":"ListItem","position":2,"name":"Luglio: \u00e8 arrivata l&#8217;estate"}]},{"@type":"WebSite","@id":"https:\/\/www.montagnelagodicomo.it\/#website","url":"https:\/\/www.montagnelagodicomo.it\/","name":"Lago di Como e Valsassina","description":"","publisher":{"@id":"https:\/\/www.montagnelagodicomo.it\/#organization"},"potentialAction":[{"@type":"SearchAction","target":{"@type":"EntryPoint","urlTemplate":"https:\/\/www.montagnelagodicomo.it\/?s={search_term_string}"},"query-input":{"@type":"PropertyValueSpecification","valueRequired":true,"valueName":"search_term_string"}}],"inLanguage":"en-US"},{"@type":"Organization","@id":"https:\/\/www.montagnelagodicomo.it\/#organization","name":"Montagne del Lago di Como","url":"https:\/\/www.montagnelagodicomo.it\/","logo":{"@type":"ImageObject","inLanguage":"en-US","@id":"https:\/\/www.montagnelagodicomo.it\/#\/schema\/logo\/image\/","url":"https:\/\/www.montagnelagodicomo.it\/wp-content\/uploads\/2016\/07\/DEF_Montagne_LagodiComo_04112015_png.png","contentUrl":"https:\/\/www.montagnelagodicomo.it\/wp-content\/uploads\/2016\/07\/DEF_Montagne_LagodiComo_04112015_png.png","width":2997,"height":835,"caption":"Montagne del Lago di Como"},"image":{"@id":"https:\/\/www.montagnelagodicomo.it\/#\/schema\/logo\/image\/"},"sameAs":["https:\/\/www.facebook.com\/montagnelagodicomo","https:\/\/x.com\/MontagneLago","https:\/\/www.youtube.com\/channel\/UCDoxghWmgQnHlQ78rzZuUjA"]},{"@type":"Person","@id":"https:\/\/www.montagnelagodicomo.it\/#\/schema\/person\/2bf16933476a4be250f5262fc4b6be73","name":"Lago di Como","image":{"@type":"ImageObject","inLanguage":"en-US","@id":"https:\/\/www.montagnelagodicomo.it\/#\/schema\/person\/image\/","url":"https:\/\/secure.gravatar.com\/avatar\/b0ea597184538654d9c960fec152139dfdb9bdcb85f1479a337049ab90c2f71a?s=96&d=mm&r=g","contentUrl":"https:\/\/secure.gravatar.com\/avatar\/b0ea597184538654d9c960fec152139dfdb9bdcb85f1479a337049ab90c2f71a?s=96&d=mm&r=g","caption":"Lago di Como"},"url":"https:\/\/www.montagnelagodicomo.it\/en\/author\/lago-di-como\/"}]}},"_links":{"self":[{"href":"https:\/\/www.montagnelagodicomo.it\/en\/wp-json\/wp\/v2\/posts\/83249","targetHints":{"allow":["GET"]}}],"collection":[{"href":"https:\/\/www.montagnelagodicomo.it\/en\/wp-json\/wp\/v2\/posts"}],"about":[{"href":"https:\/\/www.montagnelagodicomo.it\/en\/wp-json\/wp\/v2\/types\/post"}],"author":[{"embeddable":true,"href":"https:\/\/www.montagnelagodicomo.it\/en\/wp-json\/wp\/v2\/users\/6"}],"replies":[{"embeddable":true,"href":"https:\/\/www.montagnelagodicomo.it\/en\/wp-json\/wp\/v2\/comments?post=83249"}],"version-history":[{"count":3,"href":"https:\/\/www.montagnelagodicomo.it\/en\/wp-json\/wp\/v2\/posts\/83249\/revisions"}],"predecessor-version":[{"id":96315,"href":"https:\/\/www.montagnelagodicomo.it\/en\/wp-json\/wp\/v2\/posts\/83249\/revisions\/96315"}],"wp:featuredmedia":[{"embeddable":true,"href":"https:\/\/www.montagnelagodicomo.it\/en\/wp-json\/wp\/v2\/media\/83254"}],"wp:attachment":[{"href":"https:\/\/www.montagnelagodicomo.it\/en\/wp-json\/wp\/v2\/media?parent=83249"}],"wp:term":[{"taxonomy":"category","embeddable":true,"href":"https:\/\/www.montagnelagodicomo.it\/en\/wp-json\/wp\/v2\/categories?post=83249"},{"taxonomy":"post_tag","embeddable":true,"href":"https:\/\/www.montagnelagodicomo.it\/en\/wp-json\/wp\/v2\/tags?post=83249"}],"curies":[{"name":"wp","href":"https:\/\/api.w.org\/{rel}","templated":true}]}}