{"id":85164,"date":"2022-09-30T12:42:02","date_gmt":"2022-09-30T10:42:02","guid":{"rendered":"https:\/\/www.montagnelagodicomo.it\/2022\/09\/30\/settembre-lestate-sta-finendo-2\/"},"modified":"2022-09-30T12:46:09","modified_gmt":"2022-09-30T10:46:09","slug":"ottobre-le-nostre-proposte","status":"publish","type":"post","link":"https:\/\/www.montagnelagodicomo.it\/en\/2022\/09\/30\/ottobre-le-nostre-proposte\/","title":{"rendered":"Ottobre: le nostre proposte"},"content":{"rendered":"<figure id=\"attachment_78695\" class=\"wp-caption aligncenter\" aria-describedby=\"caption-attachment-78695\"><\/figure>\n<figure id=\"attachment_85166\" aria-describedby=\"caption-attachment-85166\" style=\"width: 1024px\" class=\"wp-caption aligncenter\"><a href=\"https:\/\/h7c8.emailsp.com\/f\/rnl.aspx\/?mje=u_ur23c&amp;kl=uzek-=syz1z:e7&amp;d=k&amp;6:v&amp;x=pp&amp;wyegeg8&amp;x=pv&amp;e7d8-b&amp;a9beg6&amp;l3.6k=zwvzNCLM\" target=\"_blank\" rel=\"noopener\"><img fetchpriority=\"high\" decoding=\"async\" class=\"wp-image-85166 size-full\" src=\"https:\/\/www.montagnelagodicomo.it\/wp-content\/uploads\/2022\/09\/Pietro-Buttera-piazzo_NL-ottobre-2021.jpg\" alt=\"\" width=\"1024\" height=\"683\" srcset=\"https:\/\/www.montagnelagodicomo.it\/wp-content\/uploads\/2022\/09\/Pietro-Buttera-piazzo_NL-ottobre-2021.jpg 1024w, https:\/\/www.montagnelagodicomo.it\/wp-content\/uploads\/2022\/09\/Pietro-Buttera-piazzo_NL-ottobre-2021-300x200.jpg 300w, https:\/\/www.montagnelagodicomo.it\/wp-content\/uploads\/2022\/09\/Pietro-Buttera-piazzo_NL-ottobre-2021-768x512.jpg 768w\" sizes=\"(max-width: 1024px) 100vw, 1024px\" \/><\/a><figcaption id=\"caption-attachment-85166\" class=\"wp-caption-text\">Clicca e scopri la newsletter di ottobre<\/figcaption><\/figure>\n<p>&nbsp;<\/p>\n<p>Cari amici,<\/p>\n<p>eccoci giunti ormai nella stagione autunnale, dove la natura si tinge di mille bellissimi colori continuando a offrire diverse occasioni per scoprire il nostro territorio.<\/p>\n<p>L&#8217;autunno \u00e8 la stagione dei piccoli tesori del bosco come i funghi, le castagne e la selvaggina. Per questo i nostri ristoranti non perdono l&#8217;occasione di proporli nei gustosi e interessanti piatti studiati per &#8220;<strong><a href=\"https:\/\/www.montagnelagodicomo.it\/events\/i-weekend-dei-sapori-dautunno-sulle-montagne-del-lago-di-como\/\">I Weekend dei Sapori d&#8217;Autunno<\/a><\/strong>&#8220;, la rassegna gastronomica che permette di gustare in compagnia i caratteristici profumi e sapori di questa stagione.<\/p>\n<p>Vi consigliamo di consultare anche le <strong>offerte e proposte weekend<\/strong>.<\/p>\n<p>Ma non \u00e8 tutto! Il territorio propone anche un&#8217;altra grossa manifestazione gastronomica di rilievo come la <a href=\"https:\/\/www.montagnelagodicomo.it\/events\/moggio-profumi-e-sapori-dautunno\/\"><strong>Moggio Profumi e Sapori<\/strong><\/a> ma anche eventi culturali, di svago e molto altro.<\/p>\n<p>Volete scoprire tutte le <strong>manifestazioni <\/strong>in programma per le prossime settimane? <strong><a href=\"https:\/\/www.montagnelagodicomo.it\/event_category\/evento\/\">Cliccate qui<\/a><\/strong><\/p>\n<p>Se siete in cerca di una sistemazione alberghiera o di un alloggio, potete contattare il nostro <strong><a href=\"https:\/\/www.montagnelagodicomo.it\/prenotazioni-camere\/\">Centro Unico di Prenotazioni<\/a><\/strong> per avere informazioni o richiedere preventivi ad hoc.<\/p>\n<p><strong>Vi aspettiamo sulle Montagne del Lago di Como<\/strong>.<\/p>\n<p>&nbsp;<\/p>\n<p>Un caro saluto.<\/p>\n<p><strong>IL PRESIDENTE \u2013 Stefano Gianola<\/strong><\/p>\n<p>&nbsp;<\/p>\n<p><strong><span style=\"color: #ff6600;\">Non sei iscritto alla nostra newsletter mensile? Puoi farlo direttamente dal sito! Compila il modulo che trovi in fondo alla pagina con i tuoi dati: riceverai gratuitamente i nostri eventi e le nostre proposte sulla tua email. Potrai annullare l\u2019iscrizione quando vuoi.<\/span> <\/strong><\/p>\n<p>Ringraziamo Pietro Buttera per la bellissima foto.<\/p>\n","protected":false},"excerpt":{"rendered":"<p>&nbsp; Cari amici, eccoci giunti ormai nella stagione autunnale, dove la natura si tinge di mille bellissimi colori continuando a offrire diverse occasioni per scoprire il nostro territorio. L&#8217;autunno \u00e8 la stagione dei piccoli tesori del bosco come i funghi, le castagne e la selvaggina. Per questo i nostri ristoranti non perdono l&#8217;occasione di proporli [&hellip;]<\/p>\n","protected":false},"author":6,"featured_media":85170,"comment_status":"open","ping_status":"open","sticky":false,"template":"","format":"standard","meta":{"_acf_changed":false,"footnotes":""},"categories":[146],"tags":[],"class_list":["post-85164","post","type-post","status-publish","format-standard","has-post-thumbnail","hentry","category-ultima-ora"],"acf":[],"yoast_head":"<!-- This site is optimized with the Yoast SEO plugin v25.0 - https:\/\/yoast.com\/wordpress\/plugins\/seo\/ -->\n<title>Ottobre: le nostre proposte<\/title>\n<meta name=\"description\" content=\"Cari amici,eccoci giunti ormai nella stagione autunnale, dove la natura si tinge di mille bellissimi colori continuando a offrire diverse occasioni per scoprire il nostro territorio.\" \/>\n<meta name=\"robots\" content=\"index, follow, max-snippet:-1, max-image-preview:large, max-video-preview:-1\" \/>\n<link rel=\"canonical\" href=\"https:\/\/www.montagnelagodicomo.it\/en\/2022\/09\/30\/ottobre-le-nostre-proposte\/\" \/>\n<meta property=\"og:locale\" content=\"en_US\" \/>\n<meta property=\"og:type\" content=\"article\" \/>\n<meta property=\"og:title\" content=\"Giugno: aspettando l&#039;estate\" \/>\n<meta property=\"og:description\" content=\"Cari amici, la stagione estiva \u00e8 alle porte e tanta \u00e8 la voglia di rilassarsi ed evadere dallo stress della vita quotidiana. E&#039; il momento giusto per scoprire quanto di pi\u00f9 bello le Montagne del Lago di Como hanno da offrire.\" \/>\n<meta property=\"og:url\" content=\"https:\/\/www.montagnelagodicomo.it\/en\/2022\/09\/30\/ottobre-le-nostre-proposte\/\" \/>\n<meta property=\"og:site_name\" content=\"Lago di Como e Valsassina\" \/>\n<meta property=\"article:publisher\" content=\"https:\/\/www.facebook.com\/montagnelagodicomo\" \/>\n<meta property=\"article:published_time\" content=\"2022-09-30T10:42:02+00:00\" \/>\n<meta property=\"article:modified_time\" content=\"2022-09-30T10:46:09+00:00\" \/>\n<meta property=\"og:image\" content=\"https:\/\/www.montagnelagodicomo.it\/wp-content\/uploads\/2022\/05\/Varenna_Alberto-Locatelli.jpg\" \/>\n\t<meta property=\"og:image:width\" content=\"1080\" \/>\n\t<meta property=\"og:image:height\" content=\"648\" \/>\n\t<meta property=\"og:image:type\" content=\"image\/jpeg\" \/>\n<meta name=\"author\" content=\"Lago di Como\" \/>\n<meta name=\"twitter:card\" content=\"summary_large_image\" \/>\n<meta name=\"twitter:creator\" content=\"@MontagneLago\" \/>\n<meta name=\"twitter:site\" content=\"@MontagneLago\" \/>\n<meta name=\"twitter:label1\" content=\"Written by\" \/>\n\t<meta name=\"twitter:data1\" content=\"Lago di Como\" \/>\n\t<meta name=\"twitter:label2\" content=\"Est. reading time\" \/>\n\t<meta name=\"twitter:data2\" content=\"2 minutes\" \/>\n<script type=\"application\/ld+json\" class=\"yoast-schema-graph\">{\"@context\":\"https:\/\/schema.org\",\"@graph\":[{\"@type\":\"Article\",\"@id\":\"https:\/\/www.montagnelagodicomo.it\/en\/2022\/09\/30\/ottobre-le-nostre-proposte\/#article\",\"isPartOf\":{\"@id\":\"https:\/\/www.montagnelagodicomo.it\/en\/2022\/09\/30\/ottobre-le-nostre-proposte\/\"},\"author\":{\"name\":\"Lago di Como\",\"@id\":\"https:\/\/www.montagnelagodicomo.it\/#\/schema\/person\/2bf16933476a4be250f5262fc4b6be73\"},\"headline\":\"Ottobre: le nostre proposte\",\"datePublished\":\"2022-09-30T10:42:02+00:00\",\"dateModified\":\"2022-09-30T10:46:09+00:00\",\"mainEntityOfPage\":{\"@id\":\"https:\/\/www.montagnelagodicomo.it\/en\/2022\/09\/30\/ottobre-le-nostre-proposte\/\"},\"wordCount\":247,\"commentCount\":0,\"publisher\":{\"@id\":\"https:\/\/www.montagnelagodicomo.it\/#organization\"},\"image\":{\"@id\":\"https:\/\/www.montagnelagodicomo.it\/en\/2022\/09\/30\/ottobre-le-nostre-proposte\/#primaryimage\"},\"thumbnailUrl\":\"https:\/\/www.montagnelagodicomo.it\/wp-content\/uploads\/2022\/09\/Pietro-Buttera-piazzo_NL-ottobre-2021_quadrata.jpg\",\"articleSection\":[\"Ultima ora\"],\"inLanguage\":\"en-US\",\"potentialAction\":[{\"@type\":\"CommentAction\",\"name\":\"Comment\",\"target\":[\"https:\/\/www.montagnelagodicomo.it\/en\/2022\/09\/30\/ottobre-le-nostre-proposte\/#respond\"]}]},{\"@type\":\"WebPage\",\"@id\":\"https:\/\/www.montagnelagodicomo.it\/en\/2022\/09\/30\/ottobre-le-nostre-proposte\/\",\"url\":\"https:\/\/www.montagnelagodicomo.it\/en\/2022\/09\/30\/ottobre-le-nostre-proposte\/\",\"name\":\"Ottobre: le nostre proposte\",\"isPartOf\":{\"@id\":\"https:\/\/www.montagnelagodicomo.it\/#website\"},\"primaryImageOfPage\":{\"@id\":\"https:\/\/www.montagnelagodicomo.it\/en\/2022\/09\/30\/ottobre-le-nostre-proposte\/#primaryimage\"},\"image\":{\"@id\":\"https:\/\/www.montagnelagodicomo.it\/en\/2022\/09\/30\/ottobre-le-nostre-proposte\/#primaryimage\"},\"thumbnailUrl\":\"https:\/\/www.montagnelagodicomo.it\/wp-content\/uploads\/2022\/09\/Pietro-Buttera-piazzo_NL-ottobre-2021_quadrata.jpg\",\"datePublished\":\"2022-09-30T10:42:02+00:00\",\"dateModified\":\"2022-09-30T10:46:09+00:00\",\"description\":\"Cari amici,eccoci giunti ormai nella stagione autunnale, dove la natura si tinge di mille bellissimi colori continuando a offrire diverse occasioni per scoprire il nostro territorio.\",\"breadcrumb\":{\"@id\":\"https:\/\/www.montagnelagodicomo.it\/en\/2022\/09\/30\/ottobre-le-nostre-proposte\/#breadcrumb\"},\"inLanguage\":\"en-US\",\"potentialAction\":[{\"@type\":\"ReadAction\",\"target\":[\"https:\/\/www.montagnelagodicomo.it\/en\/2022\/09\/30\/ottobre-le-nostre-proposte\/\"]}]},{\"@type\":\"ImageObject\",\"inLanguage\":\"en-US\",\"@id\":\"https:\/\/www.montagnelagodicomo.it\/en\/2022\/09\/30\/ottobre-le-nostre-proposte\/#primaryimage\",\"url\":\"https:\/\/www.montagnelagodicomo.it\/wp-content\/uploads\/2022\/09\/Pietro-Buttera-piazzo_NL-ottobre-2021_quadrata.jpg\",\"contentUrl\":\"https:\/\/www.montagnelagodicomo.it\/wp-content\/uploads\/2022\/09\/Pietro-Buttera-piazzo_NL-ottobre-2021_quadrata.jpg\",\"width\":800,\"height\":800},{\"@type\":\"BreadcrumbList\",\"@id\":\"https:\/\/www.montagnelagodicomo.it\/en\/2022\/09\/30\/ottobre-le-nostre-proposte\/#breadcrumb\",\"itemListElement\":[{\"@type\":\"ListItem\",\"position\":1,\"name\":\"Home\",\"item\":\"https:\/\/www.montagnelagodicomo.it\/en\/\"},{\"@type\":\"ListItem\",\"position\":2,\"name\":\"Ottobre: le nostre proposte\"}]},{\"@type\":\"WebSite\",\"@id\":\"https:\/\/www.montagnelagodicomo.it\/#website\",\"url\":\"https:\/\/www.montagnelagodicomo.it\/\",\"name\":\"Lago di Como e Valsassina\",\"description\":\"\",\"publisher\":{\"@id\":\"https:\/\/www.montagnelagodicomo.it\/#organization\"},\"potentialAction\":[{\"@type\":\"SearchAction\",\"target\":{\"@type\":\"EntryPoint\",\"urlTemplate\":\"https:\/\/www.montagnelagodicomo.it\/?s={search_term_string}\"},\"query-input\":{\"@type\":\"PropertyValueSpecification\",\"valueRequired\":true,\"valueName\":\"search_term_string\"}}],\"inLanguage\":\"en-US\"},{\"@type\":\"Organization\",\"@id\":\"https:\/\/www.montagnelagodicomo.it\/#organization\",\"name\":\"Montagne del Lago di Como\",\"url\":\"https:\/\/www.montagnelagodicomo.it\/\",\"logo\":{\"@type\":\"ImageObject\",\"inLanguage\":\"en-US\",\"@id\":\"https:\/\/www.montagnelagodicomo.it\/#\/schema\/logo\/image\/\",\"url\":\"https:\/\/www.montagnelagodicomo.it\/wp-content\/uploads\/2016\/07\/DEF_Montagne_LagodiComo_04112015_png.png\",\"contentUrl\":\"https:\/\/www.montagnelagodicomo.it\/wp-content\/uploads\/2016\/07\/DEF_Montagne_LagodiComo_04112015_png.png\",\"width\":2997,\"height\":835,\"caption\":\"Montagne del Lago di Como\"},\"image\":{\"@id\":\"https:\/\/www.montagnelagodicomo.it\/#\/schema\/logo\/image\/\"},\"sameAs\":[\"https:\/\/www.facebook.com\/montagnelagodicomo\",\"https:\/\/x.com\/MontagneLago\",\"https:\/\/www.youtube.com\/channel\/UCDoxghWmgQnHlQ78rzZuUjA\"]},{\"@type\":\"Person\",\"@id\":\"https:\/\/www.montagnelagodicomo.it\/#\/schema\/person\/2bf16933476a4be250f5262fc4b6be73\",\"name\":\"Lago di Como\",\"image\":{\"@type\":\"ImageObject\",\"inLanguage\":\"en-US\",\"@id\":\"https:\/\/www.montagnelagodicomo.it\/#\/schema\/person\/image\/\",\"url\":\"https:\/\/secure.gravatar.com\/avatar\/b0ea597184538654d9c960fec152139dfdb9bdcb85f1479a337049ab90c2f71a?s=96&d=mm&r=g\",\"contentUrl\":\"https:\/\/secure.gravatar.com\/avatar\/b0ea597184538654d9c960fec152139dfdb9bdcb85f1479a337049ab90c2f71a?s=96&d=mm&r=g\",\"caption\":\"Lago di Como\"},\"url\":\"https:\/\/www.montagnelagodicomo.it\/en\/author\/lago-di-como\/\"}]}<\/script>\n<!-- \/ Yoast SEO plugin. -->","yoast_head_json":{"title":"Ottobre: le nostre proposte","description":"Cari amici,eccoci giunti ormai nella stagione autunnale, dove la natura si tinge di mille bellissimi colori continuando a offrire diverse occasioni per scoprire il nostro territorio.","robots":{"index":"index","follow":"follow","max-snippet":"max-snippet:-1","max-image-preview":"max-image-preview:large","max-video-preview":"max-video-preview:-1"},"canonical":"https:\/\/www.montagnelagodicomo.it\/en\/2022\/09\/30\/ottobre-le-nostre-proposte\/","og_locale":"en_US","og_type":"article","og_title":"Giugno: aspettando l'estate","og_description":"Cari amici, la stagione estiva \u00e8 alle porte e tanta \u00e8 la voglia di rilassarsi ed evadere dallo stress della vita quotidiana. E' il momento giusto per scoprire quanto di pi\u00f9 bello le Montagne del Lago di Como hanno da offrire.","og_url":"https:\/\/www.montagnelagodicomo.it\/en\/2022\/09\/30\/ottobre-le-nostre-proposte\/","og_site_name":"Lago di Como e Valsassina","article_publisher":"https:\/\/www.facebook.com\/montagnelagodicomo","article_published_time":"2022-09-30T10:42:02+00:00","article_modified_time":"2022-09-30T10:46:09+00:00","og_image":[{"width":1080,"height":648,"url":"https:\/\/www.montagnelagodicomo.it\/wp-content\/uploads\/2022\/05\/Varenna_Alberto-Locatelli.jpg","type":"image\/jpeg"}],"author":"Lago di Como","twitter_card":"summary_large_image","twitter_creator":"@MontagneLago","twitter_site":"@MontagneLago","twitter_misc":{"Written by":"Lago di Como","Est. reading time":"2 minutes"},"schema":{"@context":"https:\/\/schema.org","@graph":[{"@type":"Article","@id":"https:\/\/www.montagnelagodicomo.it\/en\/2022\/09\/30\/ottobre-le-nostre-proposte\/#article","isPartOf":{"@id":"https:\/\/www.montagnelagodicomo.it\/en\/2022\/09\/30\/ottobre-le-nostre-proposte\/"},"author":{"name":"Lago di Como","@id":"https:\/\/www.montagnelagodicomo.it\/#\/schema\/person\/2bf16933476a4be250f5262fc4b6be73"},"headline":"Ottobre: le nostre proposte","datePublished":"2022-09-30T10:42:02+00:00","dateModified":"2022-09-30T10:46:09+00:00","mainEntityOfPage":{"@id":"https:\/\/www.montagnelagodicomo.it\/en\/2022\/09\/30\/ottobre-le-nostre-proposte\/"},"wordCount":247,"commentCount":0,"publisher":{"@id":"https:\/\/www.montagnelagodicomo.it\/#organization"},"image":{"@id":"https:\/\/www.montagnelagodicomo.it\/en\/2022\/09\/30\/ottobre-le-nostre-proposte\/#primaryimage"},"thumbnailUrl":"https:\/\/www.montagnelagodicomo.it\/wp-content\/uploads\/2022\/09\/Pietro-Buttera-piazzo_NL-ottobre-2021_quadrata.jpg","articleSection":["Ultima ora"],"inLanguage":"en-US","potentialAction":[{"@type":"CommentAction","name":"Comment","target":["https:\/\/www.montagnelagodicomo.it\/en\/2022\/09\/30\/ottobre-le-nostre-proposte\/#respond"]}]},{"@type":"WebPage","@id":"https:\/\/www.montagnelagodicomo.it\/en\/2022\/09\/30\/ottobre-le-nostre-proposte\/","url":"https:\/\/www.montagnelagodicomo.it\/en\/2022\/09\/30\/ottobre-le-nostre-proposte\/","name":"Ottobre: le nostre proposte","isPartOf":{"@id":"https:\/\/www.montagnelagodicomo.it\/#website"},"primaryImageOfPage":{"@id":"https:\/\/www.montagnelagodicomo.it\/en\/2022\/09\/30\/ottobre-le-nostre-proposte\/#primaryimage"},"image":{"@id":"https:\/\/www.montagnelagodicomo.it\/en\/2022\/09\/30\/ottobre-le-nostre-proposte\/#primaryimage"},"thumbnailUrl":"https:\/\/www.montagnelagodicomo.it\/wp-content\/uploads\/2022\/09\/Pietro-Buttera-piazzo_NL-ottobre-2021_quadrata.jpg","datePublished":"2022-09-30T10:42:02+00:00","dateModified":"2022-09-30T10:46:09+00:00","description":"Cari amici,eccoci giunti ormai nella stagione autunnale, dove la natura si tinge di mille bellissimi colori continuando a offrire diverse occasioni per scoprire il nostro territorio.","breadcrumb":{"@id":"https:\/\/www.montagnelagodicomo.it\/en\/2022\/09\/30\/ottobre-le-nostre-proposte\/#breadcrumb"},"inLanguage":"en-US","potentialAction":[{"@type":"ReadAction","target":["https:\/\/www.montagnelagodicomo.it\/en\/2022\/09\/30\/ottobre-le-nostre-proposte\/"]}]},{"@type":"ImageObject","inLanguage":"en-US","@id":"https:\/\/www.montagnelagodicomo.it\/en\/2022\/09\/30\/ottobre-le-nostre-proposte\/#primaryimage","url":"https:\/\/www.montagnelagodicomo.it\/wp-content\/uploads\/2022\/09\/Pietro-Buttera-piazzo_NL-ottobre-2021_quadrata.jpg","contentUrl":"https:\/\/www.montagnelagodicomo.it\/wp-content\/uploads\/2022\/09\/Pietro-Buttera-piazzo_NL-ottobre-2021_quadrata.jpg","width":800,"height":800},{"@type":"BreadcrumbList","@id":"https:\/\/www.montagnelagodicomo.it\/en\/2022\/09\/30\/ottobre-le-nostre-proposte\/#breadcrumb","itemListElement":[{"@type":"ListItem","position":1,"name":"Home","item":"https:\/\/www.montagnelagodicomo.it\/en\/"},{"@type":"ListItem","position":2,"name":"Ottobre: le nostre proposte"}]},{"@type":"WebSite","@id":"https:\/\/www.montagnelagodicomo.it\/#website","url":"https:\/\/www.montagnelagodicomo.it\/","name":"Lago di Como e Valsassina","description":"","publisher":{"@id":"https:\/\/www.montagnelagodicomo.it\/#organization"},"potentialAction":[{"@type":"SearchAction","target":{"@type":"EntryPoint","urlTemplate":"https:\/\/www.montagnelagodicomo.it\/?s={search_term_string}"},"query-input":{"@type":"PropertyValueSpecification","valueRequired":true,"valueName":"search_term_string"}}],"inLanguage":"en-US"},{"@type":"Organization","@id":"https:\/\/www.montagnelagodicomo.it\/#organization","name":"Montagne del Lago di Como","url":"https:\/\/www.montagnelagodicomo.it\/","logo":{"@type":"ImageObject","inLanguage":"en-US","@id":"https:\/\/www.montagnelagodicomo.it\/#\/schema\/logo\/image\/","url":"https:\/\/www.montagnelagodicomo.it\/wp-content\/uploads\/2016\/07\/DEF_Montagne_LagodiComo_04112015_png.png","contentUrl":"https:\/\/www.montagnelagodicomo.it\/wp-content\/uploads\/2016\/07\/DEF_Montagne_LagodiComo_04112015_png.png","width":2997,"height":835,"caption":"Montagne del Lago di Como"},"image":{"@id":"https:\/\/www.montagnelagodicomo.it\/#\/schema\/logo\/image\/"},"sameAs":["https:\/\/www.facebook.com\/montagnelagodicomo","https:\/\/x.com\/MontagneLago","https:\/\/www.youtube.com\/channel\/UCDoxghWmgQnHlQ78rzZuUjA"]},{"@type":"Person","@id":"https:\/\/www.montagnelagodicomo.it\/#\/schema\/person\/2bf16933476a4be250f5262fc4b6be73","name":"Lago di Como","image":{"@type":"ImageObject","inLanguage":"en-US","@id":"https:\/\/www.montagnelagodicomo.it\/#\/schema\/person\/image\/","url":"https:\/\/secure.gravatar.com\/avatar\/b0ea597184538654d9c960fec152139dfdb9bdcb85f1479a337049ab90c2f71a?s=96&d=mm&r=g","contentUrl":"https:\/\/secure.gravatar.com\/avatar\/b0ea597184538654d9c960fec152139dfdb9bdcb85f1479a337049ab90c2f71a?s=96&d=mm&r=g","caption":"Lago di Como"},"url":"https:\/\/www.montagnelagodicomo.it\/en\/author\/lago-di-como\/"}]}},"_links":{"self":[{"href":"https:\/\/www.montagnelagodicomo.it\/en\/wp-json\/wp\/v2\/posts\/85164","targetHints":{"allow":["GET"]}}],"collection":[{"href":"https:\/\/www.montagnelagodicomo.it\/en\/wp-json\/wp\/v2\/posts"}],"about":[{"href":"https:\/\/www.montagnelagodicomo.it\/en\/wp-json\/wp\/v2\/types\/post"}],"author":[{"embeddable":true,"href":"https:\/\/www.montagnelagodicomo.it\/en\/wp-json\/wp\/v2\/users\/6"}],"replies":[{"embeddable":true,"href":"https:\/\/www.montagnelagodicomo.it\/en\/wp-json\/wp\/v2\/comments?post=85164"}],"version-history":[{"count":2,"href":"https:\/\/www.montagnelagodicomo.it\/en\/wp-json\/wp\/v2\/posts\/85164\/revisions"}],"predecessor-version":[{"id":85174,"href":"https:\/\/www.montagnelagodicomo.it\/en\/wp-json\/wp\/v2\/posts\/85164\/revisions\/85174"}],"wp:featuredmedia":[{"embeddable":true,"href":"https:\/\/www.montagnelagodicomo.it\/en\/wp-json\/wp\/v2\/media\/85170"}],"wp:attachment":[{"href":"https:\/\/www.montagnelagodicomo.it\/en\/wp-json\/wp\/v2\/media?parent=85164"}],"wp:term":[{"taxonomy":"category","embeddable":true,"href":"https:\/\/www.montagnelagodicomo.it\/en\/wp-json\/wp\/v2\/categories?post=85164"},{"taxonomy":"post_tag","embeddable":true,"href":"https:\/\/www.montagnelagodicomo.it\/en\/wp-json\/wp\/v2\/tags?post=85164"}],"curies":[{"name":"wp","href":"https:\/\/api.w.org\/{rel}","templated":true}]}}