{"id":91743,"date":"2023-10-27T21:26:18","date_gmt":"2023-10-27T19:26:18","guid":{"rendered":"https:\/\/www.montagnelagodicomo.it\/?p=91743"},"modified":"2023-10-27T21:26:18","modified_gmt":"2023-10-27T19:26:18","slug":"novembre-ecco-le-nostre-proposte","status":"publish","type":"post","link":"https:\/\/www.montagnelagodicomo.it\/en\/2023\/10\/27\/novembre-ecco-le-nostre-proposte\/","title":{"rendered":"Novembre, ecco le nostre proposte"},"content":{"rendered":"<figure id=\"attachment_78695\" class=\"wp-caption aligncenter\" aria-describedby=\"caption-attachment-78695\"><\/figure>\n<p><img fetchpriority=\"high\" decoding=\"async\" class=\"alignnone wp-image-68931 size-full\" src=\"https:\/\/www.montagnelagodicomo.it\/wp-content\/uploads\/2018\/07\/Alessia-Bergamini-grigna-autunno-traversata-bassa-wide.jpg\" alt=\"\" width=\"1920\" height=\"768\" srcset=\"https:\/\/www.montagnelagodicomo.it\/wp-content\/uploads\/2018\/07\/Alessia-Bergamini-grigna-autunno-traversata-bassa-wide.jpg 1920w, https:\/\/www.montagnelagodicomo.it\/wp-content\/uploads\/2018\/07\/Alessia-Bergamini-grigna-autunno-traversata-bassa-wide-300x120.jpg 300w, https:\/\/www.montagnelagodicomo.it\/wp-content\/uploads\/2018\/07\/Alessia-Bergamini-grigna-autunno-traversata-bassa-wide-1024x410.jpg 1024w, https:\/\/www.montagnelagodicomo.it\/wp-content\/uploads\/2018\/07\/Alessia-Bergamini-grigna-autunno-traversata-bassa-wide-768x307.jpg 768w, https:\/\/www.montagnelagodicomo.it\/wp-content\/uploads\/2018\/07\/Alessia-Bergamini-grigna-autunno-traversata-bassa-wide-1536x614.jpg 1536w\" sizes=\"(max-width: 1920px) 100vw, 1920px\" \/><\/p>\n<p>Cari amici,<\/p>\n<p>le temperature si fanno pi\u00f9 fresche e le giornate pi\u00f9 corte, diamo il benvenuto a novembre!<\/p>\n<p>Le manifestazioni sul territorio, che uniscono lago e monti, non mancano e possono soddisfare tutte le esigenze: a partire dalle <a href=\"https:\/\/www.montagnelagodicomo.it\/events\/halloween-2023-sulle-montagne-del-lago-di-como\/\"><strong><span style=\"color: #ff9900;\">proposte di Halloween<\/span><\/strong><\/a> alle castagnate, le feste fino ad arrivare alle passeggiate e mostre.<\/p>\n<p>Non dimentichiamoci delle offerte di pranzi, cene e proposte dei <strong><span style=\"color: #ff9900;\">&#8220;<a style=\"color: #ff9900;\" href=\"https:\/\/www.montagnelagodicomo.it\/events\/weekend-dei-sapori-dautunno-sulle-montagne-del-lago-di-como-2023\/\">I Weekend dei Sapori d&#8217;Autunno<\/a>&#8220;<\/span><\/strong> offerti dai nostri soci e operatori, che mettono in risalto il sapore e il gusto genuino dei prodotti del territorio.<\/p>\n<p>Altri appuntamenti importanti di questo mese sono la partecipazione della rete Montagne Lago di Como alla fiera internazionale di Londra, la WTM il 6, 7 e 8 del mese, dove presenter\u00e0 il catalogo confidenziale elaborato nella scorsa edizione della BLTL Borsa Locale del Turismo Lariano.<\/p>\n<p>Il secondo appuntamento importante \u00e8 proprio la nuova edizione della <a href=\"https:\/\/www.montagnelagodicomo.it\/iscrizioni-bltl-borsa-locale-turismo-lariano-2023\/\"><strong><span style=\"color: #ff9900;\">BLTL 2023 che si terr\u00e0 a Lecco il 20 novembre<\/span><\/strong><span style=\"color: #ff9900;\">\u00a0<\/span><\/a> l&#8217;incontro annuale fra gli operatori del turismo intesi in senso ampio (ricettivit\u00e0, ristorazione, commercio, servizi, etc\u2026) e gli aggregatori dell\u2019offerta turistica (reti di imprese e Tour Operator Locali dell\u2019incoming).<\/p>\n<p>&nbsp;<\/p>\n<p><span style=\"color: #ff9900;\"><strong>Vuoi ricevre la newsletter? Scrivici a info@montagnelagodicomo.it<\/strong><\/span><\/p>\n<p style=\"text-align: right;\">Foto di Alessia-Bergamini<\/p>\n","protected":false},"excerpt":{"rendered":"<p>Cari amici, le temperature si fanno pi\u00f9 fresche e le giornate pi\u00f9 corte, diamo il benvenuto a novembre! Le manifestazioni sul territorio, che uniscono lago e monti, non mancano e possono soddisfare tutte le esigenze: a partire dalle proposte di Halloween alle castagnate, le feste fino ad arrivare alle passeggiate e mostre. Non dimentichiamoci delle [&hellip;]<\/p>\n","protected":false},"author":4,"featured_media":91744,"comment_status":"open","ping_status":"open","sticky":false,"template":"","format":"standard","meta":{"_acf_changed":false,"footnotes":""},"categories":[146],"tags":[1261,1263,1262],"class_list":["post-91743","post","type-post","status-publish","format-standard","has-post-thumbnail","hentry","category-ultima-ora","tag-autunno","tag-montagnelago","tag-novembre"],"acf":[],"yoast_head":"<!-- This site is optimized with the Yoast SEO plugin v25.0 - https:\/\/yoast.com\/wordpress\/plugins\/seo\/ -->\n<title>Novembre: le nostre proposte<\/title>\n<meta name=\"description\" content=\"Cari amici,le giornate si accorciano sempre di pi\u00f9 ma i caldi colori dell&#039;autunno fanno da stupenda cornice agli eventi e alle iniziative organizzate sulle Montagne Lago di Como dandone la magica atmosfera di un dipinto. \u00a0\" \/>\n<meta name=\"robots\" content=\"index, follow, max-snippet:-1, max-image-preview:large, max-video-preview:-1\" \/>\n<link rel=\"canonical\" href=\"https:\/\/www.montagnelagodicomo.it\/en\/2023\/10\/27\/novembre-ecco-le-nostre-proposte\/\" \/>\n<meta property=\"og:locale\" content=\"en_US\" \/>\n<meta property=\"og:type\" content=\"article\" \/>\n<meta property=\"og:title\" content=\"Giugno: aspettando l&#039;estate\" \/>\n<meta property=\"og:description\" content=\"Cari amici, la stagione estiva \u00e8 alle porte e tanta \u00e8 la voglia di rilassarsi ed evadere dallo stress della vita quotidiana. E&#039; il momento giusto per scoprire quanto di pi\u00f9 bello le Montagne del Lago di Como hanno da offrire.\" \/>\n<meta property=\"og:url\" content=\"https:\/\/www.montagnelagodicomo.it\/en\/2023\/10\/27\/novembre-ecco-le-nostre-proposte\/\" \/>\n<meta property=\"og:site_name\" content=\"Lago di Como e Valsassina\" \/>\n<meta property=\"article:publisher\" content=\"https:\/\/www.facebook.com\/montagnelagodicomo\" \/>\n<meta property=\"article:published_time\" content=\"2023-10-27T19:26:18+00:00\" \/>\n<meta property=\"og:image\" content=\"https:\/\/www.montagnelagodicomo.it\/wp-content\/uploads\/2022\/05\/Varenna_Alberto-Locatelli.jpg\" \/>\n\t<meta property=\"og:image:width\" content=\"1080\" \/>\n\t<meta property=\"og:image:height\" content=\"648\" \/>\n\t<meta property=\"og:image:type\" content=\"image\/jpeg\" \/>\n<meta name=\"author\" content=\"Lago di Como 3\" \/>\n<meta name=\"twitter:card\" content=\"summary_large_image\" \/>\n<meta name=\"twitter:creator\" content=\"@MontagneLago\" \/>\n<meta name=\"twitter:site\" content=\"@MontagneLago\" \/>\n<meta name=\"twitter:label1\" content=\"Written by\" \/>\n\t<meta name=\"twitter:data1\" content=\"Lago di Como 3\" \/>\n\t<meta name=\"twitter:label2\" content=\"Est. reading time\" \/>\n\t<meta name=\"twitter:data2\" content=\"2 minutes\" \/>\n<script type=\"application\/ld+json\" class=\"yoast-schema-graph\">{\"@context\":\"https:\/\/schema.org\",\"@graph\":[{\"@type\":\"Article\",\"@id\":\"https:\/\/www.montagnelagodicomo.it\/en\/2023\/10\/27\/novembre-ecco-le-nostre-proposte\/#article\",\"isPartOf\":{\"@id\":\"https:\/\/www.montagnelagodicomo.it\/en\/2023\/10\/27\/novembre-ecco-le-nostre-proposte\/\"},\"author\":{\"name\":\"Lago di Como 3\",\"@id\":\"https:\/\/www.montagnelagodicomo.it\/#\/schema\/person\/62387dee120171fb5c03a77fe5169f1e\"},\"headline\":\"Novembre, ecco le nostre proposte\",\"datePublished\":\"2023-10-27T19:26:18+00:00\",\"mainEntityOfPage\":{\"@id\":\"https:\/\/www.montagnelagodicomo.it\/en\/2023\/10\/27\/novembre-ecco-le-nostre-proposte\/\"},\"wordCount\":195,\"commentCount\":0,\"publisher\":{\"@id\":\"https:\/\/www.montagnelagodicomo.it\/#organization\"},\"image\":{\"@id\":\"https:\/\/www.montagnelagodicomo.it\/en\/2023\/10\/27\/novembre-ecco-le-nostre-proposte\/#primaryimage\"},\"thumbnailUrl\":\"https:\/\/www.montagnelagodicomo.it\/wp-content\/uploads\/2023\/10\/AlpeGiumello-1286.jpg\",\"keywords\":[\"autunno\",\"montagnelago\",\"novembre\"],\"articleSection\":[\"Ultima ora\"],\"inLanguage\":\"en-US\",\"potentialAction\":[{\"@type\":\"CommentAction\",\"name\":\"Comment\",\"target\":[\"https:\/\/www.montagnelagodicomo.it\/en\/2023\/10\/27\/novembre-ecco-le-nostre-proposte\/#respond\"]}]},{\"@type\":\"WebPage\",\"@id\":\"https:\/\/www.montagnelagodicomo.it\/en\/2023\/10\/27\/novembre-ecco-le-nostre-proposte\/\",\"url\":\"https:\/\/www.montagnelagodicomo.it\/en\/2023\/10\/27\/novembre-ecco-le-nostre-proposte\/\",\"name\":\"Novembre: le nostre proposte\",\"isPartOf\":{\"@id\":\"https:\/\/www.montagnelagodicomo.it\/#website\"},\"primaryImageOfPage\":{\"@id\":\"https:\/\/www.montagnelagodicomo.it\/en\/2023\/10\/27\/novembre-ecco-le-nostre-proposte\/#primaryimage\"},\"image\":{\"@id\":\"https:\/\/www.montagnelagodicomo.it\/en\/2023\/10\/27\/novembre-ecco-le-nostre-proposte\/#primaryimage\"},\"thumbnailUrl\":\"https:\/\/www.montagnelagodicomo.it\/wp-content\/uploads\/2023\/10\/AlpeGiumello-1286.jpg\",\"datePublished\":\"2023-10-27T19:26:18+00:00\",\"description\":\"Cari amici,le giornate si accorciano sempre di pi\u00f9 ma i caldi colori dell'autunno fanno da stupenda cornice agli eventi e alle iniziative organizzate sulle Montagne Lago di Como dandone la magica atmosfera di un dipinto. \u00a0\",\"breadcrumb\":{\"@id\":\"https:\/\/www.montagnelagodicomo.it\/en\/2023\/10\/27\/novembre-ecco-le-nostre-proposte\/#breadcrumb\"},\"inLanguage\":\"en-US\",\"potentialAction\":[{\"@type\":\"ReadAction\",\"target\":[\"https:\/\/www.montagnelagodicomo.it\/en\/2023\/10\/27\/novembre-ecco-le-nostre-proposte\/\"]}]},{\"@type\":\"ImageObject\",\"inLanguage\":\"en-US\",\"@id\":\"https:\/\/www.montagnelagodicomo.it\/en\/2023\/10\/27\/novembre-ecco-le-nostre-proposte\/#primaryimage\",\"url\":\"https:\/\/www.montagnelagodicomo.it\/wp-content\/uploads\/2023\/10\/AlpeGiumello-1286.jpg\",\"contentUrl\":\"https:\/\/www.montagnelagodicomo.it\/wp-content\/uploads\/2023\/10\/AlpeGiumello-1286.jpg\",\"width\":1920,\"height\":768},{\"@type\":\"BreadcrumbList\",\"@id\":\"https:\/\/www.montagnelagodicomo.it\/en\/2023\/10\/27\/novembre-ecco-le-nostre-proposte\/#breadcrumb\",\"itemListElement\":[{\"@type\":\"ListItem\",\"position\":1,\"name\":\"Home\",\"item\":\"https:\/\/www.montagnelagodicomo.it\/en\/\"},{\"@type\":\"ListItem\",\"position\":2,\"name\":\"Novembre, ecco le nostre proposte\"}]},{\"@type\":\"WebSite\",\"@id\":\"https:\/\/www.montagnelagodicomo.it\/#website\",\"url\":\"https:\/\/www.montagnelagodicomo.it\/\",\"name\":\"Lago di Como e Valsassina\",\"description\":\"\",\"publisher\":{\"@id\":\"https:\/\/www.montagnelagodicomo.it\/#organization\"},\"potentialAction\":[{\"@type\":\"SearchAction\",\"target\":{\"@type\":\"EntryPoint\",\"urlTemplate\":\"https:\/\/www.montagnelagodicomo.it\/?s={search_term_string}\"},\"query-input\":{\"@type\":\"PropertyValueSpecification\",\"valueRequired\":true,\"valueName\":\"search_term_string\"}}],\"inLanguage\":\"en-US\"},{\"@type\":\"Organization\",\"@id\":\"https:\/\/www.montagnelagodicomo.it\/#organization\",\"name\":\"Montagne del Lago di Como\",\"url\":\"https:\/\/www.montagnelagodicomo.it\/\",\"logo\":{\"@type\":\"ImageObject\",\"inLanguage\":\"en-US\",\"@id\":\"https:\/\/www.montagnelagodicomo.it\/#\/schema\/logo\/image\/\",\"url\":\"https:\/\/www.montagnelagodicomo.it\/wp-content\/uploads\/2016\/07\/DEF_Montagne_LagodiComo_04112015_png.png\",\"contentUrl\":\"https:\/\/www.montagnelagodicomo.it\/wp-content\/uploads\/2016\/07\/DEF_Montagne_LagodiComo_04112015_png.png\",\"width\":2997,\"height\":835,\"caption\":\"Montagne del Lago di Como\"},\"image\":{\"@id\":\"https:\/\/www.montagnelagodicomo.it\/#\/schema\/logo\/image\/\"},\"sameAs\":[\"https:\/\/www.facebook.com\/montagnelagodicomo\",\"https:\/\/x.com\/MontagneLago\",\"https:\/\/www.youtube.com\/channel\/UCDoxghWmgQnHlQ78rzZuUjA\"]},{\"@type\":\"Person\",\"@id\":\"https:\/\/www.montagnelagodicomo.it\/#\/schema\/person\/62387dee120171fb5c03a77fe5169f1e\",\"name\":\"Lago di Como 3\",\"image\":{\"@type\":\"ImageObject\",\"inLanguage\":\"en-US\",\"@id\":\"https:\/\/www.montagnelagodicomo.it\/#\/schema\/person\/image\/\",\"url\":\"https:\/\/secure.gravatar.com\/avatar\/177606e9ed7370bc5cd946f4243ac59920e657438575f65d56f2ebfb41996b8f?s=96&d=mm&r=g\",\"contentUrl\":\"https:\/\/secure.gravatar.com\/avatar\/177606e9ed7370bc5cd946f4243ac59920e657438575f65d56f2ebfb41996b8f?s=96&d=mm&r=g\",\"caption\":\"Lago di Como 3\"},\"url\":\"https:\/\/www.montagnelagodicomo.it\/en\/author\/lago-di-como-3\/\"}]}<\/script>\n<!-- \/ Yoast SEO plugin. -->","yoast_head_json":{"title":"Novembre: le nostre proposte","description":"Cari amici,le giornate si accorciano sempre di pi\u00f9 ma i caldi colori dell'autunno fanno da stupenda cornice agli eventi e alle iniziative organizzate sulle Montagne Lago di Como dandone la magica atmosfera di un dipinto. \u00a0","robots":{"index":"index","follow":"follow","max-snippet":"max-snippet:-1","max-image-preview":"max-image-preview:large","max-video-preview":"max-video-preview:-1"},"canonical":"https:\/\/www.montagnelagodicomo.it\/en\/2023\/10\/27\/novembre-ecco-le-nostre-proposte\/","og_locale":"en_US","og_type":"article","og_title":"Giugno: aspettando l'estate","og_description":"Cari amici, la stagione estiva \u00e8 alle porte e tanta \u00e8 la voglia di rilassarsi ed evadere dallo stress della vita quotidiana. E' il momento giusto per scoprire quanto di pi\u00f9 bello le Montagne del Lago di Como hanno da offrire.","og_url":"https:\/\/www.montagnelagodicomo.it\/en\/2023\/10\/27\/novembre-ecco-le-nostre-proposte\/","og_site_name":"Lago di Como e Valsassina","article_publisher":"https:\/\/www.facebook.com\/montagnelagodicomo","article_published_time":"2023-10-27T19:26:18+00:00","og_image":[{"width":1080,"height":648,"url":"https:\/\/www.montagnelagodicomo.it\/wp-content\/uploads\/2022\/05\/Varenna_Alberto-Locatelli.jpg","type":"image\/jpeg"}],"author":"Lago di Como 3","twitter_card":"summary_large_image","twitter_creator":"@MontagneLago","twitter_site":"@MontagneLago","twitter_misc":{"Written by":"Lago di Como 3","Est. reading time":"2 minutes"},"schema":{"@context":"https:\/\/schema.org","@graph":[{"@type":"Article","@id":"https:\/\/www.montagnelagodicomo.it\/en\/2023\/10\/27\/novembre-ecco-le-nostre-proposte\/#article","isPartOf":{"@id":"https:\/\/www.montagnelagodicomo.it\/en\/2023\/10\/27\/novembre-ecco-le-nostre-proposte\/"},"author":{"name":"Lago di Como 3","@id":"https:\/\/www.montagnelagodicomo.it\/#\/schema\/person\/62387dee120171fb5c03a77fe5169f1e"},"headline":"Novembre, ecco le nostre proposte","datePublished":"2023-10-27T19:26:18+00:00","mainEntityOfPage":{"@id":"https:\/\/www.montagnelagodicomo.it\/en\/2023\/10\/27\/novembre-ecco-le-nostre-proposte\/"},"wordCount":195,"commentCount":0,"publisher":{"@id":"https:\/\/www.montagnelagodicomo.it\/#organization"},"image":{"@id":"https:\/\/www.montagnelagodicomo.it\/en\/2023\/10\/27\/novembre-ecco-le-nostre-proposte\/#primaryimage"},"thumbnailUrl":"https:\/\/www.montagnelagodicomo.it\/wp-content\/uploads\/2023\/10\/AlpeGiumello-1286.jpg","keywords":["autunno","montagnelago","novembre"],"articleSection":["Ultima ora"],"inLanguage":"en-US","potentialAction":[{"@type":"CommentAction","name":"Comment","target":["https:\/\/www.montagnelagodicomo.it\/en\/2023\/10\/27\/novembre-ecco-le-nostre-proposte\/#respond"]}]},{"@type":"WebPage","@id":"https:\/\/www.montagnelagodicomo.it\/en\/2023\/10\/27\/novembre-ecco-le-nostre-proposte\/","url":"https:\/\/www.montagnelagodicomo.it\/en\/2023\/10\/27\/novembre-ecco-le-nostre-proposte\/","name":"Novembre: le nostre proposte","isPartOf":{"@id":"https:\/\/www.montagnelagodicomo.it\/#website"},"primaryImageOfPage":{"@id":"https:\/\/www.montagnelagodicomo.it\/en\/2023\/10\/27\/novembre-ecco-le-nostre-proposte\/#primaryimage"},"image":{"@id":"https:\/\/www.montagnelagodicomo.it\/en\/2023\/10\/27\/novembre-ecco-le-nostre-proposte\/#primaryimage"},"thumbnailUrl":"https:\/\/www.montagnelagodicomo.it\/wp-content\/uploads\/2023\/10\/AlpeGiumello-1286.jpg","datePublished":"2023-10-27T19:26:18+00:00","description":"Cari amici,le giornate si accorciano sempre di pi\u00f9 ma i caldi colori dell'autunno fanno da stupenda cornice agli eventi e alle iniziative organizzate sulle Montagne Lago di Como dandone la magica atmosfera di un dipinto. \u00a0","breadcrumb":{"@id":"https:\/\/www.montagnelagodicomo.it\/en\/2023\/10\/27\/novembre-ecco-le-nostre-proposte\/#breadcrumb"},"inLanguage":"en-US","potentialAction":[{"@type":"ReadAction","target":["https:\/\/www.montagnelagodicomo.it\/en\/2023\/10\/27\/novembre-ecco-le-nostre-proposte\/"]}]},{"@type":"ImageObject","inLanguage":"en-US","@id":"https:\/\/www.montagnelagodicomo.it\/en\/2023\/10\/27\/novembre-ecco-le-nostre-proposte\/#primaryimage","url":"https:\/\/www.montagnelagodicomo.it\/wp-content\/uploads\/2023\/10\/AlpeGiumello-1286.jpg","contentUrl":"https:\/\/www.montagnelagodicomo.it\/wp-content\/uploads\/2023\/10\/AlpeGiumello-1286.jpg","width":1920,"height":768},{"@type":"BreadcrumbList","@id":"https:\/\/www.montagnelagodicomo.it\/en\/2023\/10\/27\/novembre-ecco-le-nostre-proposte\/#breadcrumb","itemListElement":[{"@type":"ListItem","position":1,"name":"Home","item":"https:\/\/www.montagnelagodicomo.it\/en\/"},{"@type":"ListItem","position":2,"name":"Novembre, ecco le nostre proposte"}]},{"@type":"WebSite","@id":"https:\/\/www.montagnelagodicomo.it\/#website","url":"https:\/\/www.montagnelagodicomo.it\/","name":"Lago di Como e Valsassina","description":"","publisher":{"@id":"https:\/\/www.montagnelagodicomo.it\/#organization"},"potentialAction":[{"@type":"SearchAction","target":{"@type":"EntryPoint","urlTemplate":"https:\/\/www.montagnelagodicomo.it\/?s={search_term_string}"},"query-input":{"@type":"PropertyValueSpecification","valueRequired":true,"valueName":"search_term_string"}}],"inLanguage":"en-US"},{"@type":"Organization","@id":"https:\/\/www.montagnelagodicomo.it\/#organization","name":"Montagne del Lago di Como","url":"https:\/\/www.montagnelagodicomo.it\/","logo":{"@type":"ImageObject","inLanguage":"en-US","@id":"https:\/\/www.montagnelagodicomo.it\/#\/schema\/logo\/image\/","url":"https:\/\/www.montagnelagodicomo.it\/wp-content\/uploads\/2016\/07\/DEF_Montagne_LagodiComo_04112015_png.png","contentUrl":"https:\/\/www.montagnelagodicomo.it\/wp-content\/uploads\/2016\/07\/DEF_Montagne_LagodiComo_04112015_png.png","width":2997,"height":835,"caption":"Montagne del Lago di Como"},"image":{"@id":"https:\/\/www.montagnelagodicomo.it\/#\/schema\/logo\/image\/"},"sameAs":["https:\/\/www.facebook.com\/montagnelagodicomo","https:\/\/x.com\/MontagneLago","https:\/\/www.youtube.com\/channel\/UCDoxghWmgQnHlQ78rzZuUjA"]},{"@type":"Person","@id":"https:\/\/www.montagnelagodicomo.it\/#\/schema\/person\/62387dee120171fb5c03a77fe5169f1e","name":"Lago di Como 3","image":{"@type":"ImageObject","inLanguage":"en-US","@id":"https:\/\/www.montagnelagodicomo.it\/#\/schema\/person\/image\/","url":"https:\/\/secure.gravatar.com\/avatar\/177606e9ed7370bc5cd946f4243ac59920e657438575f65d56f2ebfb41996b8f?s=96&d=mm&r=g","contentUrl":"https:\/\/secure.gravatar.com\/avatar\/177606e9ed7370bc5cd946f4243ac59920e657438575f65d56f2ebfb41996b8f?s=96&d=mm&r=g","caption":"Lago di Como 3"},"url":"https:\/\/www.montagnelagodicomo.it\/en\/author\/lago-di-como-3\/"}]}},"_links":{"self":[{"href":"https:\/\/www.montagnelagodicomo.it\/en\/wp-json\/wp\/v2\/posts\/91743","targetHints":{"allow":["GET"]}}],"collection":[{"href":"https:\/\/www.montagnelagodicomo.it\/en\/wp-json\/wp\/v2\/posts"}],"about":[{"href":"https:\/\/www.montagnelagodicomo.it\/en\/wp-json\/wp\/v2\/types\/post"}],"author":[{"embeddable":true,"href":"https:\/\/www.montagnelagodicomo.it\/en\/wp-json\/wp\/v2\/users\/4"}],"replies":[{"embeddable":true,"href":"https:\/\/www.montagnelagodicomo.it\/en\/wp-json\/wp\/v2\/comments?post=91743"}],"version-history":[{"count":6,"href":"https:\/\/www.montagnelagodicomo.it\/en\/wp-json\/wp\/v2\/posts\/91743\/revisions"}],"predecessor-version":[{"id":91753,"href":"https:\/\/www.montagnelagodicomo.it\/en\/wp-json\/wp\/v2\/posts\/91743\/revisions\/91753"}],"wp:featuredmedia":[{"embeddable":true,"href":"https:\/\/www.montagnelagodicomo.it\/en\/wp-json\/wp\/v2\/media\/91744"}],"wp:attachment":[{"href":"https:\/\/www.montagnelagodicomo.it\/en\/wp-json\/wp\/v2\/media?parent=91743"}],"wp:term":[{"taxonomy":"category","embeddable":true,"href":"https:\/\/www.montagnelagodicomo.it\/en\/wp-json\/wp\/v2\/categories?post=91743"},{"taxonomy":"post_tag","embeddable":true,"href":"https:\/\/www.montagnelagodicomo.it\/en\/wp-json\/wp\/v2\/tags?post=91743"}],"curies":[{"name":"wp","href":"https:\/\/api.w.org\/{rel}","templated":true}]}}