{"id":98708,"date":"2025-03-25T12:34:39","date_gmt":"2025-03-25T11:34:39","guid":{"rendered":"https:\/\/www.montagnelagodicomo.it\/2025\/03\/25\/le-nostre-proposte-per-marzo-2\/"},"modified":"2025-03-25T12:51:53","modified_gmt":"2025-03-25T11:51:53","slug":"agriturismoaigrassielunghimenudipasqua","status":"publish","type":"post","link":"https:\/\/www.montagnelagodicomo.it\/en\/2025\/03\/25\/agriturismoaigrassielunghimenudipasqua\/","title":{"rendered":"AGRITURISMO AI GRASSI E LUNGHI &#8211; MENU DI PASQUA"},"content":{"rendered":"<figure id=\"attachment_78695\" class=\"wp-caption aligncenter\" aria-describedby=\"caption-attachment-78695\"><\/figure>\n<p>Festeggia la Pasqua all&#8217;Agriturismo Ai Grassi e Lunghi. Scopri il menu!<\/p>\n<p style=\"text-align: right;\"><img fetchpriority=\"high\" decoding=\"async\" class=\"size-medium wp-image-98710 aligncenter\" src=\"https:\/\/www.montagnelagodicomo.it\/wp-content\/uploads\/2025\/03\/Agriturismo-Ai-Grassi-e-Lunghi-Menu-Pasqua1-300x203.jpg\" alt=\"\" width=\"300\" height=\"203\" srcset=\"https:\/\/www.montagnelagodicomo.it\/wp-content\/uploads\/2025\/03\/Agriturismo-Ai-Grassi-e-Lunghi-Menu-Pasqua1-300x203.jpg 300w, https:\/\/www.montagnelagodicomo.it\/wp-content\/uploads\/2025\/03\/Agriturismo-Ai-Grassi-e-Lunghi-Menu-Pasqua1-768x518.jpg 768w, https:\/\/www.montagnelagodicomo.it\/wp-content\/uploads\/2025\/03\/Agriturismo-Ai-Grassi-e-Lunghi-Menu-Pasqua1.jpg 800w\" sizes=\"(max-width: 300px) 100vw, 300px\" \/><\/p>\n<div class=\"xdj266r x11i5rnm xat24cr x1mh8g0r x1vvkbs x126k92a\">\n<h2 dir=\"auto\" style=\"text-align: center;\"><span class=\"html-span xexx8yu x4uap5 x18d9i69 xkhd6sd x1hl2dhg x16tdsg8 x1vvkbs x3nfvp2 x1j61x8r x1fcty0u xdj266r xat24cr xgzva0m xhhsvwb xxymvpz xlup9mm x1kky2od\"><img decoding=\"async\" class=\"xz74otr x168nmei x13lgxp2 x5pf9jr xo71vjh\" src=\"https:\/\/static.xx.fbcdn.net\/images\/emoji.php\/v9\/tf0\/1\/16\/1f338.png\" alt=\"\ud83c\udf38\" width=\"16\" height=\"16\" \/><\/span><strong>Men\u00f9 di Pasqua<\/strong> &#8211; <strong>Agriturismo ai Grassi e Lunghi<\/strong><span class=\"html-span xexx8yu x4uap5 x18d9i69 xkhd6sd x1hl2dhg x16tdsg8 x1vvkbs x3nfvp2 x1j61x8r x1fcty0u xdj266r xat24cr xgzva0m xhhsvwb xxymvpz xlup9mm x1kky2od\"><img decoding=\"async\" class=\"xz74otr x168nmei x13lgxp2 x5pf9jr xo71vjh\" src=\"https:\/\/static.xx.fbcdn.net\/images\/emoji.php\/v9\/tf0\/1\/16\/1f338.png\" alt=\"\ud83c\udf38\" width=\"16\" height=\"16\" \/><\/span><\/h2>\n<div dir=\"auto\"><span class=\"html-span xexx8yu x4uap5 x18d9i69 xkhd6sd x1hl2dhg x16tdsg8 x1vvkbs x3nfvp2 x1j61x8r x1fcty0u xdj266r xat24cr xgzva0m xhhsvwb xxymvpz xlup9mm x1kky2od\"><img decoding=\"async\" class=\"xz74otr x168nmei x13lgxp2 x5pf9jr xo71vjh\" src=\"https:\/\/static.xx.fbcdn.net\/images\/emoji.php\/v9\/tf\/1\/16\/1f942.png\" alt=\"\ud83e\udd42\" width=\"16\" height=\"16\" \/><\/span> <strong>Antipasto<\/strong><\/div>\n<\/div>\n<div class=\"x11i5rnm xat24cr x1mh8g0r x1vvkbs xtlvy1s x126k92a\">\n<div dir=\"auto\"><span class=\"html-span xexx8yu x4uap5 x18d9i69 xkhd6sd x1hl2dhg x16tdsg8 x1vvkbs x3nfvp2 x1j61x8r x1fcty0u xdj266r xat24cr xgzva0m xhhsvwb xxymvpz xlup9mm x1kky2od\"><img loading=\"lazy\" decoding=\"async\" class=\"xz74otr x168nmei x13lgxp2 x5pf9jr xo71vjh\" src=\"https:\/\/static.xx.fbcdn.net\/images\/emoji.php\/v9\/t98\/1\/16\/1f37d.png\" alt=\"\ud83c\udf7d\ufe0f\" width=\"16\" height=\"16\" \/><\/span> Polpettine in umido<\/div>\n<div dir=\"auto\"><span class=\"html-span xexx8yu x4uap5 x18d9i69 xkhd6sd x1hl2dhg x16tdsg8 x1vvkbs x3nfvp2 x1j61x8r x1fcty0u xdj266r xat24cr xgzva0m xhhsvwb xxymvpz xlup9mm x1kky2od\"><img loading=\"lazy\" decoding=\"async\" class=\"xz74otr x168nmei x13lgxp2 x5pf9jr xo71vjh\" src=\"https:\/\/static.xx.fbcdn.net\/images\/emoji.php\/v9\/t2c\/1\/16\/1f356.png\" alt=\"\ud83c\udf56\" width=\"16\" height=\"16\" \/><\/span> Prosciutto crudo \u201cDolce d\u2019Oggiono\u201d<\/div>\n<div dir=\"auto\"><span class=\"html-span xexx8yu x4uap5 x18d9i69 xkhd6sd x1hl2dhg x16tdsg8 x1vvkbs x3nfvp2 x1j61x8r x1fcty0u xdj266r xat24cr xgzva0m xhhsvwb xxymvpz xlup9mm x1kky2od\"><img loading=\"lazy\" decoding=\"async\" class=\"xz74otr x168nmei x13lgxp2 x5pf9jr xo71vjh\" src=\"https:\/\/static.xx.fbcdn.net\/images\/emoji.php\/v9\/tc3\/1\/16\/1f9c5.png\" alt=\"\ud83e\uddc5\" width=\"16\" height=\"16\" \/><\/span> Cipolle in agrodolce<\/div>\n<div dir=\"auto\"><span class=\"html-span xexx8yu x4uap5 x18d9i69 xkhd6sd x1hl2dhg x16tdsg8 x1vvkbs x3nfvp2 x1j61x8r x1fcty0u xdj266r xat24cr xgzva0m xhhsvwb xxymvpz xlup9mm x1kky2od\"><img loading=\"lazy\" decoding=\"async\" class=\"xz74otr x168nmei x13lgxp2 x5pf9jr xo71vjh\" src=\"https:\/\/static.xx.fbcdn.net\/images\/emoji.php\/v9\/td2\/1\/16\/1f967.png\" alt=\"\ud83e\udd67\" width=\"16\" height=\"16\" \/><\/span> Torta salata con verdure<\/div>\n<div dir=\"auto\"><span class=\"html-span xexx8yu x4uap5 x18d9i69 xkhd6sd x1hl2dhg x16tdsg8 x1vvkbs x3nfvp2 x1j61x8r x1fcty0u xdj266r xat24cr xgzva0m xhhsvwb xxymvpz xlup9mm x1kky2od\"><img loading=\"lazy\" decoding=\"async\" class=\"xz74otr x168nmei x13lgxp2 x5pf9jr xo71vjh\" src=\"https:\/\/static.xx.fbcdn.net\/images\/emoji.php\/v9\/t3e\/1\/16\/1f9c0.png\" alt=\"\ud83e\uddc0\" width=\"16\" height=\"16\" \/><\/span> Caprino fresco<\/div>\n<\/div>\n<div dir=\"auto\"><\/div>\n<div dir=\"auto\"><\/div>\n<div class=\"x11i5rnm xat24cr x1mh8g0r x1vvkbs xtlvy1s x126k92a\">\n<div dir=\"auto\"><span class=\"html-span xexx8yu x4uap5 x18d9i69 xkhd6sd x1hl2dhg x16tdsg8 x1vvkbs x3nfvp2 x1j61x8r x1fcty0u xdj266r xat24cr xgzva0m xhhsvwb xxymvpz xlup9mm x1kky2od\"><img loading=\"lazy\" decoding=\"async\" class=\"xz74otr x168nmei x13lgxp2 x5pf9jr xo71vjh\" src=\"https:\/\/static.xx.fbcdn.net\/images\/emoji.php\/v9\/t5a\/1\/16\/1f35d.png\" alt=\"\ud83c\udf5d\" width=\"16\" height=\"16\" \/><\/span> <strong>Primi<\/strong><\/div>\n<div dir=\"auto\"><span class=\"html-span xexx8yu x4uap5 x18d9i69 xkhd6sd x1hl2dhg x16tdsg8 x1vvkbs x3nfvp2 x1j61x8r x1fcty0u xdj266r xat24cr xgzva0m xhhsvwb xxymvpz xlup9mm x1kky2od\"><img loading=\"lazy\" decoding=\"async\" class=\"xz74otr x168nmei x13lgxp2 x5pf9jr xo71vjh\" src=\"https:\/\/static.xx.fbcdn.net\/images\/emoji.php\/v9\/tb4\/1\/16\/1f958.png\" alt=\"\ud83e\udd58\" width=\"16\" height=\"16\" \/><\/span> Lasagne con porri, luganega e formaggella<\/div>\n<div dir=\"auto\"><span class=\"html-span xexx8yu x4uap5 x18d9i69 xkhd6sd x1hl2dhg x16tdsg8 x1vvkbs x3nfvp2 x1j61x8r x1fcty0u xdj266r xat24cr xgzva0m xhhsvwb xxymvpz xlup9mm x1kky2od\"><img loading=\"lazy\" decoding=\"async\" class=\"xz74otr x168nmei x13lgxp2 x5pf9jr xo71vjh\" src=\"https:\/\/static.xx.fbcdn.net\/images\/emoji.php\/v9\/t86\/1\/16\/1f383.png\" alt=\"\ud83c\udf83\" width=\"16\" height=\"16\" \/><\/span> Risotto alla zucca<\/div>\n<\/div>\n<div dir=\"auto\"><\/div>\n<div dir=\"auto\"><\/div>\n<div class=\"x11i5rnm xat24cr x1mh8g0r x1vvkbs xtlvy1s x126k92a\">\n<div dir=\"auto\"><span class=\"html-span xexx8yu x4uap5 x18d9i69 xkhd6sd x1hl2dhg x16tdsg8 x1vvkbs x3nfvp2 x1j61x8r x1fcty0u xdj266r xat24cr xgzva0m xhhsvwb xxymvpz xlup9mm x1kky2od\"><img loading=\"lazy\" decoding=\"async\" class=\"xz74otr x168nmei x13lgxp2 x5pf9jr xo71vjh\" src=\"https:\/\/static.xx.fbcdn.net\/images\/emoji.php\/v9\/tad\/1\/16\/1f357.png\" alt=\"\ud83c\udf57\" width=\"16\" height=\"16\" \/><\/span> <strong>Secondi<\/strong><\/div>\n<div dir=\"auto\"><span class=\"html-span xexx8yu x4uap5 x18d9i69 xkhd6sd x1hl2dhg x16tdsg8 x1vvkbs x3nfvp2 x1j61x8r x1fcty0u xdj266r xat24cr xgzva0m xhhsvwb xxymvpz xlup9mm x1kky2od\"><img loading=\"lazy\" decoding=\"async\" class=\"xz74otr x168nmei x13lgxp2 x5pf9jr xo71vjh\" src=\"https:\/\/static.xx.fbcdn.net\/images\/emoji.php\/v9\/t29\/1\/16\/1f430.png\" alt=\"\ud83d\udc30\" width=\"16\" height=\"16\" \/><\/span> Coniglio alla ligure<\/div>\n<div dir=\"auto\"><span class=\"html-span xexx8yu x4uap5 x18d9i69 xkhd6sd x1hl2dhg x16tdsg8 x1vvkbs x3nfvp2 x1j61x8r x1fcty0u xdj266r xat24cr xgzva0m xhhsvwb xxymvpz xlup9mm x1kky2od\"><img loading=\"lazy\" decoding=\"async\" class=\"xz74otr x168nmei x13lgxp2 x5pf9jr xo71vjh\" src=\"https:\/\/static.xx.fbcdn.net\/images\/emoji.php\/v9\/td4\/1\/16\/1f969.png\" alt=\"\ud83e\udd69\" width=\"16\" height=\"16\" \/><\/span> Guancia di vitello brasata<\/div>\n<div dir=\"auto\"><span class=\"html-span xexx8yu x4uap5 x18d9i69 xkhd6sd x1hl2dhg x16tdsg8 x1vvkbs x3nfvp2 x1j61x8r x1fcty0u xdj266r xat24cr xgzva0m xhhsvwb xxymvpz xlup9mm x1kky2od\"><img loading=\"lazy\" decoding=\"async\" class=\"xz74otr x168nmei x13lgxp2 x5pf9jr xo71vjh\" src=\"https:\/\/static.xx.fbcdn.net\/images\/emoji.php\/v9\/t1c\/1\/16\/1f33d.png\" alt=\"\ud83c\udf3d\" width=\"16\" height=\"16\" \/><\/span> Polenta di mais antico<\/div>\n<\/div>\n<div dir=\"auto\"><\/div>\n<div dir=\"auto\"><\/div>\n<div class=\"x11i5rnm xat24cr x1mh8g0r x1vvkbs xtlvy1s x126k92a\">\n<div dir=\"auto\"><span class=\"html-span xexx8yu x4uap5 x18d9i69 xkhd6sd x1hl2dhg x16tdsg8 x1vvkbs x3nfvp2 x1j61x8r x1fcty0u xdj266r xat24cr xgzva0m xhhsvwb xxymvpz xlup9mm x1kky2od\"><img loading=\"lazy\" decoding=\"async\" class=\"xz74otr x168nmei x13lgxp2 x5pf9jr xo71vjh\" src=\"https:\/\/static.xx.fbcdn.net\/images\/emoji.php\/v9\/t64\/1\/16\/1f370.png\" alt=\"\ud83c\udf70\" width=\"16\" height=\"16\" \/><\/span> <strong>Dolce<\/strong><\/div>\n<div dir=\"auto\"><span class=\"html-span xexx8yu x4uap5 x18d9i69 xkhd6sd x1hl2dhg x16tdsg8 x1vvkbs x3nfvp2 x1j61x8r x1fcty0u xdj266r xat24cr xgzva0m xhhsvwb xxymvpz xlup9mm x1kky2od\"><img loading=\"lazy\" decoding=\"async\" class=\"xz74otr x168nmei x13lgxp2 x5pf9jr xo71vjh\" src=\"https:\/\/static.xx.fbcdn.net\/images\/emoji.php\/v9\/ta9\/1\/16\/1f353.png\" alt=\"\ud83c\udf53\" width=\"16\" height=\"16\" \/><\/span> Cheesecake ai frutti rossi<\/div>\n<div dir=\"auto\"><\/div>\n<\/div>\n<div class=\"x11i5rnm xat24cr x1mh8g0r x1vvkbs xtlvy1s x126k92a\">\n<div dir=\"auto\" style=\"text-align: center;\"><span class=\"html-span xexx8yu x4uap5 x18d9i69 xkhd6sd x1hl2dhg x16tdsg8 x1vvkbs x3nfvp2 x1j61x8r x1fcty0u xdj266r xat24cr xgzva0m xhhsvwb xxymvpz xlup9mm x1kky2od\"><img loading=\"lazy\" decoding=\"async\" class=\"xz74otr x168nmei x13lgxp2 x5pf9jr xo71vjh\" src=\"https:\/\/static.xx.fbcdn.net\/images\/emoji.php\/v9\/t5a\/1\/16\/1f4b0.png\" alt=\"\ud83d\udcb0\" width=\"16\" height=\"16\" \/><\/span> <em><strong>45\u20ac (bevande escluse)<\/strong><\/em><\/div>\n<div dir=\"auto\"><\/div>\n<\/div>\n<div class=\"x11i5rnm xat24cr x1mh8g0r x1vvkbs xtlvy1s x126k92a\">\n<div dir=\"auto\"><span class=\"html-span xexx8yu x4uap5 x18d9i69 xkhd6sd x1hl2dhg x16tdsg8 x1vvkbs x3nfvp2 x1j61x8r x1fcty0u xdj266r xat24cr xgzva0m xhhsvwb xxymvpz xlup9mm x1kky2od\"><img loading=\"lazy\" decoding=\"async\" class=\"xz74otr x168nmei x13lgxp2 x5pf9jr xo71vjh\" src=\"https:\/\/static.xx.fbcdn.net\/images\/emoji.php\/v9\/t8d\/1\/16\/1f467.png\" alt=\"\ud83d\udc67\" width=\"16\" height=\"16\" \/><\/span><span class=\"html-span xexx8yu x4uap5 x18d9i69 xkhd6sd x1hl2dhg x16tdsg8 x1vvkbs x3nfvp2 x1j61x8r x1fcty0u xdj266r xat24cr xgzva0m xhhsvwb xxymvpz xlup9mm x1kky2od\"><img loading=\"lazy\" decoding=\"async\" class=\"xz74otr x168nmei x13lgxp2 x5pf9jr xo71vjh\" src=\"https:\/\/static.xx.fbcdn.net\/images\/emoji.php\/v9\/tdf\/1\/16\/1f9d2.png\" alt=\"\ud83e\uddd2\" width=\"16\" height=\"16\" \/><\/span> <strong>Men\u00f9 bambini \u2013 <em>20\u20ac<\/em><\/strong><\/div>\n<div dir=\"auto\"><span class=\"html-span xexx8yu x4uap5 x18d9i69 xkhd6sd x1hl2dhg x16tdsg8 x1vvkbs x3nfvp2 x1j61x8r x1fcty0u xdj266r xat24cr xgzva0m xhhsvwb xxymvpz xlup9mm x1kky2od\"><img loading=\"lazy\" decoding=\"async\" class=\"xz74otr x168nmei x13lgxp2 x5pf9jr xo71vjh\" src=\"https:\/\/static.xx.fbcdn.net\/images\/emoji.php\/v9\/t5a\/1\/16\/1f35d.png\" alt=\"\ud83c\udf5d\" width=\"16\" height=\"16\" \/><\/span> Pasta al pomodoro<\/div>\n<div dir=\"auto\"><span class=\"html-span xexx8yu x4uap5 x18d9i69 xkhd6sd x1hl2dhg x16tdsg8 x1vvkbs x3nfvp2 x1j61x8r x1fcty0u xdj266r xat24cr xgzva0m xhhsvwb xxymvpz xlup9mm x1kky2od\"><img loading=\"lazy\" decoding=\"async\" class=\"xz74otr x168nmei x13lgxp2 x5pf9jr xo71vjh\" src=\"https:\/\/static.xx.fbcdn.net\/images\/emoji.php\/v9\/t7d\/1\/16\/1f32d.png\" alt=\"\ud83c\udf2d\" width=\"16\" height=\"16\" \/><\/span> Salamella con patate al forno<\/div>\n<div dir=\"auto\"><span class=\"html-span xexx8yu x4uap5 x18d9i69 xkhd6sd x1hl2dhg x16tdsg8 x1vvkbs x3nfvp2 x1j61x8r x1fcty0u xdj266r xat24cr xgzva0m xhhsvwb xxymvpz xlup9mm x1kky2od\"><img loading=\"lazy\" decoding=\"async\" class=\"xz74otr x168nmei x13lgxp2 x5pf9jr xo71vjh\" src=\"https:\/\/static.xx.fbcdn.net\/images\/emoji.php\/v9\/tcb\/1\/16\/1f366.png\" alt=\"\ud83c\udf66\" width=\"16\" height=\"16\" \/><\/span> Gelato fior di latte<\/div>\n<div dir=\"auto\"><span class=\"html-span xexx8yu x4uap5 x18d9i69 xkhd6sd x1hl2dhg x16tdsg8 x1vvkbs x3nfvp2 x1j61x8r x1fcty0u xdj266r xat24cr xgzva0m xhhsvwb xxymvpz xlup9mm x1kky2od\"><img loading=\"lazy\" decoding=\"async\" class=\"xz74otr x168nmei x13lgxp2 x5pf9jr xo71vjh\" src=\"https:\/\/static.xx.fbcdn.net\/images\/emoji.php\/v9\/t42\/1\/16\/1f4a7.png\" alt=\"\ud83d\udca7\" width=\"16\" height=\"16\" \/><\/span> Acqua<\/div>\n<\/div>\n<div dir=\"auto\"><\/div>\n<div dir=\"auto\"><\/div>\n<div class=\"x11i5rnm xat24cr x1mh8g0r x1vvkbs xtlvy1s x126k92a\">\n<div dir=\"auto\" style=\"text-align: right;\"><span class=\"html-span xexx8yu x4uap5 x18d9i69 xkhd6sd x1hl2dhg x16tdsg8 x1vvkbs x3nfvp2 x1j61x8r x1fcty0u xdj266r xat24cr xgzva0m xhhsvwb xxymvpz xlup9mm x1kky2od\"><img loading=\"lazy\" decoding=\"async\" class=\"xz74otr x168nmei x13lgxp2 x5pf9jr xo71vjh\" src=\"https:\/\/static.xx.fbcdn.net\/images\/emoji.php\/v9\/t2d\/1\/16\/1f4cd.png\" alt=\"\ud83d\udccd\" width=\"16\" height=\"16\" \/><\/span> <em>Prenota il tuo tavolo e festeggia con noi!<\/em> <span class=\"html-span xexx8yu x4uap5 x18d9i69 xkhd6sd x1hl2dhg x16tdsg8 x1vvkbs x3nfvp2 x1j61x8r x1fcty0u xdj266r xat24cr xgzva0m xhhsvwb xxymvpz xlup9mm x1kky2od\"><img loading=\"lazy\" decoding=\"async\" class=\"xz74otr x168nmei x13lgxp2 x5pf9jr xo71vjh\" src=\"https:\/\/static.xx.fbcdn.net\/images\/emoji.php\/v9\/td\/1\/16\/1f423.png\" alt=\"\ud83d\udc23\" width=\"16\" height=\"16\" \/><\/span><span class=\"html-span xexx8yu x4uap5 x18d9i69 xkhd6sd x1hl2dhg x16tdsg8 x1vvkbs x3nfvp2 x1j61x8r x1fcty0u xdj266r xat24cr xgzva0m xhhsvwb xxymvpz xlup9mm x1kky2od\"><img loading=\"lazy\" decoding=\"async\" class=\"xz74otr x168nmei x13lgxp2 x5pf9jr xo71vjh\" src=\"https:\/\/static.xx.fbcdn.net\/images\/emoji.php\/v9\/tf4\/1\/16\/2728.png\" alt=\"\u2728\" width=\"16\" height=\"16\" \/><\/span><\/div>\n<div dir=\"auto\" style=\"text-align: right;\"><span class=\"html-span xexx8yu x4uap5 x18d9i69 xkhd6sd x1hl2dhg x16tdsg8 x1vvkbs x3nfvp2 x1j61x8r x1fcty0u xdj266r xat24cr xgzva0m xhhsvwb xxymvpz xlup9mm x1kky2od\"><img loading=\"lazy\" decoding=\"async\" class=\"xz74otr x168nmei x13lgxp2 x5pf9jr xo71vjh\" src=\"https:\/\/static.xx.fbcdn.net\/images\/emoji.php\/v9\/td8\/1\/16\/1f4f2.png\" alt=\"\ud83d\udcf2\" width=\"16\" height=\"16\" \/><\/span> Cell. +39 348 8598731<\/div>\n<div dir=\"auto\" style=\"text-align: right;\"><span class=\"html-span xexx8yu x4uap5 x18d9i69 xkhd6sd x1hl2dhg x16tdsg8 x1vvkbs x3nfvp2 x1j61x8r x1fcty0u xdj266r xat24cr xgzva0m xhhsvwb xxymvpz xlup9mm x1kky2od\"><img loading=\"lazy\" decoding=\"async\" class=\"xz74otr x168nmei x13lgxp2 x5pf9jr xo71vjh\" src=\"https:\/\/static.xx.fbcdn.net\/images\/emoji.php\/v9\/tbe\/1\/16\/1f4e7.png\" alt=\"\ud83d\udce7\" width=\"16\" height=\"16\" \/><\/span>: grassilunghi@gmail.com<\/div>\n<div dir=\"auto\" style=\"text-align: right;\"><span class=\"html-span xexx8yu x4uap5 x18d9i69 xkhd6sd x1hl2dhg x16tdsg8 x1vvkbs x3nfvp2 x1j61x8r x1fcty0u xdj266r xat24cr xgzva0m xhhsvwb xxymvpz xlup9mm x1kky2od\"><img loading=\"lazy\" decoding=\"async\" class=\"xz74otr x168nmei x13lgxp2 x5pf9jr xo71vjh\" src=\"https:\/\/static.xx.fbcdn.net\/images\/emoji.php\/v9\/tf7\/1\/16\/26f0.png\" alt=\"\u26f0\" width=\"16\" height=\"16\" \/><\/span> Via Grassi e Lunghi \u2013 Pasturo (LECCO)<\/div>\n<\/div>\n","protected":false},"excerpt":{"rendered":"<p>Festeggia la Pasqua all&#8217;Agriturismo Ai Grassi e Lunghi. Scopri il menu! Men\u00f9 di Pasqua &#8211; Agriturismo ai Grassi e Lunghi Antipasto Polpettine in umido Prosciutto crudo \u201cDolce d\u2019Oggiono\u201d Cipolle in agrodolce Torta salata con verdure Caprino fresco Primi Lasagne con porri, luganega e formaggella Risotto alla zucca Secondi Coniglio alla ligure Guancia di vitello brasata [&hellip;]<\/p>\n","protected":false},"author":4,"featured_media":98710,"comment_status":"open","ping_status":"open","sticky":false,"template":"","format":"standard","meta":{"_acf_changed":false,"footnotes":""},"categories":[146],"tags":[1905,1904,1903,1263,1901,1902,1420],"class_list":["post-98708","post","type-post","status-publish","format-standard","has-post-thumbnail","hentry","category-ultima-ora","tag-domenica","tag-festeggiare","tag-menu","tag-montagnelago","tag-pasqua","tag-pranzo","tag-primavera"],"acf":[],"yoast_head":"<!-- This site is optimized with the Yoast SEO plugin v25.0 - https:\/\/yoast.com\/wordpress\/plugins\/seo\/ -->\n<title>Agriturismo ai Grassi e Lunghi - Menu di Pasqua<\/title>\n<meta name=\"description\" content=\"Festeggia la Pasqua insieme all&#039;Agriturismo ai Grassi e Lunghi. Scopri il menu e prenota!\" \/>\n<meta name=\"robots\" content=\"index, follow, max-snippet:-1, max-image-preview:large, max-video-preview:-1\" \/>\n<link rel=\"canonical\" href=\"https:\/\/www.montagnelagodicomo.it\/2025\/03\/25\/agriturismoaigrassielunghimenudipasqua\/\" \/>\n<meta property=\"og:locale\" content=\"en_US\" \/>\n<meta property=\"og:type\" content=\"article\" \/>\n<meta property=\"og:title\" content=\"Giugno: aspettando l&#039;estate\" \/>\n<meta property=\"og:description\" content=\"Cari amici, la stagione estiva \u00e8 alle porte e tanta \u00e8 la voglia di rilassarsi ed evadere dallo stress della vita quotidiana. E&#039; il momento giusto per scoprire quanto di pi\u00f9 bello le Montagne del Lago di Como hanno da offrire.\" \/>\n<meta property=\"og:url\" content=\"https:\/\/www.montagnelagodicomo.it\/2025\/03\/25\/agriturismoaigrassielunghimenudipasqua\/\" \/>\n<meta property=\"og:site_name\" content=\"Lago di Como e Valsassina\" \/>\n<meta property=\"article:publisher\" content=\"https:\/\/www.facebook.com\/montagnelagodicomo\" \/>\n<meta property=\"article:published_time\" content=\"2025-03-25T11:34:39+00:00\" \/>\n<meta property=\"article:modified_time\" content=\"2025-03-25T11:51:53+00:00\" \/>\n<meta property=\"og:image\" content=\"https:\/\/www.montagnelagodicomo.it\/wp-content\/uploads\/2022\/05\/Varenna_Alberto-Locatelli.jpg\" \/>\n\t<meta property=\"og:image:width\" content=\"1080\" \/>\n\t<meta property=\"og:image:height\" content=\"648\" \/>\n\t<meta property=\"og:image:type\" content=\"image\/jpeg\" \/>\n<meta name=\"author\" content=\"Lago di Como 3\" \/>\n<meta name=\"twitter:card\" content=\"summary_large_image\" \/>\n<meta name=\"twitter:creator\" content=\"@MontagneLago\" \/>\n<meta name=\"twitter:site\" content=\"@MontagneLago\" \/>\n<meta name=\"twitter:label1\" content=\"Written by\" \/>\n\t<meta name=\"twitter:data1\" content=\"Lago di Como 3\" \/>\n\t<meta name=\"twitter:label2\" content=\"Est. reading time\" \/>\n\t<meta name=\"twitter:data2\" content=\"7 minutes\" \/>\n<script type=\"application\/ld+json\" class=\"yoast-schema-graph\">{\"@context\":\"https:\/\/schema.org\",\"@graph\":[{\"@type\":\"Article\",\"@id\":\"https:\/\/www.montagnelagodicomo.it\/2025\/03\/25\/agriturismoaigrassielunghimenudipasqua\/#article\",\"isPartOf\":{\"@id\":\"https:\/\/www.montagnelagodicomo.it\/2025\/03\/25\/agriturismoaigrassielunghimenudipasqua\/\"},\"author\":{\"name\":\"Lago di Como 3\",\"@id\":\"https:\/\/www.montagnelagodicomo.it\/#\/schema\/person\/62387dee120171fb5c03a77fe5169f1e\"},\"headline\":\"AGRITURISMO AI GRASSI E LUNGHI &#8211; MENU DI PASQUA\",\"datePublished\":\"2025-03-25T11:34:39+00:00\",\"dateModified\":\"2025-03-25T11:51:53+00:00\",\"mainEntityOfPage\":{\"@id\":\"https:\/\/www.montagnelagodicomo.it\/2025\/03\/25\/agriturismoaigrassielunghimenudipasqua\/\"},\"wordCount\":109,\"commentCount\":0,\"publisher\":{\"@id\":\"https:\/\/www.montagnelagodicomo.it\/#organization\"},\"image\":{\"@id\":\"https:\/\/www.montagnelagodicomo.it\/2025\/03\/25\/agriturismoaigrassielunghimenudipasqua\/#primaryimage\"},\"thumbnailUrl\":\"https:\/\/www.montagnelagodicomo.it\/wp-content\/uploads\/2025\/03\/Agriturismo-Ai-Grassi-e-Lunghi-Menu-Pasqua1.jpg\",\"keywords\":[\"domenica\",\"festeggiare\",\"menu\",\"montagnelago\",\"Pasqua\",\"pranzo\",\"primavera\"],\"articleSection\":[\"Ultima ora\"],\"inLanguage\":\"en-US\",\"potentialAction\":[{\"@type\":\"CommentAction\",\"name\":\"Comment\",\"target\":[\"https:\/\/www.montagnelagodicomo.it\/2025\/03\/25\/agriturismoaigrassielunghimenudipasqua\/#respond\"]}]},{\"@type\":\"WebPage\",\"@id\":\"https:\/\/www.montagnelagodicomo.it\/2025\/03\/25\/agriturismoaigrassielunghimenudipasqua\/\",\"url\":\"https:\/\/www.montagnelagodicomo.it\/2025\/03\/25\/agriturismoaigrassielunghimenudipasqua\/\",\"name\":\"Agriturismo ai Grassi e Lunghi - Menu di Pasqua\",\"isPartOf\":{\"@id\":\"https:\/\/www.montagnelagodicomo.it\/#website\"},\"primaryImageOfPage\":{\"@id\":\"https:\/\/www.montagnelagodicomo.it\/2025\/03\/25\/agriturismoaigrassielunghimenudipasqua\/#primaryimage\"},\"image\":{\"@id\":\"https:\/\/www.montagnelagodicomo.it\/2025\/03\/25\/agriturismoaigrassielunghimenudipasqua\/#primaryimage\"},\"thumbnailUrl\":\"https:\/\/www.montagnelagodicomo.it\/wp-content\/uploads\/2025\/03\/Agriturismo-Ai-Grassi-e-Lunghi-Menu-Pasqua1.jpg\",\"datePublished\":\"2025-03-25T11:34:39+00:00\",\"dateModified\":\"2025-03-25T11:51:53+00:00\",\"description\":\"Festeggia la Pasqua insieme all'Agriturismo ai Grassi e Lunghi. Scopri il menu e prenota!\",\"breadcrumb\":{\"@id\":\"https:\/\/www.montagnelagodicomo.it\/2025\/03\/25\/agriturismoaigrassielunghimenudipasqua\/#breadcrumb\"},\"inLanguage\":\"en-US\",\"potentialAction\":[{\"@type\":\"ReadAction\",\"target\":[\"https:\/\/www.montagnelagodicomo.it\/2025\/03\/25\/agriturismoaigrassielunghimenudipasqua\/\"]}]},{\"@type\":\"ImageObject\",\"inLanguage\":\"en-US\",\"@id\":\"https:\/\/www.montagnelagodicomo.it\/2025\/03\/25\/agriturismoaigrassielunghimenudipasqua\/#primaryimage\",\"url\":\"https:\/\/www.montagnelagodicomo.it\/wp-content\/uploads\/2025\/03\/Agriturismo-Ai-Grassi-e-Lunghi-Menu-Pasqua1.jpg\",\"contentUrl\":\"https:\/\/www.montagnelagodicomo.it\/wp-content\/uploads\/2025\/03\/Agriturismo-Ai-Grassi-e-Lunghi-Menu-Pasqua1.jpg\",\"width\":800,\"height\":540},{\"@type\":\"BreadcrumbList\",\"@id\":\"https:\/\/www.montagnelagodicomo.it\/2025\/03\/25\/agriturismoaigrassielunghimenudipasqua\/#breadcrumb\",\"itemListElement\":[{\"@type\":\"ListItem\",\"position\":1,\"name\":\"Home\",\"item\":\"https:\/\/www.montagnelagodicomo.it\/en\/\"},{\"@type\":\"ListItem\",\"position\":2,\"name\":\"AGRITURISMO AI GRASSI E LUNGHI &#8211; MENU DI PASQUA\"}]},{\"@type\":\"WebSite\",\"@id\":\"https:\/\/www.montagnelagodicomo.it\/#website\",\"url\":\"https:\/\/www.montagnelagodicomo.it\/\",\"name\":\"Lago di Como e Valsassina\",\"description\":\"\",\"publisher\":{\"@id\":\"https:\/\/www.montagnelagodicomo.it\/#organization\"},\"potentialAction\":[{\"@type\":\"SearchAction\",\"target\":{\"@type\":\"EntryPoint\",\"urlTemplate\":\"https:\/\/www.montagnelagodicomo.it\/?s={search_term_string}\"},\"query-input\":{\"@type\":\"PropertyValueSpecification\",\"valueRequired\":true,\"valueName\":\"search_term_string\"}}],\"inLanguage\":\"en-US\"},{\"@type\":\"Organization\",\"@id\":\"https:\/\/www.montagnelagodicomo.it\/#organization\",\"name\":\"Montagne del Lago di Como\",\"url\":\"https:\/\/www.montagnelagodicomo.it\/\",\"logo\":{\"@type\":\"ImageObject\",\"inLanguage\":\"en-US\",\"@id\":\"https:\/\/www.montagnelagodicomo.it\/#\/schema\/logo\/image\/\",\"url\":\"https:\/\/www.montagnelagodicomo.it\/wp-content\/uploads\/2016\/07\/DEF_Montagne_LagodiComo_04112015_png.png\",\"contentUrl\":\"https:\/\/www.montagnelagodicomo.it\/wp-content\/uploads\/2016\/07\/DEF_Montagne_LagodiComo_04112015_png.png\",\"width\":2997,\"height\":835,\"caption\":\"Montagne del Lago di Como\"},\"image\":{\"@id\":\"https:\/\/www.montagnelagodicomo.it\/#\/schema\/logo\/image\/\"},\"sameAs\":[\"https:\/\/www.facebook.com\/montagnelagodicomo\",\"https:\/\/x.com\/MontagneLago\",\"https:\/\/www.youtube.com\/channel\/UCDoxghWmgQnHlQ78rzZuUjA\"]},{\"@type\":\"Person\",\"@id\":\"https:\/\/www.montagnelagodicomo.it\/#\/schema\/person\/62387dee120171fb5c03a77fe5169f1e\",\"name\":\"Lago di Como 3\",\"image\":{\"@type\":\"ImageObject\",\"inLanguage\":\"en-US\",\"@id\":\"https:\/\/www.montagnelagodicomo.it\/#\/schema\/person\/image\/\",\"url\":\"https:\/\/secure.gravatar.com\/avatar\/177606e9ed7370bc5cd946f4243ac59920e657438575f65d56f2ebfb41996b8f?s=96&d=mm&r=g\",\"contentUrl\":\"https:\/\/secure.gravatar.com\/avatar\/177606e9ed7370bc5cd946f4243ac59920e657438575f65d56f2ebfb41996b8f?s=96&d=mm&r=g\",\"caption\":\"Lago di Como 3\"},\"url\":\"https:\/\/www.montagnelagodicomo.it\/en\/author\/lago-di-como-3\/\"}]}<\/script>\n<!-- \/ Yoast SEO plugin. -->","yoast_head_json":{"title":"Agriturismo ai Grassi e Lunghi - Menu di Pasqua","description":"Festeggia la Pasqua insieme all'Agriturismo ai Grassi e Lunghi. Scopri il menu e prenota!","robots":{"index":"index","follow":"follow","max-snippet":"max-snippet:-1","max-image-preview":"max-image-preview:large","max-video-preview":"max-video-preview:-1"},"canonical":"https:\/\/www.montagnelagodicomo.it\/2025\/03\/25\/agriturismoaigrassielunghimenudipasqua\/","og_locale":"en_US","og_type":"article","og_title":"Giugno: aspettando l'estate","og_description":"Cari amici, la stagione estiva \u00e8 alle porte e tanta \u00e8 la voglia di rilassarsi ed evadere dallo stress della vita quotidiana. E' il momento giusto per scoprire quanto di pi\u00f9 bello le Montagne del Lago di Como hanno da offrire.","og_url":"https:\/\/www.montagnelagodicomo.it\/2025\/03\/25\/agriturismoaigrassielunghimenudipasqua\/","og_site_name":"Lago di Como e Valsassina","article_publisher":"https:\/\/www.facebook.com\/montagnelagodicomo","article_published_time":"2025-03-25T11:34:39+00:00","article_modified_time":"2025-03-25T11:51:53+00:00","og_image":[{"width":1080,"height":648,"url":"https:\/\/www.montagnelagodicomo.it\/wp-content\/uploads\/2022\/05\/Varenna_Alberto-Locatelli.jpg","type":"image\/jpeg"}],"author":"Lago di Como 3","twitter_card":"summary_large_image","twitter_creator":"@MontagneLago","twitter_site":"@MontagneLago","twitter_misc":{"Written by":"Lago di Como 3","Est. reading time":"7 minutes"},"schema":{"@context":"https:\/\/schema.org","@graph":[{"@type":"Article","@id":"https:\/\/www.montagnelagodicomo.it\/2025\/03\/25\/agriturismoaigrassielunghimenudipasqua\/#article","isPartOf":{"@id":"https:\/\/www.montagnelagodicomo.it\/2025\/03\/25\/agriturismoaigrassielunghimenudipasqua\/"},"author":{"name":"Lago di Como 3","@id":"https:\/\/www.montagnelagodicomo.it\/#\/schema\/person\/62387dee120171fb5c03a77fe5169f1e"},"headline":"AGRITURISMO AI GRASSI E LUNGHI &#8211; MENU DI PASQUA","datePublished":"2025-03-25T11:34:39+00:00","dateModified":"2025-03-25T11:51:53+00:00","mainEntityOfPage":{"@id":"https:\/\/www.montagnelagodicomo.it\/2025\/03\/25\/agriturismoaigrassielunghimenudipasqua\/"},"wordCount":109,"commentCount":0,"publisher":{"@id":"https:\/\/www.montagnelagodicomo.it\/#organization"},"image":{"@id":"https:\/\/www.montagnelagodicomo.it\/2025\/03\/25\/agriturismoaigrassielunghimenudipasqua\/#primaryimage"},"thumbnailUrl":"https:\/\/www.montagnelagodicomo.it\/wp-content\/uploads\/2025\/03\/Agriturismo-Ai-Grassi-e-Lunghi-Menu-Pasqua1.jpg","keywords":["domenica","festeggiare","menu","montagnelago","Pasqua","pranzo","primavera"],"articleSection":["Ultima ora"],"inLanguage":"en-US","potentialAction":[{"@type":"CommentAction","name":"Comment","target":["https:\/\/www.montagnelagodicomo.it\/2025\/03\/25\/agriturismoaigrassielunghimenudipasqua\/#respond"]}]},{"@type":"WebPage","@id":"https:\/\/www.montagnelagodicomo.it\/2025\/03\/25\/agriturismoaigrassielunghimenudipasqua\/","url":"https:\/\/www.montagnelagodicomo.it\/2025\/03\/25\/agriturismoaigrassielunghimenudipasqua\/","name":"Agriturismo ai Grassi e Lunghi - Menu di Pasqua","isPartOf":{"@id":"https:\/\/www.montagnelagodicomo.it\/#website"},"primaryImageOfPage":{"@id":"https:\/\/www.montagnelagodicomo.it\/2025\/03\/25\/agriturismoaigrassielunghimenudipasqua\/#primaryimage"},"image":{"@id":"https:\/\/www.montagnelagodicomo.it\/2025\/03\/25\/agriturismoaigrassielunghimenudipasqua\/#primaryimage"},"thumbnailUrl":"https:\/\/www.montagnelagodicomo.it\/wp-content\/uploads\/2025\/03\/Agriturismo-Ai-Grassi-e-Lunghi-Menu-Pasqua1.jpg","datePublished":"2025-03-25T11:34:39+00:00","dateModified":"2025-03-25T11:51:53+00:00","description":"Festeggia la Pasqua insieme all'Agriturismo ai Grassi e Lunghi. Scopri il menu e prenota!","breadcrumb":{"@id":"https:\/\/www.montagnelagodicomo.it\/2025\/03\/25\/agriturismoaigrassielunghimenudipasqua\/#breadcrumb"},"inLanguage":"en-US","potentialAction":[{"@type":"ReadAction","target":["https:\/\/www.montagnelagodicomo.it\/2025\/03\/25\/agriturismoaigrassielunghimenudipasqua\/"]}]},{"@type":"ImageObject","inLanguage":"en-US","@id":"https:\/\/www.montagnelagodicomo.it\/2025\/03\/25\/agriturismoaigrassielunghimenudipasqua\/#primaryimage","url":"https:\/\/www.montagnelagodicomo.it\/wp-content\/uploads\/2025\/03\/Agriturismo-Ai-Grassi-e-Lunghi-Menu-Pasqua1.jpg","contentUrl":"https:\/\/www.montagnelagodicomo.it\/wp-content\/uploads\/2025\/03\/Agriturismo-Ai-Grassi-e-Lunghi-Menu-Pasqua1.jpg","width":800,"height":540},{"@type":"BreadcrumbList","@id":"https:\/\/www.montagnelagodicomo.it\/2025\/03\/25\/agriturismoaigrassielunghimenudipasqua\/#breadcrumb","itemListElement":[{"@type":"ListItem","position":1,"name":"Home","item":"https:\/\/www.montagnelagodicomo.it\/en\/"},{"@type":"ListItem","position":2,"name":"AGRITURISMO AI GRASSI E LUNGHI &#8211; MENU DI PASQUA"}]},{"@type":"WebSite","@id":"https:\/\/www.montagnelagodicomo.it\/#website","url":"https:\/\/www.montagnelagodicomo.it\/","name":"Lago di Como e Valsassina","description":"","publisher":{"@id":"https:\/\/www.montagnelagodicomo.it\/#organization"},"potentialAction":[{"@type":"SearchAction","target":{"@type":"EntryPoint","urlTemplate":"https:\/\/www.montagnelagodicomo.it\/?s={search_term_string}"},"query-input":{"@type":"PropertyValueSpecification","valueRequired":true,"valueName":"search_term_string"}}],"inLanguage":"en-US"},{"@type":"Organization","@id":"https:\/\/www.montagnelagodicomo.it\/#organization","name":"Montagne del Lago di Como","url":"https:\/\/www.montagnelagodicomo.it\/","logo":{"@type":"ImageObject","inLanguage":"en-US","@id":"https:\/\/www.montagnelagodicomo.it\/#\/schema\/logo\/image\/","url":"https:\/\/www.montagnelagodicomo.it\/wp-content\/uploads\/2016\/07\/DEF_Montagne_LagodiComo_04112015_png.png","contentUrl":"https:\/\/www.montagnelagodicomo.it\/wp-content\/uploads\/2016\/07\/DEF_Montagne_LagodiComo_04112015_png.png","width":2997,"height":835,"caption":"Montagne del Lago di Como"},"image":{"@id":"https:\/\/www.montagnelagodicomo.it\/#\/schema\/logo\/image\/"},"sameAs":["https:\/\/www.facebook.com\/montagnelagodicomo","https:\/\/x.com\/MontagneLago","https:\/\/www.youtube.com\/channel\/UCDoxghWmgQnHlQ78rzZuUjA"]},{"@type":"Person","@id":"https:\/\/www.montagnelagodicomo.it\/#\/schema\/person\/62387dee120171fb5c03a77fe5169f1e","name":"Lago di Como 3","image":{"@type":"ImageObject","inLanguage":"en-US","@id":"https:\/\/www.montagnelagodicomo.it\/#\/schema\/person\/image\/","url":"https:\/\/secure.gravatar.com\/avatar\/177606e9ed7370bc5cd946f4243ac59920e657438575f65d56f2ebfb41996b8f?s=96&d=mm&r=g","contentUrl":"https:\/\/secure.gravatar.com\/avatar\/177606e9ed7370bc5cd946f4243ac59920e657438575f65d56f2ebfb41996b8f?s=96&d=mm&r=g","caption":"Lago di Como 3"},"url":"https:\/\/www.montagnelagodicomo.it\/en\/author\/lago-di-como-3\/"}]}},"_links":{"self":[{"href":"https:\/\/www.montagnelagodicomo.it\/en\/wp-json\/wp\/v2\/posts\/98708","targetHints":{"allow":["GET"]}}],"collection":[{"href":"https:\/\/www.montagnelagodicomo.it\/en\/wp-json\/wp\/v2\/posts"}],"about":[{"href":"https:\/\/www.montagnelagodicomo.it\/en\/wp-json\/wp\/v2\/types\/post"}],"author":[{"embeddable":true,"href":"https:\/\/www.montagnelagodicomo.it\/en\/wp-json\/wp\/v2\/users\/4"}],"replies":[{"embeddable":true,"href":"https:\/\/www.montagnelagodicomo.it\/en\/wp-json\/wp\/v2\/comments?post=98708"}],"version-history":[{"count":6,"href":"https:\/\/www.montagnelagodicomo.it\/en\/wp-json\/wp\/v2\/posts\/98708\/revisions"}],"predecessor-version":[{"id":98718,"href":"https:\/\/www.montagnelagodicomo.it\/en\/wp-json\/wp\/v2\/posts\/98708\/revisions\/98718"}],"wp:featuredmedia":[{"embeddable":true,"href":"https:\/\/www.montagnelagodicomo.it\/en\/wp-json\/wp\/v2\/media\/98710"}],"wp:attachment":[{"href":"https:\/\/www.montagnelagodicomo.it\/en\/wp-json\/wp\/v2\/media?parent=98708"}],"wp:term":[{"taxonomy":"category","embeddable":true,"href":"https:\/\/www.montagnelagodicomo.it\/en\/wp-json\/wp\/v2\/categories?post=98708"},{"taxonomy":"post_tag","embeddable":true,"href":"https:\/\/www.montagnelagodicomo.it\/en\/wp-json\/wp\/v2\/tags?post=98708"}],"curies":[{"name":"wp","href":"https:\/\/api.w.org\/{rel}","templated":true}]}}