{"id":98763,"date":"2025-03-25T13:51:52","date_gmt":"2025-03-25T12:51:52","guid":{"rendered":"https:\/\/www.montagnelagodicomo.it\/2025\/03\/25\/agriturismo-bon-pra-menu-di-pasqua\/"},"modified":"2025-03-25T14:09:10","modified_gmt":"2025-03-25T13:09:10","slug":"ristorante-da-gigi-menu-di-pasqua","status":"publish","type":"post","link":"https:\/\/www.montagnelagodicomo.it\/en\/2025\/03\/25\/ristorante-da-gigi-menu-di-pasqua\/","title":{"rendered":"RISTORANTE DA GIGI &#8211; MENU DI PASQUA"},"content":{"rendered":"<figure id=\"attachment_78695\" class=\"wp-caption aligncenter\" aria-describedby=\"caption-attachment-78695\"><\/figure>\n<p>Festeggia la Pasqua al Ristorante Da Gigi. Scopri il menu!<\/p>\n<div class=\"xdj266r x11i5rnm xat24cr x1mh8g0r x1vvkbs x126k92a\">\n<h2 dir=\"auto\" style=\"text-align: center;\"><img fetchpriority=\"high\" decoding=\"async\" class=\"alignnone wp-image-98765\" src=\"https:\/\/www.montagnelagodicomo.it\/wp-content\/uploads\/2025\/03\/Da-Gigi-menu-Pasqua-300x300.jpg\" alt=\"\" width=\"409\" height=\"409\" srcset=\"https:\/\/www.montagnelagodicomo.it\/wp-content\/uploads\/2025\/03\/Da-Gigi-menu-Pasqua-300x300.jpg 300w, https:\/\/www.montagnelagodicomo.it\/wp-content\/uploads\/2025\/03\/Da-Gigi-menu-Pasqua-1024x1024.jpg 1024w, https:\/\/www.montagnelagodicomo.it\/wp-content\/uploads\/2025\/03\/Da-Gigi-menu-Pasqua-150x150.jpg 150w, https:\/\/www.montagnelagodicomo.it\/wp-content\/uploads\/2025\/03\/Da-Gigi-menu-Pasqua-768x768.jpg 768w, https:\/\/www.montagnelagodicomo.it\/wp-content\/uploads\/2025\/03\/Da-Gigi-menu-Pasqua.jpg 1080w\" sizes=\"(max-width: 409px) 100vw, 409px\" \/><\/h2>\n<h2 dir=\"auto\" style=\"text-align: center;\"><strong style=\"text-align: center;\"><img decoding=\"async\" class=\"xz74otr x168nmei x13lgxp2 x5pf9jr xo71vjh\" style=\"font-size: 16px;\" src=\"https:\/\/static.xx.fbcdn.net\/images\/emoji.php\/v9\/tf0\/1\/16\/1f338.png\" alt=\"\ud83c\udf38\" width=\"16\" height=\"16\" \/>Menu di Pasqua &#8211; Ristorante Da Gigi<\/strong><span class=\"html-span xexx8yu x4uap5 x18d9i69 xkhd6sd x1hl2dhg x16tdsg8 x1vvkbs x3nfvp2 x1j61x8r x1fcty0u xdj266r xat24cr xgzva0m xhhsvwb xxymvpz xlup9mm x1kky2od\" style=\"font-size: 16px;\"><img decoding=\"async\" class=\"xz74otr x168nmei x13lgxp2 x5pf9jr xo71vjh\" src=\"https:\/\/static.xx.fbcdn.net\/images\/emoji.php\/v9\/tf0\/1\/16\/1f338.png\" alt=\"\ud83c\udf38\" width=\"16\" height=\"16\" \/>\u00a0<\/span><\/h2>\n<p dir=\"auto\"><strong>Per iniziare<\/strong><\/p>\n<ul>\n<li dir=\"auto\">Rosa di salmone affumicato, soffice ricotta con erba cipollina, crudit\u00e8 di primavera, chips di riso nero<\/li>\n<\/ul>\n<\/div>\n<div class=\"x11i5rnm xat24cr x1mh8g0r x1vvkbs xtlvy1s x126k92a\">\n<h4 dir=\"auto\"><strong>Tris Pasquale<\/strong><\/h4>\n<ul>\n<li dir=\"auto\">Asparago dorato in pancetta locale<\/li>\n<li dir=\"auto\">Bign\u00e8 caldo con fonduta di robiola tartufata<\/li>\n<li dir=\"auto\">Nido di pasta Kataify, uova di quaglia, radicchio di prato<\/li>\n<\/ul>\n<\/div>\n<div class=\"x11i5rnm xat24cr x1mh8g0r x1vvkbs xtlvy1s x126k92a\">\n<h4 dir=\"auto\"><strong>I tortelloni<\/strong><\/h4>\n<ul>\n<li dir=\"auto\">I tortelloni ripieni di coniglio e mela, crema al rosmarino dell&#8217;orto, filetti di mandorla tostati<\/li>\n<\/ul>\n<\/div>\n<h4 dir=\"auto\"><span class=\"html-span xexx8yu x4uap5 x18d9i69 xkhd6sd x1hl2dhg x16tdsg8 x1vvkbs x3nfvp2 x1j61x8r x1fcty0u xdj266r xat24cr xgzva0m xhhsvwb xxymvpz xlup9mm x1kky2od\">L&#8217;agnello<\/span><\/h4>\n<ul>\n<li>Costolette d&#8217;agnello al forno, salsa al Peverel di Pra Gras, pomodoro gratinato con patate gialle e semi di finocchio<\/li>\n<\/ul>\n<div class=\"x11i5rnm xat24cr x1mh8g0r x1vvkbs xtlvy1s x126k92a\">\n<h4>La cassata<\/h4>\n<ul>\n<li>Cassata di ricotta e cioccolato, cremoso al whisky, fragole fresche<\/li>\n<\/ul>\n<h4>Colomba tradizionale<\/h4>\n<ul>\n<li>Colomba artigianale servita con mousse allo zabaione<\/li>\n<\/ul>\n<\/div>\n<h4 dir=\"auto\">Vini selezionati, acqua e caff\u00e8 inclusi<\/h4>\n<div class=\"x11i5rnm xat24cr x1mh8g0r x1vvkbs xtlvy1s x126k92a\">\n<div dir=\"auto\"><\/div>\n<\/div>\n<div class=\"x11i5rnm xat24cr x1mh8g0r x1vvkbs xtlvy1s x126k92a\">\n<div dir=\"auto\" style=\"text-align: center;\"><span class=\"html-span xexx8yu x4uap5 x18d9i69 xkhd6sd x1hl2dhg x16tdsg8 x1vvkbs x3nfvp2 x1j61x8r x1fcty0u xdj266r xat24cr xgzva0m xhhsvwb xxymvpz xlup9mm x1kky2od\"><img loading=\"lazy\" decoding=\"async\" class=\"xz74otr x168nmei x13lgxp2 x5pf9jr xo71vjh\" src=\"https:\/\/static.xx.fbcdn.net\/images\/emoji.php\/v9\/t5a\/1\/16\/1f4b0.png\" alt=\"\ud83d\udcb0\" width=\"16\" height=\"16\" \/><\/span> <strong>7<\/strong><em><strong>0\u20ac\u00a0<\/strong><\/em><\/div>\n<div dir=\"auto\" style=\"text-align: center;\">\n<div class=\"x11i5rnm xat24cr x1mh8g0r x1vvkbs xtlvy1s x126k92a\">\n<div dir=\"auto\" style=\"text-align: center;\"><\/div>\n<\/div>\n<\/div>\n<\/div>\n<div class=\"x11i5rnm xat24cr x1mh8g0r x1vvkbs xtlvy1s x126k92a\">\n<div dir=\"auto\"><\/div>\n<\/div>\n<div dir=\"auto\"><\/div>\n<div class=\"x11i5rnm xat24cr x1mh8g0r x1vvkbs xtlvy1s x126k92a\">\n<div dir=\"auto\" style=\"text-align: right;\"><span class=\"html-span xexx8yu x4uap5 x18d9i69 xkhd6sd x1hl2dhg x16tdsg8 x1vvkbs x3nfvp2 x1j61x8r x1fcty0u xdj266r xat24cr xgzva0m xhhsvwb xxymvpz xlup9mm x1kky2od\"><img loading=\"lazy\" decoding=\"async\" class=\"xz74otr x168nmei x13lgxp2 x5pf9jr xo71vjh\" src=\"https:\/\/static.xx.fbcdn.net\/images\/emoji.php\/v9\/t2d\/1\/16\/1f4cd.png\" alt=\"\ud83d\udccd\" width=\"16\" height=\"16\" \/><\/span> <em>Prenotazioni:<\/em><\/div>\n<div dir=\"auto\" style=\"text-align: right;\"><span class=\"html-span xexx8yu x4uap5 x18d9i69 xkhd6sd x1hl2dhg x16tdsg8 x1vvkbs x3nfvp2 x1j61x8r x1fcty0u xdj266r xat24cr xgzva0m xhhsvwb xxymvpz xlup9mm x1kky2od\"><img loading=\"lazy\" decoding=\"async\" class=\"xz74otr x168nmei x13lgxp2 x5pf9jr xo71vjh\" src=\"https:\/\/static.xx.fbcdn.net\/images\/emoji.php\/v9\/td8\/1\/16\/1f4f2.png\" alt=\"\ud83d\udcf2\" width=\"16\" height=\"16\" \/><\/span>\u00a0+39 0341840124<\/div>\n<div dir=\"auto\" style=\"text-align: right;\"><a href=\"mailto:info@dagigicrandola.it\">info@dagigicrandola.it<\/a><\/div>\n<div dir=\"auto\" style=\"text-align: right;\">Piazza IV Novembre 4 \u2013 Crandola Valsassina (LC)<\/div>\n<div dir=\"auto\" style=\"text-align: right;\"><\/div>\n<\/div>\n","protected":false},"excerpt":{"rendered":"<p>Festeggia la Pasqua al Ristorante Da Gigi. Scopri il menu! Menu di Pasqua &#8211; Ristorante Da Gigi\u00a0 Per iniziare Rosa di salmone affumicato, soffice ricotta con erba cipollina, crudit\u00e8 di primavera, chips di riso nero Tris Pasquale Asparago dorato in pancetta locale Bign\u00e8 caldo con fonduta di robiola tartufata Nido di pasta Kataify, uova di [&hellip;]<\/p>\n","protected":false},"author":4,"featured_media":98765,"comment_status":"open","ping_status":"open","sticky":false,"template":"","format":"standard","meta":{"_acf_changed":false,"footnotes":""},"categories":[146],"tags":[1905,1904,1903,1263,1901,1902,1420],"class_list":["post-98763","post","type-post","status-publish","format-standard","has-post-thumbnail","hentry","category-ultima-ora","tag-domenica","tag-festeggiare","tag-menu","tag-montagnelago","tag-pasqua","tag-pranzo","tag-primavera"],"acf":[],"yoast_head":"<!-- This site is optimized with the Yoast SEO plugin v25.0 - https:\/\/yoast.com\/wordpress\/plugins\/seo\/ -->\n<title>Ristorante Da Gigi - Menu di Pasqua<\/title>\n<meta name=\"description\" content=\"Festeggia la Pasqua insieme al Ristorante Da Gigi. Scopri il menu e prenota!\" \/>\n<meta name=\"robots\" content=\"index, follow, max-snippet:-1, max-image-preview:large, max-video-preview:-1\" \/>\n<link rel=\"canonical\" href=\"https:\/\/www.montagnelagodicomo.it\/2025\/03\/25\/ristorante-da-gigi-menu-di-pasqua\/\" \/>\n<meta property=\"og:locale\" content=\"en_US\" \/>\n<meta property=\"og:type\" content=\"article\" \/>\n<meta property=\"og:title\" content=\"Giugno: aspettando l&#039;estate\" \/>\n<meta property=\"og:description\" content=\"Cari amici, la stagione estiva \u00e8 alle porte e tanta \u00e8 la voglia di rilassarsi ed evadere dallo stress della vita quotidiana. E&#039; il momento giusto per scoprire quanto di pi\u00f9 bello le Montagne del Lago di Como hanno da offrire.\" \/>\n<meta property=\"og:url\" content=\"https:\/\/www.montagnelagodicomo.it\/2025\/03\/25\/ristorante-da-gigi-menu-di-pasqua\/\" \/>\n<meta property=\"og:site_name\" content=\"Lago di Como e Valsassina\" \/>\n<meta property=\"article:publisher\" content=\"https:\/\/www.facebook.com\/montagnelagodicomo\" \/>\n<meta property=\"article:published_time\" content=\"2025-03-25T12:51:52+00:00\" \/>\n<meta property=\"article:modified_time\" content=\"2025-03-25T13:09:10+00:00\" \/>\n<meta property=\"og:image\" content=\"https:\/\/www.montagnelagodicomo.it\/wp-content\/uploads\/2022\/05\/Varenna_Alberto-Locatelli.jpg\" \/>\n\t<meta property=\"og:image:width\" content=\"1080\" \/>\n\t<meta property=\"og:image:height\" content=\"648\" \/>\n\t<meta property=\"og:image:type\" content=\"image\/jpeg\" \/>\n<meta name=\"author\" content=\"Lago di Como 3\" \/>\n<meta name=\"twitter:card\" content=\"summary_large_image\" \/>\n<meta name=\"twitter:creator\" content=\"@MontagneLago\" \/>\n<meta name=\"twitter:site\" content=\"@MontagneLago\" \/>\n<meta name=\"twitter:label1\" content=\"Written by\" \/>\n\t<meta name=\"twitter:data1\" content=\"Lago di Como 3\" \/>\n\t<meta name=\"twitter:label2\" content=\"Est. reading time\" \/>\n\t<meta name=\"twitter:data2\" content=\"3 minutes\" \/>\n<script type=\"application\/ld+json\" class=\"yoast-schema-graph\">{\"@context\":\"https:\/\/schema.org\",\"@graph\":[{\"@type\":\"Article\",\"@id\":\"https:\/\/www.montagnelagodicomo.it\/2025\/03\/25\/ristorante-da-gigi-menu-di-pasqua\/#article\",\"isPartOf\":{\"@id\":\"https:\/\/www.montagnelagodicomo.it\/2025\/03\/25\/ristorante-da-gigi-menu-di-pasqua\/\"},\"author\":{\"name\":\"Lago di Como 3\",\"@id\":\"https:\/\/www.montagnelagodicomo.it\/#\/schema\/person\/62387dee120171fb5c03a77fe5169f1e\"},\"headline\":\"RISTORANTE DA GIGI &#8211; MENU DI PASQUA\",\"datePublished\":\"2025-03-25T12:51:52+00:00\",\"dateModified\":\"2025-03-25T13:09:10+00:00\",\"mainEntityOfPage\":{\"@id\":\"https:\/\/www.montagnelagodicomo.it\/2025\/03\/25\/ristorante-da-gigi-menu-di-pasqua\/\"},\"wordCount\":140,\"commentCount\":0,\"publisher\":{\"@id\":\"https:\/\/www.montagnelagodicomo.it\/#organization\"},\"image\":{\"@id\":\"https:\/\/www.montagnelagodicomo.it\/2025\/03\/25\/ristorante-da-gigi-menu-di-pasqua\/#primaryimage\"},\"thumbnailUrl\":\"https:\/\/www.montagnelagodicomo.it\/wp-content\/uploads\/2025\/03\/Da-Gigi-menu-Pasqua.jpg\",\"keywords\":[\"domenica\",\"festeggiare\",\"menu\",\"montagnelago\",\"Pasqua\",\"pranzo\",\"primavera\"],\"articleSection\":[\"Ultima ora\"],\"inLanguage\":\"en-US\",\"potentialAction\":[{\"@type\":\"CommentAction\",\"name\":\"Comment\",\"target\":[\"https:\/\/www.montagnelagodicomo.it\/2025\/03\/25\/ristorante-da-gigi-menu-di-pasqua\/#respond\"]}]},{\"@type\":\"WebPage\",\"@id\":\"https:\/\/www.montagnelagodicomo.it\/2025\/03\/25\/ristorante-da-gigi-menu-di-pasqua\/\",\"url\":\"https:\/\/www.montagnelagodicomo.it\/2025\/03\/25\/ristorante-da-gigi-menu-di-pasqua\/\",\"name\":\"Ristorante Da Gigi - Menu di Pasqua\",\"isPartOf\":{\"@id\":\"https:\/\/www.montagnelagodicomo.it\/#website\"},\"primaryImageOfPage\":{\"@id\":\"https:\/\/www.montagnelagodicomo.it\/2025\/03\/25\/ristorante-da-gigi-menu-di-pasqua\/#primaryimage\"},\"image\":{\"@id\":\"https:\/\/www.montagnelagodicomo.it\/2025\/03\/25\/ristorante-da-gigi-menu-di-pasqua\/#primaryimage\"},\"thumbnailUrl\":\"https:\/\/www.montagnelagodicomo.it\/wp-content\/uploads\/2025\/03\/Da-Gigi-menu-Pasqua.jpg\",\"datePublished\":\"2025-03-25T12:51:52+00:00\",\"dateModified\":\"2025-03-25T13:09:10+00:00\",\"description\":\"Festeggia la Pasqua insieme al Ristorante Da Gigi. Scopri il menu e prenota!\",\"breadcrumb\":{\"@id\":\"https:\/\/www.montagnelagodicomo.it\/2025\/03\/25\/ristorante-da-gigi-menu-di-pasqua\/#breadcrumb\"},\"inLanguage\":\"en-US\",\"potentialAction\":[{\"@type\":\"ReadAction\",\"target\":[\"https:\/\/www.montagnelagodicomo.it\/2025\/03\/25\/ristorante-da-gigi-menu-di-pasqua\/\"]}]},{\"@type\":\"ImageObject\",\"inLanguage\":\"en-US\",\"@id\":\"https:\/\/www.montagnelagodicomo.it\/2025\/03\/25\/ristorante-da-gigi-menu-di-pasqua\/#primaryimage\",\"url\":\"https:\/\/www.montagnelagodicomo.it\/wp-content\/uploads\/2025\/03\/Da-Gigi-menu-Pasqua.jpg\",\"contentUrl\":\"https:\/\/www.montagnelagodicomo.it\/wp-content\/uploads\/2025\/03\/Da-Gigi-menu-Pasqua.jpg\",\"width\":1080,\"height\":1080},{\"@type\":\"BreadcrumbList\",\"@id\":\"https:\/\/www.montagnelagodicomo.it\/2025\/03\/25\/ristorante-da-gigi-menu-di-pasqua\/#breadcrumb\",\"itemListElement\":[{\"@type\":\"ListItem\",\"position\":1,\"name\":\"Home\",\"item\":\"https:\/\/www.montagnelagodicomo.it\/en\/\"},{\"@type\":\"ListItem\",\"position\":2,\"name\":\"RISTORANTE DA GIGI &#8211; MENU DI PASQUA\"}]},{\"@type\":\"WebSite\",\"@id\":\"https:\/\/www.montagnelagodicomo.it\/#website\",\"url\":\"https:\/\/www.montagnelagodicomo.it\/\",\"name\":\"Lago di Como e Valsassina\",\"description\":\"\",\"publisher\":{\"@id\":\"https:\/\/www.montagnelagodicomo.it\/#organization\"},\"potentialAction\":[{\"@type\":\"SearchAction\",\"target\":{\"@type\":\"EntryPoint\",\"urlTemplate\":\"https:\/\/www.montagnelagodicomo.it\/?s={search_term_string}\"},\"query-input\":{\"@type\":\"PropertyValueSpecification\",\"valueRequired\":true,\"valueName\":\"search_term_string\"}}],\"inLanguage\":\"en-US\"},{\"@type\":\"Organization\",\"@id\":\"https:\/\/www.montagnelagodicomo.it\/#organization\",\"name\":\"Montagne del Lago di Como\",\"url\":\"https:\/\/www.montagnelagodicomo.it\/\",\"logo\":{\"@type\":\"ImageObject\",\"inLanguage\":\"en-US\",\"@id\":\"https:\/\/www.montagnelagodicomo.it\/#\/schema\/logo\/image\/\",\"url\":\"https:\/\/www.montagnelagodicomo.it\/wp-content\/uploads\/2016\/07\/DEF_Montagne_LagodiComo_04112015_png.png\",\"contentUrl\":\"https:\/\/www.montagnelagodicomo.it\/wp-content\/uploads\/2016\/07\/DEF_Montagne_LagodiComo_04112015_png.png\",\"width\":2997,\"height\":835,\"caption\":\"Montagne del Lago di Como\"},\"image\":{\"@id\":\"https:\/\/www.montagnelagodicomo.it\/#\/schema\/logo\/image\/\"},\"sameAs\":[\"https:\/\/www.facebook.com\/montagnelagodicomo\",\"https:\/\/x.com\/MontagneLago\",\"https:\/\/www.youtube.com\/channel\/UCDoxghWmgQnHlQ78rzZuUjA\"]},{\"@type\":\"Person\",\"@id\":\"https:\/\/www.montagnelagodicomo.it\/#\/schema\/person\/62387dee120171fb5c03a77fe5169f1e\",\"name\":\"Lago di Como 3\",\"image\":{\"@type\":\"ImageObject\",\"inLanguage\":\"en-US\",\"@id\":\"https:\/\/www.montagnelagodicomo.it\/#\/schema\/person\/image\/\",\"url\":\"https:\/\/secure.gravatar.com\/avatar\/177606e9ed7370bc5cd946f4243ac59920e657438575f65d56f2ebfb41996b8f?s=96&d=mm&r=g\",\"contentUrl\":\"https:\/\/secure.gravatar.com\/avatar\/177606e9ed7370bc5cd946f4243ac59920e657438575f65d56f2ebfb41996b8f?s=96&d=mm&r=g\",\"caption\":\"Lago di Como 3\"},\"url\":\"https:\/\/www.montagnelagodicomo.it\/en\/author\/lago-di-como-3\/\"}]}<\/script>\n<!-- \/ Yoast SEO plugin. -->","yoast_head_json":{"title":"Ristorante Da Gigi - Menu di Pasqua","description":"Festeggia la Pasqua insieme al Ristorante Da Gigi. Scopri il menu e prenota!","robots":{"index":"index","follow":"follow","max-snippet":"max-snippet:-1","max-image-preview":"max-image-preview:large","max-video-preview":"max-video-preview:-1"},"canonical":"https:\/\/www.montagnelagodicomo.it\/2025\/03\/25\/ristorante-da-gigi-menu-di-pasqua\/","og_locale":"en_US","og_type":"article","og_title":"Giugno: aspettando l'estate","og_description":"Cari amici, la stagione estiva \u00e8 alle porte e tanta \u00e8 la voglia di rilassarsi ed evadere dallo stress della vita quotidiana. E' il momento giusto per scoprire quanto di pi\u00f9 bello le Montagne del Lago di Como hanno da offrire.","og_url":"https:\/\/www.montagnelagodicomo.it\/2025\/03\/25\/ristorante-da-gigi-menu-di-pasqua\/","og_site_name":"Lago di Como e Valsassina","article_publisher":"https:\/\/www.facebook.com\/montagnelagodicomo","article_published_time":"2025-03-25T12:51:52+00:00","article_modified_time":"2025-03-25T13:09:10+00:00","og_image":[{"width":1080,"height":648,"url":"https:\/\/www.montagnelagodicomo.it\/wp-content\/uploads\/2022\/05\/Varenna_Alberto-Locatelli.jpg","type":"image\/jpeg"}],"author":"Lago di Como 3","twitter_card":"summary_large_image","twitter_creator":"@MontagneLago","twitter_site":"@MontagneLago","twitter_misc":{"Written by":"Lago di Como 3","Est. reading time":"3 minutes"},"schema":{"@context":"https:\/\/schema.org","@graph":[{"@type":"Article","@id":"https:\/\/www.montagnelagodicomo.it\/2025\/03\/25\/ristorante-da-gigi-menu-di-pasqua\/#article","isPartOf":{"@id":"https:\/\/www.montagnelagodicomo.it\/2025\/03\/25\/ristorante-da-gigi-menu-di-pasqua\/"},"author":{"name":"Lago di Como 3","@id":"https:\/\/www.montagnelagodicomo.it\/#\/schema\/person\/62387dee120171fb5c03a77fe5169f1e"},"headline":"RISTORANTE DA GIGI &#8211; MENU DI PASQUA","datePublished":"2025-03-25T12:51:52+00:00","dateModified":"2025-03-25T13:09:10+00:00","mainEntityOfPage":{"@id":"https:\/\/www.montagnelagodicomo.it\/2025\/03\/25\/ristorante-da-gigi-menu-di-pasqua\/"},"wordCount":140,"commentCount":0,"publisher":{"@id":"https:\/\/www.montagnelagodicomo.it\/#organization"},"image":{"@id":"https:\/\/www.montagnelagodicomo.it\/2025\/03\/25\/ristorante-da-gigi-menu-di-pasqua\/#primaryimage"},"thumbnailUrl":"https:\/\/www.montagnelagodicomo.it\/wp-content\/uploads\/2025\/03\/Da-Gigi-menu-Pasqua.jpg","keywords":["domenica","festeggiare","menu","montagnelago","Pasqua","pranzo","primavera"],"articleSection":["Ultima ora"],"inLanguage":"en-US","potentialAction":[{"@type":"CommentAction","name":"Comment","target":["https:\/\/www.montagnelagodicomo.it\/2025\/03\/25\/ristorante-da-gigi-menu-di-pasqua\/#respond"]}]},{"@type":"WebPage","@id":"https:\/\/www.montagnelagodicomo.it\/2025\/03\/25\/ristorante-da-gigi-menu-di-pasqua\/","url":"https:\/\/www.montagnelagodicomo.it\/2025\/03\/25\/ristorante-da-gigi-menu-di-pasqua\/","name":"Ristorante Da Gigi - Menu di Pasqua","isPartOf":{"@id":"https:\/\/www.montagnelagodicomo.it\/#website"},"primaryImageOfPage":{"@id":"https:\/\/www.montagnelagodicomo.it\/2025\/03\/25\/ristorante-da-gigi-menu-di-pasqua\/#primaryimage"},"image":{"@id":"https:\/\/www.montagnelagodicomo.it\/2025\/03\/25\/ristorante-da-gigi-menu-di-pasqua\/#primaryimage"},"thumbnailUrl":"https:\/\/www.montagnelagodicomo.it\/wp-content\/uploads\/2025\/03\/Da-Gigi-menu-Pasqua.jpg","datePublished":"2025-03-25T12:51:52+00:00","dateModified":"2025-03-25T13:09:10+00:00","description":"Festeggia la Pasqua insieme al Ristorante Da Gigi. Scopri il menu e prenota!","breadcrumb":{"@id":"https:\/\/www.montagnelagodicomo.it\/2025\/03\/25\/ristorante-da-gigi-menu-di-pasqua\/#breadcrumb"},"inLanguage":"en-US","potentialAction":[{"@type":"ReadAction","target":["https:\/\/www.montagnelagodicomo.it\/2025\/03\/25\/ristorante-da-gigi-menu-di-pasqua\/"]}]},{"@type":"ImageObject","inLanguage":"en-US","@id":"https:\/\/www.montagnelagodicomo.it\/2025\/03\/25\/ristorante-da-gigi-menu-di-pasqua\/#primaryimage","url":"https:\/\/www.montagnelagodicomo.it\/wp-content\/uploads\/2025\/03\/Da-Gigi-menu-Pasqua.jpg","contentUrl":"https:\/\/www.montagnelagodicomo.it\/wp-content\/uploads\/2025\/03\/Da-Gigi-menu-Pasqua.jpg","width":1080,"height":1080},{"@type":"BreadcrumbList","@id":"https:\/\/www.montagnelagodicomo.it\/2025\/03\/25\/ristorante-da-gigi-menu-di-pasqua\/#breadcrumb","itemListElement":[{"@type":"ListItem","position":1,"name":"Home","item":"https:\/\/www.montagnelagodicomo.it\/en\/"},{"@type":"ListItem","position":2,"name":"RISTORANTE DA GIGI &#8211; MENU DI PASQUA"}]},{"@type":"WebSite","@id":"https:\/\/www.montagnelagodicomo.it\/#website","url":"https:\/\/www.montagnelagodicomo.it\/","name":"Lago di Como e Valsassina","description":"","publisher":{"@id":"https:\/\/www.montagnelagodicomo.it\/#organization"},"potentialAction":[{"@type":"SearchAction","target":{"@type":"EntryPoint","urlTemplate":"https:\/\/www.montagnelagodicomo.it\/?s={search_term_string}"},"query-input":{"@type":"PropertyValueSpecification","valueRequired":true,"valueName":"search_term_string"}}],"inLanguage":"en-US"},{"@type":"Organization","@id":"https:\/\/www.montagnelagodicomo.it\/#organization","name":"Montagne del Lago di Como","url":"https:\/\/www.montagnelagodicomo.it\/","logo":{"@type":"ImageObject","inLanguage":"en-US","@id":"https:\/\/www.montagnelagodicomo.it\/#\/schema\/logo\/image\/","url":"https:\/\/www.montagnelagodicomo.it\/wp-content\/uploads\/2016\/07\/DEF_Montagne_LagodiComo_04112015_png.png","contentUrl":"https:\/\/www.montagnelagodicomo.it\/wp-content\/uploads\/2016\/07\/DEF_Montagne_LagodiComo_04112015_png.png","width":2997,"height":835,"caption":"Montagne del Lago di Como"},"image":{"@id":"https:\/\/www.montagnelagodicomo.it\/#\/schema\/logo\/image\/"},"sameAs":["https:\/\/www.facebook.com\/montagnelagodicomo","https:\/\/x.com\/MontagneLago","https:\/\/www.youtube.com\/channel\/UCDoxghWmgQnHlQ78rzZuUjA"]},{"@type":"Person","@id":"https:\/\/www.montagnelagodicomo.it\/#\/schema\/person\/62387dee120171fb5c03a77fe5169f1e","name":"Lago di Como 3","image":{"@type":"ImageObject","inLanguage":"en-US","@id":"https:\/\/www.montagnelagodicomo.it\/#\/schema\/person\/image\/","url":"https:\/\/secure.gravatar.com\/avatar\/177606e9ed7370bc5cd946f4243ac59920e657438575f65d56f2ebfb41996b8f?s=96&d=mm&r=g","contentUrl":"https:\/\/secure.gravatar.com\/avatar\/177606e9ed7370bc5cd946f4243ac59920e657438575f65d56f2ebfb41996b8f?s=96&d=mm&r=g","caption":"Lago di Como 3"},"url":"https:\/\/www.montagnelagodicomo.it\/en\/author\/lago-di-como-3\/"}]}},"_links":{"self":[{"href":"https:\/\/www.montagnelagodicomo.it\/en\/wp-json\/wp\/v2\/posts\/98763","targetHints":{"allow":["GET"]}}],"collection":[{"href":"https:\/\/www.montagnelagodicomo.it\/en\/wp-json\/wp\/v2\/posts"}],"about":[{"href":"https:\/\/www.montagnelagodicomo.it\/en\/wp-json\/wp\/v2\/types\/post"}],"author":[{"embeddable":true,"href":"https:\/\/www.montagnelagodicomo.it\/en\/wp-json\/wp\/v2\/users\/4"}],"replies":[{"embeddable":true,"href":"https:\/\/www.montagnelagodicomo.it\/en\/wp-json\/wp\/v2\/comments?post=98763"}],"version-history":[{"count":4,"href":"https:\/\/www.montagnelagodicomo.it\/en\/wp-json\/wp\/v2\/posts\/98763\/revisions"}],"predecessor-version":[{"id":98771,"href":"https:\/\/www.montagnelagodicomo.it\/en\/wp-json\/wp\/v2\/posts\/98763\/revisions\/98771"}],"wp:featuredmedia":[{"embeddable":true,"href":"https:\/\/www.montagnelagodicomo.it\/en\/wp-json\/wp\/v2\/media\/98765"}],"wp:attachment":[{"href":"https:\/\/www.montagnelagodicomo.it\/en\/wp-json\/wp\/v2\/media?parent=98763"}],"wp:term":[{"taxonomy":"category","embeddable":true,"href":"https:\/\/www.montagnelagodicomo.it\/en\/wp-json\/wp\/v2\/categories?post=98763"},{"taxonomy":"post_tag","embeddable":true,"href":"https:\/\/www.montagnelagodicomo.it\/en\/wp-json\/wp\/v2\/tags?post=98763"}],"curies":[{"name":"wp","href":"https:\/\/api.w.org\/{rel}","templated":true}]}}