{"id":98800,"date":"2025-03-27T11:48:10","date_gmt":"2025-03-27T10:48:10","guid":{"rendered":"https:\/\/www.montagnelagodicomo.it\/2025\/03\/27\/ristoro-genio-menu-di-pasqua-2\/"},"modified":"2025-04-07T13:49:46","modified_gmt":"2025-04-07T11:49:46","slug":"imenudipasquasullemontagnedellagodicomo","status":"publish","type":"post","link":"https:\/\/www.montagnelagodicomo.it\/en\/2025\/03\/27\/imenudipasquasullemontagnedellagodicomo\/","title":{"rendered":"I MENU DI PASQUA &#038; PASQUETTA SULLE MONTAGNE DEL LAGO DI COMO"},"content":{"rendered":"<figure id=\"attachment_78695\" class=\"wp-caption aligncenter\" aria-describedby=\"caption-attachment-78695\"><\/figure>\n<p>Con Aprile alle porte, si avvicina anche la <strong>Pasqua<\/strong>\ud83d\udc30\ud83d\udc23<\/p>\n<p>I ristoranti e gli agriturismi di Montagne del Lago di Como sono pronti ad accogliervi, per trascorrere insieme una domenica di festa. Tanti deliziosi piatti della tradizione, e non solo, vi aspettano. <strong>Scopri tutti i menu e prenota!<\/strong>\ud83c\udf38\ud83d\udc47\ud83c\udffc<\/p>\n<h4>\ud83c\udf74<a href=\"https:\/\/www.montagnelagodicomo.it\/2025\/03\/25\/agriturismoaigrassielunghimenudipasqua\/\">Agriturismo Ai Grassi e Lunghi<\/a><\/h4>\n<p>Ricco pranzo in agriturismo. Disponibile il Menu bimbi.<\/p>\n<h4>\ud83c\udf74<a href=\"https:\/\/www.montagnelagodicomo.it\/2025\/03\/25\/agriturismo-brunino-menu-di-pasqua\/\">Agriturismo Brunino<\/a><\/h4>\n<p>Pranzo in agriturismo con prodotti nostrani e sapori locali.<\/p>\n<h4>\ud83c\udf74<a href=\"https:\/\/www.montagnelagodicomo.it\/2025\/03\/25\/agriturismo-bonpra-menu-di-pasqua\/\">Agriturismo Bon Pr\u00e0<\/a><\/h4>\n<p>Pranzo in agriturismo con prodotti locali.<\/p>\n<h4>\ud83c\udf74<a href=\"https:\/\/www.montagnelagodicomo.it\/2025\/04\/03\/agriturismo-la-possa-menu-di-pasqua\/\">Agriturismo La Possa<\/a><\/h4>\n<p>Pranzo in agriturismo per assaporare piatti del territorio. Disponibile il Menu bimbi.<\/p>\n<h4>\ud83c\udf74<a href=\"https:\/\/www.montagnelagodicomo.it\/2025\/03\/25\/ristorante-capanna-vittoria-menu-di-pasqua\/\">Rifugio Capanna Vittoria<\/a><\/h4>\n<p>Piatti della tradizione e sapori del territorio.<\/p>\n<h4>\ud83c\udf74<a href=\"https:\/\/www.montagnelagodicomo.it\/2025\/04\/04\/ristorantebaitockmenudipasqua\/\">Ristorante Baitock<\/a><\/h4>\n<p>Diversi piatti tra cui scegliere, tra sapori nuovi e tradizionali.<\/p>\n<h4>\ud83c\udf74<a href=\"https:\/\/www.montagnelagodicomo.it\/2025\/03\/25\/ristorante-da-gigi-menu-di-pasqua\/\">Ristorante Da Gigi<\/a><\/h4>\n<p>Sapori rivisitati, per un tocco di ricercatezza e modernit\u00e0.<\/p>\n<h4>\ud83c\udf74<a href=\"https:\/\/www.montagnelagodicomo.it\/2025\/03\/27\/ristorante-pizzeria-belvedere-menu-di-pasqua\/\">Ristorante Pizzeria Belvedere<\/a><\/h4>\n<p>Menu ricco, a prezzo fisso. Disponibile il Menu bimbi.<\/p>\n<h4>\ud83c\udf74<a href=\"https:\/\/www.montagnelagodicomo.it\/2025\/04\/04\/ristoroesinolariomenudipasquapasquetta\/\">Ristoro Esino Lario<\/a><\/h4>\n<p>Pranzo di Pasqua caratterizzato da sapori tradizionali &amp; pranzo di Pasquetta con Menu Grigliata. A Pasquetta, disponibile anche un Menu Vegetariano.<\/p>\n<h4>\ud83c\udf74<a href=\"https:\/\/www.montagnelagodicomo.it\/2025\/03\/27\/ristoro-genio-menu-di-pasqua\/\">Ristoro Genio<\/a><\/h4>\n<p>Menu all you can eat per non farsi mancare nulla.<\/p>\n<p>&nbsp;<\/p>\n<div class=\"xdj266r x11i5rnm xat24cr x1mh8g0r x1vvkbs x126k92a\">\n<h2 dir=\"auto\" style=\"text-align: center;\"><\/h2>\n<\/div>\n<div class=\"x11i5rnm xat24cr x1mh8g0r x1vvkbs xtlvy1s x126k92a\">\n<div dir=\"auto\"><\/div>\n<\/div>\n<div class=\"x11i5rnm xat24cr x1mh8g0r x1vvkbs xtlvy1s x126k92a\">\n<div dir=\"auto\" style=\"text-align: right;\"><\/div>\n<div dir=\"auto\" style=\"text-align: right;\"><\/div>\n<\/div>\n","protected":false},"excerpt":{"rendered":"<p>Con Aprile alle porte, si avvicina anche la Pasqua\ud83d\udc30\ud83d\udc23 I ristoranti e gli agriturismi di Montagne del Lago di Como sono pronti ad accogliervi, per trascorrere insieme una domenica di festa. Tanti deliziosi piatti della tradizione, e non solo, vi aspettano. Scopri tutti i menu e prenota!\ud83c\udf38\ud83d\udc47\ud83c\udffc \ud83c\udf74Agriturismo Ai Grassi e Lunghi Ricco pranzo in [&hellip;]<\/p>\n","protected":false},"author":4,"featured_media":88535,"comment_status":"open","ping_status":"open","sticky":false,"template":"","format":"standard","meta":{"_acf_changed":false,"footnotes":""},"categories":[146],"tags":[1905,1904,1903,1263,1901,1902,1420],"class_list":["post-98800","post","type-post","status-publish","format-standard","has-post-thumbnail","hentry","category-ultima-ora","tag-domenica","tag-festeggiare","tag-menu","tag-montagnelago","tag-pasqua","tag-pranzo","tag-primavera"],"acf":[],"yoast_head":"<!-- This site is optimized with the Yoast SEO plugin v25.0 - https:\/\/yoast.com\/wordpress\/plugins\/seo\/ -->\n<title>I Menu di Pasqua sulle Montagne del Lago di Como<\/title>\n<meta name=\"description\" content=\"I ristoranti e gli agriturismi di Montagne del Lago di Como sono pronti ad accogliervi, per trascorrere insieme una domenica di festa. Tanti deliziosi piatti della tradizione, e non solo, vi aspettano. Scopri tutti i menu e prenota!\ud83c\udf38\" \/>\n<meta name=\"robots\" content=\"index, follow, max-snippet:-1, max-image-preview:large, max-video-preview:-1\" \/>\n<link rel=\"canonical\" href=\"https:\/\/www.montagnelagodicomo.it\/2025\/03\/27\/imenudipasquasullemontagnedellagodicomo\/\" \/>\n<meta property=\"og:locale\" content=\"en_US\" \/>\n<meta property=\"og:type\" content=\"article\" \/>\n<meta property=\"og:title\" content=\"Giugno: aspettando l&#039;estate\" \/>\n<meta property=\"og:description\" content=\"Cari amici, la stagione estiva \u00e8 alle porte e tanta \u00e8 la voglia di rilassarsi ed evadere dallo stress della vita quotidiana. E&#039; il momento giusto per scoprire quanto di pi\u00f9 bello le Montagne del Lago di Como hanno da offrire.\" \/>\n<meta property=\"og:url\" content=\"https:\/\/www.montagnelagodicomo.it\/2025\/03\/27\/imenudipasquasullemontagnedellagodicomo\/\" \/>\n<meta property=\"og:site_name\" content=\"Lago di Como e Valsassina\" \/>\n<meta property=\"article:publisher\" content=\"https:\/\/www.facebook.com\/montagnelagodicomo\" \/>\n<meta property=\"article:published_time\" content=\"2025-03-27T10:48:10+00:00\" \/>\n<meta property=\"article:modified_time\" content=\"2025-04-07T11:49:46+00:00\" \/>\n<meta property=\"og:image\" content=\"https:\/\/www.montagnelagodicomo.it\/wp-content\/uploads\/2022\/05\/Varenna_Alberto-Locatelli.jpg\" \/>\n\t<meta property=\"og:image:width\" content=\"1080\" \/>\n\t<meta property=\"og:image:height\" content=\"648\" \/>\n\t<meta property=\"og:image:type\" content=\"image\/jpeg\" \/>\n<meta name=\"author\" content=\"Lago di Como 3\" \/>\n<meta name=\"twitter:card\" content=\"summary_large_image\" \/>\n<meta name=\"twitter:creator\" content=\"@MontagneLago\" \/>\n<meta name=\"twitter:site\" content=\"@MontagneLago\" \/>\n<meta name=\"twitter:label1\" content=\"Written by\" \/>\n\t<meta name=\"twitter:data1\" content=\"Lago di Como 3\" \/>\n\t<meta name=\"twitter:label2\" content=\"Est. reading time\" \/>\n\t<meta name=\"twitter:data2\" content=\"2 minutes\" \/>\n<script type=\"application\/ld+json\" class=\"yoast-schema-graph\">{\"@context\":\"https:\/\/schema.org\",\"@graph\":[{\"@type\":\"Article\",\"@id\":\"https:\/\/www.montagnelagodicomo.it\/2025\/03\/27\/imenudipasquasullemontagnedellagodicomo\/#article\",\"isPartOf\":{\"@id\":\"https:\/\/www.montagnelagodicomo.it\/2025\/03\/27\/imenudipasquasullemontagnedellagodicomo\/\"},\"author\":{\"name\":\"Lago di Como 3\",\"@id\":\"https:\/\/www.montagnelagodicomo.it\/#\/schema\/person\/62387dee120171fb5c03a77fe5169f1e\"},\"headline\":\"I MENU DI PASQUA &#038; PASQUETTA SULLE MONTAGNE DEL LAGO DI COMO\",\"datePublished\":\"2025-03-27T10:48:10+00:00\",\"dateModified\":\"2025-04-07T11:49:46+00:00\",\"mainEntityOfPage\":{\"@id\":\"https:\/\/www.montagnelagodicomo.it\/2025\/03\/27\/imenudipasquasullemontagnedellagodicomo\/\"},\"wordCount\":189,\"commentCount\":0,\"publisher\":{\"@id\":\"https:\/\/www.montagnelagodicomo.it\/#organization\"},\"image\":{\"@id\":\"https:\/\/www.montagnelagodicomo.it\/2025\/03\/27\/imenudipasquasullemontagnedellagodicomo\/#primaryimage\"},\"thumbnailUrl\":\"https:\/\/www.montagnelagodicomo.it\/wp-content\/uploads\/2022\/03\/MLC-Menu-di-Pasqua-e-Pasquetta.jpg\",\"keywords\":[\"domenica\",\"festeggiare\",\"menu\",\"montagnelago\",\"Pasqua\",\"pranzo\",\"primavera\"],\"articleSection\":[\"Ultima ora\"],\"inLanguage\":\"en-US\",\"potentialAction\":[{\"@type\":\"CommentAction\",\"name\":\"Comment\",\"target\":[\"https:\/\/www.montagnelagodicomo.it\/2025\/03\/27\/imenudipasquasullemontagnedellagodicomo\/#respond\"]}]},{\"@type\":\"WebPage\",\"@id\":\"https:\/\/www.montagnelagodicomo.it\/2025\/03\/27\/imenudipasquasullemontagnedellagodicomo\/\",\"url\":\"https:\/\/www.montagnelagodicomo.it\/2025\/03\/27\/imenudipasquasullemontagnedellagodicomo\/\",\"name\":\"I Menu di Pasqua sulle Montagne del Lago di Como\",\"isPartOf\":{\"@id\":\"https:\/\/www.montagnelagodicomo.it\/#website\"},\"primaryImageOfPage\":{\"@id\":\"https:\/\/www.montagnelagodicomo.it\/2025\/03\/27\/imenudipasquasullemontagnedellagodicomo\/#primaryimage\"},\"image\":{\"@id\":\"https:\/\/www.montagnelagodicomo.it\/2025\/03\/27\/imenudipasquasullemontagnedellagodicomo\/#primaryimage\"},\"thumbnailUrl\":\"https:\/\/www.montagnelagodicomo.it\/wp-content\/uploads\/2022\/03\/MLC-Menu-di-Pasqua-e-Pasquetta.jpg\",\"datePublished\":\"2025-03-27T10:48:10+00:00\",\"dateModified\":\"2025-04-07T11:49:46+00:00\",\"description\":\"I ristoranti e gli agriturismi di Montagne del Lago di Como sono pronti ad accogliervi, per trascorrere insieme una domenica di festa. Tanti deliziosi piatti della tradizione, e non solo, vi aspettano. Scopri tutti i menu e prenota!\ud83c\udf38\",\"breadcrumb\":{\"@id\":\"https:\/\/www.montagnelagodicomo.it\/2025\/03\/27\/imenudipasquasullemontagnedellagodicomo\/#breadcrumb\"},\"inLanguage\":\"en-US\",\"potentialAction\":[{\"@type\":\"ReadAction\",\"target\":[\"https:\/\/www.montagnelagodicomo.it\/2025\/03\/27\/imenudipasquasullemontagnedellagodicomo\/\"]}]},{\"@type\":\"ImageObject\",\"inLanguage\":\"en-US\",\"@id\":\"https:\/\/www.montagnelagodicomo.it\/2025\/03\/27\/imenudipasquasullemontagnedellagodicomo\/#primaryimage\",\"url\":\"https:\/\/www.montagnelagodicomo.it\/wp-content\/uploads\/2022\/03\/MLC-Menu-di-Pasqua-e-Pasquetta.jpg\",\"contentUrl\":\"https:\/\/www.montagnelagodicomo.it\/wp-content\/uploads\/2022\/03\/MLC-Menu-di-Pasqua-e-Pasquetta.jpg\",\"width\":1080,\"height\":1080},{\"@type\":\"BreadcrumbList\",\"@id\":\"https:\/\/www.montagnelagodicomo.it\/2025\/03\/27\/imenudipasquasullemontagnedellagodicomo\/#breadcrumb\",\"itemListElement\":[{\"@type\":\"ListItem\",\"position\":1,\"name\":\"Home\",\"item\":\"https:\/\/www.montagnelagodicomo.it\/en\/\"},{\"@type\":\"ListItem\",\"position\":2,\"name\":\"I MENU DI PASQUA &#038; PASQUETTA SULLE MONTAGNE DEL LAGO DI COMO\"}]},{\"@type\":\"WebSite\",\"@id\":\"https:\/\/www.montagnelagodicomo.it\/#website\",\"url\":\"https:\/\/www.montagnelagodicomo.it\/\",\"name\":\"Lago di Como e Valsassina\",\"description\":\"\",\"publisher\":{\"@id\":\"https:\/\/www.montagnelagodicomo.it\/#organization\"},\"potentialAction\":[{\"@type\":\"SearchAction\",\"target\":{\"@type\":\"EntryPoint\",\"urlTemplate\":\"https:\/\/www.montagnelagodicomo.it\/?s={search_term_string}\"},\"query-input\":{\"@type\":\"PropertyValueSpecification\",\"valueRequired\":true,\"valueName\":\"search_term_string\"}}],\"inLanguage\":\"en-US\"},{\"@type\":\"Organization\",\"@id\":\"https:\/\/www.montagnelagodicomo.it\/#organization\",\"name\":\"Montagne del Lago di Como\",\"url\":\"https:\/\/www.montagnelagodicomo.it\/\",\"logo\":{\"@type\":\"ImageObject\",\"inLanguage\":\"en-US\",\"@id\":\"https:\/\/www.montagnelagodicomo.it\/#\/schema\/logo\/image\/\",\"url\":\"https:\/\/www.montagnelagodicomo.it\/wp-content\/uploads\/2016\/07\/DEF_Montagne_LagodiComo_04112015_png.png\",\"contentUrl\":\"https:\/\/www.montagnelagodicomo.it\/wp-content\/uploads\/2016\/07\/DEF_Montagne_LagodiComo_04112015_png.png\",\"width\":2997,\"height\":835,\"caption\":\"Montagne del Lago di Como\"},\"image\":{\"@id\":\"https:\/\/www.montagnelagodicomo.it\/#\/schema\/logo\/image\/\"},\"sameAs\":[\"https:\/\/www.facebook.com\/montagnelagodicomo\",\"https:\/\/x.com\/MontagneLago\",\"https:\/\/www.youtube.com\/channel\/UCDoxghWmgQnHlQ78rzZuUjA\"]},{\"@type\":\"Person\",\"@id\":\"https:\/\/www.montagnelagodicomo.it\/#\/schema\/person\/62387dee120171fb5c03a77fe5169f1e\",\"name\":\"Lago di Como 3\",\"image\":{\"@type\":\"ImageObject\",\"inLanguage\":\"en-US\",\"@id\":\"https:\/\/www.montagnelagodicomo.it\/#\/schema\/person\/image\/\",\"url\":\"https:\/\/secure.gravatar.com\/avatar\/177606e9ed7370bc5cd946f4243ac59920e657438575f65d56f2ebfb41996b8f?s=96&d=mm&r=g\",\"contentUrl\":\"https:\/\/secure.gravatar.com\/avatar\/177606e9ed7370bc5cd946f4243ac59920e657438575f65d56f2ebfb41996b8f?s=96&d=mm&r=g\",\"caption\":\"Lago di Como 3\"},\"url\":\"https:\/\/www.montagnelagodicomo.it\/en\/author\/lago-di-como-3\/\"}]}<\/script>\n<!-- \/ Yoast SEO plugin. -->","yoast_head_json":{"title":"I Menu di Pasqua sulle Montagne del Lago di Como","description":"I ristoranti e gli agriturismi di Montagne del Lago di Como sono pronti ad accogliervi, per trascorrere insieme una domenica di festa. Tanti deliziosi piatti della tradizione, e non solo, vi aspettano. Scopri tutti i menu e prenota!\ud83c\udf38","robots":{"index":"index","follow":"follow","max-snippet":"max-snippet:-1","max-image-preview":"max-image-preview:large","max-video-preview":"max-video-preview:-1"},"canonical":"https:\/\/www.montagnelagodicomo.it\/2025\/03\/27\/imenudipasquasullemontagnedellagodicomo\/","og_locale":"en_US","og_type":"article","og_title":"Giugno: aspettando l'estate","og_description":"Cari amici, la stagione estiva \u00e8 alle porte e tanta \u00e8 la voglia di rilassarsi ed evadere dallo stress della vita quotidiana. E' il momento giusto per scoprire quanto di pi\u00f9 bello le Montagne del Lago di Como hanno da offrire.","og_url":"https:\/\/www.montagnelagodicomo.it\/2025\/03\/27\/imenudipasquasullemontagnedellagodicomo\/","og_site_name":"Lago di Como e Valsassina","article_publisher":"https:\/\/www.facebook.com\/montagnelagodicomo","article_published_time":"2025-03-27T10:48:10+00:00","article_modified_time":"2025-04-07T11:49:46+00:00","og_image":[{"width":1080,"height":648,"url":"https:\/\/www.montagnelagodicomo.it\/wp-content\/uploads\/2022\/05\/Varenna_Alberto-Locatelli.jpg","type":"image\/jpeg"}],"author":"Lago di Como 3","twitter_card":"summary_large_image","twitter_creator":"@MontagneLago","twitter_site":"@MontagneLago","twitter_misc":{"Written by":"Lago di Como 3","Est. reading time":"2 minutes"},"schema":{"@context":"https:\/\/schema.org","@graph":[{"@type":"Article","@id":"https:\/\/www.montagnelagodicomo.it\/2025\/03\/27\/imenudipasquasullemontagnedellagodicomo\/#article","isPartOf":{"@id":"https:\/\/www.montagnelagodicomo.it\/2025\/03\/27\/imenudipasquasullemontagnedellagodicomo\/"},"author":{"name":"Lago di Como 3","@id":"https:\/\/www.montagnelagodicomo.it\/#\/schema\/person\/62387dee120171fb5c03a77fe5169f1e"},"headline":"I MENU DI PASQUA &#038; PASQUETTA SULLE MONTAGNE DEL LAGO DI COMO","datePublished":"2025-03-27T10:48:10+00:00","dateModified":"2025-04-07T11:49:46+00:00","mainEntityOfPage":{"@id":"https:\/\/www.montagnelagodicomo.it\/2025\/03\/27\/imenudipasquasullemontagnedellagodicomo\/"},"wordCount":189,"commentCount":0,"publisher":{"@id":"https:\/\/www.montagnelagodicomo.it\/#organization"},"image":{"@id":"https:\/\/www.montagnelagodicomo.it\/2025\/03\/27\/imenudipasquasullemontagnedellagodicomo\/#primaryimage"},"thumbnailUrl":"https:\/\/www.montagnelagodicomo.it\/wp-content\/uploads\/2022\/03\/MLC-Menu-di-Pasqua-e-Pasquetta.jpg","keywords":["domenica","festeggiare","menu","montagnelago","Pasqua","pranzo","primavera"],"articleSection":["Ultima ora"],"inLanguage":"en-US","potentialAction":[{"@type":"CommentAction","name":"Comment","target":["https:\/\/www.montagnelagodicomo.it\/2025\/03\/27\/imenudipasquasullemontagnedellagodicomo\/#respond"]}]},{"@type":"WebPage","@id":"https:\/\/www.montagnelagodicomo.it\/2025\/03\/27\/imenudipasquasullemontagnedellagodicomo\/","url":"https:\/\/www.montagnelagodicomo.it\/2025\/03\/27\/imenudipasquasullemontagnedellagodicomo\/","name":"I Menu di Pasqua sulle Montagne del Lago di Como","isPartOf":{"@id":"https:\/\/www.montagnelagodicomo.it\/#website"},"primaryImageOfPage":{"@id":"https:\/\/www.montagnelagodicomo.it\/2025\/03\/27\/imenudipasquasullemontagnedellagodicomo\/#primaryimage"},"image":{"@id":"https:\/\/www.montagnelagodicomo.it\/2025\/03\/27\/imenudipasquasullemontagnedellagodicomo\/#primaryimage"},"thumbnailUrl":"https:\/\/www.montagnelagodicomo.it\/wp-content\/uploads\/2022\/03\/MLC-Menu-di-Pasqua-e-Pasquetta.jpg","datePublished":"2025-03-27T10:48:10+00:00","dateModified":"2025-04-07T11:49:46+00:00","description":"I ristoranti e gli agriturismi di Montagne del Lago di Como sono pronti ad accogliervi, per trascorrere insieme una domenica di festa. Tanti deliziosi piatti della tradizione, e non solo, vi aspettano. Scopri tutti i menu e prenota!\ud83c\udf38","breadcrumb":{"@id":"https:\/\/www.montagnelagodicomo.it\/2025\/03\/27\/imenudipasquasullemontagnedellagodicomo\/#breadcrumb"},"inLanguage":"en-US","potentialAction":[{"@type":"ReadAction","target":["https:\/\/www.montagnelagodicomo.it\/2025\/03\/27\/imenudipasquasullemontagnedellagodicomo\/"]}]},{"@type":"ImageObject","inLanguage":"en-US","@id":"https:\/\/www.montagnelagodicomo.it\/2025\/03\/27\/imenudipasquasullemontagnedellagodicomo\/#primaryimage","url":"https:\/\/www.montagnelagodicomo.it\/wp-content\/uploads\/2022\/03\/MLC-Menu-di-Pasqua-e-Pasquetta.jpg","contentUrl":"https:\/\/www.montagnelagodicomo.it\/wp-content\/uploads\/2022\/03\/MLC-Menu-di-Pasqua-e-Pasquetta.jpg","width":1080,"height":1080},{"@type":"BreadcrumbList","@id":"https:\/\/www.montagnelagodicomo.it\/2025\/03\/27\/imenudipasquasullemontagnedellagodicomo\/#breadcrumb","itemListElement":[{"@type":"ListItem","position":1,"name":"Home","item":"https:\/\/www.montagnelagodicomo.it\/en\/"},{"@type":"ListItem","position":2,"name":"I MENU DI PASQUA &#038; PASQUETTA SULLE MONTAGNE DEL LAGO DI COMO"}]},{"@type":"WebSite","@id":"https:\/\/www.montagnelagodicomo.it\/#website","url":"https:\/\/www.montagnelagodicomo.it\/","name":"Lago di Como e Valsassina","description":"","publisher":{"@id":"https:\/\/www.montagnelagodicomo.it\/#organization"},"potentialAction":[{"@type":"SearchAction","target":{"@type":"EntryPoint","urlTemplate":"https:\/\/www.montagnelagodicomo.it\/?s={search_term_string}"},"query-input":{"@type":"PropertyValueSpecification","valueRequired":true,"valueName":"search_term_string"}}],"inLanguage":"en-US"},{"@type":"Organization","@id":"https:\/\/www.montagnelagodicomo.it\/#organization","name":"Montagne del Lago di Como","url":"https:\/\/www.montagnelagodicomo.it\/","logo":{"@type":"ImageObject","inLanguage":"en-US","@id":"https:\/\/www.montagnelagodicomo.it\/#\/schema\/logo\/image\/","url":"https:\/\/www.montagnelagodicomo.it\/wp-content\/uploads\/2016\/07\/DEF_Montagne_LagodiComo_04112015_png.png","contentUrl":"https:\/\/www.montagnelagodicomo.it\/wp-content\/uploads\/2016\/07\/DEF_Montagne_LagodiComo_04112015_png.png","width":2997,"height":835,"caption":"Montagne del Lago di Como"},"image":{"@id":"https:\/\/www.montagnelagodicomo.it\/#\/schema\/logo\/image\/"},"sameAs":["https:\/\/www.facebook.com\/montagnelagodicomo","https:\/\/x.com\/MontagneLago","https:\/\/www.youtube.com\/channel\/UCDoxghWmgQnHlQ78rzZuUjA"]},{"@type":"Person","@id":"https:\/\/www.montagnelagodicomo.it\/#\/schema\/person\/62387dee120171fb5c03a77fe5169f1e","name":"Lago di Como 3","image":{"@type":"ImageObject","inLanguage":"en-US","@id":"https:\/\/www.montagnelagodicomo.it\/#\/schema\/person\/image\/","url":"https:\/\/secure.gravatar.com\/avatar\/177606e9ed7370bc5cd946f4243ac59920e657438575f65d56f2ebfb41996b8f?s=96&d=mm&r=g","contentUrl":"https:\/\/secure.gravatar.com\/avatar\/177606e9ed7370bc5cd946f4243ac59920e657438575f65d56f2ebfb41996b8f?s=96&d=mm&r=g","caption":"Lago di Como 3"},"url":"https:\/\/www.montagnelagodicomo.it\/en\/author\/lago-di-como-3\/"}]}},"_links":{"self":[{"href":"https:\/\/www.montagnelagodicomo.it\/en\/wp-json\/wp\/v2\/posts\/98800","targetHints":{"allow":["GET"]}}],"collection":[{"href":"https:\/\/www.montagnelagodicomo.it\/en\/wp-json\/wp\/v2\/posts"}],"about":[{"href":"https:\/\/www.montagnelagodicomo.it\/en\/wp-json\/wp\/v2\/types\/post"}],"author":[{"embeddable":true,"href":"https:\/\/www.montagnelagodicomo.it\/en\/wp-json\/wp\/v2\/users\/4"}],"replies":[{"embeddable":true,"href":"https:\/\/www.montagnelagodicomo.it\/en\/wp-json\/wp\/v2\/comments?post=98800"}],"version-history":[{"count":8,"href":"https:\/\/www.montagnelagodicomo.it\/en\/wp-json\/wp\/v2\/posts\/98800\/revisions"}],"predecessor-version":[{"id":98941,"href":"https:\/\/www.montagnelagodicomo.it\/en\/wp-json\/wp\/v2\/posts\/98800\/revisions\/98941"}],"wp:featuredmedia":[{"embeddable":true,"href":"https:\/\/www.montagnelagodicomo.it\/en\/wp-json\/wp\/v2\/media\/88535"}],"wp:attachment":[{"href":"https:\/\/www.montagnelagodicomo.it\/en\/wp-json\/wp\/v2\/media?parent=98800"}],"wp:term":[{"taxonomy":"category","embeddable":true,"href":"https:\/\/www.montagnelagodicomo.it\/en\/wp-json\/wp\/v2\/categories?post=98800"},{"taxonomy":"post_tag","embeddable":true,"href":"https:\/\/www.montagnelagodicomo.it\/en\/wp-json\/wp\/v2\/tags?post=98800"}],"curies":[{"name":"wp","href":"https:\/\/api.w.org\/{rel}","templated":true}]}}