{"id":98858,"date":"2025-04-03T12:13:39","date_gmt":"2025-04-03T10:13:39","guid":{"rendered":"https:\/\/www.montagnelagodicomo.it\/2025\/04\/03\/ristorante-pizzeria-belvedere-menu-di-pasqua-2\/"},"modified":"2025-04-04T11:56:39","modified_gmt":"2025-04-04T09:56:39","slug":"agriturismo-la-possa-menu-di-pasqua","status":"publish","type":"post","link":"https:\/\/www.montagnelagodicomo.it\/en\/2025\/04\/03\/agriturismo-la-possa-menu-di-pasqua\/","title":{"rendered":"AGRITURISMO LA POSSA &#8211; MENU DI PASQUA"},"content":{"rendered":"<figure id=\"attachment_78695\" class=\"wp-caption aligncenter\" aria-describedby=\"caption-attachment-78695\"><\/figure>\n<p>Festeggia la Pasqua all&#8217;Agriturismo La Possa. Scopri il menu!<\/p>\n<div class=\"xdj266r x11i5rnm xat24cr x1mh8g0r x1vvkbs x126k92a\">\n<h2 dir=\"auto\" style=\"text-align: center;\"><img fetchpriority=\"high\" decoding=\"async\" class=\"alignnone wp-image-98860\" src=\"https:\/\/www.montagnelagodicomo.it\/wp-content\/uploads\/2025\/04\/Agriturismo-La-Possa-menu-Pasqua-1-212x300.jpg\" alt=\"\" width=\"492\" height=\"696\" srcset=\"https:\/\/www.montagnelagodicomo.it\/wp-content\/uploads\/2025\/04\/Agriturismo-La-Possa-menu-Pasqua-1-212x300.jpg 212w, https:\/\/www.montagnelagodicomo.it\/wp-content\/uploads\/2025\/04\/Agriturismo-La-Possa-menu-Pasqua-1-724x1024.jpg 724w, https:\/\/www.montagnelagodicomo.it\/wp-content\/uploads\/2025\/04\/Agriturismo-La-Possa-menu-Pasqua-1-768x1086.jpg 768w, https:\/\/www.montagnelagodicomo.it\/wp-content\/uploads\/2025\/04\/Agriturismo-La-Possa-menu-Pasqua-1-1087x1536.jpg 1087w, https:\/\/www.montagnelagodicomo.it\/wp-content\/uploads\/2025\/04\/Agriturismo-La-Possa-menu-Pasqua-1.jpg 1240w\" sizes=\"(max-width: 492px) 100vw, 492px\" \/><\/h2>\n<h2 dir=\"auto\" style=\"text-align: center;\"><strong style=\"text-align: center;\"><img decoding=\"async\" class=\"xz74otr x168nmei x13lgxp2 x5pf9jr xo71vjh\" style=\"font-size: 16px;\" src=\"https:\/\/static.xx.fbcdn.net\/images\/emoji.php\/v9\/tf0\/1\/16\/1f338.png\" alt=\"\ud83c\udf38\" width=\"16\" height=\"16\" \/>Menu di Pasqua &#8211; Agriturismo La Possa<\/strong><span class=\"html-span xexx8yu x4uap5 x18d9i69 xkhd6sd x1hl2dhg x16tdsg8 x1vvkbs x3nfvp2 x1j61x8r x1fcty0u xdj266r xat24cr xgzva0m xhhsvwb xxymvpz xlup9mm x1kky2od\" style=\"font-size: 16px;\"><img decoding=\"async\" class=\"xz74otr x168nmei x13lgxp2 x5pf9jr xo71vjh\" src=\"https:\/\/static.xx.fbcdn.net\/images\/emoji.php\/v9\/tf0\/1\/16\/1f338.png\" alt=\"\ud83c\udf38\" width=\"16\" height=\"16\" \/>\u00a0<\/span><\/h2>\n<p dir=\"auto\"><span class=\"html-span xexx8yu x4uap5 x18d9i69 xkhd6sd x1hl2dhg x16tdsg8 x1vvkbs x3nfvp2 x1j61x8r x1fcty0u xdj266r xat24cr xgzva0m xhhsvwb xxymvpz xlup9mm x1kky2od\"><img loading=\"lazy\" decoding=\"async\" class=\"xz74otr x168nmei x13lgxp2 x5pf9jr xo71vjh\" src=\"https:\/\/static.xx.fbcdn.net\/images\/emoji.php\/v9\/tf\/1\/16\/1f942.png\" alt=\"\ud83e\udd42\" width=\"16\" height=\"16\" \/><\/span>\u00a0<strong>Antipasto<\/strong><\/p>\n<ul>\n<li>Affettati misti della casa<\/li>\n<li>Cipolline in agrodolce<\/li>\n<li>Zucchine gratinate al forno<\/li>\n<li>Bocconcini di salsiccia in salsa<\/li>\n<li>Formaggio con confettura della Possa<\/li>\n<li>Pomodorini ripieni al tonno<\/li>\n<li>Insalatina di tarassaco con nostre uova<\/li>\n<li>Polentina con funghi<\/li>\n<li>Frittatine alle verdure<\/li>\n<\/ul>\n<\/div>\n<div class=\"x11i5rnm xat24cr x1mh8g0r x1vvkbs xtlvy1s x126k92a\">\n<h4 dir=\"auto\"><span class=\"html-span xexx8yu x4uap5 x18d9i69 xkhd6sd x1hl2dhg x16tdsg8 x1vvkbs x3nfvp2 x1j61x8r x1fcty0u xdj266r xat24cr xgzva0m xhhsvwb xxymvpz xlup9mm x1kky2od\"><img loading=\"lazy\" decoding=\"async\" class=\"xz74otr x168nmei x13lgxp2 x5pf9jr xo71vjh\" src=\"https:\/\/static.xx.fbcdn.net\/images\/emoji.php\/v9\/t5a\/1\/16\/1f35d.png\" alt=\"\ud83c\udf5d\" width=\"16\" height=\"16\" \/><\/span> <strong>Primi<\/strong><\/h4>\n<ul>\n<li dir=\"auto\">Manfrigole alla Grosina<\/li>\n<li dir=\"auto\">Gnocchetti verdi con burro fuso e Parmigiano Reggiano DOP<\/li>\n<\/ul>\n<h5>Sorbetto<\/h5>\n<\/div>\n<div class=\"x11i5rnm xat24cr x1mh8g0r x1vvkbs xtlvy1s x126k92a\">\n<h4 dir=\"auto\"><span class=\"html-span xexx8yu x4uap5 x18d9i69 xkhd6sd x1hl2dhg x16tdsg8 x1vvkbs x3nfvp2 x1j61x8r x1fcty0u xdj266r xat24cr xgzva0m xhhsvwb xxymvpz xlup9mm x1kky2od\"><img loading=\"lazy\" decoding=\"async\" class=\"xz74otr x168nmei x13lgxp2 x5pf9jr xo71vjh\" src=\"https:\/\/static.xx.fbcdn.net\/images\/emoji.php\/v9\/tad\/1\/16\/1f357.png\" alt=\"\ud83c\udf57\" width=\"16\" height=\"16\" \/><\/span> <strong>Secondi<\/strong><\/h4>\n<ul>\n<li dir=\"auto\">Capretto nostrano al forno<\/li>\n<li dir=\"auto\">Noce di vitello<\/li>\n<\/ul>\n<h4 dir=\"auto\"><strong>Contorni<\/strong><\/h4>\n<ul>\n<li dir=\"auto\">Polenta, patate, insalata<\/li>\n<\/ul>\n<\/div>\n<div dir=\"auto\"><span class=\"html-span xexx8yu x4uap5 x18d9i69 xkhd6sd x1hl2dhg x16tdsg8 x1vvkbs x3nfvp2 x1j61x8r x1fcty0u xdj266r xat24cr xgzva0m xhhsvwb xxymvpz xlup9mm x1kky2od\"><img loading=\"lazy\" decoding=\"async\" class=\"xz74otr x168nmei x13lgxp2 x5pf9jr xo71vjh\" src=\"https:\/\/static.xx.fbcdn.net\/images\/emoji.php\/v9\/t64\/1\/16\/1f370.png\" alt=\"\ud83c\udf70\" width=\"16\" height=\"16\" \/><\/span> <strong>Dolce<\/strong><\/div>\n<div class=\"x11i5rnm xat24cr x1mh8g0r x1vvkbs xtlvy1s x126k92a\">\n<ul>\n<li dir=\"auto\">Panna cotta ai piccoli frutti<\/li>\n<\/ul>\n<\/div>\n<h4 dir=\"auto\">Acqua, 1\/4 di vino e caff\u00e8 inclusi<\/h4>\n<h4>\ud83c\udf74MENU BIMBI &#8211; piatti ordinabili singolarmente solo per bambini sotto i 10 anni<\/h4>\n<p><strong>ANTIPASTO<\/strong><br \/>\nAffettato (prosciutto cotto)<br \/>\nfrittatina alle verdure<br \/>\nzucchina gratinata al forno<br \/>\npomodorino al tonno<br \/>\n<em>Euro 7<\/em><\/p>\n<p><strong>PRIMO PIATTO<\/strong><br \/>\nMezze penne al rag\u00f9 alla bolognese o al pomodoro<br \/>\n<em>Euro 8<\/em><\/p>\n<p><strong>SECONDO PIATTO<\/strong><br \/>\nArrosto alle erbe fini con contorno di patate al forno<br \/>\n<em>Euro 12<\/em><\/p>\n<p><strong>DOLCE<\/strong><br \/>\nGelato alla panna con cioccolato fondente<br \/>\n<em>Euro 3<\/em><\/p>\n<p><strong>Acqua e bibita<\/strong><br \/>\n<em>Euro 4<\/em><\/p>\n<div class=\"x11i5rnm xat24cr x1mh8g0r x1vvkbs xtlvy1s x126k92a\">\n<div dir=\"auto\" style=\"text-align: center;\"><span class=\"html-span xexx8yu x4uap5 x18d9i69 xkhd6sd x1hl2dhg x16tdsg8 x1vvkbs x3nfvp2 x1j61x8r x1fcty0u xdj266r xat24cr xgzva0m xhhsvwb xxymvpz xlup9mm x1kky2od\"><img loading=\"lazy\" decoding=\"async\" class=\"xz74otr x168nmei x13lgxp2 x5pf9jr xo71vjh\" src=\"https:\/\/static.xx.fbcdn.net\/images\/emoji.php\/v9\/t5a\/1\/16\/1f4b0.png\" alt=\"\ud83d\udcb0\" width=\"16\" height=\"16\" \/><\/span> <strong>60<\/strong><em><strong>\u20ac adulti<\/strong><\/em><\/div>\n<div dir=\"auto\" style=\"text-align: center;\"><span class=\"html-span xexx8yu x4uap5 x18d9i69 xkhd6sd x1hl2dhg x16tdsg8 x1vvkbs x3nfvp2 x1j61x8r x1fcty0u xdj266r xat24cr xgzva0m xhhsvwb xxymvpz xlup9mm x1kky2od\"><img loading=\"lazy\" decoding=\"async\" class=\"xz74otr x168nmei x13lgxp2 x5pf9jr xo71vjh\" src=\"https:\/\/static.xx.fbcdn.net\/images\/emoji.php\/v9\/t5a\/1\/16\/1f4b0.png\" alt=\"\ud83d\udcb0\" width=\"16\" height=\"16\" \/><\/span> 25<em><strong>\u20ac menu bimbi &#8211; bibita compresa<\/strong><\/em><\/div>\n<\/div>\n<div class=\"x11i5rnm xat24cr x1mh8g0r x1vvkbs xtlvy1s x126k92a\">\n<div dir=\"auto\"><\/div>\n<\/div>\n<div dir=\"auto\"><\/div>\n<div class=\"x11i5rnm xat24cr x1mh8g0r x1vvkbs xtlvy1s x126k92a\">\n<div dir=\"auto\" style=\"text-align: right;\"><span class=\"html-span xexx8yu x4uap5 x18d9i69 xkhd6sd x1hl2dhg x16tdsg8 x1vvkbs x3nfvp2 x1j61x8r x1fcty0u xdj266r xat24cr xgzva0m xhhsvwb xxymvpz xlup9mm x1kky2od\"><img loading=\"lazy\" decoding=\"async\" class=\"xz74otr x168nmei x13lgxp2 x5pf9jr xo71vjh\" src=\"https:\/\/static.xx.fbcdn.net\/images\/emoji.php\/v9\/t2d\/1\/16\/1f4cd.png\" alt=\"\ud83d\udccd\" width=\"16\" height=\"16\" \/><\/span> <em>Prenotazioni:<\/em><\/div>\n<div dir=\"auto\" style=\"text-align: right;\"><span class=\"html-span xexx8yu x4uap5 x18d9i69 xkhd6sd x1hl2dhg x16tdsg8 x1vvkbs x3nfvp2 x1j61x8r x1fcty0u xdj266r xat24cr xgzva0m xhhsvwb xxymvpz xlup9mm x1kky2od\"><img loading=\"lazy\" decoding=\"async\" class=\"xz74otr x168nmei x13lgxp2 x5pf9jr xo71vjh\" src=\"https:\/\/static.xx.fbcdn.net\/images\/emoji.php\/v9\/td8\/1\/16\/1f4f2.png\" alt=\"\ud83d\udcf2\" width=\"16\" height=\"16\" \/><\/span> 348 490 9834 &#8211; 348 490 9840<\/div>\n<div dir=\"auto\" style=\"text-align: right;\">email: agriturismo.lapossa@tiscali.it<\/div>\n<div dir=\"auto\" style=\"text-align: right;\">AGRITURISMO LA POSSA<\/div>\n<div dir=\"auto\" style=\"text-align: right;\">Via Al Piso, Concenedo di Barzio<\/div>\n<div dir=\"auto\" style=\"text-align: right;\"><\/div>\n<div dir=\"auto\" style=\"text-align: right;\"><\/div>\n<\/div>\n","protected":false},"excerpt":{"rendered":"<p>Festeggia la Pasqua all&#8217;Agriturismo La Possa. Scopri il menu! Menu di Pasqua &#8211; Agriturismo La Possa\u00a0 \u00a0Antipasto Affettati misti della casa Cipolline in agrodolce Zucchine gratinate al forno Bocconcini di salsiccia in salsa Formaggio con confettura della Possa Pomodorini ripieni al tonno Insalatina di tarassaco con nostre uova Polentina con funghi Frittatine alle verdure Primi [&hellip;]<\/p>\n","protected":false},"author":4,"featured_media":98860,"comment_status":"open","ping_status":"open","sticky":false,"template":"","format":"standard","meta":{"_acf_changed":false,"footnotes":""},"categories":[146],"tags":[1905,1904,1903,1263,1901,1902,1420],"class_list":["post-98858","post","type-post","status-publish","format-standard","has-post-thumbnail","hentry","category-ultima-ora","tag-domenica","tag-festeggiare","tag-menu","tag-montagnelago","tag-pasqua","tag-pranzo","tag-primavera"],"acf":[],"yoast_head":"<!-- This site is optimized with the Yoast SEO plugin v25.0 - https:\/\/yoast.com\/wordpress\/plugins\/seo\/ -->\n<title>Agriturismo La Possa - Menu di Pasqua<\/title>\n<meta name=\"description\" content=\"Festeggia la Pasqua insieme all&#039;Agriturismo La Possa. Scopri il menu e prenota!\" \/>\n<meta name=\"robots\" content=\"index, follow, max-snippet:-1, max-image-preview:large, max-video-preview:-1\" \/>\n<link rel=\"canonical\" href=\"https:\/\/www.montagnelagodicomo.it\/2025\/04\/03\/agriturismo-la-possa-menu-di-pasqua\/\" \/>\n<meta property=\"og:locale\" content=\"en_US\" \/>\n<meta property=\"og:type\" content=\"article\" \/>\n<meta property=\"og:title\" content=\"Giugno: aspettando l&#039;estate\" \/>\n<meta property=\"og:description\" content=\"Cari amici, la stagione estiva \u00e8 alle porte e tanta \u00e8 la voglia di rilassarsi ed evadere dallo stress della vita quotidiana. E&#039; il momento giusto per scoprire quanto di pi\u00f9 bello le Montagne del Lago di Como hanno da offrire.\" \/>\n<meta property=\"og:url\" content=\"https:\/\/www.montagnelagodicomo.it\/2025\/04\/03\/agriturismo-la-possa-menu-di-pasqua\/\" \/>\n<meta property=\"og:site_name\" content=\"Lago di Como e Valsassina\" \/>\n<meta property=\"article:publisher\" content=\"https:\/\/www.facebook.com\/montagnelagodicomo\" \/>\n<meta property=\"article:published_time\" content=\"2025-04-03T10:13:39+00:00\" \/>\n<meta property=\"article:modified_time\" content=\"2025-04-04T09:56:39+00:00\" \/>\n<meta property=\"og:image\" content=\"https:\/\/www.montagnelagodicomo.it\/wp-content\/uploads\/2022\/05\/Varenna_Alberto-Locatelli.jpg\" \/>\n\t<meta property=\"og:image:width\" content=\"1080\" \/>\n\t<meta property=\"og:image:height\" content=\"648\" \/>\n\t<meta property=\"og:image:type\" content=\"image\/jpeg\" \/>\n<meta name=\"author\" content=\"Lago di Como 3\" \/>\n<meta name=\"twitter:card\" content=\"summary_large_image\" \/>\n<meta name=\"twitter:creator\" content=\"@MontagneLago\" \/>\n<meta name=\"twitter:site\" content=\"@MontagneLago\" \/>\n<meta name=\"twitter:label1\" content=\"Written by\" \/>\n\t<meta name=\"twitter:data1\" content=\"Lago di Como 3\" \/>\n\t<meta name=\"twitter:label2\" content=\"Est. reading time\" \/>\n\t<meta name=\"twitter:data2\" content=\"4 minutes\" \/>\n<script type=\"application\/ld+json\" class=\"yoast-schema-graph\">{\"@context\":\"https:\/\/schema.org\",\"@graph\":[{\"@type\":\"Article\",\"@id\":\"https:\/\/www.montagnelagodicomo.it\/2025\/04\/03\/agriturismo-la-possa-menu-di-pasqua\/#article\",\"isPartOf\":{\"@id\":\"https:\/\/www.montagnelagodicomo.it\/2025\/04\/03\/agriturismo-la-possa-menu-di-pasqua\/\"},\"author\":{\"name\":\"Lago di Como 3\",\"@id\":\"https:\/\/www.montagnelagodicomo.it\/#\/schema\/person\/62387dee120171fb5c03a77fe5169f1e\"},\"headline\":\"AGRITURISMO LA POSSA &#8211; MENU DI PASQUA\",\"datePublished\":\"2025-04-03T10:13:39+00:00\",\"dateModified\":\"2025-04-04T09:56:39+00:00\",\"mainEntityOfPage\":{\"@id\":\"https:\/\/www.montagnelagodicomo.it\/2025\/04\/03\/agriturismo-la-possa-menu-di-pasqua\/\"},\"wordCount\":185,\"commentCount\":0,\"publisher\":{\"@id\":\"https:\/\/www.montagnelagodicomo.it\/#organization\"},\"image\":{\"@id\":\"https:\/\/www.montagnelagodicomo.it\/2025\/04\/03\/agriturismo-la-possa-menu-di-pasqua\/#primaryimage\"},\"thumbnailUrl\":\"https:\/\/www.montagnelagodicomo.it\/wp-content\/uploads\/2025\/04\/Agriturismo-La-Possa-menu-Pasqua-1.jpg\",\"keywords\":[\"domenica\",\"festeggiare\",\"menu\",\"montagnelago\",\"Pasqua\",\"pranzo\",\"primavera\"],\"articleSection\":[\"Ultima ora\"],\"inLanguage\":\"en-US\",\"potentialAction\":[{\"@type\":\"CommentAction\",\"name\":\"Comment\",\"target\":[\"https:\/\/www.montagnelagodicomo.it\/2025\/04\/03\/agriturismo-la-possa-menu-di-pasqua\/#respond\"]}]},{\"@type\":\"WebPage\",\"@id\":\"https:\/\/www.montagnelagodicomo.it\/2025\/04\/03\/agriturismo-la-possa-menu-di-pasqua\/\",\"url\":\"https:\/\/www.montagnelagodicomo.it\/2025\/04\/03\/agriturismo-la-possa-menu-di-pasqua\/\",\"name\":\"Agriturismo La Possa - Menu di Pasqua\",\"isPartOf\":{\"@id\":\"https:\/\/www.montagnelagodicomo.it\/#website\"},\"primaryImageOfPage\":{\"@id\":\"https:\/\/www.montagnelagodicomo.it\/2025\/04\/03\/agriturismo-la-possa-menu-di-pasqua\/#primaryimage\"},\"image\":{\"@id\":\"https:\/\/www.montagnelagodicomo.it\/2025\/04\/03\/agriturismo-la-possa-menu-di-pasqua\/#primaryimage\"},\"thumbnailUrl\":\"https:\/\/www.montagnelagodicomo.it\/wp-content\/uploads\/2025\/04\/Agriturismo-La-Possa-menu-Pasqua-1.jpg\",\"datePublished\":\"2025-04-03T10:13:39+00:00\",\"dateModified\":\"2025-04-04T09:56:39+00:00\",\"description\":\"Festeggia la Pasqua insieme all'Agriturismo La Possa. Scopri il menu e prenota!\",\"breadcrumb\":{\"@id\":\"https:\/\/www.montagnelagodicomo.it\/2025\/04\/03\/agriturismo-la-possa-menu-di-pasqua\/#breadcrumb\"},\"inLanguage\":\"en-US\",\"potentialAction\":[{\"@type\":\"ReadAction\",\"target\":[\"https:\/\/www.montagnelagodicomo.it\/2025\/04\/03\/agriturismo-la-possa-menu-di-pasqua\/\"]}]},{\"@type\":\"ImageObject\",\"inLanguage\":\"en-US\",\"@id\":\"https:\/\/www.montagnelagodicomo.it\/2025\/04\/03\/agriturismo-la-possa-menu-di-pasqua\/#primaryimage\",\"url\":\"https:\/\/www.montagnelagodicomo.it\/wp-content\/uploads\/2025\/04\/Agriturismo-La-Possa-menu-Pasqua-1.jpg\",\"contentUrl\":\"https:\/\/www.montagnelagodicomo.it\/wp-content\/uploads\/2025\/04\/Agriturismo-La-Possa-menu-Pasqua-1.jpg\",\"width\":1240,\"height\":1753},{\"@type\":\"BreadcrumbList\",\"@id\":\"https:\/\/www.montagnelagodicomo.it\/2025\/04\/03\/agriturismo-la-possa-menu-di-pasqua\/#breadcrumb\",\"itemListElement\":[{\"@type\":\"ListItem\",\"position\":1,\"name\":\"Home\",\"item\":\"https:\/\/www.montagnelagodicomo.it\/en\/\"},{\"@type\":\"ListItem\",\"position\":2,\"name\":\"AGRITURISMO LA POSSA &#8211; MENU DI PASQUA\"}]},{\"@type\":\"WebSite\",\"@id\":\"https:\/\/www.montagnelagodicomo.it\/#website\",\"url\":\"https:\/\/www.montagnelagodicomo.it\/\",\"name\":\"Lago di Como e Valsassina\",\"description\":\"\",\"publisher\":{\"@id\":\"https:\/\/www.montagnelagodicomo.it\/#organization\"},\"potentialAction\":[{\"@type\":\"SearchAction\",\"target\":{\"@type\":\"EntryPoint\",\"urlTemplate\":\"https:\/\/www.montagnelagodicomo.it\/?s={search_term_string}\"},\"query-input\":{\"@type\":\"PropertyValueSpecification\",\"valueRequired\":true,\"valueName\":\"search_term_string\"}}],\"inLanguage\":\"en-US\"},{\"@type\":\"Organization\",\"@id\":\"https:\/\/www.montagnelagodicomo.it\/#organization\",\"name\":\"Montagne del Lago di Como\",\"url\":\"https:\/\/www.montagnelagodicomo.it\/\",\"logo\":{\"@type\":\"ImageObject\",\"inLanguage\":\"en-US\",\"@id\":\"https:\/\/www.montagnelagodicomo.it\/#\/schema\/logo\/image\/\",\"url\":\"https:\/\/www.montagnelagodicomo.it\/wp-content\/uploads\/2016\/07\/DEF_Montagne_LagodiComo_04112015_png.png\",\"contentUrl\":\"https:\/\/www.montagnelagodicomo.it\/wp-content\/uploads\/2016\/07\/DEF_Montagne_LagodiComo_04112015_png.png\",\"width\":2997,\"height\":835,\"caption\":\"Montagne del Lago di Como\"},\"image\":{\"@id\":\"https:\/\/www.montagnelagodicomo.it\/#\/schema\/logo\/image\/\"},\"sameAs\":[\"https:\/\/www.facebook.com\/montagnelagodicomo\",\"https:\/\/x.com\/MontagneLago\",\"https:\/\/www.youtube.com\/channel\/UCDoxghWmgQnHlQ78rzZuUjA\"]},{\"@type\":\"Person\",\"@id\":\"https:\/\/www.montagnelagodicomo.it\/#\/schema\/person\/62387dee120171fb5c03a77fe5169f1e\",\"name\":\"Lago di Como 3\",\"image\":{\"@type\":\"ImageObject\",\"inLanguage\":\"en-US\",\"@id\":\"https:\/\/www.montagnelagodicomo.it\/#\/schema\/person\/image\/\",\"url\":\"https:\/\/secure.gravatar.com\/avatar\/177606e9ed7370bc5cd946f4243ac59920e657438575f65d56f2ebfb41996b8f?s=96&d=mm&r=g\",\"contentUrl\":\"https:\/\/secure.gravatar.com\/avatar\/177606e9ed7370bc5cd946f4243ac59920e657438575f65d56f2ebfb41996b8f?s=96&d=mm&r=g\",\"caption\":\"Lago di Como 3\"},\"url\":\"https:\/\/www.montagnelagodicomo.it\/en\/author\/lago-di-como-3\/\"}]}<\/script>\n<!-- \/ Yoast SEO plugin. -->","yoast_head_json":{"title":"Agriturismo La Possa - Menu di Pasqua","description":"Festeggia la Pasqua insieme all'Agriturismo La Possa. Scopri il menu e prenota!","robots":{"index":"index","follow":"follow","max-snippet":"max-snippet:-1","max-image-preview":"max-image-preview:large","max-video-preview":"max-video-preview:-1"},"canonical":"https:\/\/www.montagnelagodicomo.it\/2025\/04\/03\/agriturismo-la-possa-menu-di-pasqua\/","og_locale":"en_US","og_type":"article","og_title":"Giugno: aspettando l'estate","og_description":"Cari amici, la stagione estiva \u00e8 alle porte e tanta \u00e8 la voglia di rilassarsi ed evadere dallo stress della vita quotidiana. E' il momento giusto per scoprire quanto di pi\u00f9 bello le Montagne del Lago di Como hanno da offrire.","og_url":"https:\/\/www.montagnelagodicomo.it\/2025\/04\/03\/agriturismo-la-possa-menu-di-pasqua\/","og_site_name":"Lago di Como e Valsassina","article_publisher":"https:\/\/www.facebook.com\/montagnelagodicomo","article_published_time":"2025-04-03T10:13:39+00:00","article_modified_time":"2025-04-04T09:56:39+00:00","og_image":[{"width":1080,"height":648,"url":"https:\/\/www.montagnelagodicomo.it\/wp-content\/uploads\/2022\/05\/Varenna_Alberto-Locatelli.jpg","type":"image\/jpeg"}],"author":"Lago di Como 3","twitter_card":"summary_large_image","twitter_creator":"@MontagneLago","twitter_site":"@MontagneLago","twitter_misc":{"Written by":"Lago di Como 3","Est. reading time":"4 minutes"},"schema":{"@context":"https:\/\/schema.org","@graph":[{"@type":"Article","@id":"https:\/\/www.montagnelagodicomo.it\/2025\/04\/03\/agriturismo-la-possa-menu-di-pasqua\/#article","isPartOf":{"@id":"https:\/\/www.montagnelagodicomo.it\/2025\/04\/03\/agriturismo-la-possa-menu-di-pasqua\/"},"author":{"name":"Lago di Como 3","@id":"https:\/\/www.montagnelagodicomo.it\/#\/schema\/person\/62387dee120171fb5c03a77fe5169f1e"},"headline":"AGRITURISMO LA POSSA &#8211; MENU DI PASQUA","datePublished":"2025-04-03T10:13:39+00:00","dateModified":"2025-04-04T09:56:39+00:00","mainEntityOfPage":{"@id":"https:\/\/www.montagnelagodicomo.it\/2025\/04\/03\/agriturismo-la-possa-menu-di-pasqua\/"},"wordCount":185,"commentCount":0,"publisher":{"@id":"https:\/\/www.montagnelagodicomo.it\/#organization"},"image":{"@id":"https:\/\/www.montagnelagodicomo.it\/2025\/04\/03\/agriturismo-la-possa-menu-di-pasqua\/#primaryimage"},"thumbnailUrl":"https:\/\/www.montagnelagodicomo.it\/wp-content\/uploads\/2025\/04\/Agriturismo-La-Possa-menu-Pasqua-1.jpg","keywords":["domenica","festeggiare","menu","montagnelago","Pasqua","pranzo","primavera"],"articleSection":["Ultima ora"],"inLanguage":"en-US","potentialAction":[{"@type":"CommentAction","name":"Comment","target":["https:\/\/www.montagnelagodicomo.it\/2025\/04\/03\/agriturismo-la-possa-menu-di-pasqua\/#respond"]}]},{"@type":"WebPage","@id":"https:\/\/www.montagnelagodicomo.it\/2025\/04\/03\/agriturismo-la-possa-menu-di-pasqua\/","url":"https:\/\/www.montagnelagodicomo.it\/2025\/04\/03\/agriturismo-la-possa-menu-di-pasqua\/","name":"Agriturismo La Possa - Menu di Pasqua","isPartOf":{"@id":"https:\/\/www.montagnelagodicomo.it\/#website"},"primaryImageOfPage":{"@id":"https:\/\/www.montagnelagodicomo.it\/2025\/04\/03\/agriturismo-la-possa-menu-di-pasqua\/#primaryimage"},"image":{"@id":"https:\/\/www.montagnelagodicomo.it\/2025\/04\/03\/agriturismo-la-possa-menu-di-pasqua\/#primaryimage"},"thumbnailUrl":"https:\/\/www.montagnelagodicomo.it\/wp-content\/uploads\/2025\/04\/Agriturismo-La-Possa-menu-Pasqua-1.jpg","datePublished":"2025-04-03T10:13:39+00:00","dateModified":"2025-04-04T09:56:39+00:00","description":"Festeggia la Pasqua insieme all'Agriturismo La Possa. Scopri il menu e prenota!","breadcrumb":{"@id":"https:\/\/www.montagnelagodicomo.it\/2025\/04\/03\/agriturismo-la-possa-menu-di-pasqua\/#breadcrumb"},"inLanguage":"en-US","potentialAction":[{"@type":"ReadAction","target":["https:\/\/www.montagnelagodicomo.it\/2025\/04\/03\/agriturismo-la-possa-menu-di-pasqua\/"]}]},{"@type":"ImageObject","inLanguage":"en-US","@id":"https:\/\/www.montagnelagodicomo.it\/2025\/04\/03\/agriturismo-la-possa-menu-di-pasqua\/#primaryimage","url":"https:\/\/www.montagnelagodicomo.it\/wp-content\/uploads\/2025\/04\/Agriturismo-La-Possa-menu-Pasqua-1.jpg","contentUrl":"https:\/\/www.montagnelagodicomo.it\/wp-content\/uploads\/2025\/04\/Agriturismo-La-Possa-menu-Pasqua-1.jpg","width":1240,"height":1753},{"@type":"BreadcrumbList","@id":"https:\/\/www.montagnelagodicomo.it\/2025\/04\/03\/agriturismo-la-possa-menu-di-pasqua\/#breadcrumb","itemListElement":[{"@type":"ListItem","position":1,"name":"Home","item":"https:\/\/www.montagnelagodicomo.it\/en\/"},{"@type":"ListItem","position":2,"name":"AGRITURISMO LA POSSA &#8211; MENU DI PASQUA"}]},{"@type":"WebSite","@id":"https:\/\/www.montagnelagodicomo.it\/#website","url":"https:\/\/www.montagnelagodicomo.it\/","name":"Lago di Como e Valsassina","description":"","publisher":{"@id":"https:\/\/www.montagnelagodicomo.it\/#organization"},"potentialAction":[{"@type":"SearchAction","target":{"@type":"EntryPoint","urlTemplate":"https:\/\/www.montagnelagodicomo.it\/?s={search_term_string}"},"query-input":{"@type":"PropertyValueSpecification","valueRequired":true,"valueName":"search_term_string"}}],"inLanguage":"en-US"},{"@type":"Organization","@id":"https:\/\/www.montagnelagodicomo.it\/#organization","name":"Montagne del Lago di Como","url":"https:\/\/www.montagnelagodicomo.it\/","logo":{"@type":"ImageObject","inLanguage":"en-US","@id":"https:\/\/www.montagnelagodicomo.it\/#\/schema\/logo\/image\/","url":"https:\/\/www.montagnelagodicomo.it\/wp-content\/uploads\/2016\/07\/DEF_Montagne_LagodiComo_04112015_png.png","contentUrl":"https:\/\/www.montagnelagodicomo.it\/wp-content\/uploads\/2016\/07\/DEF_Montagne_LagodiComo_04112015_png.png","width":2997,"height":835,"caption":"Montagne del Lago di Como"},"image":{"@id":"https:\/\/www.montagnelagodicomo.it\/#\/schema\/logo\/image\/"},"sameAs":["https:\/\/www.facebook.com\/montagnelagodicomo","https:\/\/x.com\/MontagneLago","https:\/\/www.youtube.com\/channel\/UCDoxghWmgQnHlQ78rzZuUjA"]},{"@type":"Person","@id":"https:\/\/www.montagnelagodicomo.it\/#\/schema\/person\/62387dee120171fb5c03a77fe5169f1e","name":"Lago di Como 3","image":{"@type":"ImageObject","inLanguage":"en-US","@id":"https:\/\/www.montagnelagodicomo.it\/#\/schema\/person\/image\/","url":"https:\/\/secure.gravatar.com\/avatar\/177606e9ed7370bc5cd946f4243ac59920e657438575f65d56f2ebfb41996b8f?s=96&d=mm&r=g","contentUrl":"https:\/\/secure.gravatar.com\/avatar\/177606e9ed7370bc5cd946f4243ac59920e657438575f65d56f2ebfb41996b8f?s=96&d=mm&r=g","caption":"Lago di Como 3"},"url":"https:\/\/www.montagnelagodicomo.it\/en\/author\/lago-di-como-3\/"}]}},"_links":{"self":[{"href":"https:\/\/www.montagnelagodicomo.it\/en\/wp-json\/wp\/v2\/posts\/98858","targetHints":{"allow":["GET"]}}],"collection":[{"href":"https:\/\/www.montagnelagodicomo.it\/en\/wp-json\/wp\/v2\/posts"}],"about":[{"href":"https:\/\/www.montagnelagodicomo.it\/en\/wp-json\/wp\/v2\/types\/post"}],"author":[{"embeddable":true,"href":"https:\/\/www.montagnelagodicomo.it\/en\/wp-json\/wp\/v2\/users\/4"}],"replies":[{"embeddable":true,"href":"https:\/\/www.montagnelagodicomo.it\/en\/wp-json\/wp\/v2\/comments?post=98858"}],"version-history":[{"count":2,"href":"https:\/\/www.montagnelagodicomo.it\/en\/wp-json\/wp\/v2\/posts\/98858\/revisions"}],"predecessor-version":[{"id":98864,"href":"https:\/\/www.montagnelagodicomo.it\/en\/wp-json\/wp\/v2\/posts\/98858\/revisions\/98864"}],"wp:featuredmedia":[{"embeddable":true,"href":"https:\/\/www.montagnelagodicomo.it\/en\/wp-json\/wp\/v2\/media\/98860"}],"wp:attachment":[{"href":"https:\/\/www.montagnelagodicomo.it\/en\/wp-json\/wp\/v2\/media?parent=98858"}],"wp:term":[{"taxonomy":"category","embeddable":true,"href":"https:\/\/www.montagnelagodicomo.it\/en\/wp-json\/wp\/v2\/categories?post=98858"},{"taxonomy":"post_tag","embeddable":true,"href":"https:\/\/www.montagnelagodicomo.it\/en\/wp-json\/wp\/v2\/tags?post=98858"}],"curies":[{"name":"wp","href":"https:\/\/api.w.org\/{rel}","templated":true}]}}