{"id":98978,"date":"2025-04-15T11:22:34","date_gmt":"2025-04-15T09:22:34","guid":{"rendered":"https:\/\/www.montagnelagodicomo.it\/2025\/04\/15\/ristoro-esino-lario-menu-di-pasqua-pasquetta\/"},"modified":"2025-04-15T11:59:20","modified_gmt":"2025-04-15T09:59:20","slug":"montagne-lago-di-como-nell-articolo-di-camperdays","status":"publish","type":"post","link":"https:\/\/www.montagnelagodicomo.it\/en\/2025\/04\/15\/montagne-lago-di-como-nell-articolo-di-camperdays\/","title":{"rendered":"Montagne Lago di Como nell&#8217;articolo di CamperDays"},"content":{"rendered":"<figure id=\"attachment_78695\" class=\"wp-caption aligncenter\" aria-describedby=\"caption-attachment-78695\"><\/figure>\n<div class=\"x11i5rnm xat24cr x1mh8g0r x1vvkbs xtlvy1s x126k92a\">\n<div dir=\"auto\"><a href=\"https:\/\/www.camperdays.it\/magazine\/europa\/italia\/escursioni-lago-di-como\"><img fetchpriority=\"high\" decoding=\"async\" class=\" wp-image-98980 aligncenter\" src=\"https:\/\/www.montagnelagodicomo.it\/wp-content\/uploads\/2025\/04\/Cattura-300x112.jpg\" alt=\"\" width=\"763\" height=\"285\" srcset=\"https:\/\/www.montagnelagodicomo.it\/wp-content\/uploads\/2025\/04\/Cattura-300x112.jpg 300w, https:\/\/www.montagnelagodicomo.it\/wp-content\/uploads\/2025\/04\/Cattura-1024x382.jpg 1024w, https:\/\/www.montagnelagodicomo.it\/wp-content\/uploads\/2025\/04\/Cattura-768x287.jpg 768w, https:\/\/www.montagnelagodicomo.it\/wp-content\/uploads\/2025\/04\/Cattura.jpg 1262w\" sizes=\"(max-width: 763px) 100vw, 763px\" \/><\/a><\/div>\n<h4 dir=\"auto\"><\/h4>\n<div dir=\"auto\" style=\"text-align: left;\">Se siete in cerca di qualche spunto o suggerimento, il portale internazionale <strong>CamperDays<\/strong> ha pubblicato un articolo su alcuni percorsi escursionistici e cicloturistici attorno al nostro Lago e sulle nostre montagne, con qualche consiglio anche per chi viaggia in camper.<\/div>\n<h4 dir=\"auto\"><\/h4>\n<\/div>\n<div dir=\"auto\">Il Lago di Como non \u00e8 solamente una delle destinazioni pi\u00f9 affascinanti del nord Italia: \u00e8 un vero paradiso per gli amanti delle attivit\u00e0 all\u2019aria aperta. Per questo, CamperDays ha ideato una guida, in cui ci suggerisce alcuni itinerari per esplorare e conoscere la zona a piedi o in bici.<\/div>\n<div dir=\"auto\">Dal Sentiero del Viandante, alla salita al Colle del Ghisallo, al percorso da Menaggio a Sorico, ognuno pu\u00f2 trovare il percorso adatto a s\u00e9.<\/div>\n<div class=\"x11i5rnm xat24cr x1mh8g0r x1vvkbs xtlvy1s x126k92a\">\n<h3 dir=\"auto\"><\/h3>\n<div dir=\"auto\" style=\"text-align: center;\">Scopri di pi\u00f9 e lasciati ispirare per la prossima gita fuori porta, che sia a piedi o in bici!<\/div>\n<h4 dir=\"auto\"><\/h4>\n<div dir=\"auto\" style=\"text-align: center;\">\ud83d\udc49\ud83c\udffc <a href=\"https:\/\/www.camperdays.it\/magazine\/europa\/italia\/escursioni-lago-di-como\">https:\/\/www.camperdays.it\/magazine\/europa\/italia\/escursioni-lago-di-como<\/a><\/div>\n<div dir=\"auto\" style=\"text-align: right;\"><\/div>\n<\/div>\n","protected":false},"excerpt":{"rendered":"<p>Se siete in cerca di qualche spunto o suggerimento, il portale internazionale CamperDays ha pubblicato un articolo su alcuni percorsi escursionistici e cicloturistici attorno al nostro Lago e sulle nostre montagne, con qualche consiglio anche per chi viaggia in camper. Il Lago di Como non \u00e8 solamente una delle destinazioni pi\u00f9 affascinanti del nord Italia: [&hellip;]<\/p>\n","protected":false},"author":4,"featured_media":98980,"comment_status":"open","ping_status":"open","sticky":false,"template":"","format":"standard","meta":{"_acf_changed":false,"footnotes":""},"categories":[146],"tags":[1917,1918,1916,1915,1263,1254,1420],"class_list":["post-98978","post","type-post","status-publish","format-standard","has-post-thumbnail","hentry","category-ultima-ora","tag-bici","tag-consigli","tag-escursioni","tag-gita","tag-montagnelago","tag-montagnelagodicomo","tag-primavera"],"acf":[],"yoast_head":"<!-- This site is optimized with the Yoast SEO plugin v25.0 - https:\/\/yoast.com\/wordpress\/plugins\/seo\/ -->\n<title>Montagne Lago di Como nell&#039;articolo di CamperDays<\/title>\n<meta name=\"description\" content=\"Se siete in cerca di qualche spunto o consiglio, il portale internazionale CamperDays ha pubblicato un articolo su alcuni percorsi escursionistici e cicloturistici attorno al nostro Lago e sulle nostre montagne.\" \/>\n<meta name=\"robots\" content=\"index, follow, max-snippet:-1, max-image-preview:large, max-video-preview:-1\" \/>\n<link rel=\"canonical\" href=\"https:\/\/www.montagnelagodicomo.it\/2025\/04\/15\/montagne-lago-di-como-nell-articolo-di-camperdays\/\" \/>\n<meta property=\"og:locale\" content=\"en_US\" \/>\n<meta property=\"og:type\" content=\"article\" \/>\n<meta property=\"og:title\" content=\"Giugno: aspettando l&#039;estate\" \/>\n<meta property=\"og:description\" content=\"Cari amici, la stagione estiva \u00e8 alle porte e tanta \u00e8 la voglia di rilassarsi ed evadere dallo stress della vita quotidiana. E&#039; il momento giusto per scoprire quanto di pi\u00f9 bello le Montagne del Lago di Como hanno da offrire.\" \/>\n<meta property=\"og:url\" content=\"https:\/\/www.montagnelagodicomo.it\/2025\/04\/15\/montagne-lago-di-como-nell-articolo-di-camperdays\/\" \/>\n<meta property=\"og:site_name\" content=\"Lago di Como e Valsassina\" \/>\n<meta property=\"article:publisher\" content=\"https:\/\/www.facebook.com\/montagnelagodicomo\" \/>\n<meta property=\"article:published_time\" content=\"2025-04-15T09:22:34+00:00\" \/>\n<meta property=\"article:modified_time\" content=\"2025-04-15T09:59:20+00:00\" \/>\n<meta property=\"og:image\" content=\"https:\/\/www.montagnelagodicomo.it\/wp-content\/uploads\/2022\/05\/Varenna_Alberto-Locatelli.jpg\" \/>\n\t<meta property=\"og:image:width\" content=\"1080\" \/>\n\t<meta property=\"og:image:height\" content=\"648\" \/>\n\t<meta property=\"og:image:type\" content=\"image\/jpeg\" \/>\n<meta name=\"author\" content=\"Lago di Como 3\" \/>\n<meta name=\"twitter:card\" content=\"summary_large_image\" \/>\n<meta name=\"twitter:creator\" content=\"@MontagneLago\" \/>\n<meta name=\"twitter:site\" content=\"@MontagneLago\" \/>\n<meta name=\"twitter:label1\" content=\"Written by\" \/>\n\t<meta name=\"twitter:data1\" content=\"Lago di Como 3\" \/>\n\t<meta name=\"twitter:label2\" content=\"Est. reading time\" \/>\n\t<meta name=\"twitter:data2\" content=\"2 minutes\" \/>\n<script type=\"application\/ld+json\" class=\"yoast-schema-graph\">{\"@context\":\"https:\/\/schema.org\",\"@graph\":[{\"@type\":\"Article\",\"@id\":\"https:\/\/www.montagnelagodicomo.it\/2025\/04\/15\/montagne-lago-di-como-nell-articolo-di-camperdays\/#article\",\"isPartOf\":{\"@id\":\"https:\/\/www.montagnelagodicomo.it\/2025\/04\/15\/montagne-lago-di-como-nell-articolo-di-camperdays\/\"},\"author\":{\"name\":\"Lago di Como 3\",\"@id\":\"https:\/\/www.montagnelagodicomo.it\/#\/schema\/person\/62387dee120171fb5c03a77fe5169f1e\"},\"headline\":\"Montagne Lago di Como nell&#8217;articolo di CamperDays\",\"datePublished\":\"2025-04-15T09:22:34+00:00\",\"dateModified\":\"2025-04-15T09:59:20+00:00\",\"mainEntityOfPage\":{\"@id\":\"https:\/\/www.montagnelagodicomo.it\/2025\/04\/15\/montagne-lago-di-como-nell-articolo-di-camperdays\/\"},\"wordCount\":147,\"commentCount\":0,\"publisher\":{\"@id\":\"https:\/\/www.montagnelagodicomo.it\/#organization\"},\"image\":{\"@id\":\"https:\/\/www.montagnelagodicomo.it\/2025\/04\/15\/montagne-lago-di-como-nell-articolo-di-camperdays\/#primaryimage\"},\"thumbnailUrl\":\"https:\/\/www.montagnelagodicomo.it\/wp-content\/uploads\/2025\/04\/Cattura.jpg\",\"keywords\":[\"bici\",\"consigli\",\"escursioni\",\"gita\",\"montagnelago\",\"montagnelagodicomo\",\"primavera\"],\"articleSection\":[\"Ultima ora\"],\"inLanguage\":\"en-US\",\"potentialAction\":[{\"@type\":\"CommentAction\",\"name\":\"Comment\",\"target\":[\"https:\/\/www.montagnelagodicomo.it\/2025\/04\/15\/montagne-lago-di-como-nell-articolo-di-camperdays\/#respond\"]}]},{\"@type\":\"WebPage\",\"@id\":\"https:\/\/www.montagnelagodicomo.it\/2025\/04\/15\/montagne-lago-di-como-nell-articolo-di-camperdays\/\",\"url\":\"https:\/\/www.montagnelagodicomo.it\/2025\/04\/15\/montagne-lago-di-como-nell-articolo-di-camperdays\/\",\"name\":\"Montagne Lago di Como nell'articolo di CamperDays\",\"isPartOf\":{\"@id\":\"https:\/\/www.montagnelagodicomo.it\/#website\"},\"primaryImageOfPage\":{\"@id\":\"https:\/\/www.montagnelagodicomo.it\/2025\/04\/15\/montagne-lago-di-como-nell-articolo-di-camperdays\/#primaryimage\"},\"image\":{\"@id\":\"https:\/\/www.montagnelagodicomo.it\/2025\/04\/15\/montagne-lago-di-como-nell-articolo-di-camperdays\/#primaryimage\"},\"thumbnailUrl\":\"https:\/\/www.montagnelagodicomo.it\/wp-content\/uploads\/2025\/04\/Cattura.jpg\",\"datePublished\":\"2025-04-15T09:22:34+00:00\",\"dateModified\":\"2025-04-15T09:59:20+00:00\",\"description\":\"Se siete in cerca di qualche spunto o consiglio, il portale internazionale CamperDays ha pubblicato un articolo su alcuni percorsi escursionistici e cicloturistici attorno al nostro Lago e sulle nostre montagne.\",\"breadcrumb\":{\"@id\":\"https:\/\/www.montagnelagodicomo.it\/2025\/04\/15\/montagne-lago-di-como-nell-articolo-di-camperdays\/#breadcrumb\"},\"inLanguage\":\"en-US\",\"potentialAction\":[{\"@type\":\"ReadAction\",\"target\":[\"https:\/\/www.montagnelagodicomo.it\/2025\/04\/15\/montagne-lago-di-como-nell-articolo-di-camperdays\/\"]}]},{\"@type\":\"ImageObject\",\"inLanguage\":\"en-US\",\"@id\":\"https:\/\/www.montagnelagodicomo.it\/2025\/04\/15\/montagne-lago-di-como-nell-articolo-di-camperdays\/#primaryimage\",\"url\":\"https:\/\/www.montagnelagodicomo.it\/wp-content\/uploads\/2025\/04\/Cattura.jpg\",\"contentUrl\":\"https:\/\/www.montagnelagodicomo.it\/wp-content\/uploads\/2025\/04\/Cattura.jpg\",\"width\":1262,\"height\":471},{\"@type\":\"BreadcrumbList\",\"@id\":\"https:\/\/www.montagnelagodicomo.it\/2025\/04\/15\/montagne-lago-di-como-nell-articolo-di-camperdays\/#breadcrumb\",\"itemListElement\":[{\"@type\":\"ListItem\",\"position\":1,\"name\":\"Home\",\"item\":\"https:\/\/www.montagnelagodicomo.it\/en\/\"},{\"@type\":\"ListItem\",\"position\":2,\"name\":\"Montagne Lago di Como nell&#8217;articolo di CamperDays\"}]},{\"@type\":\"WebSite\",\"@id\":\"https:\/\/www.montagnelagodicomo.it\/#website\",\"url\":\"https:\/\/www.montagnelagodicomo.it\/\",\"name\":\"Lago di Como e Valsassina\",\"description\":\"\",\"publisher\":{\"@id\":\"https:\/\/www.montagnelagodicomo.it\/#organization\"},\"potentialAction\":[{\"@type\":\"SearchAction\",\"target\":{\"@type\":\"EntryPoint\",\"urlTemplate\":\"https:\/\/www.montagnelagodicomo.it\/?s={search_term_string}\"},\"query-input\":{\"@type\":\"PropertyValueSpecification\",\"valueRequired\":true,\"valueName\":\"search_term_string\"}}],\"inLanguage\":\"en-US\"},{\"@type\":\"Organization\",\"@id\":\"https:\/\/www.montagnelagodicomo.it\/#organization\",\"name\":\"Montagne del Lago di Como\",\"url\":\"https:\/\/www.montagnelagodicomo.it\/\",\"logo\":{\"@type\":\"ImageObject\",\"inLanguage\":\"en-US\",\"@id\":\"https:\/\/www.montagnelagodicomo.it\/#\/schema\/logo\/image\/\",\"url\":\"https:\/\/www.montagnelagodicomo.it\/wp-content\/uploads\/2016\/07\/DEF_Montagne_LagodiComo_04112015_png.png\",\"contentUrl\":\"https:\/\/www.montagnelagodicomo.it\/wp-content\/uploads\/2016\/07\/DEF_Montagne_LagodiComo_04112015_png.png\",\"width\":2997,\"height\":835,\"caption\":\"Montagne del Lago di Como\"},\"image\":{\"@id\":\"https:\/\/www.montagnelagodicomo.it\/#\/schema\/logo\/image\/\"},\"sameAs\":[\"https:\/\/www.facebook.com\/montagnelagodicomo\",\"https:\/\/x.com\/MontagneLago\",\"https:\/\/www.youtube.com\/channel\/UCDoxghWmgQnHlQ78rzZuUjA\"]},{\"@type\":\"Person\",\"@id\":\"https:\/\/www.montagnelagodicomo.it\/#\/schema\/person\/62387dee120171fb5c03a77fe5169f1e\",\"name\":\"Lago di Como 3\",\"image\":{\"@type\":\"ImageObject\",\"inLanguage\":\"en-US\",\"@id\":\"https:\/\/www.montagnelagodicomo.it\/#\/schema\/person\/image\/\",\"url\":\"https:\/\/secure.gravatar.com\/avatar\/177606e9ed7370bc5cd946f4243ac59920e657438575f65d56f2ebfb41996b8f?s=96&d=mm&r=g\",\"contentUrl\":\"https:\/\/secure.gravatar.com\/avatar\/177606e9ed7370bc5cd946f4243ac59920e657438575f65d56f2ebfb41996b8f?s=96&d=mm&r=g\",\"caption\":\"Lago di Como 3\"},\"url\":\"https:\/\/www.montagnelagodicomo.it\/en\/author\/lago-di-como-3\/\"}]}<\/script>\n<!-- \/ Yoast SEO plugin. -->","yoast_head_json":{"title":"Montagne Lago di Como nell'articolo di CamperDays","description":"Se siete in cerca di qualche spunto o consiglio, il portale internazionale CamperDays ha pubblicato un articolo su alcuni percorsi escursionistici e cicloturistici attorno al nostro Lago e sulle nostre montagne.","robots":{"index":"index","follow":"follow","max-snippet":"max-snippet:-1","max-image-preview":"max-image-preview:large","max-video-preview":"max-video-preview:-1"},"canonical":"https:\/\/www.montagnelagodicomo.it\/2025\/04\/15\/montagne-lago-di-como-nell-articolo-di-camperdays\/","og_locale":"en_US","og_type":"article","og_title":"Giugno: aspettando l'estate","og_description":"Cari amici, la stagione estiva \u00e8 alle porte e tanta \u00e8 la voglia di rilassarsi ed evadere dallo stress della vita quotidiana. E' il momento giusto per scoprire quanto di pi\u00f9 bello le Montagne del Lago di Como hanno da offrire.","og_url":"https:\/\/www.montagnelagodicomo.it\/2025\/04\/15\/montagne-lago-di-como-nell-articolo-di-camperdays\/","og_site_name":"Lago di Como e Valsassina","article_publisher":"https:\/\/www.facebook.com\/montagnelagodicomo","article_published_time":"2025-04-15T09:22:34+00:00","article_modified_time":"2025-04-15T09:59:20+00:00","og_image":[{"width":1080,"height":648,"url":"https:\/\/www.montagnelagodicomo.it\/wp-content\/uploads\/2022\/05\/Varenna_Alberto-Locatelli.jpg","type":"image\/jpeg"}],"author":"Lago di Como 3","twitter_card":"summary_large_image","twitter_creator":"@MontagneLago","twitter_site":"@MontagneLago","twitter_misc":{"Written by":"Lago di Como 3","Est. reading time":"2 minutes"},"schema":{"@context":"https:\/\/schema.org","@graph":[{"@type":"Article","@id":"https:\/\/www.montagnelagodicomo.it\/2025\/04\/15\/montagne-lago-di-como-nell-articolo-di-camperdays\/#article","isPartOf":{"@id":"https:\/\/www.montagnelagodicomo.it\/2025\/04\/15\/montagne-lago-di-como-nell-articolo-di-camperdays\/"},"author":{"name":"Lago di Como 3","@id":"https:\/\/www.montagnelagodicomo.it\/#\/schema\/person\/62387dee120171fb5c03a77fe5169f1e"},"headline":"Montagne Lago di Como nell&#8217;articolo di CamperDays","datePublished":"2025-04-15T09:22:34+00:00","dateModified":"2025-04-15T09:59:20+00:00","mainEntityOfPage":{"@id":"https:\/\/www.montagnelagodicomo.it\/2025\/04\/15\/montagne-lago-di-como-nell-articolo-di-camperdays\/"},"wordCount":147,"commentCount":0,"publisher":{"@id":"https:\/\/www.montagnelagodicomo.it\/#organization"},"image":{"@id":"https:\/\/www.montagnelagodicomo.it\/2025\/04\/15\/montagne-lago-di-como-nell-articolo-di-camperdays\/#primaryimage"},"thumbnailUrl":"https:\/\/www.montagnelagodicomo.it\/wp-content\/uploads\/2025\/04\/Cattura.jpg","keywords":["bici","consigli","escursioni","gita","montagnelago","montagnelagodicomo","primavera"],"articleSection":["Ultima ora"],"inLanguage":"en-US","potentialAction":[{"@type":"CommentAction","name":"Comment","target":["https:\/\/www.montagnelagodicomo.it\/2025\/04\/15\/montagne-lago-di-como-nell-articolo-di-camperdays\/#respond"]}]},{"@type":"WebPage","@id":"https:\/\/www.montagnelagodicomo.it\/2025\/04\/15\/montagne-lago-di-como-nell-articolo-di-camperdays\/","url":"https:\/\/www.montagnelagodicomo.it\/2025\/04\/15\/montagne-lago-di-como-nell-articolo-di-camperdays\/","name":"Montagne Lago di Como nell'articolo di CamperDays","isPartOf":{"@id":"https:\/\/www.montagnelagodicomo.it\/#website"},"primaryImageOfPage":{"@id":"https:\/\/www.montagnelagodicomo.it\/2025\/04\/15\/montagne-lago-di-como-nell-articolo-di-camperdays\/#primaryimage"},"image":{"@id":"https:\/\/www.montagnelagodicomo.it\/2025\/04\/15\/montagne-lago-di-como-nell-articolo-di-camperdays\/#primaryimage"},"thumbnailUrl":"https:\/\/www.montagnelagodicomo.it\/wp-content\/uploads\/2025\/04\/Cattura.jpg","datePublished":"2025-04-15T09:22:34+00:00","dateModified":"2025-04-15T09:59:20+00:00","description":"Se siete in cerca di qualche spunto o consiglio, il portale internazionale CamperDays ha pubblicato un articolo su alcuni percorsi escursionistici e cicloturistici attorno al nostro Lago e sulle nostre montagne.","breadcrumb":{"@id":"https:\/\/www.montagnelagodicomo.it\/2025\/04\/15\/montagne-lago-di-como-nell-articolo-di-camperdays\/#breadcrumb"},"inLanguage":"en-US","potentialAction":[{"@type":"ReadAction","target":["https:\/\/www.montagnelagodicomo.it\/2025\/04\/15\/montagne-lago-di-como-nell-articolo-di-camperdays\/"]}]},{"@type":"ImageObject","inLanguage":"en-US","@id":"https:\/\/www.montagnelagodicomo.it\/2025\/04\/15\/montagne-lago-di-como-nell-articolo-di-camperdays\/#primaryimage","url":"https:\/\/www.montagnelagodicomo.it\/wp-content\/uploads\/2025\/04\/Cattura.jpg","contentUrl":"https:\/\/www.montagnelagodicomo.it\/wp-content\/uploads\/2025\/04\/Cattura.jpg","width":1262,"height":471},{"@type":"BreadcrumbList","@id":"https:\/\/www.montagnelagodicomo.it\/2025\/04\/15\/montagne-lago-di-como-nell-articolo-di-camperdays\/#breadcrumb","itemListElement":[{"@type":"ListItem","position":1,"name":"Home","item":"https:\/\/www.montagnelagodicomo.it\/en\/"},{"@type":"ListItem","position":2,"name":"Montagne Lago di Como nell&#8217;articolo di CamperDays"}]},{"@type":"WebSite","@id":"https:\/\/www.montagnelagodicomo.it\/#website","url":"https:\/\/www.montagnelagodicomo.it\/","name":"Lago di Como e Valsassina","description":"","publisher":{"@id":"https:\/\/www.montagnelagodicomo.it\/#organization"},"potentialAction":[{"@type":"SearchAction","target":{"@type":"EntryPoint","urlTemplate":"https:\/\/www.montagnelagodicomo.it\/?s={search_term_string}"},"query-input":{"@type":"PropertyValueSpecification","valueRequired":true,"valueName":"search_term_string"}}],"inLanguage":"en-US"},{"@type":"Organization","@id":"https:\/\/www.montagnelagodicomo.it\/#organization","name":"Montagne del Lago di Como","url":"https:\/\/www.montagnelagodicomo.it\/","logo":{"@type":"ImageObject","inLanguage":"en-US","@id":"https:\/\/www.montagnelagodicomo.it\/#\/schema\/logo\/image\/","url":"https:\/\/www.montagnelagodicomo.it\/wp-content\/uploads\/2016\/07\/DEF_Montagne_LagodiComo_04112015_png.png","contentUrl":"https:\/\/www.montagnelagodicomo.it\/wp-content\/uploads\/2016\/07\/DEF_Montagne_LagodiComo_04112015_png.png","width":2997,"height":835,"caption":"Montagne del Lago di Como"},"image":{"@id":"https:\/\/www.montagnelagodicomo.it\/#\/schema\/logo\/image\/"},"sameAs":["https:\/\/www.facebook.com\/montagnelagodicomo","https:\/\/x.com\/MontagneLago","https:\/\/www.youtube.com\/channel\/UCDoxghWmgQnHlQ78rzZuUjA"]},{"@type":"Person","@id":"https:\/\/www.montagnelagodicomo.it\/#\/schema\/person\/62387dee120171fb5c03a77fe5169f1e","name":"Lago di Como 3","image":{"@type":"ImageObject","inLanguage":"en-US","@id":"https:\/\/www.montagnelagodicomo.it\/#\/schema\/person\/image\/","url":"https:\/\/secure.gravatar.com\/avatar\/177606e9ed7370bc5cd946f4243ac59920e657438575f65d56f2ebfb41996b8f?s=96&d=mm&r=g","contentUrl":"https:\/\/secure.gravatar.com\/avatar\/177606e9ed7370bc5cd946f4243ac59920e657438575f65d56f2ebfb41996b8f?s=96&d=mm&r=g","caption":"Lago di Como 3"},"url":"https:\/\/www.montagnelagodicomo.it\/en\/author\/lago-di-como-3\/"}]}},"_links":{"self":[{"href":"https:\/\/www.montagnelagodicomo.it\/en\/wp-json\/wp\/v2\/posts\/98978","targetHints":{"allow":["GET"]}}],"collection":[{"href":"https:\/\/www.montagnelagodicomo.it\/en\/wp-json\/wp\/v2\/posts"}],"about":[{"href":"https:\/\/www.montagnelagodicomo.it\/en\/wp-json\/wp\/v2\/types\/post"}],"author":[{"embeddable":true,"href":"https:\/\/www.montagnelagodicomo.it\/en\/wp-json\/wp\/v2\/users\/4"}],"replies":[{"embeddable":true,"href":"https:\/\/www.montagnelagodicomo.it\/en\/wp-json\/wp\/v2\/comments?post=98978"}],"version-history":[{"count":8,"href":"https:\/\/www.montagnelagodicomo.it\/en\/wp-json\/wp\/v2\/posts\/98978\/revisions"}],"predecessor-version":[{"id":98990,"href":"https:\/\/www.montagnelagodicomo.it\/en\/wp-json\/wp\/v2\/posts\/98978\/revisions\/98990"}],"wp:featuredmedia":[{"embeddable":true,"href":"https:\/\/www.montagnelagodicomo.it\/en\/wp-json\/wp\/v2\/media\/98980"}],"wp:attachment":[{"href":"https:\/\/www.montagnelagodicomo.it\/en\/wp-json\/wp\/v2\/media?parent=98978"}],"wp:term":[{"taxonomy":"category","embeddable":true,"href":"https:\/\/www.montagnelagodicomo.it\/en\/wp-json\/wp\/v2\/categories?post=98978"},{"taxonomy":"post_tag","embeddable":true,"href":"https:\/\/www.montagnelagodicomo.it\/en\/wp-json\/wp\/v2\/tags?post=98978"}],"curies":[{"name":"wp","href":"https:\/\/api.w.org\/{rel}","templated":true}]}}