{"id":99870,"date":"2025-07-30T12:51:23","date_gmt":"2025-07-30T10:51:23","guid":{"rendered":"https:\/\/www.montagnelagodicomo.it\/?p=99870"},"modified":"2025-08-08T13:18:16","modified_gmt":"2025-08-08T11:18:16","slug":"i-menu-di-ferragosto-sulle-montagne-del-lago-di-como","status":"publish","type":"post","link":"https:\/\/www.montagnelagodicomo.it\/en\/2025\/07\/30\/i-menu-di-ferragosto-sulle-montagne-del-lago-di-como\/","title":{"rendered":"I MENU&#8217; DI FERRAGOSTO SULLE MONTAGNE DEL LAGO DI COMO"},"content":{"rendered":"<p><img fetchpriority=\"high\" decoding=\"async\" class=\" wp-image-99871 aligncenter\" src=\"https:\/\/www.montagnelagodicomo.it\/wp-content\/uploads\/2025\/07\/MLC-Menu-di-Ferragosto-300x300.jpg\" alt=\"\" width=\"393\" height=\"393\" srcset=\"https:\/\/www.montagnelagodicomo.it\/wp-content\/uploads\/2025\/07\/MLC-Menu-di-Ferragosto-300x300.jpg 300w, https:\/\/www.montagnelagodicomo.it\/wp-content\/uploads\/2025\/07\/MLC-Menu-di-Ferragosto-1024x1024.jpg 1024w, https:\/\/www.montagnelagodicomo.it\/wp-content\/uploads\/2025\/07\/MLC-Menu-di-Ferragosto-150x150.jpg 150w, https:\/\/www.montagnelagodicomo.it\/wp-content\/uploads\/2025\/07\/MLC-Menu-di-Ferragosto-768x768.jpg 768w, https:\/\/www.montagnelagodicomo.it\/wp-content\/uploads\/2025\/07\/MLC-Menu-di-Ferragosto.jpg 1080w\" sizes=\"(max-width: 393px) 100vw, 393px\" \/><\/p>\n<p>Vieni a scoprire i sapori delle Montagne del Lago di Como: a <strong>Ferragosto<\/strong> i ristoranti, i rifugi e gli agriturismi ci aspettano per trascorrere una giornata d&#8217;estate!\ud83c\udf3b\ud83d\udd05<\/p>\n<p><strong>Scopri tutti e men\u00f9 e prenota!<img decoding=\"async\" class=\"emoji\" role=\"img\" draggable=\"false\" src=\"https:\/\/s.w.org\/images\/core\/emoji\/16.0.1\/svg\/1f447-1f3fc.svg\" alt=\"\ud83d\udc47\ud83c\udffc\" \/><\/strong><\/p>\n<h4><img decoding=\"async\" class=\"emoji\" role=\"img\" draggable=\"false\" src=\"https:\/\/s.w.org\/images\/core\/emoji\/16.0.1\/svg\/1f374.svg\" alt=\"\ud83c\udf74\" \/> <a href=\"https:\/\/www.montagnelagodicomo.it\/events\/menu-di-ferragosto-ristoro-genio\/\">Ristoro Genio<\/a><\/h4>\n<h4><img decoding=\"async\" class=\"emoji\" role=\"img\" draggable=\"false\" src=\"https:\/\/s.w.org\/images\/core\/emoji\/16.0.1\/svg\/1f374.svg\" alt=\"\ud83c\udf74\" \/> <a href=\"https:\/\/www.montagnelagodicomo.it\/events\/menu-di-ferragosto-rifugio-shambala-2\/\">Rifugio Shambal\u00e0<\/a><\/h4>\n<h4><img decoding=\"async\" class=\"emoji\" role=\"img\" draggable=\"false\" src=\"https:\/\/s.w.org\/images\/core\/emoji\/16.0.1\/svg\/1f374.svg\" alt=\"\ud83c\udf74\" \/> <a href=\"https:\/\/www.montagnelagodicomo.it\/events\/menu-di-ferragosto-albergo-ristorante-alpino\/\">Albergo Ristorante Alpino<\/a><\/h4>\n<h4><img decoding=\"async\" class=\"emoji\" role=\"img\" draggable=\"false\" src=\"https:\/\/s.w.org\/images\/core\/emoji\/16.0.1\/svg\/1f374.svg\" alt=\"\ud83c\udf74\" \/> <a href=\"https:\/\/www.montagnelagodicomo.it\/events\/menu-di-ferragosto-hotel-ristorante-sassi-rossi\/\">Hotel Ristorante Sassi Rossi<\/a><\/h4>\n<h4><img decoding=\"async\" class=\"emoji\" role=\"img\" draggable=\"false\" src=\"https:\/\/s.w.org\/images\/core\/emoji\/16.0.1\/svg\/1f374.svg\" alt=\"\ud83c\udf74\" \/> <a href=\"https:\/\/www.montagnelagodicomo.it\/events\/menu-di-ferragosto-agriturismo-brunino-2\/\">Agriturismo Brunino<\/a><\/h4>\n<h4><img decoding=\"async\" class=\"emoji\" role=\"img\" draggable=\"false\" src=\"https:\/\/s.w.org\/images\/core\/emoji\/16.0.1\/svg\/1f374.svg\" alt=\"\ud83c\udf74\" \/> <a href=\"https:\/\/www.montagnelagodicomo.it\/events\/menu-di-ferragosto-agriturismo-bon-pra\/\">Agriturismo Bon Pr\u00e0<\/a><\/h4>\n<h4><img decoding=\"async\" class=\"emoji\" role=\"img\" draggable=\"false\" src=\"https:\/\/s.w.org\/images\/core\/emoji\/16.0.1\/svg\/1f374.svg\" alt=\"\ud83c\udf74\" \/> <a href=\"https:\/\/www.montagnelagodicomo.it\/events\/menu-di-ferragosto-agriturismo-la-possa-2\/\">Agriturismo La Possa<\/a><\/h4>\n<h4><img decoding=\"async\" class=\"emoji\" role=\"img\" draggable=\"false\" src=\"https:\/\/s.w.org\/images\/core\/emoji\/16.0.1\/svg\/1f374.svg\" alt=\"\ud83c\udf74\" \/> <a href=\"https:\/\/www.montagnelagodicomo.it\/events\/ferragosto-da-carozzi\/\">Da Carozzi &#8211; formaggeria con cucina<\/a><\/h4>\n<h4><img decoding=\"async\" class=\"emoji\" role=\"img\" draggable=\"false\" src=\"https:\/\/s.w.org\/images\/core\/emoji\/16.0.1\/svg\/1f374.svg\" alt=\"\ud83c\udf74\" \/> <a href=\"https:\/\/www.montagnelagodicomo.it\/events\/menu-di-ferragosto-hotel-centrale-esino-lario\/\">Hotel Centrale &#8211; Esino Lario<\/a><\/h4>\n<h4><img decoding=\"async\" class=\"emoji\" role=\"img\" draggable=\"false\" src=\"https:\/\/s.w.org\/images\/core\/emoji\/16.0.1\/svg\/1f374.svg\" alt=\"\ud83c\udf74\" \/> <a href=\"https:\/\/www.montagnelagodicomo.it\/events\/menu-di-ferragosto-ristoro-esino-lario\/\">Ristoro Esino Lario<\/a><\/h4>\n<h4><img decoding=\"async\" class=\"emoji\" role=\"img\" draggable=\"false\" src=\"https:\/\/s.w.org\/images\/core\/emoji\/16.0.1\/svg\/1f374.svg\" alt=\"\ud83c\udf74\" \/> <a href=\"https:\/\/www.montagnelagodicomo.it\/events\/menu-di-ferragosto-ristoro-alpino-mente-basso\/\">Ristoro Alpino Monte Basso<\/a><\/h4>\n","protected":false},"excerpt":{"rendered":"<p>Vieni a scoprire i sapori delle Montagne del Lago di Como: a Ferragosto i ristoranti, i rifugi e gli agriturismi ci aspettano per trascorrere una giornata d&#8217;estate!\ud83c\udf3b\ud83d\udd05 Scopri tutti e men\u00f9 e prenota! Ristoro Genio Rifugio Shambal\u00e0 Albergo Ristorante Alpino Hotel Ristorante Sassi Rossi Agriturismo Brunino Agriturismo Bon Pr\u00e0 Agriturismo La Possa Da Carozzi &#8211; [&hellip;]<\/p>\n","protected":false},"author":4,"featured_media":99871,"comment_status":"open","ping_status":"open","sticky":false,"template":"","format":"standard","meta":{"_acf_changed":false,"footnotes":""},"categories":[145],"tags":[1120,1956,1903,1902],"class_list":["post-99870","post","type-post","status-publish","format-standard","has-post-thumbnail","hentry","category-non-categorizzato","tag-estate","tag-ferragosto","tag-menu","tag-pranzo"],"acf":[],"yoast_head":"<!-- This site is optimized with the Yoast SEO plugin v25.0 - https:\/\/yoast.com\/wordpress\/plugins\/seo\/ -->\n<title>I MENU&#039; DI FERRAGOSTO SULLE MONTAGNE DEL LAGO DI COMO - Lago di Como e Valsassina<\/title>\n<meta name=\"description\" content=\"Vieni a scoprire i sapori delle Montagne del Lago di Como: a Ferragosto i ristoranti, i rifugi e gli agriturismi ci aspettano per trascorrere una giornata d&#039;estate!\" \/>\n<meta name=\"robots\" content=\"index, follow, max-snippet:-1, max-image-preview:large, max-video-preview:-1\" \/>\n<link rel=\"canonical\" href=\"https:\/\/www.montagnelagodicomo.it\/2025\/07\/30\/i-menu-di-ferragosto-sulle-montagne-del-lago-di-como\/\" \/>\n<meta property=\"og:locale\" content=\"en_US\" \/>\n<meta property=\"og:type\" content=\"article\" \/>\n<meta property=\"og:title\" content=\"I MENU&#039; DI FERRAGOSTO SULLE MONTAGNE DEL LAGO DI COMO - Lago di Como e Valsassina\" \/>\n<meta property=\"og:description\" content=\"Vieni a scoprire i sapori delle Montagne del Lago di Como: a Ferragosto i ristoranti, i rifugi e gli agriturismi ci aspettano per trascorrere una giornata d&#039;estate!\" \/>\n<meta property=\"og:url\" content=\"https:\/\/www.montagnelagodicomo.it\/2025\/07\/30\/i-menu-di-ferragosto-sulle-montagne-del-lago-di-como\/\" \/>\n<meta property=\"og:site_name\" content=\"Lago di Como e Valsassina\" \/>\n<meta property=\"article:publisher\" content=\"https:\/\/www.facebook.com\/montagnelagodicomo\" \/>\n<meta property=\"article:published_time\" content=\"2025-07-30T10:51:23+00:00\" \/>\n<meta property=\"article:modified_time\" content=\"2025-08-08T11:18:16+00:00\" \/>\n<meta property=\"og:image\" content=\"https:\/\/www.montagnelagodicomo.it\/wp-content\/uploads\/2025\/07\/MLC-Menu-di-Ferragosto.jpg\" \/>\n\t<meta property=\"og:image:width\" content=\"1080\" \/>\n\t<meta property=\"og:image:height\" content=\"1080\" \/>\n\t<meta property=\"og:image:type\" content=\"image\/jpeg\" \/>\n<meta name=\"author\" content=\"Lago di Como 3\" \/>\n<meta name=\"twitter:card\" content=\"summary_large_image\" \/>\n<meta name=\"twitter:creator\" content=\"@MontagneLago\" \/>\n<meta name=\"twitter:site\" content=\"@MontagneLago\" \/>\n<meta name=\"twitter:label1\" content=\"Written by\" \/>\n\t<meta name=\"twitter:data1\" content=\"Lago di Como 3\" \/>\n\t<meta name=\"twitter:label2\" content=\"Est. reading time\" \/>\n\t<meta name=\"twitter:data2\" content=\"4 minutes\" \/>\n<script type=\"application\/ld+json\" class=\"yoast-schema-graph\">{\"@context\":\"https:\/\/schema.org\",\"@graph\":[{\"@type\":\"Article\",\"@id\":\"https:\/\/www.montagnelagodicomo.it\/2025\/07\/30\/i-menu-di-ferragosto-sulle-montagne-del-lago-di-como\/#article\",\"isPartOf\":{\"@id\":\"https:\/\/www.montagnelagodicomo.it\/2025\/07\/30\/i-menu-di-ferragosto-sulle-montagne-del-lago-di-como\/\"},\"author\":{\"name\":\"Lago di Como 3\",\"@id\":\"https:\/\/www.montagnelagodicomo.it\/#\/schema\/person\/62387dee120171fb5c03a77fe5169f1e\"},\"headline\":\"I MENU&#8217; DI FERRAGOSTO SULLE MONTAGNE DEL LAGO DI COMO\",\"datePublished\":\"2025-07-30T10:51:23+00:00\",\"dateModified\":\"2025-08-08T11:18:16+00:00\",\"mainEntityOfPage\":{\"@id\":\"https:\/\/www.montagnelagodicomo.it\/2025\/07\/30\/i-menu-di-ferragosto-sulle-montagne-del-lago-di-como\/\"},\"wordCount\":80,\"commentCount\":0,\"publisher\":{\"@id\":\"https:\/\/www.montagnelagodicomo.it\/#organization\"},\"image\":{\"@id\":\"https:\/\/www.montagnelagodicomo.it\/2025\/07\/30\/i-menu-di-ferragosto-sulle-montagne-del-lago-di-como\/#primaryimage\"},\"thumbnailUrl\":\"https:\/\/www.montagnelagodicomo.it\/wp-content\/uploads\/2025\/07\/MLC-Menu-di-Ferragosto.jpg\",\"keywords\":[\"estate\",\"ferragosto\",\"menu\",\"pranzo\"],\"articleSection\":[\"Non categorizzato\"],\"inLanguage\":\"en-US\",\"potentialAction\":[{\"@type\":\"CommentAction\",\"name\":\"Comment\",\"target\":[\"https:\/\/www.montagnelagodicomo.it\/2025\/07\/30\/i-menu-di-ferragosto-sulle-montagne-del-lago-di-como\/#respond\"]}]},{\"@type\":\"WebPage\",\"@id\":\"https:\/\/www.montagnelagodicomo.it\/2025\/07\/30\/i-menu-di-ferragosto-sulle-montagne-del-lago-di-como\/\",\"url\":\"https:\/\/www.montagnelagodicomo.it\/2025\/07\/30\/i-menu-di-ferragosto-sulle-montagne-del-lago-di-como\/\",\"name\":\"I MENU' DI FERRAGOSTO SULLE MONTAGNE DEL LAGO DI COMO - Lago di Como e Valsassina\",\"isPartOf\":{\"@id\":\"https:\/\/www.montagnelagodicomo.it\/#website\"},\"primaryImageOfPage\":{\"@id\":\"https:\/\/www.montagnelagodicomo.it\/2025\/07\/30\/i-menu-di-ferragosto-sulle-montagne-del-lago-di-como\/#primaryimage\"},\"image\":{\"@id\":\"https:\/\/www.montagnelagodicomo.it\/2025\/07\/30\/i-menu-di-ferragosto-sulle-montagne-del-lago-di-como\/#primaryimage\"},\"thumbnailUrl\":\"https:\/\/www.montagnelagodicomo.it\/wp-content\/uploads\/2025\/07\/MLC-Menu-di-Ferragosto.jpg\",\"datePublished\":\"2025-07-30T10:51:23+00:00\",\"dateModified\":\"2025-08-08T11:18:16+00:00\",\"description\":\"Vieni a scoprire i sapori delle Montagne del Lago di Como: a Ferragosto i ristoranti, i rifugi e gli agriturismi ci aspettano per trascorrere una giornata d'estate!\",\"breadcrumb\":{\"@id\":\"https:\/\/www.montagnelagodicomo.it\/2025\/07\/30\/i-menu-di-ferragosto-sulle-montagne-del-lago-di-como\/#breadcrumb\"},\"inLanguage\":\"en-US\",\"potentialAction\":[{\"@type\":\"ReadAction\",\"target\":[\"https:\/\/www.montagnelagodicomo.it\/2025\/07\/30\/i-menu-di-ferragosto-sulle-montagne-del-lago-di-como\/\"]}]},{\"@type\":\"ImageObject\",\"inLanguage\":\"en-US\",\"@id\":\"https:\/\/www.montagnelagodicomo.it\/2025\/07\/30\/i-menu-di-ferragosto-sulle-montagne-del-lago-di-como\/#primaryimage\",\"url\":\"https:\/\/www.montagnelagodicomo.it\/wp-content\/uploads\/2025\/07\/MLC-Menu-di-Ferragosto.jpg\",\"contentUrl\":\"https:\/\/www.montagnelagodicomo.it\/wp-content\/uploads\/2025\/07\/MLC-Menu-di-Ferragosto.jpg\",\"width\":1080,\"height\":1080},{\"@type\":\"BreadcrumbList\",\"@id\":\"https:\/\/www.montagnelagodicomo.it\/2025\/07\/30\/i-menu-di-ferragosto-sulle-montagne-del-lago-di-como\/#breadcrumb\",\"itemListElement\":[{\"@type\":\"ListItem\",\"position\":1,\"name\":\"Home\",\"item\":\"https:\/\/www.montagnelagodicomo.it\/en\/\"},{\"@type\":\"ListItem\",\"position\":2,\"name\":\"I MENU&#8217; DI FERRAGOSTO SULLE MONTAGNE DEL LAGO DI COMO\"}]},{\"@type\":\"WebSite\",\"@id\":\"https:\/\/www.montagnelagodicomo.it\/#website\",\"url\":\"https:\/\/www.montagnelagodicomo.it\/\",\"name\":\"Lago di Como e Valsassina\",\"description\":\"\",\"publisher\":{\"@id\":\"https:\/\/www.montagnelagodicomo.it\/#organization\"},\"potentialAction\":[{\"@type\":\"SearchAction\",\"target\":{\"@type\":\"EntryPoint\",\"urlTemplate\":\"https:\/\/www.montagnelagodicomo.it\/?s={search_term_string}\"},\"query-input\":{\"@type\":\"PropertyValueSpecification\",\"valueRequired\":true,\"valueName\":\"search_term_string\"}}],\"inLanguage\":\"en-US\"},{\"@type\":\"Organization\",\"@id\":\"https:\/\/www.montagnelagodicomo.it\/#organization\",\"name\":\"Montagne del Lago di Como\",\"url\":\"https:\/\/www.montagnelagodicomo.it\/\",\"logo\":{\"@type\":\"ImageObject\",\"inLanguage\":\"en-US\",\"@id\":\"https:\/\/www.montagnelagodicomo.it\/#\/schema\/logo\/image\/\",\"url\":\"https:\/\/www.montagnelagodicomo.it\/wp-content\/uploads\/2016\/07\/DEF_Montagne_LagodiComo_04112015_png.png\",\"contentUrl\":\"https:\/\/www.montagnelagodicomo.it\/wp-content\/uploads\/2016\/07\/DEF_Montagne_LagodiComo_04112015_png.png\",\"width\":2997,\"height\":835,\"caption\":\"Montagne del Lago di Como\"},\"image\":{\"@id\":\"https:\/\/www.montagnelagodicomo.it\/#\/schema\/logo\/image\/\"},\"sameAs\":[\"https:\/\/www.facebook.com\/montagnelagodicomo\",\"https:\/\/x.com\/MontagneLago\",\"https:\/\/www.youtube.com\/channel\/UCDoxghWmgQnHlQ78rzZuUjA\"]},{\"@type\":\"Person\",\"@id\":\"https:\/\/www.montagnelagodicomo.it\/#\/schema\/person\/62387dee120171fb5c03a77fe5169f1e\",\"name\":\"Lago di Como 3\",\"image\":{\"@type\":\"ImageObject\",\"inLanguage\":\"en-US\",\"@id\":\"https:\/\/www.montagnelagodicomo.it\/#\/schema\/person\/image\/\",\"url\":\"https:\/\/secure.gravatar.com\/avatar\/177606e9ed7370bc5cd946f4243ac59920e657438575f65d56f2ebfb41996b8f?s=96&d=mm&r=g\",\"contentUrl\":\"https:\/\/secure.gravatar.com\/avatar\/177606e9ed7370bc5cd946f4243ac59920e657438575f65d56f2ebfb41996b8f?s=96&d=mm&r=g\",\"caption\":\"Lago di Como 3\"},\"url\":\"https:\/\/www.montagnelagodicomo.it\/en\/author\/lago-di-como-3\/\"}]}<\/script>\n<!-- \/ Yoast SEO plugin. -->","yoast_head_json":{"title":"I MENU' DI FERRAGOSTO SULLE MONTAGNE DEL LAGO DI COMO - Lago di Como e Valsassina","description":"Vieni a scoprire i sapori delle Montagne del Lago di Como: a Ferragosto i ristoranti, i rifugi e gli agriturismi ci aspettano per trascorrere una giornata d'estate!","robots":{"index":"index","follow":"follow","max-snippet":"max-snippet:-1","max-image-preview":"max-image-preview:large","max-video-preview":"max-video-preview:-1"},"canonical":"https:\/\/www.montagnelagodicomo.it\/2025\/07\/30\/i-menu-di-ferragosto-sulle-montagne-del-lago-di-como\/","og_locale":"en_US","og_type":"article","og_title":"I MENU' DI FERRAGOSTO SULLE MONTAGNE DEL LAGO DI COMO - Lago di Como e Valsassina","og_description":"Vieni a scoprire i sapori delle Montagne del Lago di Como: a Ferragosto i ristoranti, i rifugi e gli agriturismi ci aspettano per trascorrere una giornata d'estate!","og_url":"https:\/\/www.montagnelagodicomo.it\/2025\/07\/30\/i-menu-di-ferragosto-sulle-montagne-del-lago-di-como\/","og_site_name":"Lago di Como e Valsassina","article_publisher":"https:\/\/www.facebook.com\/montagnelagodicomo","article_published_time":"2025-07-30T10:51:23+00:00","article_modified_time":"2025-08-08T11:18:16+00:00","og_image":[{"width":1080,"height":1080,"url":"https:\/\/www.montagnelagodicomo.it\/wp-content\/uploads\/2025\/07\/MLC-Menu-di-Ferragosto.jpg","type":"image\/jpeg"}],"author":"Lago di Como 3","twitter_card":"summary_large_image","twitter_creator":"@MontagneLago","twitter_site":"@MontagneLago","twitter_misc":{"Written by":"Lago di Como 3","Est. reading time":"4 minutes"},"schema":{"@context":"https:\/\/schema.org","@graph":[{"@type":"Article","@id":"https:\/\/www.montagnelagodicomo.it\/2025\/07\/30\/i-menu-di-ferragosto-sulle-montagne-del-lago-di-como\/#article","isPartOf":{"@id":"https:\/\/www.montagnelagodicomo.it\/2025\/07\/30\/i-menu-di-ferragosto-sulle-montagne-del-lago-di-como\/"},"author":{"name":"Lago di Como 3","@id":"https:\/\/www.montagnelagodicomo.it\/#\/schema\/person\/62387dee120171fb5c03a77fe5169f1e"},"headline":"I MENU&#8217; DI FERRAGOSTO SULLE MONTAGNE DEL LAGO DI COMO","datePublished":"2025-07-30T10:51:23+00:00","dateModified":"2025-08-08T11:18:16+00:00","mainEntityOfPage":{"@id":"https:\/\/www.montagnelagodicomo.it\/2025\/07\/30\/i-menu-di-ferragosto-sulle-montagne-del-lago-di-como\/"},"wordCount":80,"commentCount":0,"publisher":{"@id":"https:\/\/www.montagnelagodicomo.it\/#organization"},"image":{"@id":"https:\/\/www.montagnelagodicomo.it\/2025\/07\/30\/i-menu-di-ferragosto-sulle-montagne-del-lago-di-como\/#primaryimage"},"thumbnailUrl":"https:\/\/www.montagnelagodicomo.it\/wp-content\/uploads\/2025\/07\/MLC-Menu-di-Ferragosto.jpg","keywords":["estate","ferragosto","menu","pranzo"],"articleSection":["Non categorizzato"],"inLanguage":"en-US","potentialAction":[{"@type":"CommentAction","name":"Comment","target":["https:\/\/www.montagnelagodicomo.it\/2025\/07\/30\/i-menu-di-ferragosto-sulle-montagne-del-lago-di-como\/#respond"]}]},{"@type":"WebPage","@id":"https:\/\/www.montagnelagodicomo.it\/2025\/07\/30\/i-menu-di-ferragosto-sulle-montagne-del-lago-di-como\/","url":"https:\/\/www.montagnelagodicomo.it\/2025\/07\/30\/i-menu-di-ferragosto-sulle-montagne-del-lago-di-como\/","name":"I MENU' DI FERRAGOSTO SULLE MONTAGNE DEL LAGO DI COMO - Lago di Como e Valsassina","isPartOf":{"@id":"https:\/\/www.montagnelagodicomo.it\/#website"},"primaryImageOfPage":{"@id":"https:\/\/www.montagnelagodicomo.it\/2025\/07\/30\/i-menu-di-ferragosto-sulle-montagne-del-lago-di-como\/#primaryimage"},"image":{"@id":"https:\/\/www.montagnelagodicomo.it\/2025\/07\/30\/i-menu-di-ferragosto-sulle-montagne-del-lago-di-como\/#primaryimage"},"thumbnailUrl":"https:\/\/www.montagnelagodicomo.it\/wp-content\/uploads\/2025\/07\/MLC-Menu-di-Ferragosto.jpg","datePublished":"2025-07-30T10:51:23+00:00","dateModified":"2025-08-08T11:18:16+00:00","description":"Vieni a scoprire i sapori delle Montagne del Lago di Como: a Ferragosto i ristoranti, i rifugi e gli agriturismi ci aspettano per trascorrere una giornata d'estate!","breadcrumb":{"@id":"https:\/\/www.montagnelagodicomo.it\/2025\/07\/30\/i-menu-di-ferragosto-sulle-montagne-del-lago-di-como\/#breadcrumb"},"inLanguage":"en-US","potentialAction":[{"@type":"ReadAction","target":["https:\/\/www.montagnelagodicomo.it\/2025\/07\/30\/i-menu-di-ferragosto-sulle-montagne-del-lago-di-como\/"]}]},{"@type":"ImageObject","inLanguage":"en-US","@id":"https:\/\/www.montagnelagodicomo.it\/2025\/07\/30\/i-menu-di-ferragosto-sulle-montagne-del-lago-di-como\/#primaryimage","url":"https:\/\/www.montagnelagodicomo.it\/wp-content\/uploads\/2025\/07\/MLC-Menu-di-Ferragosto.jpg","contentUrl":"https:\/\/www.montagnelagodicomo.it\/wp-content\/uploads\/2025\/07\/MLC-Menu-di-Ferragosto.jpg","width":1080,"height":1080},{"@type":"BreadcrumbList","@id":"https:\/\/www.montagnelagodicomo.it\/2025\/07\/30\/i-menu-di-ferragosto-sulle-montagne-del-lago-di-como\/#breadcrumb","itemListElement":[{"@type":"ListItem","position":1,"name":"Home","item":"https:\/\/www.montagnelagodicomo.it\/en\/"},{"@type":"ListItem","position":2,"name":"I MENU&#8217; DI FERRAGOSTO SULLE MONTAGNE DEL LAGO DI COMO"}]},{"@type":"WebSite","@id":"https:\/\/www.montagnelagodicomo.it\/#website","url":"https:\/\/www.montagnelagodicomo.it\/","name":"Lago di Como e Valsassina","description":"","publisher":{"@id":"https:\/\/www.montagnelagodicomo.it\/#organization"},"potentialAction":[{"@type":"SearchAction","target":{"@type":"EntryPoint","urlTemplate":"https:\/\/www.montagnelagodicomo.it\/?s={search_term_string}"},"query-input":{"@type":"PropertyValueSpecification","valueRequired":true,"valueName":"search_term_string"}}],"inLanguage":"en-US"},{"@type":"Organization","@id":"https:\/\/www.montagnelagodicomo.it\/#organization","name":"Montagne del Lago di Como","url":"https:\/\/www.montagnelagodicomo.it\/","logo":{"@type":"ImageObject","inLanguage":"en-US","@id":"https:\/\/www.montagnelagodicomo.it\/#\/schema\/logo\/image\/","url":"https:\/\/www.montagnelagodicomo.it\/wp-content\/uploads\/2016\/07\/DEF_Montagne_LagodiComo_04112015_png.png","contentUrl":"https:\/\/www.montagnelagodicomo.it\/wp-content\/uploads\/2016\/07\/DEF_Montagne_LagodiComo_04112015_png.png","width":2997,"height":835,"caption":"Montagne del Lago di Como"},"image":{"@id":"https:\/\/www.montagnelagodicomo.it\/#\/schema\/logo\/image\/"},"sameAs":["https:\/\/www.facebook.com\/montagnelagodicomo","https:\/\/x.com\/MontagneLago","https:\/\/www.youtube.com\/channel\/UCDoxghWmgQnHlQ78rzZuUjA"]},{"@type":"Person","@id":"https:\/\/www.montagnelagodicomo.it\/#\/schema\/person\/62387dee120171fb5c03a77fe5169f1e","name":"Lago di Como 3","image":{"@type":"ImageObject","inLanguage":"en-US","@id":"https:\/\/www.montagnelagodicomo.it\/#\/schema\/person\/image\/","url":"https:\/\/secure.gravatar.com\/avatar\/177606e9ed7370bc5cd946f4243ac59920e657438575f65d56f2ebfb41996b8f?s=96&d=mm&r=g","contentUrl":"https:\/\/secure.gravatar.com\/avatar\/177606e9ed7370bc5cd946f4243ac59920e657438575f65d56f2ebfb41996b8f?s=96&d=mm&r=g","caption":"Lago di Como 3"},"url":"https:\/\/www.montagnelagodicomo.it\/en\/author\/lago-di-como-3\/"}]}},"_links":{"self":[{"href":"https:\/\/www.montagnelagodicomo.it\/en\/wp-json\/wp\/v2\/posts\/99870","targetHints":{"allow":["GET"]}}],"collection":[{"href":"https:\/\/www.montagnelagodicomo.it\/en\/wp-json\/wp\/v2\/posts"}],"about":[{"href":"https:\/\/www.montagnelagodicomo.it\/en\/wp-json\/wp\/v2\/types\/post"}],"author":[{"embeddable":true,"href":"https:\/\/www.montagnelagodicomo.it\/en\/wp-json\/wp\/v2\/users\/4"}],"replies":[{"embeddable":true,"href":"https:\/\/www.montagnelagodicomo.it\/en\/wp-json\/wp\/v2\/comments?post=99870"}],"version-history":[{"count":6,"href":"https:\/\/www.montagnelagodicomo.it\/en\/wp-json\/wp\/v2\/posts\/99870\/revisions"}],"predecessor-version":[{"id":100042,"href":"https:\/\/www.montagnelagodicomo.it\/en\/wp-json\/wp\/v2\/posts\/99870\/revisions\/100042"}],"wp:featuredmedia":[{"embeddable":true,"href":"https:\/\/www.montagnelagodicomo.it\/en\/wp-json\/wp\/v2\/media\/99871"}],"wp:attachment":[{"href":"https:\/\/www.montagnelagodicomo.it\/en\/wp-json\/wp\/v2\/media?parent=99870"}],"wp:term":[{"taxonomy":"category","embeddable":true,"href":"https:\/\/www.montagnelagodicomo.it\/en\/wp-json\/wp\/v2\/categories?post=99870"},{"taxonomy":"post_tag","embeddable":true,"href":"https:\/\/www.montagnelagodicomo.it\/en\/wp-json\/wp\/v2\/tags?post=99870"}],"curies":[{"name":"wp","href":"https:\/\/api.w.org\/{rel}","templated":true}]}}