{"id":101069,"date":"2025-11-20T09:39:49","date_gmt":"2025-11-20T08:39:49","guid":{"rendered":"https:\/\/www.montagnelagodicomo.it\/2025\/11\/20\/i-menu-di-ferragosto-sulle-montagne-del-lago-di-como-2\/"},"modified":"2025-12-22T12:21:59","modified_gmt":"2025-12-22T11:21:59","slug":"i-menu-di-natale-e-di-capodanno-sulle-montagne-del-lago-di-como","status":"publish","type":"post","link":"https:\/\/www.montagnelagodicomo.it\/fr\/2025\/11\/20\/i-menu-di-natale-e-di-capodanno-sulle-montagne-del-lago-di-como\/","title":{"rendered":"I MENU&rsquo; DI NATALE E DI CAPODANNO SULLE MONTAGNE DEL LAGO DI COMO"},"content":{"rendered":"<p>&nbsp;<\/p>\n<p><img fetchpriority=\"high\" decoding=\"async\" class=\"alignnone wp-image-101075 aligncenter\" src=\"https:\/\/www.montagnelagodicomo.it\/wp-content\/uploads\/2025\/11\/MLC-Menu-di-Natale-e-Capodanno-1-300x300.jpg\" alt=\"\" width=\"359\" height=\"359\" srcset=\"https:\/\/www.montagnelagodicomo.it\/wp-content\/uploads\/2025\/11\/MLC-Menu-di-Natale-e-Capodanno-1-300x300.jpg 300w, https:\/\/www.montagnelagodicomo.it\/wp-content\/uploads\/2025\/11\/MLC-Menu-di-Natale-e-Capodanno-1-1024x1024.jpg 1024w, https:\/\/www.montagnelagodicomo.it\/wp-content\/uploads\/2025\/11\/MLC-Menu-di-Natale-e-Capodanno-1-150x150.jpg 150w, https:\/\/www.montagnelagodicomo.it\/wp-content\/uploads\/2025\/11\/MLC-Menu-di-Natale-e-Capodanno-1-768x768.jpg 768w, https:\/\/www.montagnelagodicomo.it\/wp-content\/uploads\/2025\/11\/MLC-Menu-di-Natale-e-Capodanno-1.jpg 1080w\" sizes=\"(max-width: 359px) 100vw, 359px\" \/><\/p>\n<p>\ud83c\udf84\ud83e\udd42 Vieni a scoprire i sapori delle Montagne del Lago di Como: durante le feste ristoranti, agriturismi e rifugi ti aspettano per celebrare Natale e Capodanno con piatti ricchi di tradizione e momenti di gusto indimenticabili! \u2728\ud83c\udf7d\ufe0f<\/p>\n<p><strong>Scopri tutti e men\u00f9 e prenota!<img decoding=\"async\" class=\"emoji\" role=\"img\" draggable=\"false\" src=\"https:\/\/s.w.org\/images\/core\/emoji\/16.0.1\/svg\/1f447-1f3fc.svg\" alt=\"\ud83d\udc47\ud83c\udffc\" \/><\/strong><\/p>\n<h3 style=\"text-align: center;\"><span style=\"color: #800000;\">I MENU DI NATALE\ud83c\udf84<\/span><\/h3>\n<h4><img decoding=\"async\" class=\"emoji\" role=\"img\" draggable=\"false\" src=\"https:\/\/s.w.org\/images\/core\/emoji\/16.0.1\/svg\/1f374.svg\" alt=\"\ud83c\udf74\" \/> <a href=\"https:\/\/www.montagnelagodicomo.it\/events\/menu-di-natale-ristorante-la-peppa\/\">Ristorante La Peppa<\/a><\/h4>\n<h4><img decoding=\"async\" class=\"emoji\" role=\"img\" draggable=\"false\" src=\"https:\/\/s.w.org\/images\/core\/emoji\/16.0.1\/svg\/1f374.svg\" alt=\"\ud83c\udf74\" \/> <a href=\"https:\/\/www.montagnelagodicomo.it\/events\/menu-delle-feste-agriturismo-bon-pra\/\">Agriturismo Bon Pr\u00e0<\/a><\/h4>\n<h4><img decoding=\"async\" class=\"emoji\" role=\"img\" draggable=\"false\" src=\"https:\/\/s.w.org\/images\/core\/emoji\/16.0.1\/svg\/1f374.svg\" alt=\"\ud83c\udf74\" \/> <a href=\"https:\/\/www.montagnelagodicomo.it\/events\/menu-di-natale-ristorante-pizzeria-belvedere\/\">Ristorante Pizzeria Belvedere<\/a><\/h4>\n<h4><img decoding=\"async\" class=\"emoji\" role=\"img\" draggable=\"false\" src=\"https:\/\/s.w.org\/images\/core\/emoji\/16.0.1\/svg\/1f374.svg\" alt=\"\ud83c\udf74\" \/> <a href=\"https:\/\/www.montagnelagodicomo.it\/events\/menu-di-natale-da-asporto-gastronomia-non-solo-pasta\/\">Gastronomia Non Solo Pasta<\/a><\/h4>\n<h4><img decoding=\"async\" class=\"emoji\" role=\"img\" draggable=\"false\" src=\"https:\/\/s.w.org\/images\/core\/emoji\/16.0.1\/svg\/1f374.svg\" alt=\"\ud83c\udf74\" \/> <a href=\"https:\/\/www.montagnelagodicomo.it\/events\/menu-di-natale-da-asporto-osteria-il-camino\/\">Osteria Il Camino<\/a><\/h4>\n<h4><\/h4>\n<h3 style=\"text-align: center;\"><span style=\"color: #800000;\">I MENU DI CAPODANNO\ud83e\udd42<\/span><\/h3>\n<h4><img decoding=\"async\" class=\"emoji\" role=\"img\" draggable=\"false\" src=\"https:\/\/s.w.org\/images\/core\/emoji\/16.0.1\/svg\/1f374.svg\" alt=\"\ud83c\udf74\" \/> <a href=\"https:\/\/www.montagnelagodicomo.it\/events\/menu-di-capodanno-rifugio-shambala\/\">Rifugio Shambal\u00e0<\/a><\/h4>\n<h4><img decoding=\"async\" class=\"emoji\" role=\"img\" draggable=\"false\" src=\"https:\/\/s.w.org\/images\/core\/emoji\/16.0.1\/svg\/1f374.svg\" alt=\"\ud83c\udf74\" \/> <a href=\"https:\/\/www.montagnelagodicomo.it\/events\/menu-di-capodanno-agriturismo-la-possa\/\">Agriturismo La Possa<\/a><\/h4>\n<h4><img decoding=\"async\" class=\"emoji\" role=\"img\" draggable=\"false\" src=\"https:\/\/s.w.org\/images\/core\/emoji\/16.0.1\/svg\/1f374.svg\" alt=\"\ud83c\udf74\" \/> <a href=\"https:\/\/www.montagnelagodicomo.it\/events\/menu-di-capodanno-ristorante-la-peppa\/\">Ristorante La Peppa<\/a><\/h4>\n<h4><img decoding=\"async\" class=\"emoji\" role=\"img\" draggable=\"false\" src=\"https:\/\/s.w.org\/images\/core\/emoji\/16.0.1\/svg\/1f374.svg\" alt=\"\ud83c\udf74\" \/> <a href=\"https:\/\/www.montagnelagodicomo.it\/events\/menu-delle-feste-agriturismo-bon-pra\/\">Agriturismo Bon Pr\u00e0<\/a><\/h4>\n<h4><img decoding=\"async\" class=\"emoji\" role=\"img\" draggable=\"false\" src=\"https:\/\/s.w.org\/images\/core\/emoji\/16.0.1\/svg\/1f374.svg\" alt=\"\ud83c\udf74\" \/> <a href=\"https:\/\/www.montagnelagodicomo.it\/events\/menu-di-capodanno-agriturismo-brunino\/\">Agriturismo Brunino<\/a><\/h4>\n<h4><img decoding=\"async\" class=\"emoji\" role=\"img\" draggable=\"false\" src=\"https:\/\/s.w.org\/images\/core\/emoji\/16.0.1\/svg\/1f374.svg\" alt=\"\ud83c\udf74\" \/> <a href=\"https:\/\/www.montagnelagodicomo.it\/events\/menu-di-capodanno-da-asporto-gastronomia-non-solo-pasta\/\">Gastronomia Non Solo Pasta<\/a><\/h4>\n<h4><img decoding=\"async\" class=\"emoji\" role=\"img\" draggable=\"false\" src=\"https:\/\/s.w.org\/images\/core\/emoji\/16.0.1\/svg\/1f374.svg\" alt=\"\ud83c\udf74\" \/> <a href=\"https:\/\/www.montagnelagodicomo.it\/events\/menu-di-capodanno-rifugio-capanna-vittoria\/\">Rifugio Capanna Vittoria<\/a><\/h4>\n<h4><img decoding=\"async\" class=\"emoji\" role=\"img\" draggable=\"false\" src=\"https:\/\/s.w.org\/images\/core\/emoji\/16.0.1\/svg\/1f374.svg\" alt=\"\ud83c\udf74\" \/> <a href=\"https:\/\/www.montagnelagodicomo.it\/events\/menu-di-capodanno-ristorante-il-faggio-rosso\/\">Ristorante Il Faggio Rosso<\/a><\/h4>\n<h4><img decoding=\"async\" class=\"emoji\" role=\"img\" draggable=\"false\" src=\"https:\/\/s.w.org\/images\/core\/emoji\/16.0.1\/svg\/1f374.svg\" alt=\"\ud83c\udf74\" \/> <a href=\"https:\/\/www.montagnelagodicomo.it\/events\/menu-di-capodanno-ristorante-pizzeria-belvedere\/\">Ristorante Pizzeria Belvedere<\/a><\/h4>\n<h4><img decoding=\"async\" class=\"emoji\" role=\"img\" draggable=\"false\" src=\"https:\/\/s.w.org\/images\/core\/emoji\/16.0.1\/svg\/1f374.svg\" alt=\"\ud83c\udf74\" \/> <a href=\"https:\/\/www.montagnelagodicomo.it\/events\/menu-di-capodanno-ristoro-esino-lario\/\">Ristoro Esino Lario<\/a><\/h4>\n","protected":false},"excerpt":{"rendered":"<p>&nbsp; \ud83c\udf84\ud83e\udd42 Vieni a scoprire i sapori delle Montagne del Lago di Como: durante le feste ristoranti, agriturismi e rifugi ti aspettano per celebrare Natale e Capodanno con piatti ricchi di tradizione e momenti di gusto indimenticabili! \u2728\ud83c\udf7d\ufe0f Scopri tutti e men\u00f9 e prenota! I MENU DI NATALE\ud83c\udf84 Ristorante La Peppa Agriturismo Bon Pr\u00e0 Ristorante [&hellip;]<\/p>\n","protected":false},"author":4,"featured_media":101071,"comment_status":"open","ping_status":"open","sticky":false,"template":"","format":"standard","meta":{"_acf_changed":false,"footnotes":""},"categories":[145],"tags":[1965,1964,1966,1903,1294,1902],"class_list":["post-101069","post","type-post","status-publish","format-standard","has-post-thumbnail","hentry","category-non-categorizzato","tag-capodanno","tag-cena","tag-feste","tag-menu","tag-natale","tag-pranzo"],"acf":[],"yoast_head":"<!-- This site is optimized with the Yoast SEO plugin v25.0 - https:\/\/yoast.com\/wordpress\/plugins\/seo\/ -->\n<title>I MENU&#039; DI NATALE E DI CAPODANNO SULLE MONTAGNE DEL LAGO DI COMO - Lago di Como e Valsassina<\/title>\n<meta name=\"description\" content=\"Vieni a scoprire i sapori delle Montagne del Lago di Como: durante le feste ristoranti, agriturismi e rifugi ti aspettano per celebrare Natale e Capodanno con piatti ricchi di tradizione e momenti di gusto indimenticabili!\" \/>\n<meta name=\"robots\" content=\"index, follow, max-snippet:-1, max-image-preview:large, max-video-preview:-1\" \/>\n<link rel=\"canonical\" href=\"https:\/\/www.montagnelagodicomo.it\/2025\/11\/20\/i-menu-di-natale-e-di-capodanno-sulle-montagne-del-lago-di-como\/\" \/>\n<meta property=\"og:locale\" content=\"fr_FR\" \/>\n<meta property=\"og:type\" content=\"article\" \/>\n<meta property=\"og:title\" content=\"I MENU&#039; DI NATALE E DI CAPODANNO SULLE MONTAGNE DEL LAGO DI COMO - Lago di Como e Valsassina\" \/>\n<meta property=\"og:description\" content=\"Vieni a scoprire i sapori delle Montagne del Lago di Como: durante le feste ristoranti, agriturismi e rifugi ti aspettano per celebrare Natale e Capodanno con piatti ricchi di tradizione e momenti di gusto indimenticabili!\" \/>\n<meta property=\"og:url\" content=\"https:\/\/www.montagnelagodicomo.it\/2025\/11\/20\/i-menu-di-natale-e-di-capodanno-sulle-montagne-del-lago-di-como\/\" \/>\n<meta property=\"og:site_name\" content=\"Lago di Como e Valsassina\" \/>\n<meta property=\"article:publisher\" content=\"https:\/\/www.facebook.com\/montagnelagodicomo\" \/>\n<meta property=\"article:published_time\" content=\"2025-11-20T08:39:49+00:00\" \/>\n<meta property=\"article:modified_time\" content=\"2025-12-22T11:21:59+00:00\" \/>\n<meta property=\"og:image\" content=\"https:\/\/www.montagnelagodicomo.it\/wp-content\/uploads\/2025\/11\/MLC-Menu-di-Natale-e-Capodanno.jpg\" \/>\n\t<meta property=\"og:image:width\" content=\"1080\" \/>\n\t<meta property=\"og:image:height\" content=\"1080\" \/>\n\t<meta property=\"og:image:type\" content=\"image\/jpeg\" \/>\n<meta name=\"author\" content=\"Lago di Como 3\" \/>\n<meta name=\"twitter:card\" content=\"summary_large_image\" \/>\n<meta name=\"twitter:creator\" content=\"@MontagneLago\" \/>\n<meta name=\"twitter:site\" content=\"@MontagneLago\" \/>\n<meta name=\"twitter:label1\" content=\"\u00c9crit par\" \/>\n\t<meta name=\"twitter:data1\" content=\"Lago di Como 3\" \/>\n\t<meta name=\"twitter:label2\" content=\"Dur\u00e9e de lecture estim\u00e9e\" \/>\n\t<meta name=\"twitter:data2\" content=\"5 minutes\" \/>\n<script type=\"application\/ld+json\" class=\"yoast-schema-graph\">{\"@context\":\"https:\/\/schema.org\",\"@graph\":[{\"@type\":\"Article\",\"@id\":\"https:\/\/www.montagnelagodicomo.it\/2025\/11\/20\/i-menu-di-natale-e-di-capodanno-sulle-montagne-del-lago-di-como\/#article\",\"isPartOf\":{\"@id\":\"https:\/\/www.montagnelagodicomo.it\/2025\/11\/20\/i-menu-di-natale-e-di-capodanno-sulle-montagne-del-lago-di-como\/\"},\"author\":{\"name\":\"Lago di Como 3\",\"@id\":\"https:\/\/www.montagnelagodicomo.it\/#\/schema\/person\/62387dee120171fb5c03a77fe5169f1e\"},\"headline\":\"I MENU&rsquo; DI NATALE E DI CAPODANNO SULLE MONTAGNE DEL LAGO DI COMO\",\"datePublished\":\"2025-11-20T08:39:49+00:00\",\"dateModified\":\"2025-12-22T11:21:59+00:00\",\"mainEntityOfPage\":{\"@id\":\"https:\/\/www.montagnelagodicomo.it\/2025\/11\/20\/i-menu-di-natale-e-di-capodanno-sulle-montagne-del-lago-di-como\/\"},\"wordCount\":109,\"commentCount\":0,\"publisher\":{\"@id\":\"https:\/\/www.montagnelagodicomo.it\/#organization\"},\"image\":{\"@id\":\"https:\/\/www.montagnelagodicomo.it\/2025\/11\/20\/i-menu-di-natale-e-di-capodanno-sulle-montagne-del-lago-di-como\/#primaryimage\"},\"thumbnailUrl\":\"https:\/\/www.montagnelagodicomo.it\/wp-content\/uploads\/2025\/11\/MLC-Menu-di-Natale-e-Capodanno.jpg\",\"keywords\":[\"capodanno\",\"cena\",\"feste\",\"menu\",\"natale\",\"pranzo\"],\"articleSection\":[\"Non categorizzato\"],\"inLanguage\":\"fr-FR\",\"potentialAction\":[{\"@type\":\"CommentAction\",\"name\":\"Comment\",\"target\":[\"https:\/\/www.montagnelagodicomo.it\/2025\/11\/20\/i-menu-di-natale-e-di-capodanno-sulle-montagne-del-lago-di-como\/#respond\"]}]},{\"@type\":\"WebPage\",\"@id\":\"https:\/\/www.montagnelagodicomo.it\/2025\/11\/20\/i-menu-di-natale-e-di-capodanno-sulle-montagne-del-lago-di-como\/\",\"url\":\"https:\/\/www.montagnelagodicomo.it\/2025\/11\/20\/i-menu-di-natale-e-di-capodanno-sulle-montagne-del-lago-di-como\/\",\"name\":\"I MENU' DI NATALE E DI CAPODANNO SULLE MONTAGNE DEL LAGO DI COMO - Lago di Como e Valsassina\",\"isPartOf\":{\"@id\":\"https:\/\/www.montagnelagodicomo.it\/#website\"},\"primaryImageOfPage\":{\"@id\":\"https:\/\/www.montagnelagodicomo.it\/2025\/11\/20\/i-menu-di-natale-e-di-capodanno-sulle-montagne-del-lago-di-como\/#primaryimage\"},\"image\":{\"@id\":\"https:\/\/www.montagnelagodicomo.it\/2025\/11\/20\/i-menu-di-natale-e-di-capodanno-sulle-montagne-del-lago-di-como\/#primaryimage\"},\"thumbnailUrl\":\"https:\/\/www.montagnelagodicomo.it\/wp-content\/uploads\/2025\/11\/MLC-Menu-di-Natale-e-Capodanno.jpg\",\"datePublished\":\"2025-11-20T08:39:49+00:00\",\"dateModified\":\"2025-12-22T11:21:59+00:00\",\"description\":\"Vieni a scoprire i sapori delle Montagne del Lago di Como: durante le feste ristoranti, agriturismi e rifugi ti aspettano per celebrare Natale e Capodanno con piatti ricchi di tradizione e momenti di gusto indimenticabili!\",\"breadcrumb\":{\"@id\":\"https:\/\/www.montagnelagodicomo.it\/2025\/11\/20\/i-menu-di-natale-e-di-capodanno-sulle-montagne-del-lago-di-como\/#breadcrumb\"},\"inLanguage\":\"fr-FR\",\"potentialAction\":[{\"@type\":\"ReadAction\",\"target\":[\"https:\/\/www.montagnelagodicomo.it\/2025\/11\/20\/i-menu-di-natale-e-di-capodanno-sulle-montagne-del-lago-di-como\/\"]}]},{\"@type\":\"ImageObject\",\"inLanguage\":\"fr-FR\",\"@id\":\"https:\/\/www.montagnelagodicomo.it\/2025\/11\/20\/i-menu-di-natale-e-di-capodanno-sulle-montagne-del-lago-di-como\/#primaryimage\",\"url\":\"https:\/\/www.montagnelagodicomo.it\/wp-content\/uploads\/2025\/11\/MLC-Menu-di-Natale-e-Capodanno.jpg\",\"contentUrl\":\"https:\/\/www.montagnelagodicomo.it\/wp-content\/uploads\/2025\/11\/MLC-Menu-di-Natale-e-Capodanno.jpg\",\"width\":1080,\"height\":1080},{\"@type\":\"BreadcrumbList\",\"@id\":\"https:\/\/www.montagnelagodicomo.it\/2025\/11\/20\/i-menu-di-natale-e-di-capodanno-sulle-montagne-del-lago-di-como\/#breadcrumb\",\"itemListElement\":[{\"@type\":\"ListItem\",\"position\":1,\"name\":\"Home\",\"item\":\"https:\/\/www.montagnelagodicomo.it\/fr\/\"},{\"@type\":\"ListItem\",\"position\":2,\"name\":\"I MENU&#8217; DI NATALE E DI CAPODANNO SULLE MONTAGNE DEL LAGO DI COMO\"}]},{\"@type\":\"WebSite\",\"@id\":\"https:\/\/www.montagnelagodicomo.it\/#website\",\"url\":\"https:\/\/www.montagnelagodicomo.it\/\",\"name\":\"Lago di Como e Valsassina\",\"description\":\"\",\"publisher\":{\"@id\":\"https:\/\/www.montagnelagodicomo.it\/#organization\"},\"potentialAction\":[{\"@type\":\"SearchAction\",\"target\":{\"@type\":\"EntryPoint\",\"urlTemplate\":\"https:\/\/www.montagnelagodicomo.it\/?s={search_term_string}\"},\"query-input\":{\"@type\":\"PropertyValueSpecification\",\"valueRequired\":true,\"valueName\":\"search_term_string\"}}],\"inLanguage\":\"fr-FR\"},{\"@type\":\"Organization\",\"@id\":\"https:\/\/www.montagnelagodicomo.it\/#organization\",\"name\":\"Montagne del Lago di Como\",\"url\":\"https:\/\/www.montagnelagodicomo.it\/\",\"logo\":{\"@type\":\"ImageObject\",\"inLanguage\":\"fr-FR\",\"@id\":\"https:\/\/www.montagnelagodicomo.it\/#\/schema\/logo\/image\/\",\"url\":\"https:\/\/www.montagnelagodicomo.it\/wp-content\/uploads\/2016\/07\/DEF_Montagne_LagodiComo_04112015_png.png\",\"contentUrl\":\"https:\/\/www.montagnelagodicomo.it\/wp-content\/uploads\/2016\/07\/DEF_Montagne_LagodiComo_04112015_png.png\",\"width\":2997,\"height\":835,\"caption\":\"Montagne del Lago di Como\"},\"image\":{\"@id\":\"https:\/\/www.montagnelagodicomo.it\/#\/schema\/logo\/image\/\"},\"sameAs\":[\"https:\/\/www.facebook.com\/montagnelagodicomo\",\"https:\/\/x.com\/MontagneLago\",\"https:\/\/www.youtube.com\/channel\/UCDoxghWmgQnHlQ78rzZuUjA\"]},{\"@type\":\"Person\",\"@id\":\"https:\/\/www.montagnelagodicomo.it\/#\/schema\/person\/62387dee120171fb5c03a77fe5169f1e\",\"name\":\"Lago di Como 3\",\"image\":{\"@type\":\"ImageObject\",\"inLanguage\":\"fr-FR\",\"@id\":\"https:\/\/www.montagnelagodicomo.it\/#\/schema\/person\/image\/\",\"url\":\"https:\/\/secure.gravatar.com\/avatar\/177606e9ed7370bc5cd946f4243ac59920e657438575f65d56f2ebfb41996b8f?s=96&d=mm&r=g\",\"contentUrl\":\"https:\/\/secure.gravatar.com\/avatar\/177606e9ed7370bc5cd946f4243ac59920e657438575f65d56f2ebfb41996b8f?s=96&d=mm&r=g\",\"caption\":\"Lago di Como 3\"},\"url\":\"https:\/\/www.montagnelagodicomo.it\/fr\/author\/lago-di-como-3\/\"}]}<\/script>\n<!-- \/ Yoast SEO plugin. -->","yoast_head_json":{"title":"I MENU' DI NATALE E DI CAPODANNO SULLE MONTAGNE DEL LAGO DI COMO - Lago di Como e Valsassina","description":"Vieni a scoprire i sapori delle Montagne del Lago di Como: durante le feste ristoranti, agriturismi e rifugi ti aspettano per celebrare Natale e Capodanno con piatti ricchi di tradizione e momenti di gusto indimenticabili!","robots":{"index":"index","follow":"follow","max-snippet":"max-snippet:-1","max-image-preview":"max-image-preview:large","max-video-preview":"max-video-preview:-1"},"canonical":"https:\/\/www.montagnelagodicomo.it\/2025\/11\/20\/i-menu-di-natale-e-di-capodanno-sulle-montagne-del-lago-di-como\/","og_locale":"fr_FR","og_type":"article","og_title":"I MENU' DI NATALE E DI CAPODANNO SULLE MONTAGNE DEL LAGO DI COMO - Lago di Como e Valsassina","og_description":"Vieni a scoprire i sapori delle Montagne del Lago di Como: durante le feste ristoranti, agriturismi e rifugi ti aspettano per celebrare Natale e Capodanno con piatti ricchi di tradizione e momenti di gusto indimenticabili!","og_url":"https:\/\/www.montagnelagodicomo.it\/2025\/11\/20\/i-menu-di-natale-e-di-capodanno-sulle-montagne-del-lago-di-como\/","og_site_name":"Lago di Como e Valsassina","article_publisher":"https:\/\/www.facebook.com\/montagnelagodicomo","article_published_time":"2025-11-20T08:39:49+00:00","article_modified_time":"2025-12-22T11:21:59+00:00","og_image":[{"width":1080,"height":1080,"url":"https:\/\/www.montagnelagodicomo.it\/wp-content\/uploads\/2025\/11\/MLC-Menu-di-Natale-e-Capodanno.jpg","type":"image\/jpeg"}],"author":"Lago di Como 3","twitter_card":"summary_large_image","twitter_creator":"@MontagneLago","twitter_site":"@MontagneLago","twitter_misc":{"\u00c9crit par":"Lago di Como 3","Dur\u00e9e de lecture estim\u00e9e":"5 minutes"},"schema":{"@context":"https:\/\/schema.org","@graph":[{"@type":"Article","@id":"https:\/\/www.montagnelagodicomo.it\/2025\/11\/20\/i-menu-di-natale-e-di-capodanno-sulle-montagne-del-lago-di-como\/#article","isPartOf":{"@id":"https:\/\/www.montagnelagodicomo.it\/2025\/11\/20\/i-menu-di-natale-e-di-capodanno-sulle-montagne-del-lago-di-como\/"},"author":{"name":"Lago di Como 3","@id":"https:\/\/www.montagnelagodicomo.it\/#\/schema\/person\/62387dee120171fb5c03a77fe5169f1e"},"headline":"I MENU&rsquo; DI NATALE E DI CAPODANNO SULLE MONTAGNE DEL LAGO DI COMO","datePublished":"2025-11-20T08:39:49+00:00","dateModified":"2025-12-22T11:21:59+00:00","mainEntityOfPage":{"@id":"https:\/\/www.montagnelagodicomo.it\/2025\/11\/20\/i-menu-di-natale-e-di-capodanno-sulle-montagne-del-lago-di-como\/"},"wordCount":109,"commentCount":0,"publisher":{"@id":"https:\/\/www.montagnelagodicomo.it\/#organization"},"image":{"@id":"https:\/\/www.montagnelagodicomo.it\/2025\/11\/20\/i-menu-di-natale-e-di-capodanno-sulle-montagne-del-lago-di-como\/#primaryimage"},"thumbnailUrl":"https:\/\/www.montagnelagodicomo.it\/wp-content\/uploads\/2025\/11\/MLC-Menu-di-Natale-e-Capodanno.jpg","keywords":["capodanno","cena","feste","menu","natale","pranzo"],"articleSection":["Non categorizzato"],"inLanguage":"fr-FR","potentialAction":[{"@type":"CommentAction","name":"Comment","target":["https:\/\/www.montagnelagodicomo.it\/2025\/11\/20\/i-menu-di-natale-e-di-capodanno-sulle-montagne-del-lago-di-como\/#respond"]}]},{"@type":"WebPage","@id":"https:\/\/www.montagnelagodicomo.it\/2025\/11\/20\/i-menu-di-natale-e-di-capodanno-sulle-montagne-del-lago-di-como\/","url":"https:\/\/www.montagnelagodicomo.it\/2025\/11\/20\/i-menu-di-natale-e-di-capodanno-sulle-montagne-del-lago-di-como\/","name":"I MENU' DI NATALE E DI CAPODANNO SULLE MONTAGNE DEL LAGO DI COMO - Lago di Como e Valsassina","isPartOf":{"@id":"https:\/\/www.montagnelagodicomo.it\/#website"},"primaryImageOfPage":{"@id":"https:\/\/www.montagnelagodicomo.it\/2025\/11\/20\/i-menu-di-natale-e-di-capodanno-sulle-montagne-del-lago-di-como\/#primaryimage"},"image":{"@id":"https:\/\/www.montagnelagodicomo.it\/2025\/11\/20\/i-menu-di-natale-e-di-capodanno-sulle-montagne-del-lago-di-como\/#primaryimage"},"thumbnailUrl":"https:\/\/www.montagnelagodicomo.it\/wp-content\/uploads\/2025\/11\/MLC-Menu-di-Natale-e-Capodanno.jpg","datePublished":"2025-11-20T08:39:49+00:00","dateModified":"2025-12-22T11:21:59+00:00","description":"Vieni a scoprire i sapori delle Montagne del Lago di Como: durante le feste ristoranti, agriturismi e rifugi ti aspettano per celebrare Natale e Capodanno con piatti ricchi di tradizione e momenti di gusto indimenticabili!","breadcrumb":{"@id":"https:\/\/www.montagnelagodicomo.it\/2025\/11\/20\/i-menu-di-natale-e-di-capodanno-sulle-montagne-del-lago-di-como\/#breadcrumb"},"inLanguage":"fr-FR","potentialAction":[{"@type":"ReadAction","target":["https:\/\/www.montagnelagodicomo.it\/2025\/11\/20\/i-menu-di-natale-e-di-capodanno-sulle-montagne-del-lago-di-como\/"]}]},{"@type":"ImageObject","inLanguage":"fr-FR","@id":"https:\/\/www.montagnelagodicomo.it\/2025\/11\/20\/i-menu-di-natale-e-di-capodanno-sulle-montagne-del-lago-di-como\/#primaryimage","url":"https:\/\/www.montagnelagodicomo.it\/wp-content\/uploads\/2025\/11\/MLC-Menu-di-Natale-e-Capodanno.jpg","contentUrl":"https:\/\/www.montagnelagodicomo.it\/wp-content\/uploads\/2025\/11\/MLC-Menu-di-Natale-e-Capodanno.jpg","width":1080,"height":1080},{"@type":"BreadcrumbList","@id":"https:\/\/www.montagnelagodicomo.it\/2025\/11\/20\/i-menu-di-natale-e-di-capodanno-sulle-montagne-del-lago-di-como\/#breadcrumb","itemListElement":[{"@type":"ListItem","position":1,"name":"Home","item":"https:\/\/www.montagnelagodicomo.it\/fr\/"},{"@type":"ListItem","position":2,"name":"I MENU&#8217; DI NATALE E DI CAPODANNO SULLE MONTAGNE DEL LAGO DI COMO"}]},{"@type":"WebSite","@id":"https:\/\/www.montagnelagodicomo.it\/#website","url":"https:\/\/www.montagnelagodicomo.it\/","name":"Lago di Como e Valsassina","description":"","publisher":{"@id":"https:\/\/www.montagnelagodicomo.it\/#organization"},"potentialAction":[{"@type":"SearchAction","target":{"@type":"EntryPoint","urlTemplate":"https:\/\/www.montagnelagodicomo.it\/?s={search_term_string}"},"query-input":{"@type":"PropertyValueSpecification","valueRequired":true,"valueName":"search_term_string"}}],"inLanguage":"fr-FR"},{"@type":"Organization","@id":"https:\/\/www.montagnelagodicomo.it\/#organization","name":"Montagne del Lago di Como","url":"https:\/\/www.montagnelagodicomo.it\/","logo":{"@type":"ImageObject","inLanguage":"fr-FR","@id":"https:\/\/www.montagnelagodicomo.it\/#\/schema\/logo\/image\/","url":"https:\/\/www.montagnelagodicomo.it\/wp-content\/uploads\/2016\/07\/DEF_Montagne_LagodiComo_04112015_png.png","contentUrl":"https:\/\/www.montagnelagodicomo.it\/wp-content\/uploads\/2016\/07\/DEF_Montagne_LagodiComo_04112015_png.png","width":2997,"height":835,"caption":"Montagne del Lago di Como"},"image":{"@id":"https:\/\/www.montagnelagodicomo.it\/#\/schema\/logo\/image\/"},"sameAs":["https:\/\/www.facebook.com\/montagnelagodicomo","https:\/\/x.com\/MontagneLago","https:\/\/www.youtube.com\/channel\/UCDoxghWmgQnHlQ78rzZuUjA"]},{"@type":"Person","@id":"https:\/\/www.montagnelagodicomo.it\/#\/schema\/person\/62387dee120171fb5c03a77fe5169f1e","name":"Lago di Como 3","image":{"@type":"ImageObject","inLanguage":"fr-FR","@id":"https:\/\/www.montagnelagodicomo.it\/#\/schema\/person\/image\/","url":"https:\/\/secure.gravatar.com\/avatar\/177606e9ed7370bc5cd946f4243ac59920e657438575f65d56f2ebfb41996b8f?s=96&d=mm&r=g","contentUrl":"https:\/\/secure.gravatar.com\/avatar\/177606e9ed7370bc5cd946f4243ac59920e657438575f65d56f2ebfb41996b8f?s=96&d=mm&r=g","caption":"Lago di Como 3"},"url":"https:\/\/www.montagnelagodicomo.it\/fr\/author\/lago-di-como-3\/"}]}},"_links":{"self":[{"href":"https:\/\/www.montagnelagodicomo.it\/fr\/wp-json\/wp\/v2\/posts\/101069","targetHints":{"allow":["GET"]}}],"collection":[{"href":"https:\/\/www.montagnelagodicomo.it\/fr\/wp-json\/wp\/v2\/posts"}],"about":[{"href":"https:\/\/www.montagnelagodicomo.it\/fr\/wp-json\/wp\/v2\/types\/post"}],"author":[{"embeddable":true,"href":"https:\/\/www.montagnelagodicomo.it\/fr\/wp-json\/wp\/v2\/users\/4"}],"replies":[{"embeddable":true,"href":"https:\/\/www.montagnelagodicomo.it\/fr\/wp-json\/wp\/v2\/comments?post=101069"}],"version-history":[{"count":12,"href":"https:\/\/www.montagnelagodicomo.it\/fr\/wp-json\/wp\/v2\/posts\/101069\/revisions"}],"predecessor-version":[{"id":101426,"href":"https:\/\/www.montagnelagodicomo.it\/fr\/wp-json\/wp\/v2\/posts\/101069\/revisions\/101426"}],"wp:featuredmedia":[{"embeddable":true,"href":"https:\/\/www.montagnelagodicomo.it\/fr\/wp-json\/wp\/v2\/media\/101071"}],"wp:attachment":[{"href":"https:\/\/www.montagnelagodicomo.it\/fr\/wp-json\/wp\/v2\/media?parent=101069"}],"wp:term":[{"taxonomy":"category","embeddable":true,"href":"https:\/\/www.montagnelagodicomo.it\/fr\/wp-json\/wp\/v2\/categories?post=101069"},{"taxonomy":"post_tag","embeddable":true,"href":"https:\/\/www.montagnelagodicomo.it\/fr\/wp-json\/wp\/v2\/tags?post=101069"}],"curies":[{"name":"wp","href":"https:\/\/api.w.org\/{rel}","templated":true}]}}