{"id":101171,"date":"2025-11-28T12:10:13","date_gmt":"2025-11-28T11:10:13","guid":{"rendered":"https:\/\/www.montagnelagodicomo.it\/2025\/11\/28\/le-nostre-proposte-per-novembre-3\/"},"modified":"2025-11-28T12:45:24","modified_gmt":"2025-11-28T11:45:24","slug":"lle-nostre-proposte-per-dicembre","status":"publish","type":"post","link":"https:\/\/www.montagnelagodicomo.it\/fr\/2025\/11\/28\/lle-nostre-proposte-per-dicembre\/","title":{"rendered":"Le nostre proposte per Dicembre"},"content":{"rendered":"<p><img fetchpriority=\"high\" decoding=\"async\" class=\"alignnone wp-image-66095 aligncenter\" src=\"https:\/\/www.montagnelagodicomo.it\/wp-content\/uploads\/2020\/05\/MLC-eventi-Natale_Kwa-Klok-300x120.jpg\" alt=\"\" width=\"700\" height=\"280\" srcset=\"https:\/\/www.montagnelagodicomo.it\/wp-content\/uploads\/2020\/05\/MLC-eventi-Natale_Kwa-Klok-300x120.jpg 300w, https:\/\/www.montagnelagodicomo.it\/wp-content\/uploads\/2020\/05\/MLC-eventi-Natale_Kwa-Klok-1024x410.jpg 1024w, https:\/\/www.montagnelagodicomo.it\/wp-content\/uploads\/2020\/05\/MLC-eventi-Natale_Kwa-Klok-768x307.jpg 768w, https:\/\/www.montagnelagodicomo.it\/wp-content\/uploads\/2020\/05\/MLC-eventi-Natale_Kwa-Klok-1536x614.jpg 1536w, https:\/\/www.montagnelagodicomo.it\/wp-content\/uploads\/2020\/05\/MLC-eventi-Natale_Kwa-Klok.jpg 1920w\" sizes=\"(max-width: 700px) 100vw, 700px\" \/><\/p>\n<p>Care\/i amiche\/ci,<br \/>\nDicembre \u00e8 il mese in cui l\u2019inverno fa il suo ingresso pi\u00f9 poetico: l\u2019aria si fa pi\u00f9 nitida, le luci si accendono nelle case e il paesaggio si veste di una calma silenziosa che invita alla contemplazione.<br \/>\n\u00c8 il tempo dei passi che scricchiolano sulla brina, dei sorrisi condivisi davanti a una tazza fumante e delle giornate che profumano di attesa e piccoli rituali.<br \/>\nLe Montagne del Lago di Como vi accolgono anche ora, immerse in un\u2019atmosfera magica, tra panorami innevati, borghi raccolti e momenti di autentico calore. Pronte a regalarvi emozioni sincere, natura intatta e quella pace che solo l\u2019inverno sa offrire. \u2744\ufe0f\u2728<\/p>\n<h3><span style=\"color: #800000;\">ASPETTANDO IL NATALE A DERVIO &#8211; UN GIORNO DI FESTA TRA MERCATINI, SPETTACOLI E LUMINARIE<\/span><\/h3>\n<p><strong>Domenica 30 novembre<\/strong>, Piazza Municipio a\u00a0<strong>Dervio<\/strong>\u00a0diventa un vero villaggio natalizio con\u00a0<span style=\"color: #800000;\"><strong><a style=\"color: #800000;\" href=\"https:\/\/www.montagnelagodicomo.it\/events\/aspettando-il-natale-a-dervio-2\/\" target=\"_blank\" rel=\"noopener\"><em>Aspettando il Natale<\/em><\/a><\/strong><\/span>! Tra mercatini, casa di Babbo Natale e spettacolo di burattini, la mattinata sar\u00e0 ricca di atmosfera. Nel pomeriggio, truccabimbi e l\u2019arrivo di Babbo Natale in carrozza. Musica, spettacoli, gonfiabili, zucchero filato e tante golosit\u00e0 accompagneranno la giornata, che si chiuder\u00e0 con la magica accensione delle luminarie. Un evento per celebrare insieme la magia del Natale! \ud83c\udf84\u2728<\/p>\n<h3><span style=\"color: #800000;\">AUTUNNO AL PANORAMA &#8211; SAPORI DI VALTELLINA E VALVARRONE CON VISTA<\/span><\/h3>\n<p dir=\"auto\">Al\u00a0<strong>Panorama Caff\u00e8<\/strong>\u00a0l\u2019autunno si gusta davvero!<br \/>\n<strong>Domenica 30 novembre<\/strong>\u00a0vi aspetta\u00a0<span style=\"color: #800000;\"><strong><em><a style=\"color: #800000;\" href=\"https:\/\/www.montagnelagodicomo.it\/events\/autunno-al-panorama-caffe-vestreno\/\" target=\"_blank\" rel=\"noopener\">Autunno al Panorama<\/a><\/em><\/strong><\/span>\u00a0una giornata dedicata ai sapori della Valtellina e della Valvarrone: sciatt e bresaola, accompagnati da una degustazione di formaggi di capra e altre prelibatezze. A rendere l\u2019atmosfera ancora pi\u00f9 speciale ci sar\u00e0 la musica!<br \/>\nNon mancher\u00e0 anche una cantina vinicola per una degustazione tutta da scoprire. Un appuntamento da non perdere per vivere l\u2019autunno tra buon cibo, musica e panorami mozzafiato\ud83c\udf41<\/p>\n<h3><span style=\"color: #800000;\">SAPORI DI NATALE: LA CENA DEGLI AUGURI ALL&rsquo;ALBERGO RISTORANTE ALPINO<\/span><\/h3>\n<p>Per tutto il mese di\u00a0Dicembre, l\u2019<strong>Albergo Ristorante Alpino<\/strong>\u00a0di Casargo ti invita a festeggiare le festivit\u00e0 con una\u00a0speciale\u00a0<span style=\"color: #800000;\"><strong><a style=\"color: #800000;\" href=\"https:\/\/www.montagnelagodicomo.it\/events\/cena-degli-auguri-di-natale-albergo-alpino\/\" target=\"_blank\" rel=\"noopener\"><em>Cena degli Auguri di Natale<\/em><\/a><\/strong><\/span>, disponibile\u00a0su prenotazione.<br \/>\nUn\u2019occasione perfetta per ritrovarsi in un\u2019atmosfera calda e accogliente, gustando i sapori autentici della tradizione valtellinese reinterpretati con creativit\u00e0.<\/p>\n<h3><span style=\"color: #800000;\">PEDALANDO NEL PAESE FANTASMA &#8211; ALLA SCOPERTA DI COSONNO CON GIRA IN GIRO BIKE\u00a0<\/span><\/h3>\n<p>Scopri la bellezza naturalistica del territorio lecchese,\u00a0<em><strong><span style=\"color: #800000;\"><a style=\"color: #800000;\" href=\"https:\/\/ecommerce.montagnelagodicomo.it\/esperienze\/e-bike-tours\/pedalando-nel-paese-fantasma-alla-scoperta-di-consonno-con-gira-in-giro-bike\" target=\"_blank\" rel=\"noopener\">pedalando nel paese fantasma<\/a><\/span>,\u00a0<\/strong><\/em>grazie a questa esperienza in sella alla tua mountain bike! Partendo dalla ciclabile si andr\u00e0 verso Olginate, per poi salire fino alla \u201ccitt\u00e0 fantasma\u201d di Consonno. Lungo il tragitto ti verranno proposti esercizi pratici mirati, pensati per fornirti le nozioni di base necessarie per guidare la tua mountain bike.<\/p>\n<h3><span class=\"tinyMce-placeholder\"><span style=\"color: #800000;\">I WEEKEND DEI SAPORI D&rsquo;AUTUNNO &#8211; SAPORI ED ESPERIENZE TRA LE MONTAGNE DEL LAGO DI COMO\ud83c\udf74<\/span>\ud83c\udf41<\/span><\/h3>\n<p>Prosegue ancora per qualche giorno la rassegna dei<strong>\u00a0<span style=\"color: #800000;\"><a style=\"color: #800000;\" href=\"https:\/\/www.montagnelagodicomo.it\/events\/weekend-dei-sapori-dautunno-sulle-montagne-del-lago-di-como-2025\/\" target=\"_blank\" rel=\"noopener\"><em>Weekend dei Sapori d&rsquo;Autunno<\/em><\/a><\/span><\/strong>, l&rsquo;appuntamento gastronomico che racconta l&rsquo;autunno sulle Montagne del Lago di Como.<br \/>\nRistoranti, rifugi e agriturismi sono pronti ad accogliervi con menu e proposte pensate per farvi vivere la montagna\u2026 a tavola, e non solo!<\/p>\n<h3><span style=\"color: #800000;\">I MERCOLEDI&rsquo; DELLE MINIERE &#8211; ESPLORAZIONI SETTIMANALI NEL MONDO MINERARIO<\/span><\/h3>\n<p>Se non hai mai visitato il suggestivo\u00a0<span style=\"color: #800000;\"><strong><a style=\"color: #800000;\" href=\"https:\/\/www.montagnelagodicomo.it\/events\/i-mercoledi-delle-miniere-visite-gratuite-al-parco-minerario-cortabbio-di-primaluna\/\" target=\"_blank\" rel=\"noopener\">Parco Minerario di Cortabbio di Primaluna<\/a><\/strong><\/span>, dal mese di dicembre puoi farlo gratuitamente, ogni mercoled\u00ec.<br \/>\nPotrai finalmente esplorare le meraviglie del parco nei giorni feriali,\u00a0senza costi e senza limiti di numero minimo di partecipanti. Un\u2019esperienza affascinante alla scoperta della storia mineraria del territorio e dei suoi tesori nascosti.<\/p>\n<h3><span style=\"color: #800000;\">NOTTE DI VITA &#8211; TRE CORI, UN PROGETTO COMUNE<\/span><\/h3>\n<p>Dopo il grande successo dello scorso anno, il Coro Alpino Lecchese, il Coro Vandelia e il Coro Nives\u00a0tornano a riunirsi sotto la direzione del Maestro Francesco Bussani per dar vita a un nuovo e intenso viaggio musicale: il concerto\u00a0<span style=\"color: #800000;\"><strong><a style=\"color: #800000;\" href=\"https:\/\/www.montagnelagodicomo.it\/events\/notte-di-vita-tre-cori-un-progetto-comune\/\" target=\"_blank\" rel=\"noopener\"><em>NoTte di Vita<\/em><\/a><\/strong>.<\/span><br \/>\nI tre cori vi aspettano<strong>\u00a0sabato 6 dicembre<\/strong>\u00a0a Valmadrera per accompagnarvi, con la loro musica, verso la magia del Natale.<\/p>\n<h3><span style=\"color: #800000;\">NATALE A COLICO &#8211; MERCATINI E PISTA DA PATTINAGGIO<\/span><\/h3>\n<p>A Colico torna la magia del Natale!<br \/>\nDa<strong>\u00a0<\/strong>sabato 29 novembre 2025 si aprono i\u00a0<span style=\"color: #800000;\"><strong><a style=\"color: #800000;\" href=\"https:\/\/www.montagnelagodicomo.it\/events\/natale-a-colico-mercatini-e-pista-da-pattinaggio\/\" target=\"_blank\" rel=\"noopener\">Mercatini di Natale e la pista di pattinaggio<\/a><\/strong><\/span>\u00a0su ghiaccio in Piazza Garibaldi. Per tutto il periodo festivo il lungolago si trasformer\u00e0 in un vero villaggio natalizio, con luci, decorazioni e casette dedicate a prodotti artigianali e idee regalo. La pista di pattinaggio accoglier\u00e0 famiglie e appassionati di ogni et\u00e0, regalando momenti di pura atmosfera natalizia.<br \/>\nUn\u2019occasione speciale per vivere insieme le feste sul lago!<\/p>\n<h3><span style=\"color: #800000;\">CAPODANNO 2025 ALL&rsquo;ALBERGO ALPINO &#8211; TRE GIORNI DI RELAX, GUSTO E ATMOSFERA FESTOSA<\/span><\/h3>\n<p>L\u2019<strong>Albergo Ristorante Alpino<\/strong>\u00a0ti accoglie per un Capodanno all\u2019insegna del relax e della buona cucina.<br \/>\nIl\u00a0<span style=\"color: #800000;\"><strong><a style=\"color: #800000;\" href=\"https:\/\/www.montagnelagodicomo.it\/events\/capodanno-2025-allalbergo-alpino\/\" target=\"_blank\" rel=\"noopener\">pacchetto speciale<\/a><\/strong><\/span>\u00a0prevede tre giorni in pensione completa e un elegante Cenone di San Silvestro, con un men\u00f9 ricco che accompagna gli ospiti dall\u2019antipasto al caff\u00e8.<br \/>\nUn\u2019occasione per vivere la fine dell\u2019anno in un\u2019atmosfera calda e festosa, tra sapori autentici e momenti da condividere. \ud83e\udd42\u2728<\/p>\n<h3><span style=\"color: #800000;\">FESTEGGIA NATALE E CAPODANNO SULLE MONTAGNE DEL LAGO DI COMO &#8211; SCOPRI I MENU SPECIALI DEI NOSTRI RISTORANTI\u00a0<\/span><\/h3>\n<p>Le Montagne del Lago di Como si preparano a celebrare Natale e Capodanno con gusto e magia! Ristoranti, agriturismi, rifugi e trattorie del territorio hanno ideato\u00a0<span style=\"color: #800000;\"><strong><a style=\"color: #800000;\" href=\"https:\/\/www.montagnelagodicomo.it\/2025\/11\/20\/i-menu-di-natale-e-di-capodanno-sulle-montagne-del-lago-di-como\/\" target=\"_blank\" rel=\"noopener\">men\u00f9 speciali e ricchi di tradizione<\/a><\/strong><\/span>, pensati per rendere le feste un\u2019esperienza autentica.<br \/>\nDalla tavola di Natale ai cenoni di Capodanno, potrai gustare piatti unici, preparati con ingredienti locali e creativit\u00e0, in atmosfere calde, accoglienti e festose. Scopri tutte le proposte e lasciati conquistare dai sapori delle nostre montagne!<\/p>\n<h3><span style=\"color: #800000;\">MENU DELL&rsquo;IMMACOLATA &#8211; UN VIAGGIO TRA GLI INGREDIENTI DI STAGIONE ALLA GASTRONOMIA NON SOLO PASTA<\/span><\/h3>\n<p>In occasione del ponte dell\u2019Immacolata, la\u00a0<strong>Gastronomia Non Solo Pasta\u00a0<\/strong>di Pasturo ha preparato un\u00a0<span style=\"color: #800000;\"><strong><a style=\"color: #800000;\" href=\"https:\/\/www.montagnelagodicomo.it\/events\/il-menu-dellimmacolata-gastronomia-non-solo-pasta\/\" target=\"_blank\" rel=\"noopener\">ricco men\u00f9 invernale<\/a><\/strong><\/span>\u00a0tutto da scoprire!<br \/>\nPer tre giorni potrai gustare una selezione di antipasti tradizionali, primi fumanti, pasta fresca fatta in casa, secondi saporiti, contorni tipici e dolci irresistibili, pensati per celebrare la stagione pi\u00f9 magica dell\u2019anno.<\/p>\n<h3><span style=\"color: #800000;\">IDEE REGALO SPECIALI SULLE MONTAGNE DEL LAGO DI COMO<\/span><\/h3>\n<p>Il periodo pi\u00f9 magico dell\u2019anno \u00e8 alle porte\u2026 e tra le\u00a0Montagne del Lago di Como\u00a0potresti trovare il regalo perfetto per sorprendere chi ami!<br \/>\nScopri la nostra\u00a0<span style=\"color: #800000;\"><strong><a style=\"color: #800000;\" href=\"https:\/\/h7c8.emailsp.com\/f\/rnl.aspx\/?mje=vyurw3c&amp;kl=uzek-=s_uwz:e7&amp;d=.fg:d&amp;x=pp&amp;wyegeg8&amp;x=pv&amp;e7d8-b&amp;a9beg6&amp;l3.6k=_vyxNCLM\" target=\"_blank\" rel=\"noopener\">selezione di idee regalo<\/a><\/strong><\/span>\u00a0pensate per far vivere e gustare la bellezza autentica del nostro territorio:<br \/>\n\u2728<strong>\u00a0Gift Card\u00a0&amp;\u00a0buoni regalo<\/strong>\u00a0per esperienze indimenticabili tra natura, sapori e tradizioni locali.<br \/>\n\ud83c\udf81\u00a0<strong>Cesti natalizi<\/strong>\u00a0con prodotti tipici delle nostre montagne, un dono genuino che racconta la nostra terra.<\/p>\n<h3><span style=\"color: #800000;\">LA MAGIA DELL\u2019INVERNO A LECCO &#8211; RITORNA LA PISTA DI PATTINAGGIO XXL<\/span><\/h3>\n<p>Torna la pista di pattinaggio a Lecco!<br \/>\nDa sabato 15 novembre la citt\u00e0 si anima con la\u00a0<span style=\"color: #800000;\"><strong><a style=\"color: #800000;\" href=\"https:\/\/www.montagnelagodicomo.it\/events\/pista-di-pattinaggio-xxl-lecco\/\" target=\"_blank\" rel=\"noopener\">Pista di Pattinaggio XXL<\/a><\/strong><\/span>, pronta ad accogliere grandi e piccoli fino al 25 gennaio 2026.<br \/>\nUn luogo perfetto per trascorrere pomeriggi e serate tra divertimento, musica e atmosfera invernale.<br \/>\nUn appuntamento imperdibile per vivere la magia dell\u2019inverno sul ghiaccio, nel cuore di Lecco! \u2744\u26f8\u2728<\/p>\n<h3><span style=\"color: #800000;\">CHRISTMAS ALIMENTAMENTE &#8211; UN DONO SPECIALE<\/span><\/h3>\n<p>Regala a chi ami un momento unico di Benessere, Pace, Serenit\u00e0 ed Equilibrio. Il\u00a0<span style=\"color: #800000;\"><strong><a style=\"color: #800000;\" href=\"https:\/\/www.montagnelagodicomo.it\/events\/christmas-alimentamente-2025\/\" target=\"_blank\" rel=\"noopener\">Team di Alimentamente<\/a><\/strong><\/span>\u00a0organizza\u00a0percorsi di Coaching, Mentalfitness e Shatzu, pensati per rallentare, rigenerarsi e armonizzare corpo e mente, oppure\u00a0percorsi di BenEssere: esperienze indimenticabili che resteranno nel cuore di chi le riceve.<br \/>\nScopri anche eventi natalizi e cene di gala in location suggestive e incastonate tra le montagne del Lago di Como, dove lasciarsi avvolgere da Natura, Arte, Musica e Cultura, trasformando ogni momento speciale in un\u2019esperienza memorabile.<\/p>\n<h3><span style=\"color: #800000;\">NATALE AL MUSEO &#8211; VIVI LA MAGIA ALLA FORNACE DI BARZIO<\/span><\/h3>\n<p>Il\u00a0<strong>Museo La Fornace di Barzio<\/strong>\u00a0si veste di magia: Babbo Natale e i suoi Elfi aspettano grandi e piccoli per laboratori creativi e momenti speciali all\u2019insegna dello spirito natalizio, che faranno brillare gli occhi. Un\u2019occasione ideale per vivere insieme\u00a0<span style=\"color: #800000;\"><a style=\"color: #800000;\" href=\"https:\/\/www.montagnelagodicomo.it\/events\/natale-al-museo-la-fornace-barzio\/\" target=\"_blank\" rel=\"noopener\">un Natale davvero unico al museo<\/a><\/span>!<\/p>\n<p style=\"text-align: center;\">Montagne del Lago di Como augura a tutti buone Feste e buon Natale!\ud83c\udf85<\/p>\n<p>&nbsp;<\/p>\n<p style=\"text-align: center;\"><span style=\"color: #ff6600;\"><strong>Vuoi ricevere la newsletter? Scrivici a info@montagnelagodicomo.it<\/strong><\/span><\/p>\n","protected":false},"excerpt":{"rendered":"<p>Care\/i amiche\/ci, Dicembre \u00e8 il mese in cui l\u2019inverno fa il suo ingresso pi\u00f9 poetico: l\u2019aria si fa pi\u00f9 nitida, le luci si accendono nelle case e il paesaggio si veste di una calma silenziosa che invita alla contemplazione. \u00c8 il tempo dei passi che scricchiolano sulla brina, dei sorrisi condivisi davanti a una tazza [&hellip;]<\/p>\n","protected":false},"author":4,"featured_media":66095,"comment_status":"open","ping_status":"open","sticky":false,"template":"","format":"standard","meta":{"_acf_changed":false,"footnotes":""},"categories":[145],"tags":[1967,1295,1881,1599,1210],"class_list":["post-101171","post","type-post","status-publish","format-standard","has-post-thumbnail","hentry","category-non-categorizzato","tag-dicembre","tag-eventi","tag-idee","tag-proposte","tag-weekend"],"acf":[],"yoast_head":"<!-- This site is optimized with the Yoast SEO plugin v25.0 - https:\/\/yoast.com\/wordpress\/plugins\/seo\/ -->\n<title>Le nostre proposte per Dicembre - Lago di Como e Valsassina<\/title>\n<meta name=\"description\" content=\"Care\/i amiche\/ci, Dicembre \u00e8 il mese in cui l\u2019inverno fa il suo ingresso pi\u00f9 poetico: l\u2019aria si fa pi\u00f9 nitida, le luci si accendono nelle case e il paesaggio si veste di una calma silenziosa che invita alla contemplazione.\u00c8 il tempo dei passi che scricchiolano sulla brina, dei sorrisi condivisi davanti a una tazza fumante e delle giornate che profumano di attesa e piccoli rituali.Le Montagne del Lago di Como vi accolgono anche ora, immerse in un\u2019atmosfera magica, tra panorami innevati, borghi raccolti e momenti di autentico calore. Pronte a regalarvi emozioni sincere, natura intatta e quella pace che solo l\u2019inverno sa offrire.\" \/>\n<meta name=\"robots\" content=\"index, follow, max-snippet:-1, max-image-preview:large, max-video-preview:-1\" \/>\n<link rel=\"canonical\" href=\"https:\/\/www.montagnelagodicomo.it\/2025\/11\/28\/lle-nostre-proposte-per-dicembre\/\" \/>\n<meta property=\"og:locale\" content=\"fr_FR\" \/>\n<meta property=\"og:type\" content=\"article\" \/>\n<meta property=\"og:title\" content=\"Le nostre proposte per Dicembre - Lago di Como e Valsassina\" \/>\n<meta property=\"og:description\" content=\"Care\/i amiche\/ci, Dicembre \u00e8 il mese in cui l\u2019inverno fa il suo ingresso pi\u00f9 poetico: l\u2019aria si fa pi\u00f9 nitida, le luci si accendono nelle case e il paesaggio si veste di una calma silenziosa che invita alla contemplazione.\u00c8 il tempo dei passi che scricchiolano sulla brina, dei sorrisi condivisi davanti a una tazza fumante e delle giornate che profumano di attesa e piccoli rituali.Le Montagne del Lago di Como vi accolgono anche ora, immerse in un\u2019atmosfera magica, tra panorami innevati, borghi raccolti e momenti di autentico calore. Pronte a regalarvi emozioni sincere, natura intatta e quella pace che solo l\u2019inverno sa offrire.\" \/>\n<meta property=\"og:url\" content=\"https:\/\/www.montagnelagodicomo.it\/2025\/11\/28\/lle-nostre-proposte-per-dicembre\/\" \/>\n<meta property=\"og:site_name\" content=\"Lago di Como e Valsassina\" \/>\n<meta property=\"article:publisher\" content=\"https:\/\/www.facebook.com\/montagnelagodicomo\" \/>\n<meta property=\"article:published_time\" content=\"2025-11-28T11:10:13+00:00\" \/>\n<meta property=\"article:modified_time\" content=\"2025-11-28T11:45:24+00:00\" \/>\n<meta property=\"og:image\" content=\"https:\/\/www.montagnelagodicomo.it\/wp-content\/uploads\/2020\/05\/MLC-eventi-Natale_Kwa-Klok.jpg\" \/>\n\t<meta property=\"og:image:width\" content=\"1920\" \/>\n\t<meta property=\"og:image:height\" content=\"768\" \/>\n\t<meta property=\"og:image:type\" content=\"image\/jpeg\" \/>\n<meta name=\"author\" content=\"Lago di Como 3\" \/>\n<meta name=\"twitter:card\" content=\"summary_large_image\" \/>\n<meta name=\"twitter:creator\" content=\"@MontagneLago\" \/>\n<meta name=\"twitter:site\" content=\"@MontagneLago\" \/>\n<meta name=\"twitter:label1\" content=\"\u00c9crit par\" \/>\n\t<meta name=\"twitter:data1\" content=\"Lago di Como 3\" \/>\n\t<meta name=\"twitter:label2\" content=\"Dur\u00e9e de lecture estim\u00e9e\" \/>\n\t<meta name=\"twitter:data2\" content=\"8 minutes\" \/>\n<script type=\"application\/ld+json\" class=\"yoast-schema-graph\">{\"@context\":\"https:\/\/schema.org\",\"@graph\":[{\"@type\":\"Article\",\"@id\":\"https:\/\/www.montagnelagodicomo.it\/2025\/11\/28\/lle-nostre-proposte-per-dicembre\/#article\",\"isPartOf\":{\"@id\":\"https:\/\/www.montagnelagodicomo.it\/2025\/11\/28\/lle-nostre-proposte-per-dicembre\/\"},\"author\":{\"name\":\"Lago di Como 3\",\"@id\":\"https:\/\/www.montagnelagodicomo.it\/#\/schema\/person\/62387dee120171fb5c03a77fe5169f1e\"},\"headline\":\"Le nostre proposte per Dicembre\",\"datePublished\":\"2025-11-28T11:10:13+00:00\",\"dateModified\":\"2025-11-28T11:45:24+00:00\",\"mainEntityOfPage\":{\"@id\":\"https:\/\/www.montagnelagodicomo.it\/2025\/11\/28\/lle-nostre-proposte-per-dicembre\/\"},\"wordCount\":1280,\"commentCount\":0,\"publisher\":{\"@id\":\"https:\/\/www.montagnelagodicomo.it\/#organization\"},\"image\":{\"@id\":\"https:\/\/www.montagnelagodicomo.it\/2025\/11\/28\/lle-nostre-proposte-per-dicembre\/#primaryimage\"},\"thumbnailUrl\":\"https:\/\/www.montagnelagodicomo.it\/wp-content\/uploads\/2020\/05\/MLC-eventi-Natale_Kwa-Klok.jpg\",\"keywords\":[\"dicembre\",\"eventi\",\"idee\",\"proposte\",\"weekend\"],\"articleSection\":[\"Non categorizzato\"],\"inLanguage\":\"fr-FR\",\"potentialAction\":[{\"@type\":\"CommentAction\",\"name\":\"Comment\",\"target\":[\"https:\/\/www.montagnelagodicomo.it\/2025\/11\/28\/lle-nostre-proposte-per-dicembre\/#respond\"]}]},{\"@type\":\"WebPage\",\"@id\":\"https:\/\/www.montagnelagodicomo.it\/2025\/11\/28\/lle-nostre-proposte-per-dicembre\/\",\"url\":\"https:\/\/www.montagnelagodicomo.it\/2025\/11\/28\/lle-nostre-proposte-per-dicembre\/\",\"name\":\"Le nostre proposte per Dicembre - Lago di Como e Valsassina\",\"isPartOf\":{\"@id\":\"https:\/\/www.montagnelagodicomo.it\/#website\"},\"primaryImageOfPage\":{\"@id\":\"https:\/\/www.montagnelagodicomo.it\/2025\/11\/28\/lle-nostre-proposte-per-dicembre\/#primaryimage\"},\"image\":{\"@id\":\"https:\/\/www.montagnelagodicomo.it\/2025\/11\/28\/lle-nostre-proposte-per-dicembre\/#primaryimage\"},\"thumbnailUrl\":\"https:\/\/www.montagnelagodicomo.it\/wp-content\/uploads\/2020\/05\/MLC-eventi-Natale_Kwa-Klok.jpg\",\"datePublished\":\"2025-11-28T11:10:13+00:00\",\"dateModified\":\"2025-11-28T11:45:24+00:00\",\"description\":\"Care\/i amiche\/ci, Dicembre \u00e8 il mese in cui l\u2019inverno fa il suo ingresso pi\u00f9 poetico: l\u2019aria si fa pi\u00f9 nitida, le luci si accendono nelle case e il paesaggio si veste di una calma silenziosa che invita alla contemplazione.\u00c8 il tempo dei passi che scricchiolano sulla brina, dei sorrisi condivisi davanti a una tazza fumante e delle giornate che profumano di attesa e piccoli rituali.Le Montagne del Lago di Como vi accolgono anche ora, immerse in un\u2019atmosfera magica, tra panorami innevati, borghi raccolti e momenti di autentico calore. Pronte a regalarvi emozioni sincere, natura intatta e quella pace che solo l\u2019inverno sa offrire.\",\"breadcrumb\":{\"@id\":\"https:\/\/www.montagnelagodicomo.it\/2025\/11\/28\/lle-nostre-proposte-per-dicembre\/#breadcrumb\"},\"inLanguage\":\"fr-FR\",\"potentialAction\":[{\"@type\":\"ReadAction\",\"target\":[\"https:\/\/www.montagnelagodicomo.it\/2025\/11\/28\/lle-nostre-proposte-per-dicembre\/\"]}]},{\"@type\":\"ImageObject\",\"inLanguage\":\"fr-FR\",\"@id\":\"https:\/\/www.montagnelagodicomo.it\/2025\/11\/28\/lle-nostre-proposte-per-dicembre\/#primaryimage\",\"url\":\"https:\/\/www.montagnelagodicomo.it\/wp-content\/uploads\/2020\/05\/MLC-eventi-Natale_Kwa-Klok.jpg\",\"contentUrl\":\"https:\/\/www.montagnelagodicomo.it\/wp-content\/uploads\/2020\/05\/MLC-eventi-Natale_Kwa-Klok.jpg\",\"width\":1920,\"height\":768},{\"@type\":\"BreadcrumbList\",\"@id\":\"https:\/\/www.montagnelagodicomo.it\/2025\/11\/28\/lle-nostre-proposte-per-dicembre\/#breadcrumb\",\"itemListElement\":[{\"@type\":\"ListItem\",\"position\":1,\"name\":\"Home\",\"item\":\"https:\/\/www.montagnelagodicomo.it\/fr\/\"},{\"@type\":\"ListItem\",\"position\":2,\"name\":\"Le nostre proposte per Dicembre\"}]},{\"@type\":\"WebSite\",\"@id\":\"https:\/\/www.montagnelagodicomo.it\/#website\",\"url\":\"https:\/\/www.montagnelagodicomo.it\/\",\"name\":\"Lago di Como e Valsassina\",\"description\":\"\",\"publisher\":{\"@id\":\"https:\/\/www.montagnelagodicomo.it\/#organization\"},\"potentialAction\":[{\"@type\":\"SearchAction\",\"target\":{\"@type\":\"EntryPoint\",\"urlTemplate\":\"https:\/\/www.montagnelagodicomo.it\/?s={search_term_string}\"},\"query-input\":{\"@type\":\"PropertyValueSpecification\",\"valueRequired\":true,\"valueName\":\"search_term_string\"}}],\"inLanguage\":\"fr-FR\"},{\"@type\":\"Organization\",\"@id\":\"https:\/\/www.montagnelagodicomo.it\/#organization\",\"name\":\"Montagne del Lago di Como\",\"url\":\"https:\/\/www.montagnelagodicomo.it\/\",\"logo\":{\"@type\":\"ImageObject\",\"inLanguage\":\"fr-FR\",\"@id\":\"https:\/\/www.montagnelagodicomo.it\/#\/schema\/logo\/image\/\",\"url\":\"https:\/\/www.montagnelagodicomo.it\/wp-content\/uploads\/2016\/07\/DEF_Montagne_LagodiComo_04112015_png.png\",\"contentUrl\":\"https:\/\/www.montagnelagodicomo.it\/wp-content\/uploads\/2016\/07\/DEF_Montagne_LagodiComo_04112015_png.png\",\"width\":2997,\"height\":835,\"caption\":\"Montagne del Lago di Como\"},\"image\":{\"@id\":\"https:\/\/www.montagnelagodicomo.it\/#\/schema\/logo\/image\/\"},\"sameAs\":[\"https:\/\/www.facebook.com\/montagnelagodicomo\",\"https:\/\/x.com\/MontagneLago\",\"https:\/\/www.youtube.com\/channel\/UCDoxghWmgQnHlQ78rzZuUjA\"]},{\"@type\":\"Person\",\"@id\":\"https:\/\/www.montagnelagodicomo.it\/#\/schema\/person\/62387dee120171fb5c03a77fe5169f1e\",\"name\":\"Lago di Como 3\",\"image\":{\"@type\":\"ImageObject\",\"inLanguage\":\"fr-FR\",\"@id\":\"https:\/\/www.montagnelagodicomo.it\/#\/schema\/person\/image\/\",\"url\":\"https:\/\/secure.gravatar.com\/avatar\/177606e9ed7370bc5cd946f4243ac59920e657438575f65d56f2ebfb41996b8f?s=96&d=mm&r=g\",\"contentUrl\":\"https:\/\/secure.gravatar.com\/avatar\/177606e9ed7370bc5cd946f4243ac59920e657438575f65d56f2ebfb41996b8f?s=96&d=mm&r=g\",\"caption\":\"Lago di Como 3\"},\"url\":\"https:\/\/www.montagnelagodicomo.it\/fr\/author\/lago-di-como-3\/\"}]}<\/script>\n<!-- \/ Yoast SEO plugin. -->","yoast_head_json":{"title":"Le nostre proposte per Dicembre - Lago di Como e Valsassina","description":"Care\/i amiche\/ci, Dicembre \u00e8 il mese in cui l\u2019inverno fa il suo ingresso pi\u00f9 poetico: l\u2019aria si fa pi\u00f9 nitida, le luci si accendono nelle case e il paesaggio si veste di una calma silenziosa che invita alla contemplazione.\u00c8 il tempo dei passi che scricchiolano sulla brina, dei sorrisi condivisi davanti a una tazza fumante e delle giornate che profumano di attesa e piccoli rituali.Le Montagne del Lago di Como vi accolgono anche ora, immerse in un\u2019atmosfera magica, tra panorami innevati, borghi raccolti e momenti di autentico calore. Pronte a regalarvi emozioni sincere, natura intatta e quella pace che solo l\u2019inverno sa offrire.","robots":{"index":"index","follow":"follow","max-snippet":"max-snippet:-1","max-image-preview":"max-image-preview:large","max-video-preview":"max-video-preview:-1"},"canonical":"https:\/\/www.montagnelagodicomo.it\/2025\/11\/28\/lle-nostre-proposte-per-dicembre\/","og_locale":"fr_FR","og_type":"article","og_title":"Le nostre proposte per Dicembre - Lago di Como e Valsassina","og_description":"Care\/i amiche\/ci, Dicembre \u00e8 il mese in cui l\u2019inverno fa il suo ingresso pi\u00f9 poetico: l\u2019aria si fa pi\u00f9 nitida, le luci si accendono nelle case e il paesaggio si veste di una calma silenziosa che invita alla contemplazione.\u00c8 il tempo dei passi che scricchiolano sulla brina, dei sorrisi condivisi davanti a una tazza fumante e delle giornate che profumano di attesa e piccoli rituali.Le Montagne del Lago di Como vi accolgono anche ora, immerse in un\u2019atmosfera magica, tra panorami innevati, borghi raccolti e momenti di autentico calore. Pronte a regalarvi emozioni sincere, natura intatta e quella pace che solo l\u2019inverno sa offrire.","og_url":"https:\/\/www.montagnelagodicomo.it\/2025\/11\/28\/lle-nostre-proposte-per-dicembre\/","og_site_name":"Lago di Como e Valsassina","article_publisher":"https:\/\/www.facebook.com\/montagnelagodicomo","article_published_time":"2025-11-28T11:10:13+00:00","article_modified_time":"2025-11-28T11:45:24+00:00","og_image":[{"width":1920,"height":768,"url":"https:\/\/www.montagnelagodicomo.it\/wp-content\/uploads\/2020\/05\/MLC-eventi-Natale_Kwa-Klok.jpg","type":"image\/jpeg"}],"author":"Lago di Como 3","twitter_card":"summary_large_image","twitter_creator":"@MontagneLago","twitter_site":"@MontagneLago","twitter_misc":{"\u00c9crit par":"Lago di Como 3","Dur\u00e9e de lecture estim\u00e9e":"8 minutes"},"schema":{"@context":"https:\/\/schema.org","@graph":[{"@type":"Article","@id":"https:\/\/www.montagnelagodicomo.it\/2025\/11\/28\/lle-nostre-proposte-per-dicembre\/#article","isPartOf":{"@id":"https:\/\/www.montagnelagodicomo.it\/2025\/11\/28\/lle-nostre-proposte-per-dicembre\/"},"author":{"name":"Lago di Como 3","@id":"https:\/\/www.montagnelagodicomo.it\/#\/schema\/person\/62387dee120171fb5c03a77fe5169f1e"},"headline":"Le nostre proposte per Dicembre","datePublished":"2025-11-28T11:10:13+00:00","dateModified":"2025-11-28T11:45:24+00:00","mainEntityOfPage":{"@id":"https:\/\/www.montagnelagodicomo.it\/2025\/11\/28\/lle-nostre-proposte-per-dicembre\/"},"wordCount":1280,"commentCount":0,"publisher":{"@id":"https:\/\/www.montagnelagodicomo.it\/#organization"},"image":{"@id":"https:\/\/www.montagnelagodicomo.it\/2025\/11\/28\/lle-nostre-proposte-per-dicembre\/#primaryimage"},"thumbnailUrl":"https:\/\/www.montagnelagodicomo.it\/wp-content\/uploads\/2020\/05\/MLC-eventi-Natale_Kwa-Klok.jpg","keywords":["dicembre","eventi","idee","proposte","weekend"],"articleSection":["Non categorizzato"],"inLanguage":"fr-FR","potentialAction":[{"@type":"CommentAction","name":"Comment","target":["https:\/\/www.montagnelagodicomo.it\/2025\/11\/28\/lle-nostre-proposte-per-dicembre\/#respond"]}]},{"@type":"WebPage","@id":"https:\/\/www.montagnelagodicomo.it\/2025\/11\/28\/lle-nostre-proposte-per-dicembre\/","url":"https:\/\/www.montagnelagodicomo.it\/2025\/11\/28\/lle-nostre-proposte-per-dicembre\/","name":"Le nostre proposte per Dicembre - Lago di Como e Valsassina","isPartOf":{"@id":"https:\/\/www.montagnelagodicomo.it\/#website"},"primaryImageOfPage":{"@id":"https:\/\/www.montagnelagodicomo.it\/2025\/11\/28\/lle-nostre-proposte-per-dicembre\/#primaryimage"},"image":{"@id":"https:\/\/www.montagnelagodicomo.it\/2025\/11\/28\/lle-nostre-proposte-per-dicembre\/#primaryimage"},"thumbnailUrl":"https:\/\/www.montagnelagodicomo.it\/wp-content\/uploads\/2020\/05\/MLC-eventi-Natale_Kwa-Klok.jpg","datePublished":"2025-11-28T11:10:13+00:00","dateModified":"2025-11-28T11:45:24+00:00","description":"Care\/i amiche\/ci, Dicembre \u00e8 il mese in cui l\u2019inverno fa il suo ingresso pi\u00f9 poetico: l\u2019aria si fa pi\u00f9 nitida, le luci si accendono nelle case e il paesaggio si veste di una calma silenziosa che invita alla contemplazione.\u00c8 il tempo dei passi che scricchiolano sulla brina, dei sorrisi condivisi davanti a una tazza fumante e delle giornate che profumano di attesa e piccoli rituali.Le Montagne del Lago di Como vi accolgono anche ora, immerse in un\u2019atmosfera magica, tra panorami innevati, borghi raccolti e momenti di autentico calore. Pronte a regalarvi emozioni sincere, natura intatta e quella pace che solo l\u2019inverno sa offrire.","breadcrumb":{"@id":"https:\/\/www.montagnelagodicomo.it\/2025\/11\/28\/lle-nostre-proposte-per-dicembre\/#breadcrumb"},"inLanguage":"fr-FR","potentialAction":[{"@type":"ReadAction","target":["https:\/\/www.montagnelagodicomo.it\/2025\/11\/28\/lle-nostre-proposte-per-dicembre\/"]}]},{"@type":"ImageObject","inLanguage":"fr-FR","@id":"https:\/\/www.montagnelagodicomo.it\/2025\/11\/28\/lle-nostre-proposte-per-dicembre\/#primaryimage","url":"https:\/\/www.montagnelagodicomo.it\/wp-content\/uploads\/2020\/05\/MLC-eventi-Natale_Kwa-Klok.jpg","contentUrl":"https:\/\/www.montagnelagodicomo.it\/wp-content\/uploads\/2020\/05\/MLC-eventi-Natale_Kwa-Klok.jpg","width":1920,"height":768},{"@type":"BreadcrumbList","@id":"https:\/\/www.montagnelagodicomo.it\/2025\/11\/28\/lle-nostre-proposte-per-dicembre\/#breadcrumb","itemListElement":[{"@type":"ListItem","position":1,"name":"Home","item":"https:\/\/www.montagnelagodicomo.it\/fr\/"},{"@type":"ListItem","position":2,"name":"Le nostre proposte per Dicembre"}]},{"@type":"WebSite","@id":"https:\/\/www.montagnelagodicomo.it\/#website","url":"https:\/\/www.montagnelagodicomo.it\/","name":"Lago di Como e Valsassina","description":"","publisher":{"@id":"https:\/\/www.montagnelagodicomo.it\/#organization"},"potentialAction":[{"@type":"SearchAction","target":{"@type":"EntryPoint","urlTemplate":"https:\/\/www.montagnelagodicomo.it\/?s={search_term_string}"},"query-input":{"@type":"PropertyValueSpecification","valueRequired":true,"valueName":"search_term_string"}}],"inLanguage":"fr-FR"},{"@type":"Organization","@id":"https:\/\/www.montagnelagodicomo.it\/#organization","name":"Montagne del Lago di Como","url":"https:\/\/www.montagnelagodicomo.it\/","logo":{"@type":"ImageObject","inLanguage":"fr-FR","@id":"https:\/\/www.montagnelagodicomo.it\/#\/schema\/logo\/image\/","url":"https:\/\/www.montagnelagodicomo.it\/wp-content\/uploads\/2016\/07\/DEF_Montagne_LagodiComo_04112015_png.png","contentUrl":"https:\/\/www.montagnelagodicomo.it\/wp-content\/uploads\/2016\/07\/DEF_Montagne_LagodiComo_04112015_png.png","width":2997,"height":835,"caption":"Montagne del Lago di Como"},"image":{"@id":"https:\/\/www.montagnelagodicomo.it\/#\/schema\/logo\/image\/"},"sameAs":["https:\/\/www.facebook.com\/montagnelagodicomo","https:\/\/x.com\/MontagneLago","https:\/\/www.youtube.com\/channel\/UCDoxghWmgQnHlQ78rzZuUjA"]},{"@type":"Person","@id":"https:\/\/www.montagnelagodicomo.it\/#\/schema\/person\/62387dee120171fb5c03a77fe5169f1e","name":"Lago di Como 3","image":{"@type":"ImageObject","inLanguage":"fr-FR","@id":"https:\/\/www.montagnelagodicomo.it\/#\/schema\/person\/image\/","url":"https:\/\/secure.gravatar.com\/avatar\/177606e9ed7370bc5cd946f4243ac59920e657438575f65d56f2ebfb41996b8f?s=96&d=mm&r=g","contentUrl":"https:\/\/secure.gravatar.com\/avatar\/177606e9ed7370bc5cd946f4243ac59920e657438575f65d56f2ebfb41996b8f?s=96&d=mm&r=g","caption":"Lago di Como 3"},"url":"https:\/\/www.montagnelagodicomo.it\/fr\/author\/lago-di-como-3\/"}]}},"_links":{"self":[{"href":"https:\/\/www.montagnelagodicomo.it\/fr\/wp-json\/wp\/v2\/posts\/101171","targetHints":{"allow":["GET"]}}],"collection":[{"href":"https:\/\/www.montagnelagodicomo.it\/fr\/wp-json\/wp\/v2\/posts"}],"about":[{"href":"https:\/\/www.montagnelagodicomo.it\/fr\/wp-json\/wp\/v2\/types\/post"}],"author":[{"embeddable":true,"href":"https:\/\/www.montagnelagodicomo.it\/fr\/wp-json\/wp\/v2\/users\/4"}],"replies":[{"embeddable":true,"href":"https:\/\/www.montagnelagodicomo.it\/fr\/wp-json\/wp\/v2\/comments?post=101171"}],"version-history":[{"count":3,"href":"https:\/\/www.montagnelagodicomo.it\/fr\/wp-json\/wp\/v2\/posts\/101171\/revisions"}],"predecessor-version":[{"id":101174,"href":"https:\/\/www.montagnelagodicomo.it\/fr\/wp-json\/wp\/v2\/posts\/101171\/revisions\/101174"}],"wp:featuredmedia":[{"embeddable":true,"href":"https:\/\/www.montagnelagodicomo.it\/fr\/wp-json\/wp\/v2\/media\/66095"}],"wp:attachment":[{"href":"https:\/\/www.montagnelagodicomo.it\/fr\/wp-json\/wp\/v2\/media?parent=101171"}],"wp:term":[{"taxonomy":"category","embeddable":true,"href":"https:\/\/www.montagnelagodicomo.it\/fr\/wp-json\/wp\/v2\/categories?post=101171"},{"taxonomy":"post_tag","embeddable":true,"href":"https:\/\/www.montagnelagodicomo.it\/fr\/wp-json\/wp\/v2\/tags?post=101171"}],"curies":[{"name":"wp","href":"https:\/\/api.w.org\/{rel}","templated":true}]}}