{"id":15906,"date":"2016-12-01T12:55:30","date_gmt":"2016-12-01T11:55:30","guid":{"rendered":"http:\/\/www.montagnelagodicomo.it\/2016\/12\/01\/assemblea-ordinaria-dei-soci-30-novembre-2016\/"},"modified":"2017-03-13T15:43:36","modified_gmt":"2017-03-13T14:43:36","slug":"assemblea-ordinaria-dei-soci-30-novembre-2016","status":"publish","type":"post","link":"https:\/\/www.montagnelagodicomo.it\/fr\/2016\/12\/01\/assemblea-ordinaria-dei-soci-30-novembre-2016\/","title":{"rendered":"Assemblea Ordinaria dei Soci 30 novembre 2016"},"content":{"rendered":"<p>Si \u00e8 svolta il 30 novembre 2016, presso l&rsquo;<a href=\"http:\/\/www.montagnelagodicomo.it\/listings\/albergo-ristorante-esposito\/\" target=\"_blank\">Albergo Ristorante Esposito a Barzio<\/a>, l&rsquo;<strong>Assemblea Ordinaria dei Soci della Rete di Imprese Montagne Lago di Como<\/strong>.<\/p>\n<p>La giornata \u00e8 cominciata con i <strong>Workshop pomeridiani, tenuti da Carlo Montisci di Ideas, Destination Manager<\/strong> della rete, sul tema \u00ab\u00a0Vendere con la Rete di Imprese\u00a0\u00bb: un vivace momento di approfondimento e confronto, per comprendere come sfruttare al meglio gli strumenti di marketing a disposizione dei soci.<\/p>\n<p>Dopo un ricco aperitivo, alle 19:30 si \u00e8 tenuta l&rsquo;<strong>assemblea<\/strong>, che <strong>ha eletto il Consiglio Direttivo per il triennio 2017-2019<\/strong>: confermato alla presidenza Stefano Gianola, affiancato da Barbara Locatelli (<a href=\"http:\/\/www.montagnelagodicomo.it\/listings\/agenzia-immobiliare-dimore-di-barbara-locatelli\/\" target=\"_blank\">Agenzia Immobiliare Dimore<\/a>), Dario Milani (<a href=\"http:\/\/www.montagnelagodicomo.it\/listings\/antiche-miniere-pian-dei-resinelli\/\" target=\"_blank\">Miniere Resinelli<\/a>), Flavio Spazzadeschi (<a href=\"http:\/\/www.montagnelagodicomo.it\/listings\/rifugio-shambala\/\" target=\"_blank\">Rifugio Shambal\u00e0<\/a>), Antonella Gobbi (<a href=\"http:\/\/www.montagnelagodicomo.it\/listings\/ristorante-albergo-da-gigi\/\" target=\"_blank\">Ristorante Albergo Da Gigi<\/a>), Angelo Colombo (vice presidente della Pro Loco di Dervio) e Manuel Livio (<a href=\"http:\/\/www.montagnelagodicomo.it\/listings\/agriturismo-ai-grassi-e-ai-lunghi\/\" target=\"_blank\">Agriturismo Ai Grassi e Lunghi<\/a>).<\/p>\n<p>Silvia Strada, responsabile dello staff della rete, ha presentato il lavoro svolto nel 2016 dalla rete, \u00ab\u00a0dando i numeri\u00a0\u00bb sui risultati raggiunti. Il Presidente Gianola ha illustrato le linee programmatiche per il triennio ed il bilancio preventivo per il 2017, con un focus su alcuni grandi progetti, tra cui l&rsquo;incarico di organizzare l&rsquo;ospitalit\u00e0 alberghiera e i servizi di trasporto in occasione del <a href=\"http:\/\/www.montagnelagodicomo.it\/events\/mondiali-2017-di-corsa-in-montagna-e-long-distance-a-premana\/\" target=\"_blank\">Mondiale di Corsa in Montagna di Premana<\/a>.<\/p>\n<p>Al termine, una<strong> gustosa cena con men\u00f9 Lago &amp; Monti<\/strong>, che ha unito i sapori e le imprese del lago e della montagna, anche a tavola.<\/p>\n<p><a href=\"http:\/\/www.montagnelagodicomo.it\/wp-content\/uploads\/2016\/12\/14798746_10154110293807635_1800879318_n.jpg\"><img fetchpriority=\"high\" decoding=\"async\" class=\"alignleft size-medium wp-image-12721\" src=\"http:\/\/www.montagnelagodicomo.it\/wp-content\/uploads\/2016\/12\/14798746_10154110293807635_1800879318_n-150x150.jpg\" alt=\"14798746_10154110293807635_1800879318_n\" width=\"230\" height=\"230\" srcset=\"https:\/\/www.montagnelagodicomo.it\/wp-content\/uploads\/2016\/12\/14798746_10154110293807635_1800879318_n-150x150.jpg 150w, https:\/\/www.montagnelagodicomo.it\/wp-content\/uploads\/2016\/12\/14798746_10154110293807635_1800879318_n-300x300.jpg 300w, https:\/\/www.montagnelagodicomo.it\/wp-content\/uploads\/2016\/12\/14798746_10154110293807635_1800879318_n.jpg 640w\" sizes=\"(max-width: 230px) 100vw, 230px\" \/><\/a><a href=\"http:\/\/www.montagnelagodicomo.it\/wp-content\/uploads\/2016\/12\/15239154_10154224634467635_599405462_n.jpg\"><img decoding=\"async\" class=\"alignleft size-medium wp-image-12722\" src=\"http:\/\/www.montagnelagodicomo.it\/wp-content\/uploads\/2016\/12\/15239154_10154224634467635_599405462_n-150x150.jpg\" alt=\"15239154_10154224634467635_599405462_n\" width=\"230\" height=\"230\" srcset=\"https:\/\/www.montagnelagodicomo.it\/wp-content\/uploads\/2016\/12\/15239154_10154224634467635_599405462_n-150x150.jpg 150w, https:\/\/www.montagnelagodicomo.it\/wp-content\/uploads\/2016\/12\/15239154_10154224634467635_599405462_n-300x300.jpg 300w, https:\/\/www.montagnelagodicomo.it\/wp-content\/uploads\/2016\/12\/15239154_10154224634467635_599405462_n.jpg 640w\" sizes=\"(max-width: 230px) 100vw, 230px\" \/><\/a> <a href=\"http:\/\/www.montagnelagodicomo.it\/wp-content\/uploads\/2016\/12\/15281868_10154224633752635_766071295_n.jpg\"><img decoding=\"async\" class=\"alignleft size-medium wp-image-12725\" src=\"http:\/\/www.montagnelagodicomo.it\/wp-content\/uploads\/2016\/12\/15281868_10154224633752635_766071295_n-150x150.jpg\" alt=\"15281868_10154224633752635_766071295_n\" width=\"230\" height=\"230\" srcset=\"https:\/\/www.montagnelagodicomo.it\/wp-content\/uploads\/2016\/12\/15281868_10154224633752635_766071295_n-150x150.jpg 150w, https:\/\/www.montagnelagodicomo.it\/wp-content\/uploads\/2016\/12\/15281868_10154224633752635_766071295_n-300x300.jpg 300w, https:\/\/www.montagnelagodicomo.it\/wp-content\/uploads\/2016\/12\/15281868_10154224633752635_766071295_n.jpg 640w\" sizes=\"(max-width: 230px) 100vw, 230px\" \/><\/a><a href=\"http:\/\/www.montagnelagodicomo.it\/wp-content\/uploads\/2016\/12\/workshop-6.jpg\"><img loading=\"lazy\" decoding=\"async\" class=\"alignleft size-medium wp-image-12726\" src=\"http:\/\/www.montagnelagodicomo.it\/wp-content\/uploads\/2016\/12\/workshop-6-150x150.jpg\" alt=\"workshop-6\" width=\"230\" height=\"230\" \/><\/a> <a href=\"http:\/\/www.montagnelagodicomo.it\/wp-content\/uploads\/2016\/12\/workshop-7.jpg\"><img loading=\"lazy\" decoding=\"async\" class=\"alignleft size-medium wp-image-12727\" src=\"http:\/\/www.montagnelagodicomo.it\/wp-content\/uploads\/2016\/12\/workshop-7-150x150.jpg\" alt=\"workshop-7\" width=\"230\" height=\"230\" \/><\/a><a href=\"http:\/\/www.montagnelagodicomo.it\/wp-content\/uploads\/2016\/12\/15271304_10202678383678696_1406550722_o.jpg\"><img loading=\"lazy\" decoding=\"async\" class=\"alignleft size-medium wp-image-12728\" src=\"http:\/\/www.montagnelagodicomo.it\/wp-content\/uploads\/2016\/12\/15271304_10202678383678696_1406550722_o-150x150.jpg\" alt=\"15271304_10202678383678696_1406550722_o\" width=\"230\" height=\"230\" \/><\/a> <a href=\"http:\/\/www.montagnelagodicomo.it\/wp-content\/uploads\/2016\/12\/15301114_1331180856894538_1061990244_n.jpg\"><img loading=\"lazy\" decoding=\"async\" class=\"alignleft size-medium wp-image-12730\" src=\"http:\/\/www.montagnelagodicomo.it\/wp-content\/uploads\/2016\/12\/15301114_1331180856894538_1061990244_n-150x150.jpg\" alt=\"15301114_1331180856894538_1061990244_n\" width=\"230\" height=\"230\" \/><\/a><a href=\"http:\/\/www.montagnelagodicomo.it\/wp-content\/uploads\/2016\/12\/15300588_1331180896894534_1483601935_n1.jpg\"><img loading=\"lazy\" decoding=\"async\" class=\"alignleft size-medium wp-image-12732\" src=\"http:\/\/www.montagnelagodicomo.it\/wp-content\/uploads\/2016\/12\/15300588_1331180896894534_1483601935_n1-150x150.jpg\" alt=\"15300588_1331180896894534_1483601935_n\" width=\"230\" height=\"230\" \/><\/a><a href=\"http:\/\/www.montagnelagodicomo.it\/wp-content\/uploads\/2016\/12\/15300470_10209392222335719_687855696_n.jpg\"><img loading=\"lazy\" decoding=\"async\" class=\"alignleft size-medium wp-image-12733\" src=\"http:\/\/www.montagnelagodicomo.it\/wp-content\/uploads\/2016\/12\/15300470_10209392222335719_687855696_n-150x150.jpg\" alt=\"15300470_10209392222335719_687855696_n\" width=\"230\" height=\"230\" \/><\/a> <a href=\"http:\/\/www.montagnelagodicomo.it\/wp-content\/uploads\/2016\/12\/15301238_10209392222295718_1566909780_n.jpg\"><img loading=\"lazy\" decoding=\"async\" class=\"alignleft size-medium wp-image-12734\" src=\"http:\/\/www.montagnelagodicomo.it\/wp-content\/uploads\/2016\/12\/15301238_10209392222295718_1566909780_n-150x150.jpg\" alt=\"15301238_10209392222295718_1566909780_n\" width=\"230\" height=\"230\" \/><\/a><\/p>\n","protected":false},"excerpt":{"rendered":"<p>Si \u00e8 svolta il 30 novembre 2016, presso l&rsquo;Albergo Ristorante Esposito a Barzio, l&rsquo;Assemblea Ordinaria dei Soci della Rete di Imprese Montagne Lago di Como. La giornata \u00e8 cominciata con i Workshop pomeridiani, tenuti da Carlo Montisci di Ideas, Destination Manager della rete, sul tema \u00ab\u00a0Vendere con la Rete di Imprese\u00a0\u00bb: un vivace momento di [&hellip;]<\/p>\n","protected":false},"author":1,"featured_media":0,"comment_status":"closed","ping_status":"closed","sticky":false,"template":"","format":"standard","meta":{"_acf_changed":false,"footnotes":""},"categories":[145],"tags":[],"class_list":["post-15906","post","type-post","status-publish","format-standard","hentry","category-non-categorizzato"],"acf":[],"yoast_head":"<!-- This site is optimized with the Yoast SEO plugin v25.0 - https:\/\/yoast.com\/wordpress\/plugins\/seo\/ -->\n<title>Assemblea Ordinaria dei Soci 30 novembre 2016 - Lago di Como e Valsassina<\/title>\n<meta name=\"robots\" content=\"index, follow, max-snippet:-1, max-image-preview:large, max-video-preview:-1\" \/>\n<link rel=\"canonical\" href=\"https:\/\/www.montagnelagodicomo.it\/en\/2016\/12\/01\/assemblea-ordinaria-dei-soci-30-novembre-2016\/\" \/>\n<meta property=\"og:locale\" content=\"fr_FR\" \/>\n<meta property=\"og:type\" content=\"article\" \/>\n<meta property=\"og:title\" content=\"Assemblea Ordinaria dei Soci 30 novembre 2016 - Lago di Como e Valsassina\" \/>\n<meta property=\"og:description\" content=\"Si \u00e8 svolta il 30 novembre 2016, presso l&rsquo;Albergo Ristorante Esposito a Barzio, l&rsquo;Assemblea Ordinaria dei Soci della Rete di Imprese Montagne Lago di Como. La giornata \u00e8 cominciata con i Workshop pomeridiani, tenuti da Carlo Montisci di Ideas, Destination Manager della rete, sul tema \u00ab\u00a0Vendere con la Rete di Imprese\u00a0\u00bb: un vivace momento di [&hellip;]\" \/>\n<meta property=\"og:url\" content=\"https:\/\/www.montagnelagodicomo.it\/en\/2016\/12\/01\/assemblea-ordinaria-dei-soci-30-novembre-2016\/\" \/>\n<meta property=\"og:site_name\" content=\"Lago di Como e Valsassina\" \/>\n<meta property=\"article:publisher\" content=\"https:\/\/www.facebook.com\/montagnelagodicomo\" \/>\n<meta property=\"article:published_time\" content=\"2016-12-01T11:55:30+00:00\" \/>\n<meta property=\"article:modified_time\" content=\"2017-03-13T14:43:36+00:00\" \/>\n<meta property=\"og:image\" content=\"http:\/\/www.montagnelagodicomo.it\/wp-content\/uploads\/2016\/12\/14798746_10154110293807635_1800879318_n-150x150.jpg\" \/>\n<meta name=\"author\" content=\"montagne\" \/>\n<meta name=\"twitter:card\" content=\"summary_large_image\" \/>\n<meta name=\"twitter:creator\" content=\"@MontagneLago\" \/>\n<meta name=\"twitter:site\" content=\"@MontagneLago\" \/>\n<meta name=\"twitter:label1\" content=\"\u00c9crit par\" \/>\n\t<meta name=\"twitter:data1\" content=\"montagne\" \/>\n\t<meta name=\"twitter:label2\" content=\"Dur\u00e9e de lecture estim\u00e9e\" \/>\n\t<meta name=\"twitter:data2\" content=\"1 minute\" \/>\n<script type=\"application\/ld+json\" class=\"yoast-schema-graph\">{\"@context\":\"https:\/\/schema.org\",\"@graph\":[{\"@type\":\"Article\",\"@id\":\"https:\/\/www.montagnelagodicomo.it\/en\/2016\/12\/01\/assemblea-ordinaria-dei-soci-30-novembre-2016\/#article\",\"isPartOf\":{\"@id\":\"https:\/\/www.montagnelagodicomo.it\/en\/2016\/12\/01\/assemblea-ordinaria-dei-soci-30-novembre-2016\/\"},\"author\":{\"name\":\"montagne\",\"@id\":\"https:\/\/www.montagnelagodicomo.it\/#\/schema\/person\/e29d7922634eb034bc4083a91cad0954\"},\"headline\":\"Assemblea Ordinaria dei Soci 30 novembre 2016\",\"datePublished\":\"2016-12-01T11:55:30+00:00\",\"dateModified\":\"2017-03-13T14:43:36+00:00\",\"mainEntityOfPage\":{\"@id\":\"https:\/\/www.montagnelagodicomo.it\/en\/2016\/12\/01\/assemblea-ordinaria-dei-soci-30-novembre-2016\/\"},\"wordCount\":227,\"publisher\":{\"@id\":\"https:\/\/www.montagnelagodicomo.it\/#organization\"},\"image\":{\"@id\":\"https:\/\/www.montagnelagodicomo.it\/en\/2016\/12\/01\/assemblea-ordinaria-dei-soci-30-novembre-2016\/#primaryimage\"},\"thumbnailUrl\":\"http:\/\/www.montagnelagodicomo.it\/wp-content\/uploads\/2016\/12\/14798746_10154110293807635_1800879318_n-150x150.jpg\",\"articleSection\":[\"Non categorizzato\"],\"inLanguage\":\"fr-FR\"},{\"@type\":\"WebPage\",\"@id\":\"https:\/\/www.montagnelagodicomo.it\/en\/2016\/12\/01\/assemblea-ordinaria-dei-soci-30-novembre-2016\/\",\"url\":\"https:\/\/www.montagnelagodicomo.it\/en\/2016\/12\/01\/assemblea-ordinaria-dei-soci-30-novembre-2016\/\",\"name\":\"Assemblea Ordinaria dei Soci 30 novembre 2016 - Lago di Como e Valsassina\",\"isPartOf\":{\"@id\":\"https:\/\/www.montagnelagodicomo.it\/#website\"},\"primaryImageOfPage\":{\"@id\":\"https:\/\/www.montagnelagodicomo.it\/en\/2016\/12\/01\/assemblea-ordinaria-dei-soci-30-novembre-2016\/#primaryimage\"},\"image\":{\"@id\":\"https:\/\/www.montagnelagodicomo.it\/en\/2016\/12\/01\/assemblea-ordinaria-dei-soci-30-novembre-2016\/#primaryimage\"},\"thumbnailUrl\":\"http:\/\/www.montagnelagodicomo.it\/wp-content\/uploads\/2016\/12\/14798746_10154110293807635_1800879318_n-150x150.jpg\",\"datePublished\":\"2016-12-01T11:55:30+00:00\",\"dateModified\":\"2017-03-13T14:43:36+00:00\",\"breadcrumb\":{\"@id\":\"https:\/\/www.montagnelagodicomo.it\/en\/2016\/12\/01\/assemblea-ordinaria-dei-soci-30-novembre-2016\/#breadcrumb\"},\"inLanguage\":\"fr-FR\",\"potentialAction\":[{\"@type\":\"ReadAction\",\"target\":[\"https:\/\/www.montagnelagodicomo.it\/en\/2016\/12\/01\/assemblea-ordinaria-dei-soci-30-novembre-2016\/\"]}]},{\"@type\":\"ImageObject\",\"inLanguage\":\"fr-FR\",\"@id\":\"https:\/\/www.montagnelagodicomo.it\/en\/2016\/12\/01\/assemblea-ordinaria-dei-soci-30-novembre-2016\/#primaryimage\",\"url\":\"http:\/\/www.montagnelagodicomo.it\/wp-content\/uploads\/2016\/12\/14798746_10154110293807635_1800879318_n-150x150.jpg\",\"contentUrl\":\"http:\/\/www.montagnelagodicomo.it\/wp-content\/uploads\/2016\/12\/14798746_10154110293807635_1800879318_n-150x150.jpg\"},{\"@type\":\"BreadcrumbList\",\"@id\":\"https:\/\/www.montagnelagodicomo.it\/en\/2016\/12\/01\/assemblea-ordinaria-dei-soci-30-novembre-2016\/#breadcrumb\",\"itemListElement\":[{\"@type\":\"ListItem\",\"position\":1,\"name\":\"Home\",\"item\":\"https:\/\/www.montagnelagodicomo.it\/fr\/\"},{\"@type\":\"ListItem\",\"position\":2,\"name\":\"Assemblea Ordinaria dei Soci 30 novembre 2016\"}]},{\"@type\":\"WebSite\",\"@id\":\"https:\/\/www.montagnelagodicomo.it\/#website\",\"url\":\"https:\/\/www.montagnelagodicomo.it\/\",\"name\":\"Lago di Como e Valsassina\",\"description\":\"\",\"publisher\":{\"@id\":\"https:\/\/www.montagnelagodicomo.it\/#organization\"},\"potentialAction\":[{\"@type\":\"SearchAction\",\"target\":{\"@type\":\"EntryPoint\",\"urlTemplate\":\"https:\/\/www.montagnelagodicomo.it\/?s={search_term_string}\"},\"query-input\":{\"@type\":\"PropertyValueSpecification\",\"valueRequired\":true,\"valueName\":\"search_term_string\"}}],\"inLanguage\":\"fr-FR\"},{\"@type\":\"Organization\",\"@id\":\"https:\/\/www.montagnelagodicomo.it\/#organization\",\"name\":\"Montagne del Lago di Como\",\"url\":\"https:\/\/www.montagnelagodicomo.it\/\",\"logo\":{\"@type\":\"ImageObject\",\"inLanguage\":\"fr-FR\",\"@id\":\"https:\/\/www.montagnelagodicomo.it\/#\/schema\/logo\/image\/\",\"url\":\"https:\/\/www.montagnelagodicomo.it\/wp-content\/uploads\/2016\/07\/DEF_Montagne_LagodiComo_04112015_png.png\",\"contentUrl\":\"https:\/\/www.montagnelagodicomo.it\/wp-content\/uploads\/2016\/07\/DEF_Montagne_LagodiComo_04112015_png.png\",\"width\":2997,\"height\":835,\"caption\":\"Montagne del Lago di Como\"},\"image\":{\"@id\":\"https:\/\/www.montagnelagodicomo.it\/#\/schema\/logo\/image\/\"},\"sameAs\":[\"https:\/\/www.facebook.com\/montagnelagodicomo\",\"https:\/\/x.com\/MontagneLago\",\"https:\/\/www.youtube.com\/channel\/UCDoxghWmgQnHlQ78rzZuUjA\"]},{\"@type\":\"Person\",\"@id\":\"https:\/\/www.montagnelagodicomo.it\/#\/schema\/person\/e29d7922634eb034bc4083a91cad0954\",\"name\":\"montagne\",\"image\":{\"@type\":\"ImageObject\",\"inLanguage\":\"fr-FR\",\"@id\":\"https:\/\/www.montagnelagodicomo.it\/#\/schema\/person\/image\/\",\"url\":\"https:\/\/secure.gravatar.com\/avatar\/ea758e56c15e5aff2449e6dbda52d15b66f73260605c6968eff333359d31b7ee?s=96&d=mm&r=g\",\"contentUrl\":\"https:\/\/secure.gravatar.com\/avatar\/ea758e56c15e5aff2449e6dbda52d15b66f73260605c6968eff333359d31b7ee?s=96&d=mm&r=g\",\"caption\":\"montagne\"},\"url\":\"https:\/\/www.montagnelagodicomo.it\/fr\/author\/montagne\/\"}]}<\/script>\n<!-- \/ Yoast SEO plugin. -->","yoast_head_json":{"title":"Assemblea Ordinaria dei Soci 30 novembre 2016 - Lago di Como e Valsassina","robots":{"index":"index","follow":"follow","max-snippet":"max-snippet:-1","max-image-preview":"max-image-preview:large","max-video-preview":"max-video-preview:-1"},"canonical":"https:\/\/www.montagnelagodicomo.it\/en\/2016\/12\/01\/assemblea-ordinaria-dei-soci-30-novembre-2016\/","og_locale":"fr_FR","og_type":"article","og_title":"Assemblea Ordinaria dei Soci 30 novembre 2016 - Lago di Como e Valsassina","og_description":"Si \u00e8 svolta il 30 novembre 2016, presso l&rsquo;Albergo Ristorante Esposito a Barzio, l&rsquo;Assemblea Ordinaria dei Soci della Rete di Imprese Montagne Lago di Como. La giornata \u00e8 cominciata con i Workshop pomeridiani, tenuti da Carlo Montisci di Ideas, Destination Manager della rete, sul tema \u00ab\u00a0Vendere con la Rete di Imprese\u00a0\u00bb: un vivace momento di [&hellip;]","og_url":"https:\/\/www.montagnelagodicomo.it\/en\/2016\/12\/01\/assemblea-ordinaria-dei-soci-30-novembre-2016\/","og_site_name":"Lago di Como e Valsassina","article_publisher":"https:\/\/www.facebook.com\/montagnelagodicomo","article_published_time":"2016-12-01T11:55:30+00:00","article_modified_time":"2017-03-13T14:43:36+00:00","og_image":[{"url":"http:\/\/www.montagnelagodicomo.it\/wp-content\/uploads\/2016\/12\/14798746_10154110293807635_1800879318_n-150x150.jpg","type":"","width":"","height":""}],"author":"montagne","twitter_card":"summary_large_image","twitter_creator":"@MontagneLago","twitter_site":"@MontagneLago","twitter_misc":{"\u00c9crit par":"montagne","Dur\u00e9e de lecture estim\u00e9e":"1 minute"},"schema":{"@context":"https:\/\/schema.org","@graph":[{"@type":"Article","@id":"https:\/\/www.montagnelagodicomo.it\/en\/2016\/12\/01\/assemblea-ordinaria-dei-soci-30-novembre-2016\/#article","isPartOf":{"@id":"https:\/\/www.montagnelagodicomo.it\/en\/2016\/12\/01\/assemblea-ordinaria-dei-soci-30-novembre-2016\/"},"author":{"name":"montagne","@id":"https:\/\/www.montagnelagodicomo.it\/#\/schema\/person\/e29d7922634eb034bc4083a91cad0954"},"headline":"Assemblea Ordinaria dei Soci 30 novembre 2016","datePublished":"2016-12-01T11:55:30+00:00","dateModified":"2017-03-13T14:43:36+00:00","mainEntityOfPage":{"@id":"https:\/\/www.montagnelagodicomo.it\/en\/2016\/12\/01\/assemblea-ordinaria-dei-soci-30-novembre-2016\/"},"wordCount":227,"publisher":{"@id":"https:\/\/www.montagnelagodicomo.it\/#organization"},"image":{"@id":"https:\/\/www.montagnelagodicomo.it\/en\/2016\/12\/01\/assemblea-ordinaria-dei-soci-30-novembre-2016\/#primaryimage"},"thumbnailUrl":"http:\/\/www.montagnelagodicomo.it\/wp-content\/uploads\/2016\/12\/14798746_10154110293807635_1800879318_n-150x150.jpg","articleSection":["Non categorizzato"],"inLanguage":"fr-FR"},{"@type":"WebPage","@id":"https:\/\/www.montagnelagodicomo.it\/en\/2016\/12\/01\/assemblea-ordinaria-dei-soci-30-novembre-2016\/","url":"https:\/\/www.montagnelagodicomo.it\/en\/2016\/12\/01\/assemblea-ordinaria-dei-soci-30-novembre-2016\/","name":"Assemblea Ordinaria dei Soci 30 novembre 2016 - Lago di Como e Valsassina","isPartOf":{"@id":"https:\/\/www.montagnelagodicomo.it\/#website"},"primaryImageOfPage":{"@id":"https:\/\/www.montagnelagodicomo.it\/en\/2016\/12\/01\/assemblea-ordinaria-dei-soci-30-novembre-2016\/#primaryimage"},"image":{"@id":"https:\/\/www.montagnelagodicomo.it\/en\/2016\/12\/01\/assemblea-ordinaria-dei-soci-30-novembre-2016\/#primaryimage"},"thumbnailUrl":"http:\/\/www.montagnelagodicomo.it\/wp-content\/uploads\/2016\/12\/14798746_10154110293807635_1800879318_n-150x150.jpg","datePublished":"2016-12-01T11:55:30+00:00","dateModified":"2017-03-13T14:43:36+00:00","breadcrumb":{"@id":"https:\/\/www.montagnelagodicomo.it\/en\/2016\/12\/01\/assemblea-ordinaria-dei-soci-30-novembre-2016\/#breadcrumb"},"inLanguage":"fr-FR","potentialAction":[{"@type":"ReadAction","target":["https:\/\/www.montagnelagodicomo.it\/en\/2016\/12\/01\/assemblea-ordinaria-dei-soci-30-novembre-2016\/"]}]},{"@type":"ImageObject","inLanguage":"fr-FR","@id":"https:\/\/www.montagnelagodicomo.it\/en\/2016\/12\/01\/assemblea-ordinaria-dei-soci-30-novembre-2016\/#primaryimage","url":"http:\/\/www.montagnelagodicomo.it\/wp-content\/uploads\/2016\/12\/14798746_10154110293807635_1800879318_n-150x150.jpg","contentUrl":"http:\/\/www.montagnelagodicomo.it\/wp-content\/uploads\/2016\/12\/14798746_10154110293807635_1800879318_n-150x150.jpg"},{"@type":"BreadcrumbList","@id":"https:\/\/www.montagnelagodicomo.it\/en\/2016\/12\/01\/assemblea-ordinaria-dei-soci-30-novembre-2016\/#breadcrumb","itemListElement":[{"@type":"ListItem","position":1,"name":"Home","item":"https:\/\/www.montagnelagodicomo.it\/fr\/"},{"@type":"ListItem","position":2,"name":"Assemblea Ordinaria dei Soci 30 novembre 2016"}]},{"@type":"WebSite","@id":"https:\/\/www.montagnelagodicomo.it\/#website","url":"https:\/\/www.montagnelagodicomo.it\/","name":"Lago di Como e Valsassina","description":"","publisher":{"@id":"https:\/\/www.montagnelagodicomo.it\/#organization"},"potentialAction":[{"@type":"SearchAction","target":{"@type":"EntryPoint","urlTemplate":"https:\/\/www.montagnelagodicomo.it\/?s={search_term_string}"},"query-input":{"@type":"PropertyValueSpecification","valueRequired":true,"valueName":"search_term_string"}}],"inLanguage":"fr-FR"},{"@type":"Organization","@id":"https:\/\/www.montagnelagodicomo.it\/#organization","name":"Montagne del Lago di Como","url":"https:\/\/www.montagnelagodicomo.it\/","logo":{"@type":"ImageObject","inLanguage":"fr-FR","@id":"https:\/\/www.montagnelagodicomo.it\/#\/schema\/logo\/image\/","url":"https:\/\/www.montagnelagodicomo.it\/wp-content\/uploads\/2016\/07\/DEF_Montagne_LagodiComo_04112015_png.png","contentUrl":"https:\/\/www.montagnelagodicomo.it\/wp-content\/uploads\/2016\/07\/DEF_Montagne_LagodiComo_04112015_png.png","width":2997,"height":835,"caption":"Montagne del Lago di Como"},"image":{"@id":"https:\/\/www.montagnelagodicomo.it\/#\/schema\/logo\/image\/"},"sameAs":["https:\/\/www.facebook.com\/montagnelagodicomo","https:\/\/x.com\/MontagneLago","https:\/\/www.youtube.com\/channel\/UCDoxghWmgQnHlQ78rzZuUjA"]},{"@type":"Person","@id":"https:\/\/www.montagnelagodicomo.it\/#\/schema\/person\/e29d7922634eb034bc4083a91cad0954","name":"montagne","image":{"@type":"ImageObject","inLanguage":"fr-FR","@id":"https:\/\/www.montagnelagodicomo.it\/#\/schema\/person\/image\/","url":"https:\/\/secure.gravatar.com\/avatar\/ea758e56c15e5aff2449e6dbda52d15b66f73260605c6968eff333359d31b7ee?s=96&d=mm&r=g","contentUrl":"https:\/\/secure.gravatar.com\/avatar\/ea758e56c15e5aff2449e6dbda52d15b66f73260605c6968eff333359d31b7ee?s=96&d=mm&r=g","caption":"montagne"},"url":"https:\/\/www.montagnelagodicomo.it\/fr\/author\/montagne\/"}]}},"_links":{"self":[{"href":"https:\/\/www.montagnelagodicomo.it\/fr\/wp-json\/wp\/v2\/posts\/15906","targetHints":{"allow":["GET"]}}],"collection":[{"href":"https:\/\/www.montagnelagodicomo.it\/fr\/wp-json\/wp\/v2\/posts"}],"about":[{"href":"https:\/\/www.montagnelagodicomo.it\/fr\/wp-json\/wp\/v2\/types\/post"}],"author":[{"embeddable":true,"href":"https:\/\/www.montagnelagodicomo.it\/fr\/wp-json\/wp\/v2\/users\/1"}],"replies":[{"embeddable":true,"href":"https:\/\/www.montagnelagodicomo.it\/fr\/wp-json\/wp\/v2\/comments?post=15906"}],"version-history":[{"count":1,"href":"https:\/\/www.montagnelagodicomo.it\/fr\/wp-json\/wp\/v2\/posts\/15906\/revisions"}],"predecessor-version":[{"id":15922,"href":"https:\/\/www.montagnelagodicomo.it\/fr\/wp-json\/wp\/v2\/posts\/15906\/revisions\/15922"}],"wp:attachment":[{"href":"https:\/\/www.montagnelagodicomo.it\/fr\/wp-json\/wp\/v2\/media?parent=15906"}],"wp:term":[{"taxonomy":"category","embeddable":true,"href":"https:\/\/www.montagnelagodicomo.it\/fr\/wp-json\/wp\/v2\/categories?post=15906"},{"taxonomy":"post_tag","embeddable":true,"href":"https:\/\/www.montagnelagodicomo.it\/fr\/wp-json\/wp\/v2\/tags?post=15906"}],"curies":[{"name":"wp","href":"https:\/\/api.w.org\/{rel}","templated":true}]}}