{"id":15907,"date":"2016-12-06T09:53:11","date_gmt":"2016-12-06T08:53:11","guid":{"rendered":"http:\/\/www.montagnelagodicomo.it\/2016\/12\/06\/apertura-funivia-piani-di-artavaggio-7-dicembre-2016-2\/"},"modified":"2017-03-13T15:43:34","modified_gmt":"2017-03-13T14:43:34","slug":"apertura-funivia-piani-di-artavaggio-7-dicembre-2016-2","status":"publish","type":"post","link":"https:\/\/www.montagnelagodicomo.it\/fr\/2016\/12\/06\/apertura-funivia-piani-di-artavaggio-7-dicembre-2016-2\/","title":{"rendered":"Apertura Funivia Piani di Artavaggio 7 dicembre 2016"},"content":{"rendered":"<h4 style=\"text-align: left;\">Vi annunciamo con piacere l&rsquo;apertura della funivia ai Piani di Artavaggio<\/h4>\n<p><a href=\"http:\/\/www.montagnelagodicomo.it\/wp-content\/uploads\/2015\/06\/Paola-Massari-artavaggio.jpg\"><img fetchpriority=\"high\" decoding=\"async\" class=\"size-medium wp-image-3190\" src=\"http:\/\/www.montagnelagodicomo.it\/wp-content\/uploads\/2015\/06\/Paola-Massari-artavaggio-150x150.jpg\" alt=\"I Piani di Artavaggio in inverno\" width=\"230\" height=\"230\" \/><\/a><\/p>\n<p>Mercoled\u00ec 7 dicembre 2016 aprir\u00e0 la funivia che porta ai <a href=\"http:\/\/www.montagnelagodicomo.it\/listings\/piani-di-artavaggio\/\">Piani di Artavaggio<\/a>.<\/p>\n<p>La funivia rimarr\u00e0 aperta in occasione del Ponte dell&rsquo;Immacolata, dal 7 all&rsquo;11 dicembre e tutti i sabati e domeniche fino al giorno 24 dicembre compreso. Il giorno di Natale \u00e8 chiusa, mentre dal 26 dicembre la funivia \u00e8 aperta tutti i giorni.<\/p>\n<p>Per informazioni dettagliate sugli orari e i costi, vi invitiamo a consultare il sito <a href=\"http:\/\/www.pianidibobbio.com\/prezzi-orari\/artavaggio\" target=\"_blank\">www.pianidibobbio.com<\/a> in prossimit\u00e0 delle date di apetrura.<\/p>\n<p>Noi abbiamo una gran voglia di divertirci, e voi?<\/p>\n","protected":false},"excerpt":{"rendered":"<p>Vi annunciamo con piacere l&rsquo;apertura della funivia ai Piani di Artavaggio Mercoled\u00ec 7 dicembre 2016 aprir\u00e0 la funivia che porta ai Piani di Artavaggio. La funivia rimarr\u00e0 aperta in occasione del Ponte dell&rsquo;Immacolata, dal 7 all&rsquo;11 dicembre e tutti i sabati e domeniche fino al giorno 24 dicembre compreso. Il giorno di Natale \u00e8 chiusa, [&hellip;]<\/p>\n","protected":false},"author":1,"featured_media":0,"comment_status":"closed","ping_status":"closed","sticky":false,"template":"","format":"standard","meta":{"_acf_changed":false,"footnotes":""},"categories":[146],"tags":[],"class_list":["post-15907","post","type-post","status-publish","format-standard","hentry","category-ultima-ora"],"acf":[],"yoast_head":"<!-- This site is optimized with the Yoast SEO plugin v25.0 - https:\/\/yoast.com\/wordpress\/plugins\/seo\/ -->\n<title>Apertura Funivia Piani di Artavaggio 7 dicembre 2016 - Lago di Como e Valsassina<\/title>\n<meta name=\"robots\" content=\"index, follow, max-snippet:-1, max-image-preview:large, max-video-preview:-1\" \/>\n<link rel=\"canonical\" href=\"https:\/\/www.montagnelagodicomo.it\/2016\/12\/06\/apertura-funivia-piani-di-artavaggio-7-dicembre-2016-2\/\" \/>\n<meta property=\"og:locale\" content=\"fr_FR\" \/>\n<meta property=\"og:type\" content=\"article\" \/>\n<meta property=\"og:title\" content=\"Apertura Funivia Piani di Artavaggio 7 dicembre 2016 - Lago di Como e Valsassina\" \/>\n<meta property=\"og:description\" content=\"Vi annunciamo con piacere l&rsquo;apertura della funivia ai Piani di Artavaggio Mercoled\u00ec 7 dicembre 2016 aprir\u00e0 la funivia che porta ai Piani di Artavaggio. La funivia rimarr\u00e0 aperta in occasione del Ponte dell&rsquo;Immacolata, dal 7 all&rsquo;11 dicembre e tutti i sabati e domeniche fino al giorno 24 dicembre compreso. Il giorno di Natale \u00e8 chiusa, [&hellip;]\" \/>\n<meta property=\"og:url\" content=\"https:\/\/www.montagnelagodicomo.it\/2016\/12\/06\/apertura-funivia-piani-di-artavaggio-7-dicembre-2016-2\/\" \/>\n<meta property=\"og:site_name\" content=\"Lago di Como e Valsassina\" \/>\n<meta property=\"article:publisher\" content=\"https:\/\/www.facebook.com\/montagnelagodicomo\" \/>\n<meta property=\"article:published_time\" content=\"2016-12-06T08:53:11+00:00\" \/>\n<meta property=\"article:modified_time\" content=\"2017-03-13T14:43:34+00:00\" \/>\n<meta property=\"og:image\" content=\"http:\/\/www.montagnelagodicomo.it\/wp-content\/uploads\/2015\/06\/Paola-Massari-artavaggio-150x150.jpg\" \/>\n<meta name=\"author\" content=\"montagne\" \/>\n<meta name=\"twitter:card\" content=\"summary_large_image\" \/>\n<meta name=\"twitter:creator\" content=\"@MontagneLago\" \/>\n<meta name=\"twitter:site\" content=\"@MontagneLago\" \/>\n<meta name=\"twitter:label1\" content=\"\u00c9crit par\" \/>\n\t<meta name=\"twitter:data1\" content=\"montagne\" \/>\n<script type=\"application\/ld+json\" class=\"yoast-schema-graph\">{\"@context\":\"https:\/\/schema.org\",\"@graph\":[{\"@type\":\"Article\",\"@id\":\"https:\/\/www.montagnelagodicomo.it\/2016\/12\/06\/apertura-funivia-piani-di-artavaggio-7-dicembre-2016-2\/#article\",\"isPartOf\":{\"@id\":\"https:\/\/www.montagnelagodicomo.it\/2016\/12\/06\/apertura-funivia-piani-di-artavaggio-7-dicembre-2016-2\/\"},\"author\":{\"name\":\"montagne\",\"@id\":\"https:\/\/www.montagnelagodicomo.it\/#\/schema\/person\/e29d7922634eb034bc4083a91cad0954\"},\"headline\":\"Apertura Funivia Piani di Artavaggio 7 dicembre 2016\",\"datePublished\":\"2016-12-06T08:53:11+00:00\",\"dateModified\":\"2017-03-13T14:43:34+00:00\",\"mainEntityOfPage\":{\"@id\":\"https:\/\/www.montagnelagodicomo.it\/2016\/12\/06\/apertura-funivia-piani-di-artavaggio-7-dicembre-2016-2\/\"},\"wordCount\":97,\"publisher\":{\"@id\":\"https:\/\/www.montagnelagodicomo.it\/#organization\"},\"image\":{\"@id\":\"https:\/\/www.montagnelagodicomo.it\/2016\/12\/06\/apertura-funivia-piani-di-artavaggio-7-dicembre-2016-2\/#primaryimage\"},\"thumbnailUrl\":\"http:\/\/www.montagnelagodicomo.it\/wp-content\/uploads\/2015\/06\/Paola-Massari-artavaggio-150x150.jpg\",\"articleSection\":[\"Ultima ora\"],\"inLanguage\":\"fr-FR\"},{\"@type\":\"WebPage\",\"@id\":\"https:\/\/www.montagnelagodicomo.it\/2016\/12\/06\/apertura-funivia-piani-di-artavaggio-7-dicembre-2016-2\/\",\"url\":\"https:\/\/www.montagnelagodicomo.it\/2016\/12\/06\/apertura-funivia-piani-di-artavaggio-7-dicembre-2016-2\/\",\"name\":\"Apertura Funivia Piani di Artavaggio 7 dicembre 2016 - Lago di Como e Valsassina\",\"isPartOf\":{\"@id\":\"https:\/\/www.montagnelagodicomo.it\/#website\"},\"primaryImageOfPage\":{\"@id\":\"https:\/\/www.montagnelagodicomo.it\/2016\/12\/06\/apertura-funivia-piani-di-artavaggio-7-dicembre-2016-2\/#primaryimage\"},\"image\":{\"@id\":\"https:\/\/www.montagnelagodicomo.it\/2016\/12\/06\/apertura-funivia-piani-di-artavaggio-7-dicembre-2016-2\/#primaryimage\"},\"thumbnailUrl\":\"http:\/\/www.montagnelagodicomo.it\/wp-content\/uploads\/2015\/06\/Paola-Massari-artavaggio-150x150.jpg\",\"datePublished\":\"2016-12-06T08:53:11+00:00\",\"dateModified\":\"2017-03-13T14:43:34+00:00\",\"breadcrumb\":{\"@id\":\"https:\/\/www.montagnelagodicomo.it\/2016\/12\/06\/apertura-funivia-piani-di-artavaggio-7-dicembre-2016-2\/#breadcrumb\"},\"inLanguage\":\"fr-FR\",\"potentialAction\":[{\"@type\":\"ReadAction\",\"target\":[\"https:\/\/www.montagnelagodicomo.it\/2016\/12\/06\/apertura-funivia-piani-di-artavaggio-7-dicembre-2016-2\/\"]}]},{\"@type\":\"ImageObject\",\"inLanguage\":\"fr-FR\",\"@id\":\"https:\/\/www.montagnelagodicomo.it\/2016\/12\/06\/apertura-funivia-piani-di-artavaggio-7-dicembre-2016-2\/#primaryimage\",\"url\":\"http:\/\/www.montagnelagodicomo.it\/wp-content\/uploads\/2015\/06\/Paola-Massari-artavaggio-150x150.jpg\",\"contentUrl\":\"http:\/\/www.montagnelagodicomo.it\/wp-content\/uploads\/2015\/06\/Paola-Massari-artavaggio-150x150.jpg\"},{\"@type\":\"BreadcrumbList\",\"@id\":\"https:\/\/www.montagnelagodicomo.it\/2016\/12\/06\/apertura-funivia-piani-di-artavaggio-7-dicembre-2016-2\/#breadcrumb\",\"itemListElement\":[{\"@type\":\"ListItem\",\"position\":1,\"name\":\"Home\",\"item\":\"https:\/\/www.montagnelagodicomo.it\/fr\/\"},{\"@type\":\"ListItem\",\"position\":2,\"name\":\"Apertura Funivia Piani di Artavaggio 7 dicembre 2016\"}]},{\"@type\":\"WebSite\",\"@id\":\"https:\/\/www.montagnelagodicomo.it\/#website\",\"url\":\"https:\/\/www.montagnelagodicomo.it\/\",\"name\":\"Lago di Como e Valsassina\",\"description\":\"\",\"publisher\":{\"@id\":\"https:\/\/www.montagnelagodicomo.it\/#organization\"},\"potentialAction\":[{\"@type\":\"SearchAction\",\"target\":{\"@type\":\"EntryPoint\",\"urlTemplate\":\"https:\/\/www.montagnelagodicomo.it\/?s={search_term_string}\"},\"query-input\":{\"@type\":\"PropertyValueSpecification\",\"valueRequired\":true,\"valueName\":\"search_term_string\"}}],\"inLanguage\":\"fr-FR\"},{\"@type\":\"Organization\",\"@id\":\"https:\/\/www.montagnelagodicomo.it\/#organization\",\"name\":\"Montagne del Lago di Como\",\"url\":\"https:\/\/www.montagnelagodicomo.it\/\",\"logo\":{\"@type\":\"ImageObject\",\"inLanguage\":\"fr-FR\",\"@id\":\"https:\/\/www.montagnelagodicomo.it\/#\/schema\/logo\/image\/\",\"url\":\"https:\/\/www.montagnelagodicomo.it\/wp-content\/uploads\/2016\/07\/DEF_Montagne_LagodiComo_04112015_png.png\",\"contentUrl\":\"https:\/\/www.montagnelagodicomo.it\/wp-content\/uploads\/2016\/07\/DEF_Montagne_LagodiComo_04112015_png.png\",\"width\":2997,\"height\":835,\"caption\":\"Montagne del Lago di Como\"},\"image\":{\"@id\":\"https:\/\/www.montagnelagodicomo.it\/#\/schema\/logo\/image\/\"},\"sameAs\":[\"https:\/\/www.facebook.com\/montagnelagodicomo\",\"https:\/\/x.com\/MontagneLago\",\"https:\/\/www.youtube.com\/channel\/UCDoxghWmgQnHlQ78rzZuUjA\"]},{\"@type\":\"Person\",\"@id\":\"https:\/\/www.montagnelagodicomo.it\/#\/schema\/person\/e29d7922634eb034bc4083a91cad0954\",\"name\":\"montagne\",\"image\":{\"@type\":\"ImageObject\",\"inLanguage\":\"fr-FR\",\"@id\":\"https:\/\/www.montagnelagodicomo.it\/#\/schema\/person\/image\/\",\"url\":\"https:\/\/secure.gravatar.com\/avatar\/ea758e56c15e5aff2449e6dbda52d15b66f73260605c6968eff333359d31b7ee?s=96&d=mm&r=g\",\"contentUrl\":\"https:\/\/secure.gravatar.com\/avatar\/ea758e56c15e5aff2449e6dbda52d15b66f73260605c6968eff333359d31b7ee?s=96&d=mm&r=g\",\"caption\":\"montagne\"},\"url\":\"https:\/\/www.montagnelagodicomo.it\/fr\/author\/montagne\/\"}]}<\/script>\n<!-- \/ Yoast SEO plugin. -->","yoast_head_json":{"title":"Apertura Funivia Piani di Artavaggio 7 dicembre 2016 - Lago di Como e Valsassina","robots":{"index":"index","follow":"follow","max-snippet":"max-snippet:-1","max-image-preview":"max-image-preview:large","max-video-preview":"max-video-preview:-1"},"canonical":"https:\/\/www.montagnelagodicomo.it\/2016\/12\/06\/apertura-funivia-piani-di-artavaggio-7-dicembre-2016-2\/","og_locale":"fr_FR","og_type":"article","og_title":"Apertura Funivia Piani di Artavaggio 7 dicembre 2016 - Lago di Como e Valsassina","og_description":"Vi annunciamo con piacere l&rsquo;apertura della funivia ai Piani di Artavaggio Mercoled\u00ec 7 dicembre 2016 aprir\u00e0 la funivia che porta ai Piani di Artavaggio. La funivia rimarr\u00e0 aperta in occasione del Ponte dell&rsquo;Immacolata, dal 7 all&rsquo;11 dicembre e tutti i sabati e domeniche fino al giorno 24 dicembre compreso. Il giorno di Natale \u00e8 chiusa, [&hellip;]","og_url":"https:\/\/www.montagnelagodicomo.it\/2016\/12\/06\/apertura-funivia-piani-di-artavaggio-7-dicembre-2016-2\/","og_site_name":"Lago di Como e Valsassina","article_publisher":"https:\/\/www.facebook.com\/montagnelagodicomo","article_published_time":"2016-12-06T08:53:11+00:00","article_modified_time":"2017-03-13T14:43:34+00:00","og_image":[{"url":"http:\/\/www.montagnelagodicomo.it\/wp-content\/uploads\/2015\/06\/Paola-Massari-artavaggio-150x150.jpg","type":"","width":"","height":""}],"author":"montagne","twitter_card":"summary_large_image","twitter_creator":"@MontagneLago","twitter_site":"@MontagneLago","twitter_misc":{"\u00c9crit par":"montagne"},"schema":{"@context":"https:\/\/schema.org","@graph":[{"@type":"Article","@id":"https:\/\/www.montagnelagodicomo.it\/2016\/12\/06\/apertura-funivia-piani-di-artavaggio-7-dicembre-2016-2\/#article","isPartOf":{"@id":"https:\/\/www.montagnelagodicomo.it\/2016\/12\/06\/apertura-funivia-piani-di-artavaggio-7-dicembre-2016-2\/"},"author":{"name":"montagne","@id":"https:\/\/www.montagnelagodicomo.it\/#\/schema\/person\/e29d7922634eb034bc4083a91cad0954"},"headline":"Apertura Funivia Piani di Artavaggio 7 dicembre 2016","datePublished":"2016-12-06T08:53:11+00:00","dateModified":"2017-03-13T14:43:34+00:00","mainEntityOfPage":{"@id":"https:\/\/www.montagnelagodicomo.it\/2016\/12\/06\/apertura-funivia-piani-di-artavaggio-7-dicembre-2016-2\/"},"wordCount":97,"publisher":{"@id":"https:\/\/www.montagnelagodicomo.it\/#organization"},"image":{"@id":"https:\/\/www.montagnelagodicomo.it\/2016\/12\/06\/apertura-funivia-piani-di-artavaggio-7-dicembre-2016-2\/#primaryimage"},"thumbnailUrl":"http:\/\/www.montagnelagodicomo.it\/wp-content\/uploads\/2015\/06\/Paola-Massari-artavaggio-150x150.jpg","articleSection":["Ultima ora"],"inLanguage":"fr-FR"},{"@type":"WebPage","@id":"https:\/\/www.montagnelagodicomo.it\/2016\/12\/06\/apertura-funivia-piani-di-artavaggio-7-dicembre-2016-2\/","url":"https:\/\/www.montagnelagodicomo.it\/2016\/12\/06\/apertura-funivia-piani-di-artavaggio-7-dicembre-2016-2\/","name":"Apertura Funivia Piani di Artavaggio 7 dicembre 2016 - Lago di Como e Valsassina","isPartOf":{"@id":"https:\/\/www.montagnelagodicomo.it\/#website"},"primaryImageOfPage":{"@id":"https:\/\/www.montagnelagodicomo.it\/2016\/12\/06\/apertura-funivia-piani-di-artavaggio-7-dicembre-2016-2\/#primaryimage"},"image":{"@id":"https:\/\/www.montagnelagodicomo.it\/2016\/12\/06\/apertura-funivia-piani-di-artavaggio-7-dicembre-2016-2\/#primaryimage"},"thumbnailUrl":"http:\/\/www.montagnelagodicomo.it\/wp-content\/uploads\/2015\/06\/Paola-Massari-artavaggio-150x150.jpg","datePublished":"2016-12-06T08:53:11+00:00","dateModified":"2017-03-13T14:43:34+00:00","breadcrumb":{"@id":"https:\/\/www.montagnelagodicomo.it\/2016\/12\/06\/apertura-funivia-piani-di-artavaggio-7-dicembre-2016-2\/#breadcrumb"},"inLanguage":"fr-FR","potentialAction":[{"@type":"ReadAction","target":["https:\/\/www.montagnelagodicomo.it\/2016\/12\/06\/apertura-funivia-piani-di-artavaggio-7-dicembre-2016-2\/"]}]},{"@type":"ImageObject","inLanguage":"fr-FR","@id":"https:\/\/www.montagnelagodicomo.it\/2016\/12\/06\/apertura-funivia-piani-di-artavaggio-7-dicembre-2016-2\/#primaryimage","url":"http:\/\/www.montagnelagodicomo.it\/wp-content\/uploads\/2015\/06\/Paola-Massari-artavaggio-150x150.jpg","contentUrl":"http:\/\/www.montagnelagodicomo.it\/wp-content\/uploads\/2015\/06\/Paola-Massari-artavaggio-150x150.jpg"},{"@type":"BreadcrumbList","@id":"https:\/\/www.montagnelagodicomo.it\/2016\/12\/06\/apertura-funivia-piani-di-artavaggio-7-dicembre-2016-2\/#breadcrumb","itemListElement":[{"@type":"ListItem","position":1,"name":"Home","item":"https:\/\/www.montagnelagodicomo.it\/fr\/"},{"@type":"ListItem","position":2,"name":"Apertura Funivia Piani di Artavaggio 7 dicembre 2016"}]},{"@type":"WebSite","@id":"https:\/\/www.montagnelagodicomo.it\/#website","url":"https:\/\/www.montagnelagodicomo.it\/","name":"Lago di Como e Valsassina","description":"","publisher":{"@id":"https:\/\/www.montagnelagodicomo.it\/#organization"},"potentialAction":[{"@type":"SearchAction","target":{"@type":"EntryPoint","urlTemplate":"https:\/\/www.montagnelagodicomo.it\/?s={search_term_string}"},"query-input":{"@type":"PropertyValueSpecification","valueRequired":true,"valueName":"search_term_string"}}],"inLanguage":"fr-FR"},{"@type":"Organization","@id":"https:\/\/www.montagnelagodicomo.it\/#organization","name":"Montagne del Lago di Como","url":"https:\/\/www.montagnelagodicomo.it\/","logo":{"@type":"ImageObject","inLanguage":"fr-FR","@id":"https:\/\/www.montagnelagodicomo.it\/#\/schema\/logo\/image\/","url":"https:\/\/www.montagnelagodicomo.it\/wp-content\/uploads\/2016\/07\/DEF_Montagne_LagodiComo_04112015_png.png","contentUrl":"https:\/\/www.montagnelagodicomo.it\/wp-content\/uploads\/2016\/07\/DEF_Montagne_LagodiComo_04112015_png.png","width":2997,"height":835,"caption":"Montagne del Lago di Como"},"image":{"@id":"https:\/\/www.montagnelagodicomo.it\/#\/schema\/logo\/image\/"},"sameAs":["https:\/\/www.facebook.com\/montagnelagodicomo","https:\/\/x.com\/MontagneLago","https:\/\/www.youtube.com\/channel\/UCDoxghWmgQnHlQ78rzZuUjA"]},{"@type":"Person","@id":"https:\/\/www.montagnelagodicomo.it\/#\/schema\/person\/e29d7922634eb034bc4083a91cad0954","name":"montagne","image":{"@type":"ImageObject","inLanguage":"fr-FR","@id":"https:\/\/www.montagnelagodicomo.it\/#\/schema\/person\/image\/","url":"https:\/\/secure.gravatar.com\/avatar\/ea758e56c15e5aff2449e6dbda52d15b66f73260605c6968eff333359d31b7ee?s=96&d=mm&r=g","contentUrl":"https:\/\/secure.gravatar.com\/avatar\/ea758e56c15e5aff2449e6dbda52d15b66f73260605c6968eff333359d31b7ee?s=96&d=mm&r=g","caption":"montagne"},"url":"https:\/\/www.montagnelagodicomo.it\/fr\/author\/montagne\/"}]}},"_links":{"self":[{"href":"https:\/\/www.montagnelagodicomo.it\/fr\/wp-json\/wp\/v2\/posts\/15907","targetHints":{"allow":["GET"]}}],"collection":[{"href":"https:\/\/www.montagnelagodicomo.it\/fr\/wp-json\/wp\/v2\/posts"}],"about":[{"href":"https:\/\/www.montagnelagodicomo.it\/fr\/wp-json\/wp\/v2\/types\/post"}],"author":[{"embeddable":true,"href":"https:\/\/www.montagnelagodicomo.it\/fr\/wp-json\/wp\/v2\/users\/1"}],"replies":[{"embeddable":true,"href":"https:\/\/www.montagnelagodicomo.it\/fr\/wp-json\/wp\/v2\/comments?post=15907"}],"version-history":[{"count":2,"href":"https:\/\/www.montagnelagodicomo.it\/fr\/wp-json\/wp\/v2\/posts\/15907\/revisions"}],"predecessor-version":[{"id":15967,"href":"https:\/\/www.montagnelagodicomo.it\/fr\/wp-json\/wp\/v2\/posts\/15907\/revisions\/15967"}],"wp:attachment":[{"href":"https:\/\/www.montagnelagodicomo.it\/fr\/wp-json\/wp\/v2\/media?parent=15907"}],"wp:term":[{"taxonomy":"category","embeddable":true,"href":"https:\/\/www.montagnelagodicomo.it\/fr\/wp-json\/wp\/v2\/categories?post=15907"},{"taxonomy":"post_tag","embeddable":true,"href":"https:\/\/www.montagnelagodicomo.it\/fr\/wp-json\/wp\/v2\/tags?post=15907"}],"curies":[{"name":"wp","href":"https:\/\/api.w.org\/{rel}","templated":true}]}}