{"id":15908,"date":"2017-01-13T12:21:07","date_gmt":"2017-01-13T11:21:07","guid":{"rendered":"http:\/\/www.montagnelagodicomo.it\/2017\/01\/13\/apertura-piste-da-sci-pian-delle-betulle\/"},"modified":"2017-03-13T15:43:32","modified_gmt":"2017-03-13T14:43:32","slug":"apertura-piste-da-sci-pian-delle-betulle","status":"publish","type":"post","link":"https:\/\/www.montagnelagodicomo.it\/fr\/2017\/01\/13\/apertura-piste-da-sci-pian-delle-betulle\/","title":{"rendered":"Apertura piste da sci Pian delle Betulle"},"content":{"rendered":"<p>APERTURA PISTA BABY 14 &#8211; 15 GENNAIO 2017<\/p>\n<p>La societ\u00e0 Ultimaora srl, gestore delle piste da sci del Pian delle Betulle, informa<br \/>\n\u00ab\u00a0Grazie alle basse temperature di questi ultimi giorni, abbiamo preparato la pista baby con neve artificiale. il 14 e 15 gennaio il tappeto sar\u00e0 in funzione ,la pista baby sar\u00e0 aperta agli sciatori, mentre non sar\u00e0 fruibile la pista per i bob. La seggiovia Pian delle Betulle &#8211; Cima Laghetto sar\u00e0 aperta ai \u00ab\u00a0<span class=\"text_exposed_show\">pedoni\u00a0\u00bb.<br \/>\n<\/span>Per costi, orari e ulteriori aggiornamenti sulle aperture dei prossimi weekend, <span class=\"text_exposed_show\">consultare il sito <a href=\"http:\/\/www.piandellebetulle.it\/\" target=\"_blank\" rel=\"nofollow\">www.piandellebetulle.it<\/a><br \/>\nInfo sulla funivia su <a href=\"http:\/\/www.pianidibobbio.com\" target=\"_blank\">www.pianidibobbio.com<\/a><br \/>\n<\/span><\/p>\n<figure id=\"attachment_13277\" aria-describedby=\"caption-attachment-13277\" style=\"width: 500px\" class=\"wp-caption alignleft\"><a href=\"http:\/\/www.montagnelagodicomo.it\/wp-content\/uploads\/2017\/01\/DSCN3769.jpg\"><img fetchpriority=\"high\" decoding=\"async\" class=\"wp-image-13277\" src=\"http:\/\/www.montagnelagodicomo.it\/wp-content\/uploads\/2017\/01\/DSCN3769.jpg\" alt=\"\" width=\"500\" height=\"375\" srcset=\"https:\/\/www.montagnelagodicomo.it\/wp-content\/uploads\/2017\/01\/DSCN3769.jpg 3648w, https:\/\/www.montagnelagodicomo.it\/wp-content\/uploads\/2017\/01\/DSCN3769-300x225.jpg 300w, https:\/\/www.montagnelagodicomo.it\/wp-content\/uploads\/2017\/01\/DSCN3769-768x576.jpg 768w, https:\/\/www.montagnelagodicomo.it\/wp-content\/uploads\/2017\/01\/DSCN3769-1024x768.jpg 1024w\" sizes=\"(max-width: 500px) 100vw, 500px\" \/><\/a><figcaption id=\"caption-attachment-13277\" class=\"wp-caption-text\">Pian delle Betulle, foto di repertorio<\/figcaption><\/figure>\n","protected":false},"excerpt":{"rendered":"<p>APERTURA PISTA BABY 14 &#8211; 15 GENNAIO 2017 La societ\u00e0 Ultimaora srl, gestore delle piste da sci del Pian delle Betulle, informa \u00ab\u00a0Grazie alle basse temperature di questi ultimi giorni, abbiamo preparato la pista baby con neve artificiale. il 14 e 15 gennaio il tappeto sar\u00e0 in funzione ,la pista baby sar\u00e0 aperta agli sciatori, [&hellip;]<\/p>\n","protected":false},"author":1,"featured_media":0,"comment_status":"closed","ping_status":"closed","sticky":false,"template":"","format":"standard","meta":{"_acf_changed":false,"footnotes":""},"categories":[146],"tags":[],"class_list":["post-15908","post","type-post","status-publish","format-standard","hentry","category-ultima-ora"],"acf":[],"yoast_head":"<!-- This site is optimized with the Yoast SEO plugin v25.0 - https:\/\/yoast.com\/wordpress\/plugins\/seo\/ -->\n<title>Apertura piste da sci Pian delle Betulle - Lago di Como e Valsassina<\/title>\n<meta name=\"robots\" content=\"index, follow, max-snippet:-1, max-image-preview:large, max-video-preview:-1\" \/>\n<link rel=\"canonical\" href=\"https:\/\/www.montagnelagodicomo.it\/2017\/01\/13\/apertura-piste-da-sci-pian-delle-betulle\/\" \/>\n<meta property=\"og:locale\" content=\"fr_FR\" \/>\n<meta property=\"og:type\" content=\"article\" \/>\n<meta property=\"og:title\" content=\"Apertura piste da sci Pian delle Betulle - Lago di Como e Valsassina\" \/>\n<meta property=\"og:description\" content=\"APERTURA PISTA BABY 14 &#8211; 15 GENNAIO 2017 La societ\u00e0 Ultimaora srl, gestore delle piste da sci del Pian delle Betulle, informa \u00ab\u00a0Grazie alle basse temperature di questi ultimi giorni, abbiamo preparato la pista baby con neve artificiale. il 14 e 15 gennaio il tappeto sar\u00e0 in funzione ,la pista baby sar\u00e0 aperta agli sciatori, [&hellip;]\" \/>\n<meta property=\"og:url\" content=\"https:\/\/www.montagnelagodicomo.it\/2017\/01\/13\/apertura-piste-da-sci-pian-delle-betulle\/\" \/>\n<meta property=\"og:site_name\" content=\"Lago di Como e Valsassina\" \/>\n<meta property=\"article:publisher\" content=\"https:\/\/www.facebook.com\/montagnelagodicomo\" \/>\n<meta property=\"article:published_time\" content=\"2017-01-13T11:21:07+00:00\" \/>\n<meta property=\"article:modified_time\" content=\"2017-03-13T14:43:32+00:00\" \/>\n<meta property=\"og:image\" content=\"http:\/\/www.montagnelagodicomo.it\/wp-content\/uploads\/2017\/01\/DSCN3769.jpg\" \/>\n<meta name=\"author\" content=\"montagne\" \/>\n<meta name=\"twitter:card\" content=\"summary_large_image\" \/>\n<meta name=\"twitter:creator\" content=\"@MontagneLago\" \/>\n<meta name=\"twitter:site\" content=\"@MontagneLago\" \/>\n<meta name=\"twitter:label1\" content=\"\u00c9crit par\" \/>\n\t<meta name=\"twitter:data1\" content=\"montagne\" \/>\n\t<meta name=\"twitter:label2\" content=\"Dur\u00e9e de lecture estim\u00e9e\" \/>\n\t<meta name=\"twitter:data2\" content=\"1 minute\" \/>\n<script type=\"application\/ld+json\" class=\"yoast-schema-graph\">{\"@context\":\"https:\/\/schema.org\",\"@graph\":[{\"@type\":\"Article\",\"@id\":\"https:\/\/www.montagnelagodicomo.it\/2017\/01\/13\/apertura-piste-da-sci-pian-delle-betulle\/#article\",\"isPartOf\":{\"@id\":\"https:\/\/www.montagnelagodicomo.it\/2017\/01\/13\/apertura-piste-da-sci-pian-delle-betulle\/\"},\"author\":{\"name\":\"montagne\",\"@id\":\"https:\/\/www.montagnelagodicomo.it\/#\/schema\/person\/e29d7922634eb034bc4083a91cad0954\"},\"headline\":\"Apertura piste da sci Pian delle Betulle\",\"datePublished\":\"2017-01-13T11:21:07+00:00\",\"dateModified\":\"2017-03-13T14:43:32+00:00\",\"mainEntityOfPage\":{\"@id\":\"https:\/\/www.montagnelagodicomo.it\/2017\/01\/13\/apertura-piste-da-sci-pian-delle-betulle\/\"},\"wordCount\":115,\"publisher\":{\"@id\":\"https:\/\/www.montagnelagodicomo.it\/#organization\"},\"image\":{\"@id\":\"https:\/\/www.montagnelagodicomo.it\/2017\/01\/13\/apertura-piste-da-sci-pian-delle-betulle\/#primaryimage\"},\"thumbnailUrl\":\"http:\/\/www.montagnelagodicomo.it\/wp-content\/uploads\/2017\/01\/DSCN3769.jpg\",\"articleSection\":[\"Ultima ora\"],\"inLanguage\":\"fr-FR\"},{\"@type\":\"WebPage\",\"@id\":\"https:\/\/www.montagnelagodicomo.it\/2017\/01\/13\/apertura-piste-da-sci-pian-delle-betulle\/\",\"url\":\"https:\/\/www.montagnelagodicomo.it\/2017\/01\/13\/apertura-piste-da-sci-pian-delle-betulle\/\",\"name\":\"Apertura piste da sci Pian delle Betulle - Lago di Como e Valsassina\",\"isPartOf\":{\"@id\":\"https:\/\/www.montagnelagodicomo.it\/#website\"},\"primaryImageOfPage\":{\"@id\":\"https:\/\/www.montagnelagodicomo.it\/2017\/01\/13\/apertura-piste-da-sci-pian-delle-betulle\/#primaryimage\"},\"image\":{\"@id\":\"https:\/\/www.montagnelagodicomo.it\/2017\/01\/13\/apertura-piste-da-sci-pian-delle-betulle\/#primaryimage\"},\"thumbnailUrl\":\"http:\/\/www.montagnelagodicomo.it\/wp-content\/uploads\/2017\/01\/DSCN3769.jpg\",\"datePublished\":\"2017-01-13T11:21:07+00:00\",\"dateModified\":\"2017-03-13T14:43:32+00:00\",\"breadcrumb\":{\"@id\":\"https:\/\/www.montagnelagodicomo.it\/2017\/01\/13\/apertura-piste-da-sci-pian-delle-betulle\/#breadcrumb\"},\"inLanguage\":\"fr-FR\",\"potentialAction\":[{\"@type\":\"ReadAction\",\"target\":[\"https:\/\/www.montagnelagodicomo.it\/2017\/01\/13\/apertura-piste-da-sci-pian-delle-betulle\/\"]}]},{\"@type\":\"ImageObject\",\"inLanguage\":\"fr-FR\",\"@id\":\"https:\/\/www.montagnelagodicomo.it\/2017\/01\/13\/apertura-piste-da-sci-pian-delle-betulle\/#primaryimage\",\"url\":\"http:\/\/www.montagnelagodicomo.it\/wp-content\/uploads\/2017\/01\/DSCN3769.jpg\",\"contentUrl\":\"http:\/\/www.montagnelagodicomo.it\/wp-content\/uploads\/2017\/01\/DSCN3769.jpg\"},{\"@type\":\"BreadcrumbList\",\"@id\":\"https:\/\/www.montagnelagodicomo.it\/2017\/01\/13\/apertura-piste-da-sci-pian-delle-betulle\/#breadcrumb\",\"itemListElement\":[{\"@type\":\"ListItem\",\"position\":1,\"name\":\"Home\",\"item\":\"https:\/\/www.montagnelagodicomo.it\/fr\/\"},{\"@type\":\"ListItem\",\"position\":2,\"name\":\"Apertura piste da sci Pian delle Betulle\"}]},{\"@type\":\"WebSite\",\"@id\":\"https:\/\/www.montagnelagodicomo.it\/#website\",\"url\":\"https:\/\/www.montagnelagodicomo.it\/\",\"name\":\"Lago di Como e Valsassina\",\"description\":\"\",\"publisher\":{\"@id\":\"https:\/\/www.montagnelagodicomo.it\/#organization\"},\"potentialAction\":[{\"@type\":\"SearchAction\",\"target\":{\"@type\":\"EntryPoint\",\"urlTemplate\":\"https:\/\/www.montagnelagodicomo.it\/?s={search_term_string}\"},\"query-input\":{\"@type\":\"PropertyValueSpecification\",\"valueRequired\":true,\"valueName\":\"search_term_string\"}}],\"inLanguage\":\"fr-FR\"},{\"@type\":\"Organization\",\"@id\":\"https:\/\/www.montagnelagodicomo.it\/#organization\",\"name\":\"Montagne del Lago di Como\",\"url\":\"https:\/\/www.montagnelagodicomo.it\/\",\"logo\":{\"@type\":\"ImageObject\",\"inLanguage\":\"fr-FR\",\"@id\":\"https:\/\/www.montagnelagodicomo.it\/#\/schema\/logo\/image\/\",\"url\":\"https:\/\/www.montagnelagodicomo.it\/wp-content\/uploads\/2016\/07\/DEF_Montagne_LagodiComo_04112015_png.png\",\"contentUrl\":\"https:\/\/www.montagnelagodicomo.it\/wp-content\/uploads\/2016\/07\/DEF_Montagne_LagodiComo_04112015_png.png\",\"width\":2997,\"height\":835,\"caption\":\"Montagne del Lago di Como\"},\"image\":{\"@id\":\"https:\/\/www.montagnelagodicomo.it\/#\/schema\/logo\/image\/\"},\"sameAs\":[\"https:\/\/www.facebook.com\/montagnelagodicomo\",\"https:\/\/x.com\/MontagneLago\",\"https:\/\/www.youtube.com\/channel\/UCDoxghWmgQnHlQ78rzZuUjA\"]},{\"@type\":\"Person\",\"@id\":\"https:\/\/www.montagnelagodicomo.it\/#\/schema\/person\/e29d7922634eb034bc4083a91cad0954\",\"name\":\"montagne\",\"image\":{\"@type\":\"ImageObject\",\"inLanguage\":\"fr-FR\",\"@id\":\"https:\/\/www.montagnelagodicomo.it\/#\/schema\/person\/image\/\",\"url\":\"https:\/\/secure.gravatar.com\/avatar\/ea758e56c15e5aff2449e6dbda52d15b66f73260605c6968eff333359d31b7ee?s=96&d=mm&r=g\",\"contentUrl\":\"https:\/\/secure.gravatar.com\/avatar\/ea758e56c15e5aff2449e6dbda52d15b66f73260605c6968eff333359d31b7ee?s=96&d=mm&r=g\",\"caption\":\"montagne\"},\"url\":\"https:\/\/www.montagnelagodicomo.it\/fr\/author\/montagne\/\"}]}<\/script>\n<!-- \/ Yoast SEO plugin. -->","yoast_head_json":{"title":"Apertura piste da sci Pian delle Betulle - Lago di Como e Valsassina","robots":{"index":"index","follow":"follow","max-snippet":"max-snippet:-1","max-image-preview":"max-image-preview:large","max-video-preview":"max-video-preview:-1"},"canonical":"https:\/\/www.montagnelagodicomo.it\/2017\/01\/13\/apertura-piste-da-sci-pian-delle-betulle\/","og_locale":"fr_FR","og_type":"article","og_title":"Apertura piste da sci Pian delle Betulle - Lago di Como e Valsassina","og_description":"APERTURA PISTA BABY 14 &#8211; 15 GENNAIO 2017 La societ\u00e0 Ultimaora srl, gestore delle piste da sci del Pian delle Betulle, informa \u00ab\u00a0Grazie alle basse temperature di questi ultimi giorni, abbiamo preparato la pista baby con neve artificiale. il 14 e 15 gennaio il tappeto sar\u00e0 in funzione ,la pista baby sar\u00e0 aperta agli sciatori, [&hellip;]","og_url":"https:\/\/www.montagnelagodicomo.it\/2017\/01\/13\/apertura-piste-da-sci-pian-delle-betulle\/","og_site_name":"Lago di Como e Valsassina","article_publisher":"https:\/\/www.facebook.com\/montagnelagodicomo","article_published_time":"2017-01-13T11:21:07+00:00","article_modified_time":"2017-03-13T14:43:32+00:00","og_image":[{"url":"http:\/\/www.montagnelagodicomo.it\/wp-content\/uploads\/2017\/01\/DSCN3769.jpg","type":"","width":"","height":""}],"author":"montagne","twitter_card":"summary_large_image","twitter_creator":"@MontagneLago","twitter_site":"@MontagneLago","twitter_misc":{"\u00c9crit par":"montagne","Dur\u00e9e de lecture estim\u00e9e":"1 minute"},"schema":{"@context":"https:\/\/schema.org","@graph":[{"@type":"Article","@id":"https:\/\/www.montagnelagodicomo.it\/2017\/01\/13\/apertura-piste-da-sci-pian-delle-betulle\/#article","isPartOf":{"@id":"https:\/\/www.montagnelagodicomo.it\/2017\/01\/13\/apertura-piste-da-sci-pian-delle-betulle\/"},"author":{"name":"montagne","@id":"https:\/\/www.montagnelagodicomo.it\/#\/schema\/person\/e29d7922634eb034bc4083a91cad0954"},"headline":"Apertura piste da sci Pian delle Betulle","datePublished":"2017-01-13T11:21:07+00:00","dateModified":"2017-03-13T14:43:32+00:00","mainEntityOfPage":{"@id":"https:\/\/www.montagnelagodicomo.it\/2017\/01\/13\/apertura-piste-da-sci-pian-delle-betulle\/"},"wordCount":115,"publisher":{"@id":"https:\/\/www.montagnelagodicomo.it\/#organization"},"image":{"@id":"https:\/\/www.montagnelagodicomo.it\/2017\/01\/13\/apertura-piste-da-sci-pian-delle-betulle\/#primaryimage"},"thumbnailUrl":"http:\/\/www.montagnelagodicomo.it\/wp-content\/uploads\/2017\/01\/DSCN3769.jpg","articleSection":["Ultima ora"],"inLanguage":"fr-FR"},{"@type":"WebPage","@id":"https:\/\/www.montagnelagodicomo.it\/2017\/01\/13\/apertura-piste-da-sci-pian-delle-betulle\/","url":"https:\/\/www.montagnelagodicomo.it\/2017\/01\/13\/apertura-piste-da-sci-pian-delle-betulle\/","name":"Apertura piste da sci Pian delle Betulle - Lago di Como e Valsassina","isPartOf":{"@id":"https:\/\/www.montagnelagodicomo.it\/#website"},"primaryImageOfPage":{"@id":"https:\/\/www.montagnelagodicomo.it\/2017\/01\/13\/apertura-piste-da-sci-pian-delle-betulle\/#primaryimage"},"image":{"@id":"https:\/\/www.montagnelagodicomo.it\/2017\/01\/13\/apertura-piste-da-sci-pian-delle-betulle\/#primaryimage"},"thumbnailUrl":"http:\/\/www.montagnelagodicomo.it\/wp-content\/uploads\/2017\/01\/DSCN3769.jpg","datePublished":"2017-01-13T11:21:07+00:00","dateModified":"2017-03-13T14:43:32+00:00","breadcrumb":{"@id":"https:\/\/www.montagnelagodicomo.it\/2017\/01\/13\/apertura-piste-da-sci-pian-delle-betulle\/#breadcrumb"},"inLanguage":"fr-FR","potentialAction":[{"@type":"ReadAction","target":["https:\/\/www.montagnelagodicomo.it\/2017\/01\/13\/apertura-piste-da-sci-pian-delle-betulle\/"]}]},{"@type":"ImageObject","inLanguage":"fr-FR","@id":"https:\/\/www.montagnelagodicomo.it\/2017\/01\/13\/apertura-piste-da-sci-pian-delle-betulle\/#primaryimage","url":"http:\/\/www.montagnelagodicomo.it\/wp-content\/uploads\/2017\/01\/DSCN3769.jpg","contentUrl":"http:\/\/www.montagnelagodicomo.it\/wp-content\/uploads\/2017\/01\/DSCN3769.jpg"},{"@type":"BreadcrumbList","@id":"https:\/\/www.montagnelagodicomo.it\/2017\/01\/13\/apertura-piste-da-sci-pian-delle-betulle\/#breadcrumb","itemListElement":[{"@type":"ListItem","position":1,"name":"Home","item":"https:\/\/www.montagnelagodicomo.it\/fr\/"},{"@type":"ListItem","position":2,"name":"Apertura piste da sci Pian delle Betulle"}]},{"@type":"WebSite","@id":"https:\/\/www.montagnelagodicomo.it\/#website","url":"https:\/\/www.montagnelagodicomo.it\/","name":"Lago di Como e Valsassina","description":"","publisher":{"@id":"https:\/\/www.montagnelagodicomo.it\/#organization"},"potentialAction":[{"@type":"SearchAction","target":{"@type":"EntryPoint","urlTemplate":"https:\/\/www.montagnelagodicomo.it\/?s={search_term_string}"},"query-input":{"@type":"PropertyValueSpecification","valueRequired":true,"valueName":"search_term_string"}}],"inLanguage":"fr-FR"},{"@type":"Organization","@id":"https:\/\/www.montagnelagodicomo.it\/#organization","name":"Montagne del Lago di Como","url":"https:\/\/www.montagnelagodicomo.it\/","logo":{"@type":"ImageObject","inLanguage":"fr-FR","@id":"https:\/\/www.montagnelagodicomo.it\/#\/schema\/logo\/image\/","url":"https:\/\/www.montagnelagodicomo.it\/wp-content\/uploads\/2016\/07\/DEF_Montagne_LagodiComo_04112015_png.png","contentUrl":"https:\/\/www.montagnelagodicomo.it\/wp-content\/uploads\/2016\/07\/DEF_Montagne_LagodiComo_04112015_png.png","width":2997,"height":835,"caption":"Montagne del Lago di Como"},"image":{"@id":"https:\/\/www.montagnelagodicomo.it\/#\/schema\/logo\/image\/"},"sameAs":["https:\/\/www.facebook.com\/montagnelagodicomo","https:\/\/x.com\/MontagneLago","https:\/\/www.youtube.com\/channel\/UCDoxghWmgQnHlQ78rzZuUjA"]},{"@type":"Person","@id":"https:\/\/www.montagnelagodicomo.it\/#\/schema\/person\/e29d7922634eb034bc4083a91cad0954","name":"montagne","image":{"@type":"ImageObject","inLanguage":"fr-FR","@id":"https:\/\/www.montagnelagodicomo.it\/#\/schema\/person\/image\/","url":"https:\/\/secure.gravatar.com\/avatar\/ea758e56c15e5aff2449e6dbda52d15b66f73260605c6968eff333359d31b7ee?s=96&d=mm&r=g","contentUrl":"https:\/\/secure.gravatar.com\/avatar\/ea758e56c15e5aff2449e6dbda52d15b66f73260605c6968eff333359d31b7ee?s=96&d=mm&r=g","caption":"montagne"},"url":"https:\/\/www.montagnelagodicomo.it\/fr\/author\/montagne\/"}]}},"_links":{"self":[{"href":"https:\/\/www.montagnelagodicomo.it\/fr\/wp-json\/wp\/v2\/posts\/15908","targetHints":{"allow":["GET"]}}],"collection":[{"href":"https:\/\/www.montagnelagodicomo.it\/fr\/wp-json\/wp\/v2\/posts"}],"about":[{"href":"https:\/\/www.montagnelagodicomo.it\/fr\/wp-json\/wp\/v2\/types\/post"}],"author":[{"embeddable":true,"href":"https:\/\/www.montagnelagodicomo.it\/fr\/wp-json\/wp\/v2\/users\/1"}],"replies":[{"embeddable":true,"href":"https:\/\/www.montagnelagodicomo.it\/fr\/wp-json\/wp\/v2\/comments?post=15908"}],"version-history":[{"count":1,"href":"https:\/\/www.montagnelagodicomo.it\/fr\/wp-json\/wp\/v2\/posts\/15908\/revisions"}],"predecessor-version":[{"id":15920,"href":"https:\/\/www.montagnelagodicomo.it\/fr\/wp-json\/wp\/v2\/posts\/15908\/revisions\/15920"}],"wp:attachment":[{"href":"https:\/\/www.montagnelagodicomo.it\/fr\/wp-json\/wp\/v2\/media?parent=15908"}],"wp:term":[{"taxonomy":"category","embeddable":true,"href":"https:\/\/www.montagnelagodicomo.it\/fr\/wp-json\/wp\/v2\/categories?post=15908"},{"taxonomy":"post_tag","embeddable":true,"href":"https:\/\/www.montagnelagodicomo.it\/fr\/wp-json\/wp\/v2\/tags?post=15908"}],"curies":[{"name":"wp","href":"https:\/\/api.w.org\/{rel}","templated":true}]}}