{"id":16602,"date":"2017-04-06T13:12:55","date_gmt":"2017-04-06T11:12:55","guid":{"rendered":"http:\/\/www.montagnelagodicomo.it\/?p=16602\/"},"modified":"2017-04-06T13:46:07","modified_gmt":"2017-04-06T11:46:07","slug":"nuovo-bando-opportunita-per-turismo-ristorazione-e-pubblici-esercizi","status":"publish","type":"post","link":"https:\/\/www.montagnelagodicomo.it\/fr\/2017\/04\/06\/nuovo-bando-opportunita-per-turismo-ristorazione-e-pubblici-esercizi\/","title":{"rendered":"Nuovo bando: opportunit\u00e0 per turismo, ristorazione e pubblici esercizi"},"content":{"rendered":"<p><strong>E&rsquo; stato pubblicato proprio oggi, 6 Aprile il bando dedicato alla ricettivit\u00e0, ristorazione e pubblici esercizi<\/strong><\/p>\n<p><img fetchpriority=\"high\" decoding=\"async\" class=\"alignleft wp-image-16603 size-medium\" src=\"http:\/\/www.montagnelagodicomo.it\/wp-content\/uploads\/2017\/04\/logo-regione-lombardia-300x212.jpg\" alt=\"\" width=\"300\" height=\"212\" srcset=\"https:\/\/www.montagnelagodicomo.it\/wp-content\/uploads\/2017\/04\/logo-regione-lombardia-300x212.jpg 300w, https:\/\/www.montagnelagodicomo.it\/wp-content\/uploads\/2017\/04\/logo-regione-lombardia.jpg 610w\" sizes=\"(max-width: 300px) 100vw, 300px\" \/><\/p>\n<p>Regione Lombardia mette a disposizione delle\u00a0aziende ricettive, B&amp;B, ristoranti, bar, pasticcerie e gelaterie un contributo a fondo perduto pari al 40% degli investimenti.<\/p>\n<p>Gli investimenti\u00a0agevolabili possono riguardare:\u00a0 opere murarie, impianti, attrezzature, macchinari, arredi, software. Il contributo\u00a0pu\u00f2 essere tra gli 8.000 e i 40.000 euro.<\/p>\n<p><strong>Gli interessati<\/strong> a partecipare o ad avere maggiori informazioni, <strong>possono contattare IDEAS<\/strong>, che propone una <strong>speciale convenzione per la partecipazione ai bandi<\/strong>, riservata ai soci di Montagne del lago di Como.<\/p>\n<h4><\/h4>\n<h3><strong>Per info sulla convenzione clicca <a href=\"http:\/\/www.montagnelagodicomo.it\/wp-content\/uploads\/2016\/04\/Catalogo-convenzioni-per-i-soci-2017.pdf\">Catalogo convenzioni per i soci 2017-2018<\/a> e vai a pag. 13.<br \/>\n<\/strong><\/h3>\n<p>Qui trovi anche i riferimenti ed i contatti. Ricordiamo che per usufruire dell&rsquo;agevolazione occorre presentarsi come soci di MLC.<\/p>\n<p>Il bando \u00e8 stato pubblicato oggi. E\u2019 a sportello fino ad esaurimento risorse quindi<strong> \u00e8 vivamente consigliata la presentazione nel primo giorno utile: 2 Maggio 2017<\/strong>.\u00a0 Per qualsiasi informazione non esitate a contattare tempestivamente lo staff di MLC.<\/p>\n<p>&nbsp;<\/p>\n<p>&nbsp;<\/p>\n","protected":false},"excerpt":{"rendered":"<p>E&rsquo; stato pubblicato proprio oggi, 6 Aprile il bando dedicato alla ricettivit\u00e0, ristorazione e pubblici esercizi Regione Lombardia mette a disposizione delle\u00a0aziende ricettive, B&amp;B, ristoranti, bar, pasticcerie e gelaterie un contributo a fondo perduto pari al 40% degli investimenti. Gli investimenti\u00a0agevolabili possono riguardare:\u00a0 opere murarie, impianti, attrezzature, macchinari, arredi, software. Il contributo\u00a0pu\u00f2 essere tra gli [&hellip;]<\/p>\n","protected":false},"author":1,"featured_media":0,"comment_status":"open","ping_status":"open","sticky":false,"template":"","format":"standard","meta":{"_acf_changed":false,"footnotes":""},"categories":[146],"tags":[],"class_list":["post-16602","post","type-post","status-publish","format-standard","hentry","category-ultima-ora"],"acf":[],"yoast_head":"<!-- This site is optimized with the Yoast SEO plugin v25.0 - https:\/\/yoast.com\/wordpress\/plugins\/seo\/ -->\n<title>Nuovo bando: opportunit\u00e0 per turismo, ristorazione e pubblici esercizi - Lago di Como e Valsassina<\/title>\n<meta name=\"robots\" content=\"index, follow, max-snippet:-1, max-image-preview:large, max-video-preview:-1\" \/>\n<link rel=\"canonical\" href=\"https:\/\/www.montagnelagodicomo.it\/fr\/2017\/04\/06\/nuovo-bando-opportunita-per-turismo-ristorazione-e-pubblici-esercizi\/\" \/>\n<meta property=\"og:locale\" content=\"fr_FR\" \/>\n<meta property=\"og:type\" content=\"article\" \/>\n<meta property=\"og:title\" content=\"Nuovo bando: opportunit\u00e0 per turismo, ristorazione e pubblici esercizi - Lago di Como e Valsassina\" \/>\n<meta property=\"og:description\" content=\"E&rsquo; stato pubblicato proprio oggi, 6 Aprile il bando dedicato alla ricettivit\u00e0, ristorazione e pubblici esercizi Regione Lombardia mette a disposizione delle\u00a0aziende ricettive, B&amp;B, ristoranti, bar, pasticcerie e gelaterie un contributo a fondo perduto pari al 40% degli investimenti. Gli investimenti\u00a0agevolabili possono riguardare:\u00a0 opere murarie, impianti, attrezzature, macchinari, arredi, software. Il contributo\u00a0pu\u00f2 essere tra gli [&hellip;]\" \/>\n<meta property=\"og:url\" content=\"https:\/\/www.montagnelagodicomo.it\/fr\/2017\/04\/06\/nuovo-bando-opportunita-per-turismo-ristorazione-e-pubblici-esercizi\/\" \/>\n<meta property=\"og:site_name\" content=\"Lago di Como e Valsassina\" \/>\n<meta property=\"article:publisher\" content=\"https:\/\/www.facebook.com\/montagnelagodicomo\" \/>\n<meta property=\"article:published_time\" content=\"2017-04-06T11:12:55+00:00\" \/>\n<meta property=\"article:modified_time\" content=\"2017-04-06T11:46:07+00:00\" \/>\n<meta property=\"og:image\" content=\"http:\/\/www.montagnelagodicomo.it\/wp-content\/uploads\/2017\/04\/logo-regione-lombardia-300x212.jpg\" \/>\n<meta name=\"author\" content=\"montagne\" \/>\n<meta name=\"twitter:card\" content=\"summary_large_image\" \/>\n<meta name=\"twitter:creator\" content=\"@MontagneLago\" \/>\n<meta name=\"twitter:site\" content=\"@MontagneLago\" \/>\n<meta name=\"twitter:label1\" content=\"\u00c9crit par\" \/>\n\t<meta name=\"twitter:data1\" content=\"montagne\" \/>\n\t<meta name=\"twitter:label2\" content=\"Dur\u00e9e de lecture estim\u00e9e\" \/>\n\t<meta name=\"twitter:data2\" content=\"1 minute\" \/>\n<script type=\"application\/ld+json\" class=\"yoast-schema-graph\">{\"@context\":\"https:\/\/schema.org\",\"@graph\":[{\"@type\":\"Article\",\"@id\":\"https:\/\/www.montagnelagodicomo.it\/fr\/2017\/04\/06\/nuovo-bando-opportunita-per-turismo-ristorazione-e-pubblici-esercizi\/#article\",\"isPartOf\":{\"@id\":\"https:\/\/www.montagnelagodicomo.it\/fr\/2017\/04\/06\/nuovo-bando-opportunita-per-turismo-ristorazione-e-pubblici-esercizi\/\"},\"author\":{\"name\":\"montagne\",\"@id\":\"https:\/\/www.montagnelagodicomo.it\/#\/schema\/person\/e29d7922634eb034bc4083a91cad0954\"},\"headline\":\"Nuovo bando: opportunit\u00e0 per turismo, ristorazione e pubblici esercizi\",\"datePublished\":\"2017-04-06T11:12:55+00:00\",\"dateModified\":\"2017-04-06T11:46:07+00:00\",\"mainEntityOfPage\":{\"@id\":\"https:\/\/www.montagnelagodicomo.it\/fr\/2017\/04\/06\/nuovo-bando-opportunita-per-turismo-ristorazione-e-pubblici-esercizi\/\"},\"wordCount\":171,\"commentCount\":0,\"publisher\":{\"@id\":\"https:\/\/www.montagnelagodicomo.it\/#organization\"},\"image\":{\"@id\":\"https:\/\/www.montagnelagodicomo.it\/fr\/2017\/04\/06\/nuovo-bando-opportunita-per-turismo-ristorazione-e-pubblici-esercizi\/#primaryimage\"},\"thumbnailUrl\":\"http:\/\/www.montagnelagodicomo.it\/wp-content\/uploads\/2017\/04\/logo-regione-lombardia-300x212.jpg\",\"articleSection\":[\"Ultima ora\"],\"inLanguage\":\"fr-FR\",\"potentialAction\":[{\"@type\":\"CommentAction\",\"name\":\"Comment\",\"target\":[\"https:\/\/www.montagnelagodicomo.it\/fr\/2017\/04\/06\/nuovo-bando-opportunita-per-turismo-ristorazione-e-pubblici-esercizi\/#respond\"]}]},{\"@type\":\"WebPage\",\"@id\":\"https:\/\/www.montagnelagodicomo.it\/fr\/2017\/04\/06\/nuovo-bando-opportunita-per-turismo-ristorazione-e-pubblici-esercizi\/\",\"url\":\"https:\/\/www.montagnelagodicomo.it\/fr\/2017\/04\/06\/nuovo-bando-opportunita-per-turismo-ristorazione-e-pubblici-esercizi\/\",\"name\":\"Nuovo bando: opportunit\u00e0 per turismo, ristorazione e pubblici esercizi - Lago di Como e Valsassina\",\"isPartOf\":{\"@id\":\"https:\/\/www.montagnelagodicomo.it\/#website\"},\"primaryImageOfPage\":{\"@id\":\"https:\/\/www.montagnelagodicomo.it\/fr\/2017\/04\/06\/nuovo-bando-opportunita-per-turismo-ristorazione-e-pubblici-esercizi\/#primaryimage\"},\"image\":{\"@id\":\"https:\/\/www.montagnelagodicomo.it\/fr\/2017\/04\/06\/nuovo-bando-opportunita-per-turismo-ristorazione-e-pubblici-esercizi\/#primaryimage\"},\"thumbnailUrl\":\"http:\/\/www.montagnelagodicomo.it\/wp-content\/uploads\/2017\/04\/logo-regione-lombardia-300x212.jpg\",\"datePublished\":\"2017-04-06T11:12:55+00:00\",\"dateModified\":\"2017-04-06T11:46:07+00:00\",\"breadcrumb\":{\"@id\":\"https:\/\/www.montagnelagodicomo.it\/fr\/2017\/04\/06\/nuovo-bando-opportunita-per-turismo-ristorazione-e-pubblici-esercizi\/#breadcrumb\"},\"inLanguage\":\"fr-FR\",\"potentialAction\":[{\"@type\":\"ReadAction\",\"target\":[\"https:\/\/www.montagnelagodicomo.it\/fr\/2017\/04\/06\/nuovo-bando-opportunita-per-turismo-ristorazione-e-pubblici-esercizi\/\"]}]},{\"@type\":\"ImageObject\",\"inLanguage\":\"fr-FR\",\"@id\":\"https:\/\/www.montagnelagodicomo.it\/fr\/2017\/04\/06\/nuovo-bando-opportunita-per-turismo-ristorazione-e-pubblici-esercizi\/#primaryimage\",\"url\":\"http:\/\/www.montagnelagodicomo.it\/wp-content\/uploads\/2017\/04\/logo-regione-lombardia-300x212.jpg\",\"contentUrl\":\"http:\/\/www.montagnelagodicomo.it\/wp-content\/uploads\/2017\/04\/logo-regione-lombardia-300x212.jpg\"},{\"@type\":\"BreadcrumbList\",\"@id\":\"https:\/\/www.montagnelagodicomo.it\/fr\/2017\/04\/06\/nuovo-bando-opportunita-per-turismo-ristorazione-e-pubblici-esercizi\/#breadcrumb\",\"itemListElement\":[{\"@type\":\"ListItem\",\"position\":1,\"name\":\"Home\",\"item\":\"https:\/\/www.montagnelagodicomo.it\/fr\/\"},{\"@type\":\"ListItem\",\"position\":2,\"name\":\"Nuovo bando: opportunit\u00e0 per turismo, ristorazione e pubblici esercizi\"}]},{\"@type\":\"WebSite\",\"@id\":\"https:\/\/www.montagnelagodicomo.it\/#website\",\"url\":\"https:\/\/www.montagnelagodicomo.it\/\",\"name\":\"Lago di Como e Valsassina\",\"description\":\"\",\"publisher\":{\"@id\":\"https:\/\/www.montagnelagodicomo.it\/#organization\"},\"potentialAction\":[{\"@type\":\"SearchAction\",\"target\":{\"@type\":\"EntryPoint\",\"urlTemplate\":\"https:\/\/www.montagnelagodicomo.it\/?s={search_term_string}\"},\"query-input\":{\"@type\":\"PropertyValueSpecification\",\"valueRequired\":true,\"valueName\":\"search_term_string\"}}],\"inLanguage\":\"fr-FR\"},{\"@type\":\"Organization\",\"@id\":\"https:\/\/www.montagnelagodicomo.it\/#organization\",\"name\":\"Montagne del Lago di Como\",\"url\":\"https:\/\/www.montagnelagodicomo.it\/\",\"logo\":{\"@type\":\"ImageObject\",\"inLanguage\":\"fr-FR\",\"@id\":\"https:\/\/www.montagnelagodicomo.it\/#\/schema\/logo\/image\/\",\"url\":\"https:\/\/www.montagnelagodicomo.it\/wp-content\/uploads\/2016\/07\/DEF_Montagne_LagodiComo_04112015_png.png\",\"contentUrl\":\"https:\/\/www.montagnelagodicomo.it\/wp-content\/uploads\/2016\/07\/DEF_Montagne_LagodiComo_04112015_png.png\",\"width\":2997,\"height\":835,\"caption\":\"Montagne del Lago di Como\"},\"image\":{\"@id\":\"https:\/\/www.montagnelagodicomo.it\/#\/schema\/logo\/image\/\"},\"sameAs\":[\"https:\/\/www.facebook.com\/montagnelagodicomo\",\"https:\/\/x.com\/MontagneLago\",\"https:\/\/www.youtube.com\/channel\/UCDoxghWmgQnHlQ78rzZuUjA\"]},{\"@type\":\"Person\",\"@id\":\"https:\/\/www.montagnelagodicomo.it\/#\/schema\/person\/e29d7922634eb034bc4083a91cad0954\",\"name\":\"montagne\",\"image\":{\"@type\":\"ImageObject\",\"inLanguage\":\"fr-FR\",\"@id\":\"https:\/\/www.montagnelagodicomo.it\/#\/schema\/person\/image\/\",\"url\":\"https:\/\/secure.gravatar.com\/avatar\/ea758e56c15e5aff2449e6dbda52d15b66f73260605c6968eff333359d31b7ee?s=96&d=mm&r=g\",\"contentUrl\":\"https:\/\/secure.gravatar.com\/avatar\/ea758e56c15e5aff2449e6dbda52d15b66f73260605c6968eff333359d31b7ee?s=96&d=mm&r=g\",\"caption\":\"montagne\"},\"url\":\"https:\/\/www.montagnelagodicomo.it\/fr\/author\/montagne\/\"}]}<\/script>\n<!-- \/ Yoast SEO plugin. -->","yoast_head_json":{"title":"Nuovo bando: opportunit\u00e0 per turismo, ristorazione e pubblici esercizi - Lago di Como e Valsassina","robots":{"index":"index","follow":"follow","max-snippet":"max-snippet:-1","max-image-preview":"max-image-preview:large","max-video-preview":"max-video-preview:-1"},"canonical":"https:\/\/www.montagnelagodicomo.it\/fr\/2017\/04\/06\/nuovo-bando-opportunita-per-turismo-ristorazione-e-pubblici-esercizi\/","og_locale":"fr_FR","og_type":"article","og_title":"Nuovo bando: opportunit\u00e0 per turismo, ristorazione e pubblici esercizi - Lago di Como e Valsassina","og_description":"E&rsquo; stato pubblicato proprio oggi, 6 Aprile il bando dedicato alla ricettivit\u00e0, ristorazione e pubblici esercizi Regione Lombardia mette a disposizione delle\u00a0aziende ricettive, B&amp;B, ristoranti, bar, pasticcerie e gelaterie un contributo a fondo perduto pari al 40% degli investimenti. Gli investimenti\u00a0agevolabili possono riguardare:\u00a0 opere murarie, impianti, attrezzature, macchinari, arredi, software. Il contributo\u00a0pu\u00f2 essere tra gli [&hellip;]","og_url":"https:\/\/www.montagnelagodicomo.it\/fr\/2017\/04\/06\/nuovo-bando-opportunita-per-turismo-ristorazione-e-pubblici-esercizi\/","og_site_name":"Lago di Como e Valsassina","article_publisher":"https:\/\/www.facebook.com\/montagnelagodicomo","article_published_time":"2017-04-06T11:12:55+00:00","article_modified_time":"2017-04-06T11:46:07+00:00","og_image":[{"url":"http:\/\/www.montagnelagodicomo.it\/wp-content\/uploads\/2017\/04\/logo-regione-lombardia-300x212.jpg","type":"","width":"","height":""}],"author":"montagne","twitter_card":"summary_large_image","twitter_creator":"@MontagneLago","twitter_site":"@MontagneLago","twitter_misc":{"\u00c9crit par":"montagne","Dur\u00e9e de lecture estim\u00e9e":"1 minute"},"schema":{"@context":"https:\/\/schema.org","@graph":[{"@type":"Article","@id":"https:\/\/www.montagnelagodicomo.it\/fr\/2017\/04\/06\/nuovo-bando-opportunita-per-turismo-ristorazione-e-pubblici-esercizi\/#article","isPartOf":{"@id":"https:\/\/www.montagnelagodicomo.it\/fr\/2017\/04\/06\/nuovo-bando-opportunita-per-turismo-ristorazione-e-pubblici-esercizi\/"},"author":{"name":"montagne","@id":"https:\/\/www.montagnelagodicomo.it\/#\/schema\/person\/e29d7922634eb034bc4083a91cad0954"},"headline":"Nuovo bando: opportunit\u00e0 per turismo, ristorazione e pubblici esercizi","datePublished":"2017-04-06T11:12:55+00:00","dateModified":"2017-04-06T11:46:07+00:00","mainEntityOfPage":{"@id":"https:\/\/www.montagnelagodicomo.it\/fr\/2017\/04\/06\/nuovo-bando-opportunita-per-turismo-ristorazione-e-pubblici-esercizi\/"},"wordCount":171,"commentCount":0,"publisher":{"@id":"https:\/\/www.montagnelagodicomo.it\/#organization"},"image":{"@id":"https:\/\/www.montagnelagodicomo.it\/fr\/2017\/04\/06\/nuovo-bando-opportunita-per-turismo-ristorazione-e-pubblici-esercizi\/#primaryimage"},"thumbnailUrl":"http:\/\/www.montagnelagodicomo.it\/wp-content\/uploads\/2017\/04\/logo-regione-lombardia-300x212.jpg","articleSection":["Ultima ora"],"inLanguage":"fr-FR","potentialAction":[{"@type":"CommentAction","name":"Comment","target":["https:\/\/www.montagnelagodicomo.it\/fr\/2017\/04\/06\/nuovo-bando-opportunita-per-turismo-ristorazione-e-pubblici-esercizi\/#respond"]}]},{"@type":"WebPage","@id":"https:\/\/www.montagnelagodicomo.it\/fr\/2017\/04\/06\/nuovo-bando-opportunita-per-turismo-ristorazione-e-pubblici-esercizi\/","url":"https:\/\/www.montagnelagodicomo.it\/fr\/2017\/04\/06\/nuovo-bando-opportunita-per-turismo-ristorazione-e-pubblici-esercizi\/","name":"Nuovo bando: opportunit\u00e0 per turismo, ristorazione e pubblici esercizi - Lago di Como e Valsassina","isPartOf":{"@id":"https:\/\/www.montagnelagodicomo.it\/#website"},"primaryImageOfPage":{"@id":"https:\/\/www.montagnelagodicomo.it\/fr\/2017\/04\/06\/nuovo-bando-opportunita-per-turismo-ristorazione-e-pubblici-esercizi\/#primaryimage"},"image":{"@id":"https:\/\/www.montagnelagodicomo.it\/fr\/2017\/04\/06\/nuovo-bando-opportunita-per-turismo-ristorazione-e-pubblici-esercizi\/#primaryimage"},"thumbnailUrl":"http:\/\/www.montagnelagodicomo.it\/wp-content\/uploads\/2017\/04\/logo-regione-lombardia-300x212.jpg","datePublished":"2017-04-06T11:12:55+00:00","dateModified":"2017-04-06T11:46:07+00:00","breadcrumb":{"@id":"https:\/\/www.montagnelagodicomo.it\/fr\/2017\/04\/06\/nuovo-bando-opportunita-per-turismo-ristorazione-e-pubblici-esercizi\/#breadcrumb"},"inLanguage":"fr-FR","potentialAction":[{"@type":"ReadAction","target":["https:\/\/www.montagnelagodicomo.it\/fr\/2017\/04\/06\/nuovo-bando-opportunita-per-turismo-ristorazione-e-pubblici-esercizi\/"]}]},{"@type":"ImageObject","inLanguage":"fr-FR","@id":"https:\/\/www.montagnelagodicomo.it\/fr\/2017\/04\/06\/nuovo-bando-opportunita-per-turismo-ristorazione-e-pubblici-esercizi\/#primaryimage","url":"http:\/\/www.montagnelagodicomo.it\/wp-content\/uploads\/2017\/04\/logo-regione-lombardia-300x212.jpg","contentUrl":"http:\/\/www.montagnelagodicomo.it\/wp-content\/uploads\/2017\/04\/logo-regione-lombardia-300x212.jpg"},{"@type":"BreadcrumbList","@id":"https:\/\/www.montagnelagodicomo.it\/fr\/2017\/04\/06\/nuovo-bando-opportunita-per-turismo-ristorazione-e-pubblici-esercizi\/#breadcrumb","itemListElement":[{"@type":"ListItem","position":1,"name":"Home","item":"https:\/\/www.montagnelagodicomo.it\/fr\/"},{"@type":"ListItem","position":2,"name":"Nuovo bando: opportunit\u00e0 per turismo, ristorazione e pubblici esercizi"}]},{"@type":"WebSite","@id":"https:\/\/www.montagnelagodicomo.it\/#website","url":"https:\/\/www.montagnelagodicomo.it\/","name":"Lago di Como e Valsassina","description":"","publisher":{"@id":"https:\/\/www.montagnelagodicomo.it\/#organization"},"potentialAction":[{"@type":"SearchAction","target":{"@type":"EntryPoint","urlTemplate":"https:\/\/www.montagnelagodicomo.it\/?s={search_term_string}"},"query-input":{"@type":"PropertyValueSpecification","valueRequired":true,"valueName":"search_term_string"}}],"inLanguage":"fr-FR"},{"@type":"Organization","@id":"https:\/\/www.montagnelagodicomo.it\/#organization","name":"Montagne del Lago di Como","url":"https:\/\/www.montagnelagodicomo.it\/","logo":{"@type":"ImageObject","inLanguage":"fr-FR","@id":"https:\/\/www.montagnelagodicomo.it\/#\/schema\/logo\/image\/","url":"https:\/\/www.montagnelagodicomo.it\/wp-content\/uploads\/2016\/07\/DEF_Montagne_LagodiComo_04112015_png.png","contentUrl":"https:\/\/www.montagnelagodicomo.it\/wp-content\/uploads\/2016\/07\/DEF_Montagne_LagodiComo_04112015_png.png","width":2997,"height":835,"caption":"Montagne del Lago di Como"},"image":{"@id":"https:\/\/www.montagnelagodicomo.it\/#\/schema\/logo\/image\/"},"sameAs":["https:\/\/www.facebook.com\/montagnelagodicomo","https:\/\/x.com\/MontagneLago","https:\/\/www.youtube.com\/channel\/UCDoxghWmgQnHlQ78rzZuUjA"]},{"@type":"Person","@id":"https:\/\/www.montagnelagodicomo.it\/#\/schema\/person\/e29d7922634eb034bc4083a91cad0954","name":"montagne","image":{"@type":"ImageObject","inLanguage":"fr-FR","@id":"https:\/\/www.montagnelagodicomo.it\/#\/schema\/person\/image\/","url":"https:\/\/secure.gravatar.com\/avatar\/ea758e56c15e5aff2449e6dbda52d15b66f73260605c6968eff333359d31b7ee?s=96&d=mm&r=g","contentUrl":"https:\/\/secure.gravatar.com\/avatar\/ea758e56c15e5aff2449e6dbda52d15b66f73260605c6968eff333359d31b7ee?s=96&d=mm&r=g","caption":"montagne"},"url":"https:\/\/www.montagnelagodicomo.it\/fr\/author\/montagne\/"}]}},"_links":{"self":[{"href":"https:\/\/www.montagnelagodicomo.it\/fr\/wp-json\/wp\/v2\/posts\/16602","targetHints":{"allow":["GET"]}}],"collection":[{"href":"https:\/\/www.montagnelagodicomo.it\/fr\/wp-json\/wp\/v2\/posts"}],"about":[{"href":"https:\/\/www.montagnelagodicomo.it\/fr\/wp-json\/wp\/v2\/types\/post"}],"author":[{"embeddable":true,"href":"https:\/\/www.montagnelagodicomo.it\/fr\/wp-json\/wp\/v2\/users\/1"}],"replies":[{"embeddable":true,"href":"https:\/\/www.montagnelagodicomo.it\/fr\/wp-json\/wp\/v2\/comments?post=16602"}],"version-history":[{"count":7,"href":"https:\/\/www.montagnelagodicomo.it\/fr\/wp-json\/wp\/v2\/posts\/16602\/revisions"}],"predecessor-version":[{"id":16610,"href":"https:\/\/www.montagnelagodicomo.it\/fr\/wp-json\/wp\/v2\/posts\/16602\/revisions\/16610"}],"wp:attachment":[{"href":"https:\/\/www.montagnelagodicomo.it\/fr\/wp-json\/wp\/v2\/media?parent=16602"}],"wp:term":[{"taxonomy":"category","embeddable":true,"href":"https:\/\/www.montagnelagodicomo.it\/fr\/wp-json\/wp\/v2\/categories?post=16602"},{"taxonomy":"post_tag","embeddable":true,"href":"https:\/\/www.montagnelagodicomo.it\/fr\/wp-json\/wp\/v2\/tags?post=16602"}],"curies":[{"name":"wp","href":"https:\/\/api.w.org\/{rel}","templated":true}]}}