{"id":16849,"date":"2017-04-21T09:48:06","date_gmt":"2017-04-21T07:48:06","guid":{"rendered":"http:\/\/www.montagnelagodicomo.it\/?p=16849\/"},"modified":"2017-04-28T10:20:28","modified_gmt":"2017-04-28T08:20:28","slug":"degustazione-ad-agrinatura-2017","status":"publish","type":"post","link":"https:\/\/www.montagnelagodicomo.it\/fr\/2017\/04\/21\/degustazione-ad-agrinatura-2017\/","title":{"rendered":"Degustazione ad Agrinatura 2017"},"content":{"rendered":"<p>Alcune aziende della nostra rete hanno partecipato alla <strong>Degustazione dei prodotti delle Montagne del Lago di Como<\/strong>, che si \u00e8 svolta alla fiera <strong>Agrinatura<\/strong> di Erba lo scorso 24 aprile.<\/p>\n<p>L&rsquo;iniziativa, promossa dalla Camera di Commercio di Lecco, nell&rsquo;ambito del Laboratorio Food System, \u00e8 stata molto partecipata. Ciascun produttore ha potuto raccontare in prima persona come nascono i prodotti artigianali della propria azienda, in una vivace tavola rotonda, presso l&rsquo;area del \u00ab\u00a0Tavolo della Convivialit\u00e0\u00a0\u00bb. A seguire, i prodotti sono stati degustati e apprezzati dai presenti all&rsquo;iniziativa.<\/p>\n<p><strong>Ecco alcune immagini della degustazione<\/strong>, a cui hanno partecipato le aziende:<\/p>\n<ul>\n<li><strong><a href=\"http:\/\/www.montagnelagodicomo.it\/listings\/laboratorio-artigianale-catering-di-marta-gianola\/\" target=\"_blank\" rel=\"bookmark noopener noreferrer\">Laboratorio Artigianale Catering di Marta Gianola<\/a><\/strong>: Caviadini e biscotti di produzione artigianale<\/li>\n<li><strong><a href=\"http:\/\/www.montagnelagodicomo.it\/listings\/macelleria-rigamonti\/\" target=\"_blank\" rel=\"noopener noreferrer\">Macelleria Rigamonti di Barzio<\/a>:<\/strong> prosciutto cotto di Barzio e Wurstel Rigamonti<\/li>\n<li><strong><a href=\"http:\/\/www.montagnelagodicomo.it\/listings\/agriturismo-bon-pra\/\" target=\"_blank\" rel=\"bookmark noopener noreferrer\">Agriturismo Bon Pr\u00e0 di Vendrogno<\/a>: <\/strong>confetture di frutti di bosco e succhi di frutta di produzione artigianale<\/li>\n<li><strong><a href=\"http:\/\/www.montagnelagodicomo.it\/listings\/panificio-pomi\/\" rel=\"bookmark\">Panificio Pomi di Taceno<\/a><\/strong>: pane artigianale di produzione propria.<\/li>\n<\/ul>\n<p><img fetchpriority=\"high\" decoding=\"async\" class=\"alignnone size-medium wp-image-16962\" src=\"http:\/\/www.montagnelagodicomo.it\/wp-content\/uploads\/2017\/04\/IMG_5135-24-04-17-11-08-300x225.jpeg\" alt=\"\" width=\"300\" height=\"225\" srcset=\"https:\/\/www.montagnelagodicomo.it\/wp-content\/uploads\/2017\/04\/IMG_5135-24-04-17-11-08-300x225.jpeg 300w, https:\/\/www.montagnelagodicomo.it\/wp-content\/uploads\/2017\/04\/IMG_5135-24-04-17-11-08-768x576.jpeg 768w, https:\/\/www.montagnelagodicomo.it\/wp-content\/uploads\/2017\/04\/IMG_5135-24-04-17-11-08.jpeg 960w\" sizes=\"(max-width: 300px) 100vw, 300px\" \/>\u00a0<img decoding=\"async\" class=\"alignnone size-medium wp-image-16964\" src=\"http:\/\/www.montagnelagodicomo.it\/wp-content\/uploads\/2017\/04\/IMG_5147-24-04-17-11-12-300x225.jpeg\" alt=\"\" width=\"300\" height=\"225\" srcset=\"https:\/\/www.montagnelagodicomo.it\/wp-content\/uploads\/2017\/04\/IMG_5147-24-04-17-11-12-300x225.jpeg 300w, https:\/\/www.montagnelagodicomo.it\/wp-content\/uploads\/2017\/04\/IMG_5147-24-04-17-11-12-768x576.jpeg 768w, https:\/\/www.montagnelagodicomo.it\/wp-content\/uploads\/2017\/04\/IMG_5147-24-04-17-11-12.jpeg 960w\" sizes=\"(max-width: 300px) 100vw, 300px\" \/> <img decoding=\"async\" class=\"alignnone size-medium wp-image-16966\" src=\"http:\/\/www.montagnelagodicomo.it\/wp-content\/uploads\/2017\/04\/DSCN1456_small-300x225.jpg\" alt=\"\" width=\"300\" height=\"225\" srcset=\"https:\/\/www.montagnelagodicomo.it\/wp-content\/uploads\/2017\/04\/DSCN1456_small-300x225.jpg 300w, https:\/\/www.montagnelagodicomo.it\/wp-content\/uploads\/2017\/04\/DSCN1456_small.jpg 500w\" sizes=\"(max-width: 300px) 100vw, 300px\" \/> <img fetchpriority=\"high\" decoding=\"async\" class=\"alignnone size-medium wp-image-16962\" src=\"http:\/\/www.montagnelagodicomo.it\/wp-content\/uploads\/2017\/04\/IMG_5135-24-04-17-11-08-300x225.jpeg\" alt=\"\" width=\"300\" height=\"225\" srcset=\"https:\/\/www.montagnelagodicomo.it\/wp-content\/uploads\/2017\/04\/IMG_5135-24-04-17-11-08-300x225.jpeg 300w, https:\/\/www.montagnelagodicomo.it\/wp-content\/uploads\/2017\/04\/IMG_5135-24-04-17-11-08-768x576.jpeg 768w, https:\/\/www.montagnelagodicomo.it\/wp-content\/uploads\/2017\/04\/IMG_5135-24-04-17-11-08.jpeg 960w\" sizes=\"(max-width: 300px) 100vw, 300px\" \/><\/p>\n<p><img loading=\"lazy\" decoding=\"async\" class=\"alignnone size-medium wp-image-16965\" src=\"http:\/\/www.montagnelagodicomo.it\/wp-content\/uploads\/2017\/04\/DSCN1435_small-300x225.jpg\" alt=\"\" width=\"300\" height=\"225\" srcset=\"https:\/\/www.montagnelagodicomo.it\/wp-content\/uploads\/2017\/04\/DSCN1435_small-300x225.jpg 300w, https:\/\/www.montagnelagodicomo.it\/wp-content\/uploads\/2017\/04\/DSCN1435_small.jpg 500w\" sizes=\"(max-width: 300px) 100vw, 300px\" \/> <img loading=\"lazy\" decoding=\"async\" class=\"alignnone size-medium wp-image-16972\" src=\"http:\/\/www.montagnelagodicomo.it\/wp-content\/uploads\/2017\/04\/IMG_5155-24-04-17-11-12_small-300x225.jpeg\" alt=\"\" width=\"300\" height=\"225\" srcset=\"https:\/\/www.montagnelagodicomo.it\/wp-content\/uploads\/2017\/04\/IMG_5155-24-04-17-11-12_small-300x225.jpeg 300w, https:\/\/www.montagnelagodicomo.it\/wp-content\/uploads\/2017\/04\/IMG_5155-24-04-17-11-12_small.jpeg 500w\" sizes=\"(max-width: 300px) 100vw, 300px\" \/><\/p>\n<p>&nbsp;<\/p>\n","protected":false},"excerpt":{"rendered":"<p>Alcune aziende della nostra rete hanno partecipato alla Degustazione dei prodotti delle Montagne del Lago di Como, che si \u00e8 svolta alla fiera Agrinatura di Erba lo scorso 24 aprile. L&rsquo;iniziativa, promossa dalla Camera di Commercio di Lecco, nell&rsquo;ambito del Laboratorio Food System, \u00e8 stata molto partecipata. Ciascun produttore ha potuto raccontare in prima persona [&hellip;]<\/p>\n","protected":false},"author":1,"featured_media":0,"comment_status":"closed","ping_status":"closed","sticky":false,"template":"","format":"standard","meta":{"_acf_changed":false,"footnotes":""},"categories":[146],"tags":[],"class_list":["post-16849","post","type-post","status-publish","format-standard","hentry","category-ultima-ora"],"acf":[],"yoast_head":"<!-- This site is optimized with the Yoast SEO plugin v25.0 - https:\/\/yoast.com\/wordpress\/plugins\/seo\/ -->\n<title>Degustazione ad Agrinatura 2017 - Lago di Como e Valsassina<\/title>\n<meta name=\"robots\" content=\"index, follow, max-snippet:-1, max-image-preview:large, max-video-preview:-1\" \/>\n<link rel=\"canonical\" href=\"https:\/\/www.montagnelagodicomo.it\/en\/2017\/04\/21\/degustazione-ad-agrinatura-2017\/\" \/>\n<meta property=\"og:locale\" content=\"fr_FR\" \/>\n<meta property=\"og:type\" content=\"article\" \/>\n<meta property=\"og:title\" content=\"Degustazione ad Agrinatura 2017 - Lago di Como e Valsassina\" \/>\n<meta property=\"og:description\" content=\"Alcune aziende della nostra rete hanno partecipato alla Degustazione dei prodotti delle Montagne del Lago di Como, che si \u00e8 svolta alla fiera Agrinatura di Erba lo scorso 24 aprile. L&rsquo;iniziativa, promossa dalla Camera di Commercio di Lecco, nell&rsquo;ambito del Laboratorio Food System, \u00e8 stata molto partecipata. Ciascun produttore ha potuto raccontare in prima persona [&hellip;]\" \/>\n<meta property=\"og:url\" content=\"https:\/\/www.montagnelagodicomo.it\/en\/2017\/04\/21\/degustazione-ad-agrinatura-2017\/\" \/>\n<meta property=\"og:site_name\" content=\"Lago di Como e Valsassina\" \/>\n<meta property=\"article:publisher\" content=\"https:\/\/www.facebook.com\/montagnelagodicomo\" \/>\n<meta property=\"article:published_time\" content=\"2017-04-21T07:48:06+00:00\" \/>\n<meta property=\"article:modified_time\" content=\"2017-04-28T08:20:28+00:00\" \/>\n<meta property=\"og:image\" content=\"http:\/\/www.montagnelagodicomo.it\/wp-content\/uploads\/2017\/04\/IMG_5135-24-04-17-11-08-300x225.jpeg\" \/>\n<meta name=\"author\" content=\"montagne\" \/>\n<meta name=\"twitter:card\" content=\"summary_large_image\" \/>\n<meta name=\"twitter:creator\" content=\"@MontagneLago\" \/>\n<meta name=\"twitter:site\" content=\"@MontagneLago\" \/>\n<meta name=\"twitter:label1\" content=\"\u00c9crit par\" \/>\n\t<meta name=\"twitter:data1\" content=\"montagne\" \/>\n\t<meta name=\"twitter:label2\" content=\"Dur\u00e9e de lecture estim\u00e9e\" \/>\n\t<meta name=\"twitter:data2\" content=\"1 minute\" \/>\n<script type=\"application\/ld+json\" class=\"yoast-schema-graph\">{\"@context\":\"https:\/\/schema.org\",\"@graph\":[{\"@type\":\"Article\",\"@id\":\"https:\/\/www.montagnelagodicomo.it\/en\/2017\/04\/21\/degustazione-ad-agrinatura-2017\/#article\",\"isPartOf\":{\"@id\":\"https:\/\/www.montagnelagodicomo.it\/en\/2017\/04\/21\/degustazione-ad-agrinatura-2017\/\"},\"author\":{\"name\":\"montagne\",\"@id\":\"https:\/\/www.montagnelagodicomo.it\/#\/schema\/person\/e29d7922634eb034bc4083a91cad0954\"},\"headline\":\"Degustazione ad Agrinatura 2017\",\"datePublished\":\"2017-04-21T07:48:06+00:00\",\"dateModified\":\"2017-04-28T08:20:28+00:00\",\"mainEntityOfPage\":{\"@id\":\"https:\/\/www.montagnelagodicomo.it\/en\/2017\/04\/21\/degustazione-ad-agrinatura-2017\/\"},\"wordCount\":147,\"publisher\":{\"@id\":\"https:\/\/www.montagnelagodicomo.it\/#organization\"},\"image\":{\"@id\":\"https:\/\/www.montagnelagodicomo.it\/en\/2017\/04\/21\/degustazione-ad-agrinatura-2017\/#primaryimage\"},\"thumbnailUrl\":\"http:\/\/www.montagnelagodicomo.it\/wp-content\/uploads\/2017\/04\/IMG_5135-24-04-17-11-08-300x225.jpeg\",\"articleSection\":[\"Ultima ora\"],\"inLanguage\":\"fr-FR\"},{\"@type\":\"WebPage\",\"@id\":\"https:\/\/www.montagnelagodicomo.it\/en\/2017\/04\/21\/degustazione-ad-agrinatura-2017\/\",\"url\":\"https:\/\/www.montagnelagodicomo.it\/en\/2017\/04\/21\/degustazione-ad-agrinatura-2017\/\",\"name\":\"Degustazione ad Agrinatura 2017 - Lago di Como e Valsassina\",\"isPartOf\":{\"@id\":\"https:\/\/www.montagnelagodicomo.it\/#website\"},\"primaryImageOfPage\":{\"@id\":\"https:\/\/www.montagnelagodicomo.it\/en\/2017\/04\/21\/degustazione-ad-agrinatura-2017\/#primaryimage\"},\"image\":{\"@id\":\"https:\/\/www.montagnelagodicomo.it\/en\/2017\/04\/21\/degustazione-ad-agrinatura-2017\/#primaryimage\"},\"thumbnailUrl\":\"http:\/\/www.montagnelagodicomo.it\/wp-content\/uploads\/2017\/04\/IMG_5135-24-04-17-11-08-300x225.jpeg\",\"datePublished\":\"2017-04-21T07:48:06+00:00\",\"dateModified\":\"2017-04-28T08:20:28+00:00\",\"breadcrumb\":{\"@id\":\"https:\/\/www.montagnelagodicomo.it\/en\/2017\/04\/21\/degustazione-ad-agrinatura-2017\/#breadcrumb\"},\"inLanguage\":\"fr-FR\",\"potentialAction\":[{\"@type\":\"ReadAction\",\"target\":[\"https:\/\/www.montagnelagodicomo.it\/en\/2017\/04\/21\/degustazione-ad-agrinatura-2017\/\"]}]},{\"@type\":\"ImageObject\",\"inLanguage\":\"fr-FR\",\"@id\":\"https:\/\/www.montagnelagodicomo.it\/en\/2017\/04\/21\/degustazione-ad-agrinatura-2017\/#primaryimage\",\"url\":\"http:\/\/www.montagnelagodicomo.it\/wp-content\/uploads\/2017\/04\/IMG_5135-24-04-17-11-08-300x225.jpeg\",\"contentUrl\":\"http:\/\/www.montagnelagodicomo.it\/wp-content\/uploads\/2017\/04\/IMG_5135-24-04-17-11-08-300x225.jpeg\"},{\"@type\":\"BreadcrumbList\",\"@id\":\"https:\/\/www.montagnelagodicomo.it\/en\/2017\/04\/21\/degustazione-ad-agrinatura-2017\/#breadcrumb\",\"itemListElement\":[{\"@type\":\"ListItem\",\"position\":1,\"name\":\"Home\",\"item\":\"https:\/\/www.montagnelagodicomo.it\/fr\/\"},{\"@type\":\"ListItem\",\"position\":2,\"name\":\"Degustazione ad Agrinatura 2017\"}]},{\"@type\":\"WebSite\",\"@id\":\"https:\/\/www.montagnelagodicomo.it\/#website\",\"url\":\"https:\/\/www.montagnelagodicomo.it\/\",\"name\":\"Lago di Como e Valsassina\",\"description\":\"\",\"publisher\":{\"@id\":\"https:\/\/www.montagnelagodicomo.it\/#organization\"},\"potentialAction\":[{\"@type\":\"SearchAction\",\"target\":{\"@type\":\"EntryPoint\",\"urlTemplate\":\"https:\/\/www.montagnelagodicomo.it\/?s={search_term_string}\"},\"query-input\":{\"@type\":\"PropertyValueSpecification\",\"valueRequired\":true,\"valueName\":\"search_term_string\"}}],\"inLanguage\":\"fr-FR\"},{\"@type\":\"Organization\",\"@id\":\"https:\/\/www.montagnelagodicomo.it\/#organization\",\"name\":\"Montagne del Lago di Como\",\"url\":\"https:\/\/www.montagnelagodicomo.it\/\",\"logo\":{\"@type\":\"ImageObject\",\"inLanguage\":\"fr-FR\",\"@id\":\"https:\/\/www.montagnelagodicomo.it\/#\/schema\/logo\/image\/\",\"url\":\"https:\/\/www.montagnelagodicomo.it\/wp-content\/uploads\/2016\/07\/DEF_Montagne_LagodiComo_04112015_png.png\",\"contentUrl\":\"https:\/\/www.montagnelagodicomo.it\/wp-content\/uploads\/2016\/07\/DEF_Montagne_LagodiComo_04112015_png.png\",\"width\":2997,\"height\":835,\"caption\":\"Montagne del Lago di Como\"},\"image\":{\"@id\":\"https:\/\/www.montagnelagodicomo.it\/#\/schema\/logo\/image\/\"},\"sameAs\":[\"https:\/\/www.facebook.com\/montagnelagodicomo\",\"https:\/\/x.com\/MontagneLago\",\"https:\/\/www.youtube.com\/channel\/UCDoxghWmgQnHlQ78rzZuUjA\"]},{\"@type\":\"Person\",\"@id\":\"https:\/\/www.montagnelagodicomo.it\/#\/schema\/person\/e29d7922634eb034bc4083a91cad0954\",\"name\":\"montagne\",\"image\":{\"@type\":\"ImageObject\",\"inLanguage\":\"fr-FR\",\"@id\":\"https:\/\/www.montagnelagodicomo.it\/#\/schema\/person\/image\/\",\"url\":\"https:\/\/secure.gravatar.com\/avatar\/ea758e56c15e5aff2449e6dbda52d15b66f73260605c6968eff333359d31b7ee?s=96&d=mm&r=g\",\"contentUrl\":\"https:\/\/secure.gravatar.com\/avatar\/ea758e56c15e5aff2449e6dbda52d15b66f73260605c6968eff333359d31b7ee?s=96&d=mm&r=g\",\"caption\":\"montagne\"},\"url\":\"https:\/\/www.montagnelagodicomo.it\/fr\/author\/montagne\/\"}]}<\/script>\n<!-- \/ Yoast SEO plugin. -->","yoast_head_json":{"title":"Degustazione ad Agrinatura 2017 - Lago di Como e Valsassina","robots":{"index":"index","follow":"follow","max-snippet":"max-snippet:-1","max-image-preview":"max-image-preview:large","max-video-preview":"max-video-preview:-1"},"canonical":"https:\/\/www.montagnelagodicomo.it\/en\/2017\/04\/21\/degustazione-ad-agrinatura-2017\/","og_locale":"fr_FR","og_type":"article","og_title":"Degustazione ad Agrinatura 2017 - Lago di Como e Valsassina","og_description":"Alcune aziende della nostra rete hanno partecipato alla Degustazione dei prodotti delle Montagne del Lago di Como, che si \u00e8 svolta alla fiera Agrinatura di Erba lo scorso 24 aprile. L&rsquo;iniziativa, promossa dalla Camera di Commercio di Lecco, nell&rsquo;ambito del Laboratorio Food System, \u00e8 stata molto partecipata. Ciascun produttore ha potuto raccontare in prima persona [&hellip;]","og_url":"https:\/\/www.montagnelagodicomo.it\/en\/2017\/04\/21\/degustazione-ad-agrinatura-2017\/","og_site_name":"Lago di Como e Valsassina","article_publisher":"https:\/\/www.facebook.com\/montagnelagodicomo","article_published_time":"2017-04-21T07:48:06+00:00","article_modified_time":"2017-04-28T08:20:28+00:00","og_image":[{"url":"http:\/\/www.montagnelagodicomo.it\/wp-content\/uploads\/2017\/04\/IMG_5135-24-04-17-11-08-300x225.jpeg","type":"","width":"","height":""}],"author":"montagne","twitter_card":"summary_large_image","twitter_creator":"@MontagneLago","twitter_site":"@MontagneLago","twitter_misc":{"\u00c9crit par":"montagne","Dur\u00e9e de lecture estim\u00e9e":"1 minute"},"schema":{"@context":"https:\/\/schema.org","@graph":[{"@type":"Article","@id":"https:\/\/www.montagnelagodicomo.it\/en\/2017\/04\/21\/degustazione-ad-agrinatura-2017\/#article","isPartOf":{"@id":"https:\/\/www.montagnelagodicomo.it\/en\/2017\/04\/21\/degustazione-ad-agrinatura-2017\/"},"author":{"name":"montagne","@id":"https:\/\/www.montagnelagodicomo.it\/#\/schema\/person\/e29d7922634eb034bc4083a91cad0954"},"headline":"Degustazione ad Agrinatura 2017","datePublished":"2017-04-21T07:48:06+00:00","dateModified":"2017-04-28T08:20:28+00:00","mainEntityOfPage":{"@id":"https:\/\/www.montagnelagodicomo.it\/en\/2017\/04\/21\/degustazione-ad-agrinatura-2017\/"},"wordCount":147,"publisher":{"@id":"https:\/\/www.montagnelagodicomo.it\/#organization"},"image":{"@id":"https:\/\/www.montagnelagodicomo.it\/en\/2017\/04\/21\/degustazione-ad-agrinatura-2017\/#primaryimage"},"thumbnailUrl":"http:\/\/www.montagnelagodicomo.it\/wp-content\/uploads\/2017\/04\/IMG_5135-24-04-17-11-08-300x225.jpeg","articleSection":["Ultima ora"],"inLanguage":"fr-FR"},{"@type":"WebPage","@id":"https:\/\/www.montagnelagodicomo.it\/en\/2017\/04\/21\/degustazione-ad-agrinatura-2017\/","url":"https:\/\/www.montagnelagodicomo.it\/en\/2017\/04\/21\/degustazione-ad-agrinatura-2017\/","name":"Degustazione ad Agrinatura 2017 - Lago di Como e Valsassina","isPartOf":{"@id":"https:\/\/www.montagnelagodicomo.it\/#website"},"primaryImageOfPage":{"@id":"https:\/\/www.montagnelagodicomo.it\/en\/2017\/04\/21\/degustazione-ad-agrinatura-2017\/#primaryimage"},"image":{"@id":"https:\/\/www.montagnelagodicomo.it\/en\/2017\/04\/21\/degustazione-ad-agrinatura-2017\/#primaryimage"},"thumbnailUrl":"http:\/\/www.montagnelagodicomo.it\/wp-content\/uploads\/2017\/04\/IMG_5135-24-04-17-11-08-300x225.jpeg","datePublished":"2017-04-21T07:48:06+00:00","dateModified":"2017-04-28T08:20:28+00:00","breadcrumb":{"@id":"https:\/\/www.montagnelagodicomo.it\/en\/2017\/04\/21\/degustazione-ad-agrinatura-2017\/#breadcrumb"},"inLanguage":"fr-FR","potentialAction":[{"@type":"ReadAction","target":["https:\/\/www.montagnelagodicomo.it\/en\/2017\/04\/21\/degustazione-ad-agrinatura-2017\/"]}]},{"@type":"ImageObject","inLanguage":"fr-FR","@id":"https:\/\/www.montagnelagodicomo.it\/en\/2017\/04\/21\/degustazione-ad-agrinatura-2017\/#primaryimage","url":"http:\/\/www.montagnelagodicomo.it\/wp-content\/uploads\/2017\/04\/IMG_5135-24-04-17-11-08-300x225.jpeg","contentUrl":"http:\/\/www.montagnelagodicomo.it\/wp-content\/uploads\/2017\/04\/IMG_5135-24-04-17-11-08-300x225.jpeg"},{"@type":"BreadcrumbList","@id":"https:\/\/www.montagnelagodicomo.it\/en\/2017\/04\/21\/degustazione-ad-agrinatura-2017\/#breadcrumb","itemListElement":[{"@type":"ListItem","position":1,"name":"Home","item":"https:\/\/www.montagnelagodicomo.it\/fr\/"},{"@type":"ListItem","position":2,"name":"Degustazione ad Agrinatura 2017"}]},{"@type":"WebSite","@id":"https:\/\/www.montagnelagodicomo.it\/#website","url":"https:\/\/www.montagnelagodicomo.it\/","name":"Lago di Como e Valsassina","description":"","publisher":{"@id":"https:\/\/www.montagnelagodicomo.it\/#organization"},"potentialAction":[{"@type":"SearchAction","target":{"@type":"EntryPoint","urlTemplate":"https:\/\/www.montagnelagodicomo.it\/?s={search_term_string}"},"query-input":{"@type":"PropertyValueSpecification","valueRequired":true,"valueName":"search_term_string"}}],"inLanguage":"fr-FR"},{"@type":"Organization","@id":"https:\/\/www.montagnelagodicomo.it\/#organization","name":"Montagne del Lago di Como","url":"https:\/\/www.montagnelagodicomo.it\/","logo":{"@type":"ImageObject","inLanguage":"fr-FR","@id":"https:\/\/www.montagnelagodicomo.it\/#\/schema\/logo\/image\/","url":"https:\/\/www.montagnelagodicomo.it\/wp-content\/uploads\/2016\/07\/DEF_Montagne_LagodiComo_04112015_png.png","contentUrl":"https:\/\/www.montagnelagodicomo.it\/wp-content\/uploads\/2016\/07\/DEF_Montagne_LagodiComo_04112015_png.png","width":2997,"height":835,"caption":"Montagne del Lago di Como"},"image":{"@id":"https:\/\/www.montagnelagodicomo.it\/#\/schema\/logo\/image\/"},"sameAs":["https:\/\/www.facebook.com\/montagnelagodicomo","https:\/\/x.com\/MontagneLago","https:\/\/www.youtube.com\/channel\/UCDoxghWmgQnHlQ78rzZuUjA"]},{"@type":"Person","@id":"https:\/\/www.montagnelagodicomo.it\/#\/schema\/person\/e29d7922634eb034bc4083a91cad0954","name":"montagne","image":{"@type":"ImageObject","inLanguage":"fr-FR","@id":"https:\/\/www.montagnelagodicomo.it\/#\/schema\/person\/image\/","url":"https:\/\/secure.gravatar.com\/avatar\/ea758e56c15e5aff2449e6dbda52d15b66f73260605c6968eff333359d31b7ee?s=96&d=mm&r=g","contentUrl":"https:\/\/secure.gravatar.com\/avatar\/ea758e56c15e5aff2449e6dbda52d15b66f73260605c6968eff333359d31b7ee?s=96&d=mm&r=g","caption":"montagne"},"url":"https:\/\/www.montagnelagodicomo.it\/fr\/author\/montagne\/"}]}},"_links":{"self":[{"href":"https:\/\/www.montagnelagodicomo.it\/fr\/wp-json\/wp\/v2\/posts\/16849","targetHints":{"allow":["GET"]}}],"collection":[{"href":"https:\/\/www.montagnelagodicomo.it\/fr\/wp-json\/wp\/v2\/posts"}],"about":[{"href":"https:\/\/www.montagnelagodicomo.it\/fr\/wp-json\/wp\/v2\/types\/post"}],"author":[{"embeddable":true,"href":"https:\/\/www.montagnelagodicomo.it\/fr\/wp-json\/wp\/v2\/users\/1"}],"replies":[{"embeddable":true,"href":"https:\/\/www.montagnelagodicomo.it\/fr\/wp-json\/wp\/v2\/comments?post=16849"}],"version-history":[{"count":16,"href":"https:\/\/www.montagnelagodicomo.it\/fr\/wp-json\/wp\/v2\/posts\/16849\/revisions"}],"predecessor-version":[{"id":16973,"href":"https:\/\/www.montagnelagodicomo.it\/fr\/wp-json\/wp\/v2\/posts\/16849\/revisions\/16973"}],"wp:attachment":[{"href":"https:\/\/www.montagnelagodicomo.it\/fr\/wp-json\/wp\/v2\/media?parent=16849"}],"wp:term":[{"taxonomy":"category","embeddable":true,"href":"https:\/\/www.montagnelagodicomo.it\/fr\/wp-json\/wp\/v2\/categories?post=16849"},{"taxonomy":"post_tag","embeddable":true,"href":"https:\/\/www.montagnelagodicomo.it\/fr\/wp-json\/wp\/v2\/tags?post=16849"}],"curies":[{"name":"wp","href":"https:\/\/api.w.org\/{rel}","templated":true}]}}