{"id":20089,"date":"2017-12-04T10:02:37","date_gmt":"2017-12-04T09:02:37","guid":{"rendered":"https:\/\/www.montagnelagodicomo.it\/?p=20089\/"},"modified":"2017-12-05T13:06:30","modified_gmt":"2017-12-05T12:06:30","slug":"assemblea-dei-soci-mlc-di-fine-2017","status":"publish","type":"post","link":"https:\/\/www.montagnelagodicomo.it\/fr\/2017\/12\/04\/assemblea-dei-soci-mlc-di-fine-2017\/","title":{"rendered":"Assemblea dei soci MLC di fine 2017"},"content":{"rendered":"<h2 style=\"text-align: center;\">Un 2017 intenso&#8230; e tanti progetti per il 2018<\/h2>\n<p style=\"text-align: center;\" align=\"JUSTIFY\"><strong>Clicca qui e scarica il file pdf del <\/strong><a href=\"https:\/\/www.montagnelagodicomo.it\/wp-content\/uploads\/2017\/12\/Comunicato-Stampa-n.-05-Assemblea-di-fine-anno-di-Montagne-Lago-di-Como.pdf\"><strong>comunicato stampa<\/strong> <\/a><\/p>\n<p align=\"JUSTIFY\"><span style=\"font-family: Arial, sans-serif;\">Si \u00e8 svolta gioved\u00ec 30 novembre scorso, in un clima positivo e informale, l&rsquo;assemblea ordinaria dei soci della Rete di Imprese Montagne del Lago di Como, presso la sede della Banca della Valsassina a Cortenova.<\/span><\/p>\n<p style=\"text-align: right;\" align=\"JUSTIFY\"><span style=\"font-family: Arial, sans-serif;\"><img fetchpriority=\"high\" decoding=\"async\" class=\"alignright wp-image-20090 size-medium\" src=\"https:\/\/www.montagnelagodicomo.it\/wp-content\/uploads\/2017\/12\/assemblea2-300x225.jpg\" alt=\"\" width=\"300\" height=\"225\" srcset=\"https:\/\/www.montagnelagodicomo.it\/wp-content\/uploads\/2017\/12\/assemblea2-300x225.jpg 300w, https:\/\/www.montagnelagodicomo.it\/wp-content\/uploads\/2017\/12\/assemblea2-768x576.jpg 768w, https:\/\/www.montagnelagodicomo.it\/wp-content\/uploads\/2017\/12\/assemblea2-1024x768.jpg 1024w, https:\/\/www.montagnelagodicomo.it\/wp-content\/uploads\/2017\/12\/assemblea2.jpg 2048w\" sizes=\"(max-width: 300px) 100vw, 300px\" \/><\/span><\/p>\n<p align=\"JUSTIFY\"><span style=\"font-family: Arial, sans-serif;\">I numerosi soci intervenuti sono stati accolti da una <strong>mostra fotografica<\/strong>, allestita allo scopo di illustrare i progetti, i servizi e gli strumenti che la rete di imprese ha messo in campo in questo intenso anno di attivit\u00e0.<br \/>\n<\/span><\/p>\n<p align=\"JUSTIFY\"><span style=\"font-family: Arial, sans-serif;\">A seguire si \u00e8 tenuta l&rsquo;assemblea ordinaria, introdotta dal <\/span><span style=\"font-family: Arial, sans-serif;\"><b>Presidente Stefano Gianola, <\/b><\/span><span style=\"font-family: Arial, sans-serif;\">che, dopo aver salutato i presenti e ringraziato la BCC Valsassina per l&rsquo;ospitalit\u00e0 ed il sostegno a Montagne del Lago di Como, ha illustrato il bilancio previsionale e le linee programmatiche per il 2018. <\/span><\/p>\n<p align=\"JUSTIFY\">\u201c<span style=\"font-family: Arial, sans-serif;\">Il 2017 \u00e8 stato un anno di lavoro intenso. \u2013 ha commentato <\/span><span style=\"font-family: Arial, sans-serif;\"><b>Gianola<\/b><\/span><span style=\"font-family: Arial, sans-serif;\"> &#8211; Lo staff ha lavorato alla progettazione e alla realizzazione di nuovi strumenti, come le <strong><a href=\"https:\/\/www.montagnelagodicomo.it\/2017\/06\/28\/nuove-cartine-2017-montagne-lago-como\/\" target=\"_blank\" rel=\"noopener noreferrer\">nuove cartine<\/a><\/strong>, la <strong><a href=\"https:\/\/www.montagnelagodicomo.it\/2017\/06\/28\/guida-turistica-emozioni-dalle-montagne-del-lago-como\/\" target=\"_blank\" rel=\"noopener noreferrer\">guida turistica \u201cEmozioni\u201d<\/a> <\/strong>e la <strong><a href=\"https:\/\/www.montagnelagodicomo.it\/montagne-lago-di-como-card\/\" target=\"_blank\" rel=\"noopener noreferrer\">MLC Card<\/a><\/strong>, con sconti e agevolazioni per gli ospiti delle strutture ricettive. Sono stati investimenti importanti, che rappresentano un ulteriore salto di qualit\u00e0 per la nostra accoglienza turistica. Il successo di queste iniziative ci ha dato conferma che la direzione \u00e8 quella giusta\u201d.<\/span><\/p>\n<p align=\"JUSTIFY\"><span style=\"font-family: Arial, sans-serif;\">I soci, stimolati ad un confronto aperto sui progetti dal Presidente e da <\/span><span style=\"font-family: Arial, sans-serif;\"><b>Silvia Strada<\/b><\/span><span style=\"font-family: Arial, sans-serif;\">, responsabile dello staff, hanno confermato che la stagione estiva appena trascorsa \u00e8 stata molto positiva e che ha rappresentato un buon banco di prova per le Montagne del Lago di Como. Ottimo risultato hanno dato in particolare le nuove cartine, le <strong>Ciaspolate<\/strong> ed i <strong>Weekend dei Sapori d&rsquo;Autunno<\/strong> ed il primo periodo di sperimentazione della MLC Card, che \u00e8 stato un nuovo modo di dare il benvenuto agli ospiti dei B&amp;B e degli hotel che l&rsquo;hanno distribuita.<\/span><\/p>\n<p align=\"JUSTIFY\">\u201c<span style=\"font-family: Arial, sans-serif;\">Oltre al lavoro quotidiano di promozione, tramite il sito e i social, e a quello di <strong>booking<\/strong>, che la rete svolge per il singolo turista, per le gite di scuole e di gruppi, o in occasione di grandi eventi \u2013 continua Gianola &#8211; quest&rsquo;anno abbiamo avuto l&rsquo;occasione di misurarci con nuove sfide. In particolare abbiamo lavorato alla fornitura di <strong>servizi per le Pubbliche Amministrazioni<\/strong>, con progetti su singoli comuni ed altri a livello sovra comunale\u201d.<\/span><\/p>\n<p align=\"JUSTIFY\"><span style=\"font-family: Arial, sans-serif;\">E&rsquo; stata infine presentata la nuova <strong>Campagna Adesioni 2018<\/strong>, dal titolo \u201cMontagne del Lago di Como, ottimo servizio!\u201d: gli imprenditori sono diventati veri e propri testimonial, perch\u00e9 raccontano attraverso i manifesti la propria esperienza nella rete di imprese, \u201cmettendoci la faccia\u201d e soprattutto l\u2019entusiasmo.<\/span><\/p>\n<p align=\"JUSTIFY\"><img decoding=\"async\" class=\"alignnone size-medium wp-image-20091\" src=\"https:\/\/www.montagnelagodicomo.it\/wp-content\/uploads\/2017\/12\/24271020_1551262458294210_1812505317_o-300x225.jpg\" alt=\"\" width=\"300\" height=\"225\" srcset=\"https:\/\/www.montagnelagodicomo.it\/wp-content\/uploads\/2017\/12\/24271020_1551262458294210_1812505317_o-300x225.jpg 300w, https:\/\/www.montagnelagodicomo.it\/wp-content\/uploads\/2017\/12\/24271020_1551262458294210_1812505317_o-768x576.jpg 768w, https:\/\/www.montagnelagodicomo.it\/wp-content\/uploads\/2017\/12\/24271020_1551262458294210_1812505317_o-1024x768.jpg 1024w, https:\/\/www.montagnelagodicomo.it\/wp-content\/uploads\/2017\/12\/24271020_1551262458294210_1812505317_o.jpg 1812w\" sizes=\"(max-width: 300px) 100vw, 300px\" \/> <img decoding=\"async\" class=\"alignnone size-medium wp-image-20092\" src=\"https:\/\/www.montagnelagodicomo.it\/wp-content\/uploads\/2017\/12\/mostra-300x225.jpg\" alt=\"\" width=\"300\" height=\"225\" srcset=\"https:\/\/www.montagnelagodicomo.it\/wp-content\/uploads\/2017\/12\/mostra-300x225.jpg 300w, https:\/\/www.montagnelagodicomo.it\/wp-content\/uploads\/2017\/12\/mostra-768x576.jpg 768w, https:\/\/www.montagnelagodicomo.it\/wp-content\/uploads\/2017\/12\/mostra-1024x768.jpg 1024w, https:\/\/www.montagnelagodicomo.it\/wp-content\/uploads\/2017\/12\/mostra.jpg 1812w\" sizes=\"(max-width: 300px) 100vw, 300px\" \/><\/p>\n<p align=\"JUSTIFY\"><span style=\"font-family: Arial, sans-serif;\">La serata si \u00e8 conclusa con un dolce rinfresco e lo scambio degli auguri di Buone Feste.<\/span><\/p>\n<p align=\"JUSTIFY\"><img loading=\"lazy\" decoding=\"async\" class=\"alignnone size-medium wp-image-20095\" src=\"https:\/\/www.montagnelagodicomo.it\/wp-content\/uploads\/2017\/12\/24273066_1551262194960903_717615301_n-225x300.jpg\" alt=\"\" width=\"225\" height=\"300\" srcset=\"https:\/\/www.montagnelagodicomo.it\/wp-content\/uploads\/2017\/12\/24273066_1551262194960903_717615301_n-225x300.jpg 225w, https:\/\/www.montagnelagodicomo.it\/wp-content\/uploads\/2017\/12\/24273066_1551262194960903_717615301_n.jpg 720w\" sizes=\"(max-width: 225px) 100vw, 225px\" \/>\u00a0 <img loading=\"lazy\" decoding=\"async\" class=\"alignnone size-medium wp-image-20094\" src=\"https:\/\/www.montagnelagodicomo.it\/wp-content\/uploads\/2017\/12\/24259666_1711174822228471_697279296_o-300x225.jpg\" alt=\"\" width=\"300\" height=\"225\" srcset=\"https:\/\/www.montagnelagodicomo.it\/wp-content\/uploads\/2017\/12\/24259666_1711174822228471_697279296_o-300x225.jpg 300w, https:\/\/www.montagnelagodicomo.it\/wp-content\/uploads\/2017\/12\/24259666_1711174822228471_697279296_o-768x576.jpg 768w, https:\/\/www.montagnelagodicomo.it\/wp-content\/uploads\/2017\/12\/24259666_1711174822228471_697279296_o-1024x768.jpg 1024w, https:\/\/www.montagnelagodicomo.it\/wp-content\/uploads\/2017\/12\/24259666_1711174822228471_697279296_o.jpg 2048w\" sizes=\"(max-width: 300px) 100vw, 300px\" \/><\/p>\n<h3 align=\"JUSTIFY\"><\/h3>\n","protected":false},"excerpt":{"rendered":"<p>Un 2017 intenso&#8230; e tanti progetti per il 2018 Clicca qui e scarica il file pdf del comunicato stampa Si \u00e8 svolta gioved\u00ec 30 novembre scorso, in un clima positivo e informale, l&rsquo;assemblea ordinaria dei soci della Rete di Imprese Montagne del Lago di Como, presso la sede della Banca della Valsassina a Cortenova. I [&hellip;]<\/p>\n","protected":false},"author":1,"featured_media":20090,"comment_status":"open","ping_status":"open","sticky":false,"template":"","format":"standard","meta":{"_acf_changed":false,"footnotes":""},"categories":[146],"tags":[],"class_list":["post-20089","post","type-post","status-publish","format-standard","has-post-thumbnail","hentry","category-ultima-ora"],"acf":[],"yoast_head":"<!-- This site is optimized with the Yoast SEO plugin v25.0 - https:\/\/yoast.com\/wordpress\/plugins\/seo\/ -->\n<title>Assemblea dei soci MLC di fine 2017 - Lago di Como e Valsassina<\/title>\n<meta name=\"robots\" content=\"index, follow, max-snippet:-1, max-image-preview:large, max-video-preview:-1\" \/>\n<link rel=\"canonical\" href=\"https:\/\/www.montagnelagodicomo.it\/2017\/12\/04\/assemblea-dei-soci-mlc-di-fine-2017\/\" \/>\n<meta property=\"og:locale\" content=\"fr_FR\" \/>\n<meta property=\"og:type\" content=\"article\" \/>\n<meta property=\"og:title\" content=\"Assemblea dei soci MLC di fine 2017 - Lago di Como e Valsassina\" \/>\n<meta property=\"og:description\" content=\"Un 2017 intenso&#8230; e tanti progetti per il 2018 Clicca qui e scarica il file pdf del comunicato stampa Si \u00e8 svolta gioved\u00ec 30 novembre scorso, in un clima positivo e informale, l&rsquo;assemblea ordinaria dei soci della Rete di Imprese Montagne del Lago di Como, presso la sede della Banca della Valsassina a Cortenova. I [&hellip;]\" \/>\n<meta property=\"og:url\" content=\"https:\/\/www.montagnelagodicomo.it\/2017\/12\/04\/assemblea-dei-soci-mlc-di-fine-2017\/\" \/>\n<meta property=\"og:site_name\" content=\"Lago di Como e Valsassina\" \/>\n<meta property=\"article:publisher\" content=\"https:\/\/www.facebook.com\/montagnelagodicomo\" \/>\n<meta property=\"article:published_time\" content=\"2017-12-04T09:02:37+00:00\" \/>\n<meta property=\"article:modified_time\" content=\"2017-12-05T12:06:30+00:00\" \/>\n<meta property=\"og:image\" content=\"https:\/\/www.montagnelagodicomo.it\/wp-content\/uploads\/2017\/12\/assemblea2.jpg\" \/>\n\t<meta property=\"og:image:width\" content=\"2048\" \/>\n\t<meta property=\"og:image:height\" content=\"1536\" \/>\n\t<meta property=\"og:image:type\" content=\"image\/jpeg\" \/>\n<meta name=\"author\" content=\"montagne\" \/>\n<meta name=\"twitter:card\" content=\"summary_large_image\" \/>\n<meta name=\"twitter:creator\" content=\"@MontagneLago\" \/>\n<meta name=\"twitter:site\" content=\"@MontagneLago\" \/>\n<meta name=\"twitter:label1\" content=\"\u00c9crit par\" \/>\n\t<meta name=\"twitter:data1\" content=\"montagne\" \/>\n\t<meta name=\"twitter:label2\" content=\"Dur\u00e9e de lecture estim\u00e9e\" \/>\n\t<meta name=\"twitter:data2\" content=\"2 minutes\" \/>\n<script type=\"application\/ld+json\" class=\"yoast-schema-graph\">{\"@context\":\"https:\/\/schema.org\",\"@graph\":[{\"@type\":\"Article\",\"@id\":\"https:\/\/www.montagnelagodicomo.it\/2017\/12\/04\/assemblea-dei-soci-mlc-di-fine-2017\/#article\",\"isPartOf\":{\"@id\":\"https:\/\/www.montagnelagodicomo.it\/2017\/12\/04\/assemblea-dei-soci-mlc-di-fine-2017\/\"},\"author\":{\"name\":\"montagne\",\"@id\":\"https:\/\/www.montagnelagodicomo.it\/#\/schema\/person\/e29d7922634eb034bc4083a91cad0954\"},\"headline\":\"Assemblea dei soci MLC di fine 2017\",\"datePublished\":\"2017-12-04T09:02:37+00:00\",\"dateModified\":\"2017-12-05T12:06:30+00:00\",\"mainEntityOfPage\":{\"@id\":\"https:\/\/www.montagnelagodicomo.it\/2017\/12\/04\/assemblea-dei-soci-mlc-di-fine-2017\/\"},\"wordCount\":439,\"commentCount\":0,\"publisher\":{\"@id\":\"https:\/\/www.montagnelagodicomo.it\/#organization\"},\"image\":{\"@id\":\"https:\/\/www.montagnelagodicomo.it\/2017\/12\/04\/assemblea-dei-soci-mlc-di-fine-2017\/#primaryimage\"},\"thumbnailUrl\":\"https:\/\/www.montagnelagodicomo.it\/wp-content\/uploads\/2017\/12\/assemblea2.jpg\",\"articleSection\":[\"Ultima ora\"],\"inLanguage\":\"fr-FR\",\"potentialAction\":[{\"@type\":\"CommentAction\",\"name\":\"Comment\",\"target\":[\"https:\/\/www.montagnelagodicomo.it\/2017\/12\/04\/assemblea-dei-soci-mlc-di-fine-2017\/#respond\"]}]},{\"@type\":\"WebPage\",\"@id\":\"https:\/\/www.montagnelagodicomo.it\/2017\/12\/04\/assemblea-dei-soci-mlc-di-fine-2017\/\",\"url\":\"https:\/\/www.montagnelagodicomo.it\/2017\/12\/04\/assemblea-dei-soci-mlc-di-fine-2017\/\",\"name\":\"Assemblea dei soci MLC di fine 2017 - Lago di Como e Valsassina\",\"isPartOf\":{\"@id\":\"https:\/\/www.montagnelagodicomo.it\/#website\"},\"primaryImageOfPage\":{\"@id\":\"https:\/\/www.montagnelagodicomo.it\/2017\/12\/04\/assemblea-dei-soci-mlc-di-fine-2017\/#primaryimage\"},\"image\":{\"@id\":\"https:\/\/www.montagnelagodicomo.it\/2017\/12\/04\/assemblea-dei-soci-mlc-di-fine-2017\/#primaryimage\"},\"thumbnailUrl\":\"https:\/\/www.montagnelagodicomo.it\/wp-content\/uploads\/2017\/12\/assemblea2.jpg\",\"datePublished\":\"2017-12-04T09:02:37+00:00\",\"dateModified\":\"2017-12-05T12:06:30+00:00\",\"breadcrumb\":{\"@id\":\"https:\/\/www.montagnelagodicomo.it\/2017\/12\/04\/assemblea-dei-soci-mlc-di-fine-2017\/#breadcrumb\"},\"inLanguage\":\"fr-FR\",\"potentialAction\":[{\"@type\":\"ReadAction\",\"target\":[\"https:\/\/www.montagnelagodicomo.it\/2017\/12\/04\/assemblea-dei-soci-mlc-di-fine-2017\/\"]}]},{\"@type\":\"ImageObject\",\"inLanguage\":\"fr-FR\",\"@id\":\"https:\/\/www.montagnelagodicomo.it\/2017\/12\/04\/assemblea-dei-soci-mlc-di-fine-2017\/#primaryimage\",\"url\":\"https:\/\/www.montagnelagodicomo.it\/wp-content\/uploads\/2017\/12\/assemblea2.jpg\",\"contentUrl\":\"https:\/\/www.montagnelagodicomo.it\/wp-content\/uploads\/2017\/12\/assemblea2.jpg\",\"width\":2048,\"height\":1536},{\"@type\":\"BreadcrumbList\",\"@id\":\"https:\/\/www.montagnelagodicomo.it\/2017\/12\/04\/assemblea-dei-soci-mlc-di-fine-2017\/#breadcrumb\",\"itemListElement\":[{\"@type\":\"ListItem\",\"position\":1,\"name\":\"Home\",\"item\":\"https:\/\/www.montagnelagodicomo.it\/fr\/\"},{\"@type\":\"ListItem\",\"position\":2,\"name\":\"Assemblea dei soci MLC di fine 2017\"}]},{\"@type\":\"WebSite\",\"@id\":\"https:\/\/www.montagnelagodicomo.it\/#website\",\"url\":\"https:\/\/www.montagnelagodicomo.it\/\",\"name\":\"Lago di Como e Valsassina\",\"description\":\"\",\"publisher\":{\"@id\":\"https:\/\/www.montagnelagodicomo.it\/#organization\"},\"potentialAction\":[{\"@type\":\"SearchAction\",\"target\":{\"@type\":\"EntryPoint\",\"urlTemplate\":\"https:\/\/www.montagnelagodicomo.it\/?s={search_term_string}\"},\"query-input\":{\"@type\":\"PropertyValueSpecification\",\"valueRequired\":true,\"valueName\":\"search_term_string\"}}],\"inLanguage\":\"fr-FR\"},{\"@type\":\"Organization\",\"@id\":\"https:\/\/www.montagnelagodicomo.it\/#organization\",\"name\":\"Montagne del Lago di Como\",\"url\":\"https:\/\/www.montagnelagodicomo.it\/\",\"logo\":{\"@type\":\"ImageObject\",\"inLanguage\":\"fr-FR\",\"@id\":\"https:\/\/www.montagnelagodicomo.it\/#\/schema\/logo\/image\/\",\"url\":\"https:\/\/www.montagnelagodicomo.it\/wp-content\/uploads\/2016\/07\/DEF_Montagne_LagodiComo_04112015_png.png\",\"contentUrl\":\"https:\/\/www.montagnelagodicomo.it\/wp-content\/uploads\/2016\/07\/DEF_Montagne_LagodiComo_04112015_png.png\",\"width\":2997,\"height\":835,\"caption\":\"Montagne del Lago di Como\"},\"image\":{\"@id\":\"https:\/\/www.montagnelagodicomo.it\/#\/schema\/logo\/image\/\"},\"sameAs\":[\"https:\/\/www.facebook.com\/montagnelagodicomo\",\"https:\/\/x.com\/MontagneLago\",\"https:\/\/www.youtube.com\/channel\/UCDoxghWmgQnHlQ78rzZuUjA\"]},{\"@type\":\"Person\",\"@id\":\"https:\/\/www.montagnelagodicomo.it\/#\/schema\/person\/e29d7922634eb034bc4083a91cad0954\",\"name\":\"montagne\",\"image\":{\"@type\":\"ImageObject\",\"inLanguage\":\"fr-FR\",\"@id\":\"https:\/\/www.montagnelagodicomo.it\/#\/schema\/person\/image\/\",\"url\":\"https:\/\/secure.gravatar.com\/avatar\/ea758e56c15e5aff2449e6dbda52d15b66f73260605c6968eff333359d31b7ee?s=96&d=mm&r=g\",\"contentUrl\":\"https:\/\/secure.gravatar.com\/avatar\/ea758e56c15e5aff2449e6dbda52d15b66f73260605c6968eff333359d31b7ee?s=96&d=mm&r=g\",\"caption\":\"montagne\"},\"url\":\"https:\/\/www.montagnelagodicomo.it\/fr\/author\/montagne\/\"}]}<\/script>\n<!-- \/ Yoast SEO plugin. -->","yoast_head_json":{"title":"Assemblea dei soci MLC di fine 2017 - Lago di Como e Valsassina","robots":{"index":"index","follow":"follow","max-snippet":"max-snippet:-1","max-image-preview":"max-image-preview:large","max-video-preview":"max-video-preview:-1"},"canonical":"https:\/\/www.montagnelagodicomo.it\/2017\/12\/04\/assemblea-dei-soci-mlc-di-fine-2017\/","og_locale":"fr_FR","og_type":"article","og_title":"Assemblea dei soci MLC di fine 2017 - Lago di Como e Valsassina","og_description":"Un 2017 intenso&#8230; e tanti progetti per il 2018 Clicca qui e scarica il file pdf del comunicato stampa Si \u00e8 svolta gioved\u00ec 30 novembre scorso, in un clima positivo e informale, l&rsquo;assemblea ordinaria dei soci della Rete di Imprese Montagne del Lago di Como, presso la sede della Banca della Valsassina a Cortenova. I [&hellip;]","og_url":"https:\/\/www.montagnelagodicomo.it\/2017\/12\/04\/assemblea-dei-soci-mlc-di-fine-2017\/","og_site_name":"Lago di Como e Valsassina","article_publisher":"https:\/\/www.facebook.com\/montagnelagodicomo","article_published_time":"2017-12-04T09:02:37+00:00","article_modified_time":"2017-12-05T12:06:30+00:00","og_image":[{"width":2048,"height":1536,"url":"https:\/\/www.montagnelagodicomo.it\/wp-content\/uploads\/2017\/12\/assemblea2.jpg","type":"image\/jpeg"}],"author":"montagne","twitter_card":"summary_large_image","twitter_creator":"@MontagneLago","twitter_site":"@MontagneLago","twitter_misc":{"\u00c9crit par":"montagne","Dur\u00e9e de lecture estim\u00e9e":"2 minutes"},"schema":{"@context":"https:\/\/schema.org","@graph":[{"@type":"Article","@id":"https:\/\/www.montagnelagodicomo.it\/2017\/12\/04\/assemblea-dei-soci-mlc-di-fine-2017\/#article","isPartOf":{"@id":"https:\/\/www.montagnelagodicomo.it\/2017\/12\/04\/assemblea-dei-soci-mlc-di-fine-2017\/"},"author":{"name":"montagne","@id":"https:\/\/www.montagnelagodicomo.it\/#\/schema\/person\/e29d7922634eb034bc4083a91cad0954"},"headline":"Assemblea dei soci MLC di fine 2017","datePublished":"2017-12-04T09:02:37+00:00","dateModified":"2017-12-05T12:06:30+00:00","mainEntityOfPage":{"@id":"https:\/\/www.montagnelagodicomo.it\/2017\/12\/04\/assemblea-dei-soci-mlc-di-fine-2017\/"},"wordCount":439,"commentCount":0,"publisher":{"@id":"https:\/\/www.montagnelagodicomo.it\/#organization"},"image":{"@id":"https:\/\/www.montagnelagodicomo.it\/2017\/12\/04\/assemblea-dei-soci-mlc-di-fine-2017\/#primaryimage"},"thumbnailUrl":"https:\/\/www.montagnelagodicomo.it\/wp-content\/uploads\/2017\/12\/assemblea2.jpg","articleSection":["Ultima ora"],"inLanguage":"fr-FR","potentialAction":[{"@type":"CommentAction","name":"Comment","target":["https:\/\/www.montagnelagodicomo.it\/2017\/12\/04\/assemblea-dei-soci-mlc-di-fine-2017\/#respond"]}]},{"@type":"WebPage","@id":"https:\/\/www.montagnelagodicomo.it\/2017\/12\/04\/assemblea-dei-soci-mlc-di-fine-2017\/","url":"https:\/\/www.montagnelagodicomo.it\/2017\/12\/04\/assemblea-dei-soci-mlc-di-fine-2017\/","name":"Assemblea dei soci MLC di fine 2017 - Lago di Como e Valsassina","isPartOf":{"@id":"https:\/\/www.montagnelagodicomo.it\/#website"},"primaryImageOfPage":{"@id":"https:\/\/www.montagnelagodicomo.it\/2017\/12\/04\/assemblea-dei-soci-mlc-di-fine-2017\/#primaryimage"},"image":{"@id":"https:\/\/www.montagnelagodicomo.it\/2017\/12\/04\/assemblea-dei-soci-mlc-di-fine-2017\/#primaryimage"},"thumbnailUrl":"https:\/\/www.montagnelagodicomo.it\/wp-content\/uploads\/2017\/12\/assemblea2.jpg","datePublished":"2017-12-04T09:02:37+00:00","dateModified":"2017-12-05T12:06:30+00:00","breadcrumb":{"@id":"https:\/\/www.montagnelagodicomo.it\/2017\/12\/04\/assemblea-dei-soci-mlc-di-fine-2017\/#breadcrumb"},"inLanguage":"fr-FR","potentialAction":[{"@type":"ReadAction","target":["https:\/\/www.montagnelagodicomo.it\/2017\/12\/04\/assemblea-dei-soci-mlc-di-fine-2017\/"]}]},{"@type":"ImageObject","inLanguage":"fr-FR","@id":"https:\/\/www.montagnelagodicomo.it\/2017\/12\/04\/assemblea-dei-soci-mlc-di-fine-2017\/#primaryimage","url":"https:\/\/www.montagnelagodicomo.it\/wp-content\/uploads\/2017\/12\/assemblea2.jpg","contentUrl":"https:\/\/www.montagnelagodicomo.it\/wp-content\/uploads\/2017\/12\/assemblea2.jpg","width":2048,"height":1536},{"@type":"BreadcrumbList","@id":"https:\/\/www.montagnelagodicomo.it\/2017\/12\/04\/assemblea-dei-soci-mlc-di-fine-2017\/#breadcrumb","itemListElement":[{"@type":"ListItem","position":1,"name":"Home","item":"https:\/\/www.montagnelagodicomo.it\/fr\/"},{"@type":"ListItem","position":2,"name":"Assemblea dei soci MLC di fine 2017"}]},{"@type":"WebSite","@id":"https:\/\/www.montagnelagodicomo.it\/#website","url":"https:\/\/www.montagnelagodicomo.it\/","name":"Lago di Como e Valsassina","description":"","publisher":{"@id":"https:\/\/www.montagnelagodicomo.it\/#organization"},"potentialAction":[{"@type":"SearchAction","target":{"@type":"EntryPoint","urlTemplate":"https:\/\/www.montagnelagodicomo.it\/?s={search_term_string}"},"query-input":{"@type":"PropertyValueSpecification","valueRequired":true,"valueName":"search_term_string"}}],"inLanguage":"fr-FR"},{"@type":"Organization","@id":"https:\/\/www.montagnelagodicomo.it\/#organization","name":"Montagne del Lago di Como","url":"https:\/\/www.montagnelagodicomo.it\/","logo":{"@type":"ImageObject","inLanguage":"fr-FR","@id":"https:\/\/www.montagnelagodicomo.it\/#\/schema\/logo\/image\/","url":"https:\/\/www.montagnelagodicomo.it\/wp-content\/uploads\/2016\/07\/DEF_Montagne_LagodiComo_04112015_png.png","contentUrl":"https:\/\/www.montagnelagodicomo.it\/wp-content\/uploads\/2016\/07\/DEF_Montagne_LagodiComo_04112015_png.png","width":2997,"height":835,"caption":"Montagne del Lago di Como"},"image":{"@id":"https:\/\/www.montagnelagodicomo.it\/#\/schema\/logo\/image\/"},"sameAs":["https:\/\/www.facebook.com\/montagnelagodicomo","https:\/\/x.com\/MontagneLago","https:\/\/www.youtube.com\/channel\/UCDoxghWmgQnHlQ78rzZuUjA"]},{"@type":"Person","@id":"https:\/\/www.montagnelagodicomo.it\/#\/schema\/person\/e29d7922634eb034bc4083a91cad0954","name":"montagne","image":{"@type":"ImageObject","inLanguage":"fr-FR","@id":"https:\/\/www.montagnelagodicomo.it\/#\/schema\/person\/image\/","url":"https:\/\/secure.gravatar.com\/avatar\/ea758e56c15e5aff2449e6dbda52d15b66f73260605c6968eff333359d31b7ee?s=96&d=mm&r=g","contentUrl":"https:\/\/secure.gravatar.com\/avatar\/ea758e56c15e5aff2449e6dbda52d15b66f73260605c6968eff333359d31b7ee?s=96&d=mm&r=g","caption":"montagne"},"url":"https:\/\/www.montagnelagodicomo.it\/fr\/author\/montagne\/"}]}},"_links":{"self":[{"href":"https:\/\/www.montagnelagodicomo.it\/fr\/wp-json\/wp\/v2\/posts\/20089","targetHints":{"allow":["GET"]}}],"collection":[{"href":"https:\/\/www.montagnelagodicomo.it\/fr\/wp-json\/wp\/v2\/posts"}],"about":[{"href":"https:\/\/www.montagnelagodicomo.it\/fr\/wp-json\/wp\/v2\/types\/post"}],"author":[{"embeddable":true,"href":"https:\/\/www.montagnelagodicomo.it\/fr\/wp-json\/wp\/v2\/users\/1"}],"replies":[{"embeddable":true,"href":"https:\/\/www.montagnelagodicomo.it\/fr\/wp-json\/wp\/v2\/comments?post=20089"}],"version-history":[{"count":7,"href":"https:\/\/www.montagnelagodicomo.it\/fr\/wp-json\/wp\/v2\/posts\/20089\/revisions"}],"predecessor-version":[{"id":20102,"href":"https:\/\/www.montagnelagodicomo.it\/fr\/wp-json\/wp\/v2\/posts\/20089\/revisions\/20102"}],"wp:featuredmedia":[{"embeddable":true,"href":"https:\/\/www.montagnelagodicomo.it\/fr\/wp-json\/wp\/v2\/media\/20090"}],"wp:attachment":[{"href":"https:\/\/www.montagnelagodicomo.it\/fr\/wp-json\/wp\/v2\/media?parent=20089"}],"wp:term":[{"taxonomy":"category","embeddable":true,"href":"https:\/\/www.montagnelagodicomo.it\/fr\/wp-json\/wp\/v2\/categories?post=20089"},{"taxonomy":"post_tag","embeddable":true,"href":"https:\/\/www.montagnelagodicomo.it\/fr\/wp-json\/wp\/v2\/tags?post=20089"}],"curies":[{"name":"wp","href":"https:\/\/api.w.org\/{rel}","templated":true}]}}