{"id":24580,"date":"2018-11-15T14:59:20","date_gmt":"2018-11-15T13:59:20","guid":{"rendered":"https:\/\/www.montagnelagodicomo.it\/?p=24580\/"},"modified":"2018-11-23T12:05:32","modified_gmt":"2018-11-23T11:05:32","slug":"serata-interreg-le-vie-del-viandante-del-27-novembre-dervio","status":"publish","type":"post","link":"https:\/\/www.montagnelagodicomo.it\/fr\/2018\/11\/15\/serata-interreg-le-vie-del-viandante-del-27-novembre-dervio\/","title":{"rendered":"Serata Interreg Le Vie del Viandante del 27 novembre a Dervio"},"content":{"rendered":"<p>Nell\u2019ambito del progetto Vi.Vi. 2.0 la Rete di Imprese Montagne del Lago di Como e il Comune di Lecco, Capofila dei Bando, in collaborazione con i Partners di Progetto organizzano la <strong>serata pubblica dal titolo \u201cLe Vie del Viandante \u2013 Un\u2019opportunit\u00e0 per lo sviluppo turistico delle Montagne del Lago di Como<\/strong>\u201c.<\/p>\n<p>L&rsquo;appuntamento \u00e8 per<strong> marted\u00ec 27 novembre 2018 alle ore 18 presso la Sala Consiliare del Comune di Dervio<\/strong>. Sono invitati alla serata tutti gli operatori economici, i rappresentanti delle istutuzioni e delle associazioni del territorio.<\/p>\n<p><strong>Nella stessa data alle ore 21 si terr\u00e0 l&rsquo;<a href=\"https:\/\/www.montagnelagodicomo.it\/2018\/11\/16\/assemblea-ordinaria-dei-soci-27-novembre-dervio\/\" target=\"_blank\" rel=\"noopener noreferrer\">Assemblea Ordinaria di Montagne del Lago di Como<\/a><\/strong>, riservata ai soci della rete di imprese.<\/p>\n<p>&nbsp;<\/p>\n<p><a href=\"http:\/\/www.montagnelagodicomo.it\/events\/serata-interreg-le-vie-del-viandante-a-dervio\/\"><img fetchpriority=\"high\" decoding=\"async\" class=\"aligncenter wp-image-24664 size-large\" src=\"https:\/\/www.montagnelagodicomo.it\/wp-content\/uploads\/2018\/11\/2018-11-27-Conferenza-Interreg-ViVi-2.0-a-Dervio-1-724x1024.jpg\" alt=\"\" width=\"640\" height=\"905\" srcset=\"https:\/\/www.montagnelagodicomo.it\/wp-content\/uploads\/2018\/11\/2018-11-27-Conferenza-Interreg-ViVi-2.0-a-Dervio-1-724x1024.jpg 724w, https:\/\/www.montagnelagodicomo.it\/wp-content\/uploads\/2018\/11\/2018-11-27-Conferenza-Interreg-ViVi-2.0-a-Dervio-1-212x300.jpg 212w, https:\/\/www.montagnelagodicomo.it\/wp-content\/uploads\/2018\/11\/2018-11-27-Conferenza-Interreg-ViVi-2.0-a-Dervio-1-768x1086.jpg 768w, https:\/\/www.montagnelagodicomo.it\/wp-content\/uploads\/2018\/11\/2018-11-27-Conferenza-Interreg-ViVi-2.0-a-Dervio-1.jpg 1240w\" sizes=\"(max-width: 640px) 100vw, 640px\" \/><\/a><\/p>\n","protected":false},"excerpt":{"rendered":"<p>Nell\u2019ambito del progetto Vi.Vi. 2.0 la Rete di Imprese Montagne del Lago di Como e il Comune di Lecco, Capofila dei Bando, in collaborazione con i Partners di Progetto organizzano la serata pubblica dal titolo \u201cLe Vie del Viandante \u2013 Un\u2019opportunit\u00e0 per lo sviluppo turistico delle Montagne del Lago di Como\u201c. L&rsquo;appuntamento \u00e8 per marted\u00ec [&hellip;]<\/p>\n","protected":false},"author":1,"featured_media":0,"comment_status":"open","ping_status":"open","sticky":false,"template":"","format":"standard","meta":{"_acf_changed":false,"footnotes":""},"categories":[146],"tags":[],"class_list":["post-24580","post","type-post","status-publish","format-standard","hentry","category-ultima-ora"],"acf":[],"yoast_head":"<!-- This site is optimized with the Yoast SEO plugin v25.0 - https:\/\/yoast.com\/wordpress\/plugins\/seo\/ -->\n<title>Serata Interreg Le Vie del Viandante del 27 novembre a Dervio - Lago di Como e Valsassina<\/title>\n<meta name=\"robots\" content=\"index, follow, max-snippet:-1, max-image-preview:large, max-video-preview:-1\" \/>\n<link rel=\"canonical\" href=\"https:\/\/www.montagnelagodicomo.it\/2018\/11\/15\/serata-interreg-le-vie-del-viandante-del-27-novembre-dervio\/\" \/>\n<meta property=\"og:locale\" content=\"fr_FR\" \/>\n<meta property=\"og:type\" content=\"article\" \/>\n<meta property=\"og:title\" content=\"Serata Interreg Le Vie del Viandante del 27 novembre a Dervio - Lago di Como e Valsassina\" \/>\n<meta property=\"og:description\" content=\"Nell\u2019ambito del progetto Vi.Vi. 2.0 la Rete di Imprese Montagne del Lago di Como e il Comune di Lecco, Capofila dei Bando, in collaborazione con i Partners di Progetto organizzano la serata pubblica dal titolo \u201cLe Vie del Viandante \u2013 Un\u2019opportunit\u00e0 per lo sviluppo turistico delle Montagne del Lago di Como\u201c. L&rsquo;appuntamento \u00e8 per marted\u00ec [&hellip;]\" \/>\n<meta property=\"og:url\" content=\"https:\/\/www.montagnelagodicomo.it\/2018\/11\/15\/serata-interreg-le-vie-del-viandante-del-27-novembre-dervio\/\" \/>\n<meta property=\"og:site_name\" content=\"Lago di Como e Valsassina\" \/>\n<meta property=\"article:publisher\" content=\"https:\/\/www.facebook.com\/montagnelagodicomo\" \/>\n<meta property=\"article:published_time\" content=\"2018-11-15T13:59:20+00:00\" \/>\n<meta property=\"article:modified_time\" content=\"2018-11-23T11:05:32+00:00\" \/>\n<meta property=\"og:image\" content=\"https:\/\/www.montagnelagodicomo.it\/wp-content\/uploads\/2018\/11\/2018-11-27-Conferenza-Interreg-ViVi-2.0-a-Dervio-1-724x1024.jpg\" \/>\n<meta name=\"author\" content=\"montagne\" \/>\n<meta name=\"twitter:card\" content=\"summary_large_image\" \/>\n<meta name=\"twitter:creator\" content=\"@MontagneLago\" \/>\n<meta name=\"twitter:site\" content=\"@MontagneLago\" \/>\n<meta name=\"twitter:label1\" content=\"\u00c9crit par\" \/>\n\t<meta name=\"twitter:data1\" content=\"montagne\" \/>\n\t<meta name=\"twitter:label2\" content=\"Dur\u00e9e de lecture estim\u00e9e\" \/>\n\t<meta name=\"twitter:data2\" content=\"1 minute\" \/>\n<script type=\"application\/ld+json\" class=\"yoast-schema-graph\">{\"@context\":\"https:\/\/schema.org\",\"@graph\":[{\"@type\":\"Article\",\"@id\":\"https:\/\/www.montagnelagodicomo.it\/2018\/11\/15\/serata-interreg-le-vie-del-viandante-del-27-novembre-dervio\/#article\",\"isPartOf\":{\"@id\":\"https:\/\/www.montagnelagodicomo.it\/2018\/11\/15\/serata-interreg-le-vie-del-viandante-del-27-novembre-dervio\/\"},\"author\":{\"name\":\"montagne\",\"@id\":\"https:\/\/www.montagnelagodicomo.it\/#\/schema\/person\/e29d7922634eb034bc4083a91cad0954\"},\"headline\":\"Serata Interreg Le Vie del Viandante del 27 novembre a Dervio\",\"datePublished\":\"2018-11-15T13:59:20+00:00\",\"dateModified\":\"2018-11-23T11:05:32+00:00\",\"mainEntityOfPage\":{\"@id\":\"https:\/\/www.montagnelagodicomo.it\/2018\/11\/15\/serata-interreg-le-vie-del-viandante-del-27-novembre-dervio\/\"},\"wordCount\":116,\"commentCount\":0,\"publisher\":{\"@id\":\"https:\/\/www.montagnelagodicomo.it\/#organization\"},\"image\":{\"@id\":\"https:\/\/www.montagnelagodicomo.it\/2018\/11\/15\/serata-interreg-le-vie-del-viandante-del-27-novembre-dervio\/#primaryimage\"},\"thumbnailUrl\":\"https:\/\/www.montagnelagodicomo.it\/wp-content\/uploads\/2018\/11\/2018-11-27-Conferenza-Interreg-ViVi-2.0-a-Dervio-1-724x1024.jpg\",\"articleSection\":[\"Ultima ora\"],\"inLanguage\":\"fr-FR\",\"potentialAction\":[{\"@type\":\"CommentAction\",\"name\":\"Comment\",\"target\":[\"https:\/\/www.montagnelagodicomo.it\/2018\/11\/15\/serata-interreg-le-vie-del-viandante-del-27-novembre-dervio\/#respond\"]}]},{\"@type\":\"WebPage\",\"@id\":\"https:\/\/www.montagnelagodicomo.it\/2018\/11\/15\/serata-interreg-le-vie-del-viandante-del-27-novembre-dervio\/\",\"url\":\"https:\/\/www.montagnelagodicomo.it\/2018\/11\/15\/serata-interreg-le-vie-del-viandante-del-27-novembre-dervio\/\",\"name\":\"Serata Interreg Le Vie del Viandante del 27 novembre a Dervio - Lago di Como e Valsassina\",\"isPartOf\":{\"@id\":\"https:\/\/www.montagnelagodicomo.it\/#website\"},\"primaryImageOfPage\":{\"@id\":\"https:\/\/www.montagnelagodicomo.it\/2018\/11\/15\/serata-interreg-le-vie-del-viandante-del-27-novembre-dervio\/#primaryimage\"},\"image\":{\"@id\":\"https:\/\/www.montagnelagodicomo.it\/2018\/11\/15\/serata-interreg-le-vie-del-viandante-del-27-novembre-dervio\/#primaryimage\"},\"thumbnailUrl\":\"https:\/\/www.montagnelagodicomo.it\/wp-content\/uploads\/2018\/11\/2018-11-27-Conferenza-Interreg-ViVi-2.0-a-Dervio-1-724x1024.jpg\",\"datePublished\":\"2018-11-15T13:59:20+00:00\",\"dateModified\":\"2018-11-23T11:05:32+00:00\",\"breadcrumb\":{\"@id\":\"https:\/\/www.montagnelagodicomo.it\/2018\/11\/15\/serata-interreg-le-vie-del-viandante-del-27-novembre-dervio\/#breadcrumb\"},\"inLanguage\":\"fr-FR\",\"potentialAction\":[{\"@type\":\"ReadAction\",\"target\":[\"https:\/\/www.montagnelagodicomo.it\/2018\/11\/15\/serata-interreg-le-vie-del-viandante-del-27-novembre-dervio\/\"]}]},{\"@type\":\"ImageObject\",\"inLanguage\":\"fr-FR\",\"@id\":\"https:\/\/www.montagnelagodicomo.it\/2018\/11\/15\/serata-interreg-le-vie-del-viandante-del-27-novembre-dervio\/#primaryimage\",\"url\":\"https:\/\/www.montagnelagodicomo.it\/wp-content\/uploads\/2018\/11\/2018-11-27-Conferenza-Interreg-ViVi-2.0-a-Dervio-1-724x1024.jpg\",\"contentUrl\":\"https:\/\/www.montagnelagodicomo.it\/wp-content\/uploads\/2018\/11\/2018-11-27-Conferenza-Interreg-ViVi-2.0-a-Dervio-1-724x1024.jpg\"},{\"@type\":\"BreadcrumbList\",\"@id\":\"https:\/\/www.montagnelagodicomo.it\/2018\/11\/15\/serata-interreg-le-vie-del-viandante-del-27-novembre-dervio\/#breadcrumb\",\"itemListElement\":[{\"@type\":\"ListItem\",\"position\":1,\"name\":\"Home\",\"item\":\"https:\/\/www.montagnelagodicomo.it\/fr\/\"},{\"@type\":\"ListItem\",\"position\":2,\"name\":\"Serata Interreg Le Vie del Viandante del 27 novembre a Dervio\"}]},{\"@type\":\"WebSite\",\"@id\":\"https:\/\/www.montagnelagodicomo.it\/#website\",\"url\":\"https:\/\/www.montagnelagodicomo.it\/\",\"name\":\"Lago di Como e Valsassina\",\"description\":\"\",\"publisher\":{\"@id\":\"https:\/\/www.montagnelagodicomo.it\/#organization\"},\"potentialAction\":[{\"@type\":\"SearchAction\",\"target\":{\"@type\":\"EntryPoint\",\"urlTemplate\":\"https:\/\/www.montagnelagodicomo.it\/?s={search_term_string}\"},\"query-input\":{\"@type\":\"PropertyValueSpecification\",\"valueRequired\":true,\"valueName\":\"search_term_string\"}}],\"inLanguage\":\"fr-FR\"},{\"@type\":\"Organization\",\"@id\":\"https:\/\/www.montagnelagodicomo.it\/#organization\",\"name\":\"Montagne del Lago di Como\",\"url\":\"https:\/\/www.montagnelagodicomo.it\/\",\"logo\":{\"@type\":\"ImageObject\",\"inLanguage\":\"fr-FR\",\"@id\":\"https:\/\/www.montagnelagodicomo.it\/#\/schema\/logo\/image\/\",\"url\":\"https:\/\/www.montagnelagodicomo.it\/wp-content\/uploads\/2016\/07\/DEF_Montagne_LagodiComo_04112015_png.png\",\"contentUrl\":\"https:\/\/www.montagnelagodicomo.it\/wp-content\/uploads\/2016\/07\/DEF_Montagne_LagodiComo_04112015_png.png\",\"width\":2997,\"height\":835,\"caption\":\"Montagne del Lago di Como\"},\"image\":{\"@id\":\"https:\/\/www.montagnelagodicomo.it\/#\/schema\/logo\/image\/\"},\"sameAs\":[\"https:\/\/www.facebook.com\/montagnelagodicomo\",\"https:\/\/x.com\/MontagneLago\",\"https:\/\/www.youtube.com\/channel\/UCDoxghWmgQnHlQ78rzZuUjA\"]},{\"@type\":\"Person\",\"@id\":\"https:\/\/www.montagnelagodicomo.it\/#\/schema\/person\/e29d7922634eb034bc4083a91cad0954\",\"name\":\"montagne\",\"image\":{\"@type\":\"ImageObject\",\"inLanguage\":\"fr-FR\",\"@id\":\"https:\/\/www.montagnelagodicomo.it\/#\/schema\/person\/image\/\",\"url\":\"https:\/\/secure.gravatar.com\/avatar\/ea758e56c15e5aff2449e6dbda52d15b66f73260605c6968eff333359d31b7ee?s=96&d=mm&r=g\",\"contentUrl\":\"https:\/\/secure.gravatar.com\/avatar\/ea758e56c15e5aff2449e6dbda52d15b66f73260605c6968eff333359d31b7ee?s=96&d=mm&r=g\",\"caption\":\"montagne\"},\"url\":\"https:\/\/www.montagnelagodicomo.it\/fr\/author\/montagne\/\"}]}<\/script>\n<!-- \/ Yoast SEO plugin. -->","yoast_head_json":{"title":"Serata Interreg Le Vie del Viandante del 27 novembre a Dervio - Lago di Como e Valsassina","robots":{"index":"index","follow":"follow","max-snippet":"max-snippet:-1","max-image-preview":"max-image-preview:large","max-video-preview":"max-video-preview:-1"},"canonical":"https:\/\/www.montagnelagodicomo.it\/2018\/11\/15\/serata-interreg-le-vie-del-viandante-del-27-novembre-dervio\/","og_locale":"fr_FR","og_type":"article","og_title":"Serata Interreg Le Vie del Viandante del 27 novembre a Dervio - Lago di Como e Valsassina","og_description":"Nell\u2019ambito del progetto Vi.Vi. 2.0 la Rete di Imprese Montagne del Lago di Como e il Comune di Lecco, Capofila dei Bando, in collaborazione con i Partners di Progetto organizzano la serata pubblica dal titolo \u201cLe Vie del Viandante \u2013 Un\u2019opportunit\u00e0 per lo sviluppo turistico delle Montagne del Lago di Como\u201c. L&rsquo;appuntamento \u00e8 per marted\u00ec [&hellip;]","og_url":"https:\/\/www.montagnelagodicomo.it\/2018\/11\/15\/serata-interreg-le-vie-del-viandante-del-27-novembre-dervio\/","og_site_name":"Lago di Como e Valsassina","article_publisher":"https:\/\/www.facebook.com\/montagnelagodicomo","article_published_time":"2018-11-15T13:59:20+00:00","article_modified_time":"2018-11-23T11:05:32+00:00","og_image":[{"url":"https:\/\/www.montagnelagodicomo.it\/wp-content\/uploads\/2018\/11\/2018-11-27-Conferenza-Interreg-ViVi-2.0-a-Dervio-1-724x1024.jpg","type":"","width":"","height":""}],"author":"montagne","twitter_card":"summary_large_image","twitter_creator":"@MontagneLago","twitter_site":"@MontagneLago","twitter_misc":{"\u00c9crit par":"montagne","Dur\u00e9e de lecture estim\u00e9e":"1 minute"},"schema":{"@context":"https:\/\/schema.org","@graph":[{"@type":"Article","@id":"https:\/\/www.montagnelagodicomo.it\/2018\/11\/15\/serata-interreg-le-vie-del-viandante-del-27-novembre-dervio\/#article","isPartOf":{"@id":"https:\/\/www.montagnelagodicomo.it\/2018\/11\/15\/serata-interreg-le-vie-del-viandante-del-27-novembre-dervio\/"},"author":{"name":"montagne","@id":"https:\/\/www.montagnelagodicomo.it\/#\/schema\/person\/e29d7922634eb034bc4083a91cad0954"},"headline":"Serata Interreg Le Vie del Viandante del 27 novembre a Dervio","datePublished":"2018-11-15T13:59:20+00:00","dateModified":"2018-11-23T11:05:32+00:00","mainEntityOfPage":{"@id":"https:\/\/www.montagnelagodicomo.it\/2018\/11\/15\/serata-interreg-le-vie-del-viandante-del-27-novembre-dervio\/"},"wordCount":116,"commentCount":0,"publisher":{"@id":"https:\/\/www.montagnelagodicomo.it\/#organization"},"image":{"@id":"https:\/\/www.montagnelagodicomo.it\/2018\/11\/15\/serata-interreg-le-vie-del-viandante-del-27-novembre-dervio\/#primaryimage"},"thumbnailUrl":"https:\/\/www.montagnelagodicomo.it\/wp-content\/uploads\/2018\/11\/2018-11-27-Conferenza-Interreg-ViVi-2.0-a-Dervio-1-724x1024.jpg","articleSection":["Ultima ora"],"inLanguage":"fr-FR","potentialAction":[{"@type":"CommentAction","name":"Comment","target":["https:\/\/www.montagnelagodicomo.it\/2018\/11\/15\/serata-interreg-le-vie-del-viandante-del-27-novembre-dervio\/#respond"]}]},{"@type":"WebPage","@id":"https:\/\/www.montagnelagodicomo.it\/2018\/11\/15\/serata-interreg-le-vie-del-viandante-del-27-novembre-dervio\/","url":"https:\/\/www.montagnelagodicomo.it\/2018\/11\/15\/serata-interreg-le-vie-del-viandante-del-27-novembre-dervio\/","name":"Serata Interreg Le Vie del Viandante del 27 novembre a Dervio - Lago di Como e Valsassina","isPartOf":{"@id":"https:\/\/www.montagnelagodicomo.it\/#website"},"primaryImageOfPage":{"@id":"https:\/\/www.montagnelagodicomo.it\/2018\/11\/15\/serata-interreg-le-vie-del-viandante-del-27-novembre-dervio\/#primaryimage"},"image":{"@id":"https:\/\/www.montagnelagodicomo.it\/2018\/11\/15\/serata-interreg-le-vie-del-viandante-del-27-novembre-dervio\/#primaryimage"},"thumbnailUrl":"https:\/\/www.montagnelagodicomo.it\/wp-content\/uploads\/2018\/11\/2018-11-27-Conferenza-Interreg-ViVi-2.0-a-Dervio-1-724x1024.jpg","datePublished":"2018-11-15T13:59:20+00:00","dateModified":"2018-11-23T11:05:32+00:00","breadcrumb":{"@id":"https:\/\/www.montagnelagodicomo.it\/2018\/11\/15\/serata-interreg-le-vie-del-viandante-del-27-novembre-dervio\/#breadcrumb"},"inLanguage":"fr-FR","potentialAction":[{"@type":"ReadAction","target":["https:\/\/www.montagnelagodicomo.it\/2018\/11\/15\/serata-interreg-le-vie-del-viandante-del-27-novembre-dervio\/"]}]},{"@type":"ImageObject","inLanguage":"fr-FR","@id":"https:\/\/www.montagnelagodicomo.it\/2018\/11\/15\/serata-interreg-le-vie-del-viandante-del-27-novembre-dervio\/#primaryimage","url":"https:\/\/www.montagnelagodicomo.it\/wp-content\/uploads\/2018\/11\/2018-11-27-Conferenza-Interreg-ViVi-2.0-a-Dervio-1-724x1024.jpg","contentUrl":"https:\/\/www.montagnelagodicomo.it\/wp-content\/uploads\/2018\/11\/2018-11-27-Conferenza-Interreg-ViVi-2.0-a-Dervio-1-724x1024.jpg"},{"@type":"BreadcrumbList","@id":"https:\/\/www.montagnelagodicomo.it\/2018\/11\/15\/serata-interreg-le-vie-del-viandante-del-27-novembre-dervio\/#breadcrumb","itemListElement":[{"@type":"ListItem","position":1,"name":"Home","item":"https:\/\/www.montagnelagodicomo.it\/fr\/"},{"@type":"ListItem","position":2,"name":"Serata Interreg Le Vie del Viandante del 27 novembre a Dervio"}]},{"@type":"WebSite","@id":"https:\/\/www.montagnelagodicomo.it\/#website","url":"https:\/\/www.montagnelagodicomo.it\/","name":"Lago di Como e Valsassina","description":"","publisher":{"@id":"https:\/\/www.montagnelagodicomo.it\/#organization"},"potentialAction":[{"@type":"SearchAction","target":{"@type":"EntryPoint","urlTemplate":"https:\/\/www.montagnelagodicomo.it\/?s={search_term_string}"},"query-input":{"@type":"PropertyValueSpecification","valueRequired":true,"valueName":"search_term_string"}}],"inLanguage":"fr-FR"},{"@type":"Organization","@id":"https:\/\/www.montagnelagodicomo.it\/#organization","name":"Montagne del Lago di Como","url":"https:\/\/www.montagnelagodicomo.it\/","logo":{"@type":"ImageObject","inLanguage":"fr-FR","@id":"https:\/\/www.montagnelagodicomo.it\/#\/schema\/logo\/image\/","url":"https:\/\/www.montagnelagodicomo.it\/wp-content\/uploads\/2016\/07\/DEF_Montagne_LagodiComo_04112015_png.png","contentUrl":"https:\/\/www.montagnelagodicomo.it\/wp-content\/uploads\/2016\/07\/DEF_Montagne_LagodiComo_04112015_png.png","width":2997,"height":835,"caption":"Montagne del Lago di Como"},"image":{"@id":"https:\/\/www.montagnelagodicomo.it\/#\/schema\/logo\/image\/"},"sameAs":["https:\/\/www.facebook.com\/montagnelagodicomo","https:\/\/x.com\/MontagneLago","https:\/\/www.youtube.com\/channel\/UCDoxghWmgQnHlQ78rzZuUjA"]},{"@type":"Person","@id":"https:\/\/www.montagnelagodicomo.it\/#\/schema\/person\/e29d7922634eb034bc4083a91cad0954","name":"montagne","image":{"@type":"ImageObject","inLanguage":"fr-FR","@id":"https:\/\/www.montagnelagodicomo.it\/#\/schema\/person\/image\/","url":"https:\/\/secure.gravatar.com\/avatar\/ea758e56c15e5aff2449e6dbda52d15b66f73260605c6968eff333359d31b7ee?s=96&d=mm&r=g","contentUrl":"https:\/\/secure.gravatar.com\/avatar\/ea758e56c15e5aff2449e6dbda52d15b66f73260605c6968eff333359d31b7ee?s=96&d=mm&r=g","caption":"montagne"},"url":"https:\/\/www.montagnelagodicomo.it\/fr\/author\/montagne\/"}]}},"_links":{"self":[{"href":"https:\/\/www.montagnelagodicomo.it\/fr\/wp-json\/wp\/v2\/posts\/24580","targetHints":{"allow":["GET"]}}],"collection":[{"href":"https:\/\/www.montagnelagodicomo.it\/fr\/wp-json\/wp\/v2\/posts"}],"about":[{"href":"https:\/\/www.montagnelagodicomo.it\/fr\/wp-json\/wp\/v2\/types\/post"}],"author":[{"embeddable":true,"href":"https:\/\/www.montagnelagodicomo.it\/fr\/wp-json\/wp\/v2\/users\/1"}],"replies":[{"embeddable":true,"href":"https:\/\/www.montagnelagodicomo.it\/fr\/wp-json\/wp\/v2\/comments?post=24580"}],"version-history":[{"count":7,"href":"https:\/\/www.montagnelagodicomo.it\/fr\/wp-json\/wp\/v2\/posts\/24580\/revisions"}],"predecessor-version":[{"id":24666,"href":"https:\/\/www.montagnelagodicomo.it\/fr\/wp-json\/wp\/v2\/posts\/24580\/revisions\/24666"}],"wp:attachment":[{"href":"https:\/\/www.montagnelagodicomo.it\/fr\/wp-json\/wp\/v2\/media?parent=24580"}],"wp:term":[{"taxonomy":"category","embeddable":true,"href":"https:\/\/www.montagnelagodicomo.it\/fr\/wp-json\/wp\/v2\/categories?post=24580"},{"taxonomy":"post_tag","embeddable":true,"href":"https:\/\/www.montagnelagodicomo.it\/fr\/wp-json\/wp\/v2\/tags?post=24580"}],"curies":[{"name":"wp","href":"https:\/\/api.w.org\/{rel}","templated":true}]}}