{"id":27536,"date":"2019-10-09T09:12:20","date_gmt":"2019-10-09T07:12:20","guid":{"rendered":"https:\/\/www.montagnelagodicomo.it\/?p=27536\/"},"modified":"2019-10-10T11:46:36","modified_gmt":"2019-10-10T09:46:36","slug":"workshop-b2b-pacchetti-turistici-le-vie-del-viandante-2-0","status":"publish","type":"post","link":"https:\/\/www.montagnelagodicomo.it\/fr\/2019\/10\/09\/workshop-b2b-pacchetti-turistici-le-vie-del-viandante-2-0\/","title":{"rendered":"Workshop B2B per Pacchetti Turistici LE VIE DEL VIANDANTE 2.0"},"content":{"rendered":"<p><img decoding=\"async\" class=\"alignleft wp-image-27249\" src=\"https:\/\/www.montagnelagodicomo.it\/wp-content\/uploads\/2019\/08\/LOGO-AsseI_VIVI-2.0_rev01-Carlo.png\" alt=\"\" width=\"300\" height=\"96\" srcset=\"https:\/\/www.montagnelagodicomo.it\/wp-content\/uploads\/2019\/08\/LOGO-AsseI_VIVI-2.0_rev01-Carlo.png 2812w, https:\/\/www.montagnelagodicomo.it\/wp-content\/uploads\/2019\/08\/LOGO-AsseI_VIVI-2.0_rev01-Carlo-300x96.png 300w, https:\/\/www.montagnelagodicomo.it\/wp-content\/uploads\/2019\/08\/LOGO-AsseI_VIVI-2.0_rev01-Carlo-768x246.png 768w, https:\/\/www.montagnelagodicomo.it\/wp-content\/uploads\/2019\/08\/LOGO-AsseI_VIVI-2.0_rev01-Carlo-1024x328.png 1024w\" sizes=\"(max-width: 300px) 100vw, 300px\" \/><\/p>\n<p><img decoding=\"async\" class=\"alignright wp-image-25458\" src=\"https:\/\/www.montagnelagodicomo.it\/wp-content\/uploads\/2017\/02\/banner-Logo-MLC.png\" alt=\"\" width=\"300\" height=\"105\" srcset=\"https:\/\/www.montagnelagodicomo.it\/wp-content\/uploads\/2017\/02\/banner-Logo-MLC.png 686w, https:\/\/www.montagnelagodicomo.it\/wp-content\/uploads\/2017\/02\/banner-Logo-MLC-300x105.png 300w\" sizes=\"(max-width: 300px) 100vw, 300px\" \/><\/p>\n<p>&nbsp;<\/p>\n<p>&nbsp;<\/p>\n<p>&nbsp;<\/p>\n<h3><span style=\"color: #3366ff;\">Appuntamenti B2B riservati alle imprese turistiche e ai tour operator locali<br \/>\n<\/span><\/h3>\n<p>La rete di imprese<strong> Montagne del Lago di Como <\/strong>nell&rsquo;ambito del<strong> Progetto Europeo Vi.Vi. 2.0<\/strong>, organizza un calendario di <strong>Workshop B2B<\/strong> finalizzati alla creazione di<strong> pacchetti turistici<\/strong> sul prodotto turistico \u201cLe vie del Viandante\u201d, un cammino internazionale che dal passo San Bernardino, attraverso un reticolo di sentieri storici, giunge a Milano.<\/p>\n<p>Si tratta di iniziative che hanno l\u2019obiettivo di <strong>favorire l\u2019incoming sul tema del turismo attivo<\/strong> agevolando il contatto fra i <strong>Tour Operator Locali e i fornitori di servizi<\/strong>, per costruire un <strong>catalogo di proposte<\/strong> che saranno presentate per la prima volta alla <strong>BIT 2020<\/strong> ed in seguito a tanti Tour Operator nazionali ed internazionali. Per questo sono coinvolte nel progetto anche le aziende della <strong>Valsassina<\/strong> e in generale tutte <strong>le realt\u00e0 che operano nel settore Active e in tutte le stagioni dell&rsquo;anno<\/strong>, per arricchire sempre pi\u00f9 la nostra proposta di unione tra lago e montagna.<\/p>\n<p>Montagne del Lago di Como ha il compito di realizzare questi Workshop in qualit\u00e0 di partner del <a href=\"https:\/\/www.montagnelagodicomo.it\/2019\/08\/22\/progetto-interreg-le-vie-del-viandante-2-0\/\" target=\"_blank\" rel=\"noopener noreferrer\"><strong>progetto europeo Le Vie Del Viandante 2.0<\/strong><\/a> che prevede un articolato sistema di promozione e commercializzazione del nuovo prodotto turistico.<\/p>\n<p><strong>Gli appuntamenti sono 4, uno per ogni zona compresa nel territorio di cooperazione<\/strong>, e sono organizzati in collaborazione con le altre reti e consorzi che partecipano al partenariato, cio\u00e8 l&rsquo;associazione <a href=\"https:\/\/www.northlakecomo.net\/\" target=\"_blank\" rel=\"noopener noreferrer\"><strong>North Lake Como<\/strong><\/a>, il <a href=\"http:\/\/www.valchiavenna.com\/it\/index.html\" target=\"_blank\" rel=\"noopener noreferrer\"><strong>Consorzio Turistico della Valchiavenna<\/strong><\/a> e l<strong>&lsquo;<a href=\"https:\/\/moesano.graubuenden.ch\/it\" target=\"_blank\" rel=\"noopener noreferrer\">Ente Turistico del Moesano<\/a><\/strong> per la parte svizzera.<\/p>\n<p><strong>PROGRAMMA DEI WORKSHOP:<\/strong> inizio lavori alle 9:30, fine alle 12:30. Inizio registrazione dalle 9. Coffee break offerto a tutti i partecipanti.<\/p>\n<p><strong><img fetchpriority=\"high\" decoding=\"async\" class=\"aligncenter wp-image-27580\" src=\"https:\/\/www.montagnelagodicomo.it\/wp-content\/uploads\/2019\/10\/Interreg-VIVI-2.0-Calendario-workshop-B2B-2019-1.png\" alt=\"\" width=\"500\" height=\"708\" srcset=\"https:\/\/www.montagnelagodicomo.it\/wp-content\/uploads\/2019\/10\/Interreg-VIVI-2.0-Calendario-workshop-B2B-2019-1.png 1122w, https:\/\/www.montagnelagodicomo.it\/wp-content\/uploads\/2019\/10\/Interreg-VIVI-2.0-Calendario-workshop-B2B-2019-1-212x300.png 212w, https:\/\/www.montagnelagodicomo.it\/wp-content\/uploads\/2019\/10\/Interreg-VIVI-2.0-Calendario-workshop-B2B-2019-1-768x1087.png 768w, https:\/\/www.montagnelagodicomo.it\/wp-content\/uploads\/2019\/10\/Interreg-VIVI-2.0-Calendario-workshop-B2B-2019-1-724x1024.png 724w\" sizes=\"(max-width: 500px) 100vw, 500px\" \/><\/strong><\/p>\n<p><strong>E&rsquo; necessario iscriversi on line ai Workshop (l&rsquo;iscrizione \u00e8 gratuita)<\/strong>. Attenzione <strong>max 80 posti disponibili per ciascuna data<\/strong>. E\u2019 consentita l\u2019iscrizione di una persona per ciascuna azienda e per una sola data. Eventuali richieste di iscrizione per pi\u00f9 persone saranno accettate in ultimo, in base al numero dei posti disponibili. <span style=\"color: #ff6600;\"><strong>Per iscriverti compila il FORM qui sotto con i tuoi dati.<\/strong> <\/span>Riceverai una prima email automatica di conferma ricezione dell&rsquo;iscrizione. In seguito riceverai una email da parte del nostro staff con la CONFERMA ISCRIZIONE e le indicazioni per partecipare.<\/p>\n<h2 style=\"text-align: center;\"><span style=\"color: #ff6600;\"><strong>COMPILA QUI PER ISCRIZIONE GRATIS AL WORKSHOP<\/strong><\/span><\/h2>\n\n\n<!-- Fast Secure Contact Form plugin 4.0.50 - begin - FastSecureContactForm.com -->\n<div style=\"clear:both;\"><\/div>\n\n<div id=\"FSContact15\" style=\"width:99%; max-width:555px;\">\n<form action=\"https:\/\/www.montagnelagodicomo.it\/fr\/wp-json\/wp\/v2\/posts\/27536#FSContact15\" id=\"fscf_form15\" method=\"post\">\n\n<div id=\"fscf_required15\">\n  <span style=\"text-align:left;\">*<\/span> <span style=\"text-align:left;\">indique un champ requis<\/span>\n<\/div>\n\n\n<div id=\"fscf_div_clear15_4\" style=\"clear:both;\">\n  <div id=\"fscf_div_field15_4\" style=\"clear:left; float:left; width:99%; max-width:250px; margin-right:10px;\">\n    <div  id=\"fscf_label15_4\" style=\"text-align:left; padding-top:5px;\">\n      <label style=\"text-align:left;\" for=\"fscf_field15_4\">Nome dell&#039;azienda:<span style=\"text-align:left;\">*<\/span><\/label>\n    <\/div>\n    <div style=\"text-align:left;\">\n      <textarea style=\"text-align:left; margin:0; width:99%; max-width:250px; height:120px;\" id=\"fscf_field15_4\" name=\"Nome-azienda\" cols=\"30\" rows=\"10\" ><\/textarea>\n    <\/div>\n  <\/div>\n  <div id=\"fscf_div_follow15_11\" style=\"float:left; padding-left:10px; width:99%; max-width:250px;\">\n    <div  id=\"fscf_label15_11\" style=\"text-align:left; padding-top:5px;\">\n      <label style=\"text-align:left;\" for=\"fscf_field15_11\">Categoria:<span style=\"text-align:left;\">*<\/span><\/label>\n    <\/div>\n    <div style=\"text-align:left;\">\n      <select style=\"text-align:left;\" id=\"fscf_field15_11\" name=\"Categoria[]\">\n        <option value=\"1\">Strutture ricettive<\/option>\n        <option value=\"2\">Ristorazione bar<\/option>\n        <option value=\"3\">Alimentari<\/option>\n        <option value=\"4\">Commercio<\/option>\n        <option value=\"5\">Attivit\u00e0 Ricreative<\/option>\n        <option value=\"6\">Guide<\/option>\n        <option value=\"7\">Servizi<\/option>\n        <option value=\"8\">Agenzie di Viaggi<\/option>\n        <option value=\"9\">Altro<\/option>\n      <\/select>\n    <\/div>\n  <\/div>\n  <div id=\"fscf_div_follow15_10\" style=\"float:left; padding-left:10px; width:99%; max-width:250px;\">\n    <div  id=\"fscf_label15_10\" style=\"text-align:left; padding-top:5px;\">\n      <label style=\"text-align:left;\" for=\"fscf_field15_10\">Indirizzo completo:<span style=\"text-align:left;\">*<\/span><\/label>\n    <\/div>\n    <div style=\"text-align:left;\">\n      <input style=\"text-align:left; margin:0; width:99%; max-width:250px;\" type=\"text\" id=\"fscf_field15_10\" name=\"Comune-azienda\" value=\"\"  \/>\n    <\/div>\n  <\/div>\n  <div id=\"fscf_div_follow15_18\" style=\"float:left; padding-left:10px; width:99%; max-width:250px;\">\n    <div  id=\"fscf_label15_18\" style=\"text-align:left; padding-top:5px;\">\n      <label style=\"text-align:left;\" for=\"fscf_field15_18\">Comune:<span style=\"text-align:left;\">*<\/span><\/label>\n    <\/div>\n    <div style=\"text-align:left;\">\n      <input style=\"text-align:left; margin:0; width:99%; max-width:250px;\" type=\"text\" id=\"fscf_field15_18\" name=\"Comune\" value=\"\"  \/>\n    <\/div>\n  <\/div>\n<\/div>\n\n<div id=\"fscf_div_clear15_1\" style=\"clear:both;\">\n  <div id=\"fscf_div_field15_1\" style=\"clear:left; float:left; width:99%; max-width:250px; margin-right:10px;\">\n    <div style=\"text-align:left; padding-top:5px;\">\n      <label style=\"text-align:left;\" for=\"fscf_email15\">Courriel<span style=\"text-align:left;\">*<\/span><\/label>\n    <\/div>\n    <div style=\"text-align:left;\">\n      <input style=\"text-align:left; margin:0; width:99%; max-width:250px;\" type=\"text\" id=\"fscf_email15\" name=\"email\" value=\"\"  \/>\n    <\/div>\n  <\/div>\n  <div id=\"fscf_div_follow15_15\" style=\"float:left; padding-left:10px; width:99%; max-width:250px;\">\n    <div  id=\"fscf_label15_15\" style=\"text-align:left; padding-top:5px;\">\n      <label style=\"text-align:left;\" for=\"fscf_field15_15\">Sito internet:<\/label>\n    <\/div>\n    <div style=\"text-align:left;\">\n      <input style=\"text-align:left; margin:0; width:99%; max-width:250px;\" type=\"text\" id=\"fscf_field15_15\" name=\"Sito-internet\" value=\"\"  \/>\n    <\/div>\n  <\/div>\n<\/div>\n\n<div id=\"fscf_div_clear15_8\" style=\"clear:both;\">\n  <div id=\"fscf_div_field15_8\" style=\"clear:left; float:left; width:99%; max-width:550px; margin-right:10px;\">\n    <div  id=\"fscf_label15_8\" style=\"text-align:left; padding-top:5px;\">\n      <label style=\"text-align:left;\" for=\"fscf_field15_8\">Num telefono:<span style=\"text-align:left;\">*<\/span><\/label>\n    <\/div>\n    <div style=\"text-align:left;\">\n      <input style=\"text-align:left; margin:0; width:99%; max-width:250px;\" type=\"text\" id=\"fscf_field15_8\" name=\"Numero-telefono\" value=\"\"  \/>\n    <\/div>\n  <\/div>\n<\/div>\n\n<div id=\"fscf_div_clear15_7\" style=\"clear:both;\">\n  <div id=\"fscf_div_field15_7\" style=\"clear:left; float:left; width:99%; max-width:250px; margin-right:10px;\">\n    <div  id=\"fscf_label15_7\" style=\"text-align:left; padding-top:5px;\">\n      <label style=\"text-align:left;\" for=\"fscf_field15_7\">Nome e cognome del referente:<span style=\"text-align:left;\">*<\/span><\/label>\n    <\/div>\n    <div style=\"text-align:left;\">\n      <input style=\"text-align:left; margin:0; width:99%; max-width:250px;\" type=\"text\" id=\"fscf_field15_7\" name=\"Nome-e-cognome-referente\" value=\"\"  \/>\n    <\/div>\n  <\/div>\n  <div id=\"fscf_div_follow15_16\" style=\"float:left; padding-left:10px; width:99%; max-width:250px;\">\n    <div  id=\"fscf_label15_16\" style=\"text-align:left; padding-top:5px;\">\n      <label style=\"text-align:left;\" for=\"fscf_field15_16\">Numero telefono referente:<span style=\"text-align:left;\">*<\/span><\/label>\n    <\/div>\n    <div style=\"text-align:left;\">\n      <input style=\"text-align:left; margin:0; width:99%; max-width:250px;\" type=\"text\" id=\"fscf_field15_16\" name=\"Numero-telefono-referente\" value=\"\"  \/>\n    <\/div>\n  <\/div>\n<\/div>\n\n<div id=\"fscf_div_clear15_5\" style=\"clear:both;\">\n  <div id=\"fscf_div_field15_5\" style=\"clear:left; float:left; width:99%; max-width:550px; margin-right:10px;\">\n    <div  id=\"fscf_label15_5\" style=\"text-align:left; padding-top:5px;\">\n      <label style=\"text-align:left;\" for=\"fscf_field15_5\">Scegli il workshop a cui vuoi partecipare:<span style=\"text-align:left;\">*<\/span><\/label>\n    <\/div>\n    <div style=\"text-align:left;\">\n      <select style=\"text-align:left;\" id=\"fscf_field15_5\" name=\"Scegli-il-workshop[]\">\n        <option value=\"1\">23 ottobre a Roveredo (Svizzera) presso sede Regione Moesa<\/option>\n        <option value=\"2\">28 ottobre a Lecco (LC) presso NH Hotel Pontevecchio<\/option>\n        <option value=\"3\">4 novembre a Piuro (SO) a Palazzo Vertemate Franchi<\/option>\n        <option value=\"4\">7 novembre a Gravedona ed Uniti (CO) a Palazzo Gallio<\/option>\n      <\/select>\n    <\/div>\n  <\/div>\n<\/div>\n\n<div id=\"fscf_div_clear15_6\" style=\"clear:both;\">\n  <div id=\"fscf_div_field15_6\" style=\"clear:left; float:left; width:99%; max-width:550px; margin-right:10px;\">\n    <div  id=\"fscf_label15_6\" style=\"text-align:left; padding-top:5px;\">\n      <label style=\"text-align:left;\" for=\"fscf_field15_6\">Numero di partecipanti:<span style=\"text-align:left;\">*<\/span><\/label>\n    <\/div>\n    <div style=\"text-align:left;\">\n      <input style=\"text-align:left; margin:0; width:99%; max-width:250px;\" type=\"text\" id=\"fscf_field15_6\" name=\"Numero-di-partecipanti\" value=\"\"  \/>\n    <\/div>\n\n    <div style=\"clear:both;\"><\/div>\nLe iscrizioni con pi\u00f9 di un partecipante saranno confermate in base al numero totale di iscritti (max 80)\n\n  <\/div>\n<\/div>\n\n<div id=\"fscf_div_clear15_9\" style=\"clear:both;\">\n  <div id=\"fscf_div_field15_9\" style=\"clear:left; float:left; width:99%; max-width:550px; margin-right:10px;\">\n    <div  id=\"fscf_label15_9\" style=\"text-align:left; padding-top:5px;\">\n      <label style=\"text-align:left;\" for=\"fscf_field15_9\">Nominativo partecipanti:<span style=\"text-align:left;\">*<\/span><\/label>\n    <\/div>\n    <div style=\"text-align:left;\">\n      <input style=\"text-align:left; margin:0; width:99%; max-width:250px;\" type=\"text\" id=\"fscf_field15_9\" name=\"Nominativo-partecipanti\" value=\"\"  \/>\n    <\/div>\n  <\/div>\n<\/div>\n\n<div id=\"fscf_div_clear15_17\" style=\"clear:both;\">\n  <div id=\"fscf_div_field15_17\" style=\"clear:left; float:left; width:99%; max-width:550px; margin-right:10px;\">\n\n    <div style=\"clear:both;\"><\/div>\n<\/br>Per operatori della sponda Orientale del Lago, di Lecco e della Valsassina: sei interessato a incontro post Workshop per essere informato sui servizi e le modalit\u00e0 di adesione alla rete di imprese Montagne Lago di Como? (si\/no):\n\n    <div  id=\"fscf_label15_17\" style=\"text-align:left; padding-top:5px;\">\n      <label style=\"text-align:left;\" for=\"fscf_field15_17\">Sono interessato:<span style=\"text-align:left;\">*<\/span><\/label>\n    <\/div>\n    <div style=\"text-align:left;\">\n      <select style=\"text-align:left;\" id=\"fscf_field15_17\" name=\"Sono-interessato[]\">\n        <option value=\"1\">--<\/option>\n        <option value=\"2\">Si<\/option>\n        <option value=\"3\">No<\/option>\n      <\/select>\n    <\/div>\n\n    <div style=\"clear:both;\"><\/div>\n<\/br>\n\n  <\/div>\n<\/div>\n\n<div id=\"fscf_div_clear15_12\" style=\"clear:both;\">\n  <div id=\"fscf_div_field15_12\" style=\"clear:left; float:left; width:99%; max-width:550px; margin-right:10px;\">\n    <div  id=\"fscf_label15_12\" style=\"text-align:left; padding-top:5px;\">\n      <label style=\"text-align:left;\" for=\"fscf_field15_12\">Note, richieste, domande:<\/label>\n    <\/div>\n    <div style=\"text-align:left;\">\n      <textarea style=\"text-align:left; margin:0; width:99%; max-width:250px; height:120px;\" id=\"fscf_field15_12\" name=\"Note\" cols=\"30\" rows=\"10\" ><\/textarea>\n    <\/div>\n  <\/div>\n<\/div>\n\n<div id=\"fscf_div_clear15_13\" style=\"clear:both;\">\n  <div id=\"fscf_div_field15_13\" style=\"clear:left; float:left; width:99%; max-width:550px; margin-right:10px;\">\n\n    <div style=\"clear:both;\"><\/div>\n<\/br> Chiedo di essere informato sugli eventi principali del territorio iscrivendomi alla newsletter mensile di Montagne Lago di Como (si\/no):\n\n    <div  id=\"fscf_label15_13\" style=\"text-align:left; padding-top:5px;\">\n      <label style=\"text-align:left;\" for=\"fscf_field15_13\">Accetto:<span style=\"text-align:left;\">*<\/span><\/label>\n    <\/div>\n    <div style=\"text-align:left;\">\n      <select style=\"text-align:left;\" id=\"fscf_field15_13\" name=\"Accetto[]\">\n        <option value=\"1\">Si<\/option>\n        <option value=\"2\">No<\/option>\n      <\/select>\n    <\/div>\n\n    <div style=\"clear:both;\"><\/div>\n<\/br>I tuoi dati saranno utilizzati da Montagne del Lago di Como nel rispetto della normativa sulla privacy<\/br>\n\n  <\/div>\n<\/div>\n<div style=\"clear:both;\"><\/div>\n\n<div style=\"text-align:left; padding-top:5px;\">\n<\/div>\n<div id=\"fscf_captcha_image_div15\" style=\"width:250px; height:65px; padding-top:2px;\">\n      <img loading=\"lazy\" decoding=\"async\" id=\"fscf_captcha_image15\" style=\"border-style:none; margin:0; padding:0px; padding-right:5px; float:left;\" src=\"https:\/\/www.montagnelagodicomo.it\/wp-content\/plugins\/si-contact-form\/captcha\/securimage_show.php?prefix=WKIKrVzro1rPKapC\" width=\"175\" height=\"60\" alt=\"Code Anti-spam\" title=\"Code Anti-spam\" \/>\n      <input id=\"fscf_captcha_prefix15\" type=\"hidden\" name=\"fscf_captcha_prefix15\" value=\"WKIKrVzro1rPKapC\" \/>\n     <div id=\"fscf_captcha_refresh15\">\n        <a href=\"#\" rel=\"nofollow\" title=\"Rafra\u00eechir\" onclick=\"fscf_captcha_refresh('15','\/wp-content\/plugins\/si-contact-form\/captcha','https:\/\/www.montagnelagodicomo.it\/wp-content\/plugins\/si-contact-form\/captcha\/securimage_show.php?prefix='); return false;\">\n        <img loading=\"lazy\" decoding=\"async\" src=\"https:\/\/www.montagnelagodicomo.it\/wp-content\/plugins\/si-contact-form\/captcha\/images\/refresh.png\" width=\"22\" height=\"20\" alt=\"Rafra\u00eechir\" style=\"border-style:none; margin:0; padding:0px; vertical-align:bottom;\" onclick=\"this.blur();\" \/><\/a>\n     <\/div>\n<\/div>\n\n<div id=\"fscf_captcha_field15\" style=\"text-align:left; padding-top:5px;\">\n     <label style=\"text-align:left;\" for=\"fscf_captcha_code15\">Code Anti-spam<span style=\"text-align:left;\">*<\/span><\/label>\n<\/div>\n<div style=\"text-align:left;\">\n     <input style=\"text-align:left; margin:0; width:50px;\" type=\"text\" value=\"\" autocomplete=\"off\" id=\"fscf_captcha_code15\" name=\"captcha_code\"  \/>\n<\/div>\n\n<div id=\"fscf_submit_div15\" style=\"text-align:left; clear:both; padding-top:15px;\">\n\t\t<input type=\"submit\" id=\"fscf_submit15\" style=\"cursor:pointer; margin:0;\" value=\"Envoyer\"  onclick=\"this.disabled=true; this.value='Soumis...'; this.form.submit();\" \/> \n<\/div>\n\n<input type=\"hidden\" name=\"fscf_submitted\" value=\"0\" \/>\n<input type=\"hidden\" name=\"fs_postonce_15\" value=\"788a0addb1a9866653f7ea020305e8a4,1777637769\" \/>\n<input type=\"hidden\" name=\"si_contact_action\" value=\"send\" \/>\n<input type=\"hidden\" name=\"form_id\" value=\"15\" \/>\n<input type=\"hidden\" name=\"mailto_id\" value=\"1\" \/>\n\n<\/form>\n<\/div>\n<div style=\"clear:both;\"><\/div>\n\n<!-- Fast Secure Contact Form plugin 4.0.50 - end - FastSecureContactForm.com -->\n\n<p>&nbsp;<\/p>\n<p>&nbsp;<\/p>\n","protected":false},"excerpt":{"rendered":"<p>&nbsp; &nbsp; &nbsp; Appuntamenti B2B riservati alle imprese turistiche e ai tour operator locali La rete di imprese Montagne del Lago di Como nell&rsquo;ambito del Progetto Europeo Vi.Vi. 2.0, organizza un calendario di Workshop B2B finalizzati alla creazione di pacchetti turistici sul prodotto turistico \u201cLe vie del Viandante\u201d, un cammino internazionale che dal passo San [&hellip;]<\/p>\n","protected":false},"author":1,"featured_media":0,"comment_status":"open","ping_status":"open","sticky":false,"template":"","format":"standard","meta":{"_acf_changed":false,"footnotes":""},"categories":[146],"tags":[],"class_list":["post-27536","post","type-post","status-publish","format-standard","hentry","category-ultima-ora"],"acf":[],"yoast_head":"<!-- This site is optimized with the Yoast SEO plugin v25.0 - https:\/\/yoast.com\/wordpress\/plugins\/seo\/ -->\n<title>Workshop B2B per Pacchetti Turistici LE VIE DEL VIANDANTE 2.0 - Lago di Como e Valsassina<\/title>\n<meta name=\"robots\" content=\"index, follow, max-snippet:-1, max-image-preview:large, max-video-preview:-1\" \/>\n<link rel=\"canonical\" href=\"https:\/\/www.montagnelagodicomo.it\/2019\/10\/09\/workshop-b2b-pacchetti-turistici-le-vie-del-viandante-2-0\/\" \/>\n<meta property=\"og:locale\" content=\"fr_FR\" \/>\n<meta property=\"og:type\" content=\"article\" \/>\n<meta property=\"og:title\" content=\"Workshop B2B per Pacchetti Turistici LE VIE DEL VIANDANTE 2.0 - Lago di Como e Valsassina\" \/>\n<meta property=\"og:description\" content=\"&nbsp; &nbsp; &nbsp; Appuntamenti B2B riservati alle imprese turistiche e ai tour operator locali La rete di imprese Montagne del Lago di Como nell&rsquo;ambito del Progetto Europeo Vi.Vi. 2.0, organizza un calendario di Workshop B2B finalizzati alla creazione di pacchetti turistici sul prodotto turistico \u201cLe vie del Viandante\u201d, un cammino internazionale che dal passo San [&hellip;]\" \/>\n<meta property=\"og:url\" content=\"https:\/\/www.montagnelagodicomo.it\/2019\/10\/09\/workshop-b2b-pacchetti-turistici-le-vie-del-viandante-2-0\/\" \/>\n<meta property=\"og:site_name\" content=\"Lago di Como e Valsassina\" \/>\n<meta property=\"article:publisher\" content=\"https:\/\/www.facebook.com\/montagnelagodicomo\" \/>\n<meta property=\"article:published_time\" content=\"2019-10-09T07:12:20+00:00\" \/>\n<meta property=\"article:modified_time\" content=\"2019-10-10T09:46:36+00:00\" \/>\n<meta property=\"og:image\" content=\"https:\/\/www.montagnelagodicomo.it\/wp-content\/uploads\/2019\/08\/LOGO-AsseI_VIVI-2.0_rev01-Carlo.png\" \/>\n<meta name=\"author\" content=\"montagne\" \/>\n<meta name=\"twitter:card\" content=\"summary_large_image\" \/>\n<meta name=\"twitter:creator\" content=\"@MontagneLago\" \/>\n<meta name=\"twitter:site\" content=\"@MontagneLago\" \/>\n<meta name=\"twitter:label1\" content=\"\u00c9crit par\" \/>\n\t<meta name=\"twitter:data1\" content=\"montagne\" \/>\n\t<meta name=\"twitter:label2\" content=\"Dur\u00e9e de lecture estim\u00e9e\" \/>\n\t<meta name=\"twitter:data2\" content=\"2 minutes\" \/>\n<script type=\"application\/ld+json\" class=\"yoast-schema-graph\">{\"@context\":\"https:\/\/schema.org\",\"@graph\":[{\"@type\":\"Article\",\"@id\":\"https:\/\/www.montagnelagodicomo.it\/2019\/10\/09\/workshop-b2b-pacchetti-turistici-le-vie-del-viandante-2-0\/#article\",\"isPartOf\":{\"@id\":\"https:\/\/www.montagnelagodicomo.it\/2019\/10\/09\/workshop-b2b-pacchetti-turistici-le-vie-del-viandante-2-0\/\"},\"author\":{\"name\":\"montagne\",\"@id\":\"https:\/\/www.montagnelagodicomo.it\/#\/schema\/person\/e29d7922634eb034bc4083a91cad0954\"},\"headline\":\"Workshop B2B per Pacchetti Turistici LE VIE DEL VIANDANTE 2.0\",\"datePublished\":\"2019-10-09T07:12:20+00:00\",\"dateModified\":\"2019-10-10T09:46:36+00:00\",\"mainEntityOfPage\":{\"@id\":\"https:\/\/www.montagnelagodicomo.it\/2019\/10\/09\/workshop-b2b-pacchetti-turistici-le-vie-del-viandante-2-0\/\"},\"wordCount\":374,\"commentCount\":0,\"publisher\":{\"@id\":\"https:\/\/www.montagnelagodicomo.it\/#organization\"},\"image\":{\"@id\":\"https:\/\/www.montagnelagodicomo.it\/2019\/10\/09\/workshop-b2b-pacchetti-turistici-le-vie-del-viandante-2-0\/#primaryimage\"},\"thumbnailUrl\":\"https:\/\/www.montagnelagodicomo.it\/wp-content\/uploads\/2019\/08\/LOGO-AsseI_VIVI-2.0_rev01-Carlo.png\",\"articleSection\":[\"Ultima ora\"],\"inLanguage\":\"fr-FR\",\"potentialAction\":[{\"@type\":\"CommentAction\",\"name\":\"Comment\",\"target\":[\"https:\/\/www.montagnelagodicomo.it\/2019\/10\/09\/workshop-b2b-pacchetti-turistici-le-vie-del-viandante-2-0\/#respond\"]}]},{\"@type\":\"WebPage\",\"@id\":\"https:\/\/www.montagnelagodicomo.it\/2019\/10\/09\/workshop-b2b-pacchetti-turistici-le-vie-del-viandante-2-0\/\",\"url\":\"https:\/\/www.montagnelagodicomo.it\/2019\/10\/09\/workshop-b2b-pacchetti-turistici-le-vie-del-viandante-2-0\/\",\"name\":\"Workshop B2B per Pacchetti Turistici LE VIE DEL VIANDANTE 2.0 - Lago di Como e Valsassina\",\"isPartOf\":{\"@id\":\"https:\/\/www.montagnelagodicomo.it\/#website\"},\"primaryImageOfPage\":{\"@id\":\"https:\/\/www.montagnelagodicomo.it\/2019\/10\/09\/workshop-b2b-pacchetti-turistici-le-vie-del-viandante-2-0\/#primaryimage\"},\"image\":{\"@id\":\"https:\/\/www.montagnelagodicomo.it\/2019\/10\/09\/workshop-b2b-pacchetti-turistici-le-vie-del-viandante-2-0\/#primaryimage\"},\"thumbnailUrl\":\"https:\/\/www.montagnelagodicomo.it\/wp-content\/uploads\/2019\/08\/LOGO-AsseI_VIVI-2.0_rev01-Carlo.png\",\"datePublished\":\"2019-10-09T07:12:20+00:00\",\"dateModified\":\"2019-10-10T09:46:36+00:00\",\"breadcrumb\":{\"@id\":\"https:\/\/www.montagnelagodicomo.it\/2019\/10\/09\/workshop-b2b-pacchetti-turistici-le-vie-del-viandante-2-0\/#breadcrumb\"},\"inLanguage\":\"fr-FR\",\"potentialAction\":[{\"@type\":\"ReadAction\",\"target\":[\"https:\/\/www.montagnelagodicomo.it\/2019\/10\/09\/workshop-b2b-pacchetti-turistici-le-vie-del-viandante-2-0\/\"]}]},{\"@type\":\"ImageObject\",\"inLanguage\":\"fr-FR\",\"@id\":\"https:\/\/www.montagnelagodicomo.it\/2019\/10\/09\/workshop-b2b-pacchetti-turistici-le-vie-del-viandante-2-0\/#primaryimage\",\"url\":\"https:\/\/www.montagnelagodicomo.it\/wp-content\/uploads\/2019\/08\/LOGO-AsseI_VIVI-2.0_rev01-Carlo.png\",\"contentUrl\":\"https:\/\/www.montagnelagodicomo.it\/wp-content\/uploads\/2019\/08\/LOGO-AsseI_VIVI-2.0_rev01-Carlo.png\"},{\"@type\":\"BreadcrumbList\",\"@id\":\"https:\/\/www.montagnelagodicomo.it\/2019\/10\/09\/workshop-b2b-pacchetti-turistici-le-vie-del-viandante-2-0\/#breadcrumb\",\"itemListElement\":[{\"@type\":\"ListItem\",\"position\":1,\"name\":\"Home\",\"item\":\"https:\/\/www.montagnelagodicomo.it\/fr\/\"},{\"@type\":\"ListItem\",\"position\":2,\"name\":\"Workshop B2B per Pacchetti Turistici LE VIE DEL VIANDANTE 2.0\"}]},{\"@type\":\"WebSite\",\"@id\":\"https:\/\/www.montagnelagodicomo.it\/#website\",\"url\":\"https:\/\/www.montagnelagodicomo.it\/\",\"name\":\"Lago di Como e Valsassina\",\"description\":\"\",\"publisher\":{\"@id\":\"https:\/\/www.montagnelagodicomo.it\/#organization\"},\"potentialAction\":[{\"@type\":\"SearchAction\",\"target\":{\"@type\":\"EntryPoint\",\"urlTemplate\":\"https:\/\/www.montagnelagodicomo.it\/?s={search_term_string}\"},\"query-input\":{\"@type\":\"PropertyValueSpecification\",\"valueRequired\":true,\"valueName\":\"search_term_string\"}}],\"inLanguage\":\"fr-FR\"},{\"@type\":\"Organization\",\"@id\":\"https:\/\/www.montagnelagodicomo.it\/#organization\",\"name\":\"Montagne del Lago di Como\",\"url\":\"https:\/\/www.montagnelagodicomo.it\/\",\"logo\":{\"@type\":\"ImageObject\",\"inLanguage\":\"fr-FR\",\"@id\":\"https:\/\/www.montagnelagodicomo.it\/#\/schema\/logo\/image\/\",\"url\":\"https:\/\/www.montagnelagodicomo.it\/wp-content\/uploads\/2016\/07\/DEF_Montagne_LagodiComo_04112015_png.png\",\"contentUrl\":\"https:\/\/www.montagnelagodicomo.it\/wp-content\/uploads\/2016\/07\/DEF_Montagne_LagodiComo_04112015_png.png\",\"width\":2997,\"height\":835,\"caption\":\"Montagne del Lago di Como\"},\"image\":{\"@id\":\"https:\/\/www.montagnelagodicomo.it\/#\/schema\/logo\/image\/\"},\"sameAs\":[\"https:\/\/www.facebook.com\/montagnelagodicomo\",\"https:\/\/x.com\/MontagneLago\",\"https:\/\/www.youtube.com\/channel\/UCDoxghWmgQnHlQ78rzZuUjA\"]},{\"@type\":\"Person\",\"@id\":\"https:\/\/www.montagnelagodicomo.it\/#\/schema\/person\/e29d7922634eb034bc4083a91cad0954\",\"name\":\"montagne\",\"image\":{\"@type\":\"ImageObject\",\"inLanguage\":\"fr-FR\",\"@id\":\"https:\/\/www.montagnelagodicomo.it\/#\/schema\/person\/image\/\",\"url\":\"https:\/\/secure.gravatar.com\/avatar\/ea758e56c15e5aff2449e6dbda52d15b66f73260605c6968eff333359d31b7ee?s=96&d=mm&r=g\",\"contentUrl\":\"https:\/\/secure.gravatar.com\/avatar\/ea758e56c15e5aff2449e6dbda52d15b66f73260605c6968eff333359d31b7ee?s=96&d=mm&r=g\",\"caption\":\"montagne\"},\"url\":\"https:\/\/www.montagnelagodicomo.it\/fr\/author\/montagne\/\"}]}<\/script>\n<!-- \/ Yoast SEO plugin. -->","yoast_head_json":{"title":"Workshop B2B per Pacchetti Turistici LE VIE DEL VIANDANTE 2.0 - Lago di Como e Valsassina","robots":{"index":"index","follow":"follow","max-snippet":"max-snippet:-1","max-image-preview":"max-image-preview:large","max-video-preview":"max-video-preview:-1"},"canonical":"https:\/\/www.montagnelagodicomo.it\/2019\/10\/09\/workshop-b2b-pacchetti-turistici-le-vie-del-viandante-2-0\/","og_locale":"fr_FR","og_type":"article","og_title":"Workshop B2B per Pacchetti Turistici LE VIE DEL VIANDANTE 2.0 - Lago di Como e Valsassina","og_description":"&nbsp; &nbsp; &nbsp; Appuntamenti B2B riservati alle imprese turistiche e ai tour operator locali La rete di imprese Montagne del Lago di Como nell&rsquo;ambito del Progetto Europeo Vi.Vi. 2.0, organizza un calendario di Workshop B2B finalizzati alla creazione di pacchetti turistici sul prodotto turistico \u201cLe vie del Viandante\u201d, un cammino internazionale che dal passo San [&hellip;]","og_url":"https:\/\/www.montagnelagodicomo.it\/2019\/10\/09\/workshop-b2b-pacchetti-turistici-le-vie-del-viandante-2-0\/","og_site_name":"Lago di Como e Valsassina","article_publisher":"https:\/\/www.facebook.com\/montagnelagodicomo","article_published_time":"2019-10-09T07:12:20+00:00","article_modified_time":"2019-10-10T09:46:36+00:00","og_image":[{"url":"https:\/\/www.montagnelagodicomo.it\/wp-content\/uploads\/2019\/08\/LOGO-AsseI_VIVI-2.0_rev01-Carlo.png","type":"","width":"","height":""}],"author":"montagne","twitter_card":"summary_large_image","twitter_creator":"@MontagneLago","twitter_site":"@MontagneLago","twitter_misc":{"\u00c9crit par":"montagne","Dur\u00e9e de lecture estim\u00e9e":"2 minutes"},"schema":{"@context":"https:\/\/schema.org","@graph":[{"@type":"Article","@id":"https:\/\/www.montagnelagodicomo.it\/2019\/10\/09\/workshop-b2b-pacchetti-turistici-le-vie-del-viandante-2-0\/#article","isPartOf":{"@id":"https:\/\/www.montagnelagodicomo.it\/2019\/10\/09\/workshop-b2b-pacchetti-turistici-le-vie-del-viandante-2-0\/"},"author":{"name":"montagne","@id":"https:\/\/www.montagnelagodicomo.it\/#\/schema\/person\/e29d7922634eb034bc4083a91cad0954"},"headline":"Workshop B2B per Pacchetti Turistici LE VIE DEL VIANDANTE 2.0","datePublished":"2019-10-09T07:12:20+00:00","dateModified":"2019-10-10T09:46:36+00:00","mainEntityOfPage":{"@id":"https:\/\/www.montagnelagodicomo.it\/2019\/10\/09\/workshop-b2b-pacchetti-turistici-le-vie-del-viandante-2-0\/"},"wordCount":374,"commentCount":0,"publisher":{"@id":"https:\/\/www.montagnelagodicomo.it\/#organization"},"image":{"@id":"https:\/\/www.montagnelagodicomo.it\/2019\/10\/09\/workshop-b2b-pacchetti-turistici-le-vie-del-viandante-2-0\/#primaryimage"},"thumbnailUrl":"https:\/\/www.montagnelagodicomo.it\/wp-content\/uploads\/2019\/08\/LOGO-AsseI_VIVI-2.0_rev01-Carlo.png","articleSection":["Ultima ora"],"inLanguage":"fr-FR","potentialAction":[{"@type":"CommentAction","name":"Comment","target":["https:\/\/www.montagnelagodicomo.it\/2019\/10\/09\/workshop-b2b-pacchetti-turistici-le-vie-del-viandante-2-0\/#respond"]}]},{"@type":"WebPage","@id":"https:\/\/www.montagnelagodicomo.it\/2019\/10\/09\/workshop-b2b-pacchetti-turistici-le-vie-del-viandante-2-0\/","url":"https:\/\/www.montagnelagodicomo.it\/2019\/10\/09\/workshop-b2b-pacchetti-turistici-le-vie-del-viandante-2-0\/","name":"Workshop B2B per Pacchetti Turistici LE VIE DEL VIANDANTE 2.0 - Lago di Como e Valsassina","isPartOf":{"@id":"https:\/\/www.montagnelagodicomo.it\/#website"},"primaryImageOfPage":{"@id":"https:\/\/www.montagnelagodicomo.it\/2019\/10\/09\/workshop-b2b-pacchetti-turistici-le-vie-del-viandante-2-0\/#primaryimage"},"image":{"@id":"https:\/\/www.montagnelagodicomo.it\/2019\/10\/09\/workshop-b2b-pacchetti-turistici-le-vie-del-viandante-2-0\/#primaryimage"},"thumbnailUrl":"https:\/\/www.montagnelagodicomo.it\/wp-content\/uploads\/2019\/08\/LOGO-AsseI_VIVI-2.0_rev01-Carlo.png","datePublished":"2019-10-09T07:12:20+00:00","dateModified":"2019-10-10T09:46:36+00:00","breadcrumb":{"@id":"https:\/\/www.montagnelagodicomo.it\/2019\/10\/09\/workshop-b2b-pacchetti-turistici-le-vie-del-viandante-2-0\/#breadcrumb"},"inLanguage":"fr-FR","potentialAction":[{"@type":"ReadAction","target":["https:\/\/www.montagnelagodicomo.it\/2019\/10\/09\/workshop-b2b-pacchetti-turistici-le-vie-del-viandante-2-0\/"]}]},{"@type":"ImageObject","inLanguage":"fr-FR","@id":"https:\/\/www.montagnelagodicomo.it\/2019\/10\/09\/workshop-b2b-pacchetti-turistici-le-vie-del-viandante-2-0\/#primaryimage","url":"https:\/\/www.montagnelagodicomo.it\/wp-content\/uploads\/2019\/08\/LOGO-AsseI_VIVI-2.0_rev01-Carlo.png","contentUrl":"https:\/\/www.montagnelagodicomo.it\/wp-content\/uploads\/2019\/08\/LOGO-AsseI_VIVI-2.0_rev01-Carlo.png"},{"@type":"BreadcrumbList","@id":"https:\/\/www.montagnelagodicomo.it\/2019\/10\/09\/workshop-b2b-pacchetti-turistici-le-vie-del-viandante-2-0\/#breadcrumb","itemListElement":[{"@type":"ListItem","position":1,"name":"Home","item":"https:\/\/www.montagnelagodicomo.it\/fr\/"},{"@type":"ListItem","position":2,"name":"Workshop B2B per Pacchetti Turistici LE VIE DEL VIANDANTE 2.0"}]},{"@type":"WebSite","@id":"https:\/\/www.montagnelagodicomo.it\/#website","url":"https:\/\/www.montagnelagodicomo.it\/","name":"Lago di Como e Valsassina","description":"","publisher":{"@id":"https:\/\/www.montagnelagodicomo.it\/#organization"},"potentialAction":[{"@type":"SearchAction","target":{"@type":"EntryPoint","urlTemplate":"https:\/\/www.montagnelagodicomo.it\/?s={search_term_string}"},"query-input":{"@type":"PropertyValueSpecification","valueRequired":true,"valueName":"search_term_string"}}],"inLanguage":"fr-FR"},{"@type":"Organization","@id":"https:\/\/www.montagnelagodicomo.it\/#organization","name":"Montagne del Lago di Como","url":"https:\/\/www.montagnelagodicomo.it\/","logo":{"@type":"ImageObject","inLanguage":"fr-FR","@id":"https:\/\/www.montagnelagodicomo.it\/#\/schema\/logo\/image\/","url":"https:\/\/www.montagnelagodicomo.it\/wp-content\/uploads\/2016\/07\/DEF_Montagne_LagodiComo_04112015_png.png","contentUrl":"https:\/\/www.montagnelagodicomo.it\/wp-content\/uploads\/2016\/07\/DEF_Montagne_LagodiComo_04112015_png.png","width":2997,"height":835,"caption":"Montagne del Lago di Como"},"image":{"@id":"https:\/\/www.montagnelagodicomo.it\/#\/schema\/logo\/image\/"},"sameAs":["https:\/\/www.facebook.com\/montagnelagodicomo","https:\/\/x.com\/MontagneLago","https:\/\/www.youtube.com\/channel\/UCDoxghWmgQnHlQ78rzZuUjA"]},{"@type":"Person","@id":"https:\/\/www.montagnelagodicomo.it\/#\/schema\/person\/e29d7922634eb034bc4083a91cad0954","name":"montagne","image":{"@type":"ImageObject","inLanguage":"fr-FR","@id":"https:\/\/www.montagnelagodicomo.it\/#\/schema\/person\/image\/","url":"https:\/\/secure.gravatar.com\/avatar\/ea758e56c15e5aff2449e6dbda52d15b66f73260605c6968eff333359d31b7ee?s=96&d=mm&r=g","contentUrl":"https:\/\/secure.gravatar.com\/avatar\/ea758e56c15e5aff2449e6dbda52d15b66f73260605c6968eff333359d31b7ee?s=96&d=mm&r=g","caption":"montagne"},"url":"https:\/\/www.montagnelagodicomo.it\/fr\/author\/montagne\/"}]}},"_links":{"self":[{"href":"https:\/\/www.montagnelagodicomo.it\/fr\/wp-json\/wp\/v2\/posts\/27536","targetHints":{"allow":["GET"]}}],"collection":[{"href":"https:\/\/www.montagnelagodicomo.it\/fr\/wp-json\/wp\/v2\/posts"}],"about":[{"href":"https:\/\/www.montagnelagodicomo.it\/fr\/wp-json\/wp\/v2\/types\/post"}],"author":[{"embeddable":true,"href":"https:\/\/www.montagnelagodicomo.it\/fr\/wp-json\/wp\/v2\/users\/1"}],"replies":[{"embeddable":true,"href":"https:\/\/www.montagnelagodicomo.it\/fr\/wp-json\/wp\/v2\/comments?post=27536"}],"version-history":[{"count":17,"href":"https:\/\/www.montagnelagodicomo.it\/fr\/wp-json\/wp\/v2\/posts\/27536\/revisions"}],"predecessor-version":[{"id":27583,"href":"https:\/\/www.montagnelagodicomo.it\/fr\/wp-json\/wp\/v2\/posts\/27536\/revisions\/27583"}],"wp:attachment":[{"href":"https:\/\/www.montagnelagodicomo.it\/fr\/wp-json\/wp\/v2\/media?parent=27536"}],"wp:term":[{"taxonomy":"category","embeddable":true,"href":"https:\/\/www.montagnelagodicomo.it\/fr\/wp-json\/wp\/v2\/categories?post=27536"},{"taxonomy":"post_tag","embeddable":true,"href":"https:\/\/www.montagnelagodicomo.it\/fr\/wp-json\/wp\/v2\/tags?post=27536"}],"curies":[{"name":"wp","href":"https:\/\/api.w.org\/{rel}","templated":true}]}}