{"id":63457,"date":"2020-01-23T13:12:09","date_gmt":"2020-01-23T12:12:09","guid":{"rendered":"https:\/\/www.montagnelagodicomo.it\/?p=63457"},"modified":"2020-03-25T17:37:37","modified_gmt":"2020-03-25T16:37:37","slug":"borsa-locale-del-turismo-lariano-conferenza-stampa","status":"publish","type":"post","link":"https:\/\/www.montagnelagodicomo.it\/fr\/2020\/01\/23\/borsa-locale-del-turismo-lariano-conferenza-stampa\/","title":{"rendered":"Borsa Locale del Turismo Lariano &#8211; conferenza stampa"},"content":{"rendered":"<h2 style=\"text-align: center;\"><strong><img decoding=\"async\" class=\"alignleft wp-image-27885\" src=\"https:\/\/www.montagnelagodicomo.it\/wp-content\/uploads\/2019\/11\/LE-Vie-del-Viandante_prova.jpg\" alt=\"\" width=\"226\" height=\"150\" \/><img decoding=\"async\" class=\"alignright wp-image-27309\" src=\"https:\/\/www.montagnelagodicomo.it\/wp-content\/uploads\/2019\/08\/banner-INTERREG-VIVI.png\" alt=\"\" width=\"286\" height=\"100\" srcset=\"https:\/\/www.montagnelagodicomo.it\/wp-content\/uploads\/2019\/08\/banner-INTERREG-VIVI.png 343w, https:\/\/www.montagnelagodicomo.it\/wp-content\/uploads\/2019\/08\/banner-INTERREG-VIVI-300x105.png 300w\" sizes=\"(max-width: 286px) 100vw, 286px\" \/><\/strong><\/h2>\n<h2 style=\"text-align: center;\"><\/h2>\n<h2 style=\"text-align: center;\"><\/h2>\n<h2 style=\"text-align: center;\"><\/h2>\n<h2 style=\"text-align: center;\"><\/h2>\n<h2 style=\"text-align: center;\"><strong>NASCE LA BORSA LOCALE DEL TURISMO LARIANO<\/strong><br \/>\n<strong>MATCHING B2B PER CREARE IL CATALOGO DELL\u2019OFFERTA<\/strong><br \/>\n<strong>DEL NUOVO PRODOTTO TURISTICO \u201cLE VIE DEL VIANDANTE\u201d<\/strong><\/h2>\n<p style=\"text-align: right;\">Lecco, 15 gennaio 2020<\/p>\n<p style=\"text-align: left;\"><strong>Nel corso della conferenza stampa svoltasi mercoled\u00ec 15 gennaio 2020 nella sala consiliare del Comune di Lecco \u00e8 stata presentata \u201c<a href=\"https:\/\/www.montagnelagodicomo.it\/2020\/01\/23\/borsa-locale-del-turismo-lariano-prima-edizione\/\" target=\"_blank\" rel=\"noopener noreferrer\">Borsa Locale del Turismo Lariano<\/a>\u201d<\/strong>, evento organizzato dalla Rete di Imprese \u201cMontagne del Lago di Como\u201d all\u2019interno del progetto europeo \u201cLe vie del Viandante 2.0\u201d\u00a0 di cui il Comune di Lecco \u00e8 capofila.<\/p>\n<p style=\"text-align: left;\"><img fetchpriority=\"high\" decoding=\"async\" class=\"wp-image-28252 size-large aligncenter\" src=\"https:\/\/www.montagnelagodicomo.it\/wp-content\/uploads\/2020\/01\/IMG-20200115-WA0010-1024x472.jpg\" alt=\"\" width=\"640\" height=\"295\" \/><\/p>\n<p style=\"text-align: left;\">Alla presentazione sono intervenuti il vicesindaco di Lecco, con delega al turismo<strong> Francesca Bonacina<\/strong>, il presidente della rete di imprese \u201cMontagne del\u00a0 Lago di Como\u201d<strong> Stefano Gianola<\/strong> e la marketing manager della rete, <strong>Silvia Strada<\/strong>.<\/p>\n<p style=\"text-align: left;\"><em>\u201cLa promozione del turismo anche nel nostro territorio deve passare attraverso gli operatori privati e la promo-commercializzazione di questa iniziativa \u00e8 fondamentale per raggiungere l\u2019obiettivo <\/em>\u2013 ha sottolineato il vicesindaco di Lecco, con delega al turismo <strong>Francesca Bonacina<\/strong>.<em> La BLTL coinvolger\u00e0\u00a0 numerosissime imprese, elemento fondamentale per trasformare belle idee e proposte in offerte concrete per il mercato turistico\u201c.<\/em><\/p>\n<p style=\"text-align: left;\"><em>\u201cAbbiamo raccolto volentieri la sfida rappresentata dal progetto Interreg ed in particolare dalla BLTL perch\u00e9 \u00e8 il completamento di un lungo percorso che la nostra rete ha compiuto in 4 anni di attivit\u00e0 <\/em>\u2013 ha commentato il presidente della rete di imprese \u201cMontagne del Lago di Como\u201d <strong>Stefano Gianola.<\/strong><em> Il nostro obiettivo \u00e8 sempre stato quello di portare le micro e piccole aziende del turismo nei mercati nazionali e internazionali. Obiettivo che solo la rete rende possibile. Ora, grazie alla collaborazione con gli Enti pubblici e i tour operator locali dell\u2019incoming, questo obiettivo diventa realt\u00e0\u201d.<\/em><\/p>\n<p style=\"text-align: left;\"><span style=\"color: #3366ff;\"><strong>Cosa \u00e8 la BLTL?<\/strong><\/span><br \/>\nLa Borsa Locale del Turismo Lariano (BLTL) si svolger\u00e0 presso l\u2019hotel NH di Lecco il giorno 20 gennaio 2020. Si tratta di un incontro fra gli operatori del turismo intesi in senso ampio (ricettivit\u00e0 ristorazione, commercio, servizi, etc\u2026) e gli aggregatori dell\u2019offerta turistica (reti di imprese e Tour\u00a0 Operator Locali dell\u2019incoming). I primi svolgeranno la funzione di \u201cseller\u201d cio\u00e8 parteciperanno per presentare ai secondi, \u201cbuyer\u201d, la propria<br \/>\nattivit\u00e0 e le proprie offerte \u201cconfidenziali\u201d (vedi spiegazione sotto).<\/p>\n<p style=\"text-align: left;\">La formula sar\u00e0 quella dello speed date, cio\u00e8 un incontro veloce (10 minuti) il cui obiettivo sar\u00e0 conoscersi di persona e scambiarsi alcune informazioni di dettaglio.\u00a0 La partecipazione per il 2019 \u00e8 completamente gratuita grazie al contributo del programma europeo interreg Italia-Svizzera che ha co-finanziato questa iniziativa. Si tratta quindi di un\u2019occasione unica per sperimentare senza costi la collaborazione fra imprese nelle attivit\u00e0 di incoming.<\/p>\n<p style=\"text-align: left;\">La finestra per iscriversi si \u00e8 chiusa il 20 dicembre scorso, dopo un\u2019ampia promozione che ha interessato circa 3000 aziende distribuite lungo tutto il tracciato de Le Vie del Viandante. <strong>Le imprese che hanno colto questa opportunit\u00e0 sono 212<\/strong>, distribuite fra le varie tipologie di servizio: alloggio,\u00a0 ristorazione, guide, etc\u2026<strong> per un totale di 474 appuntamenti B2B tra buyer e seller<\/strong>.<\/p>\n<p style=\"text-align: left;\">Ogni partecipante avr\u00e0 il diritto ad essere inserito nel <strong>\u201ccatalogo confidenziale dell\u2019offerta\u201d<\/strong>. Si tratta di un catalogo destinato in via riservata a tutti gli\u00a0 intermediari del turismo nazionali ed esteri in cui oltre alla propria offerta, saranno forniti dati di dettaglio sui costi dei servizi. Il catalogo sar\u00e0 distribuito grazie ad un fitto programma di promocommercializzazione organizzato dalle reti di imprese in collaborazione con il capofila del progetto, Comune di Lecco, nel corso degli anni 2020 e 2021. <strong>Il primo appuntamento in programma \u00e8 la B.I.T. di Milano che si terr\u00e0 a febbraio 2020.<\/strong><\/p>\n<p style=\"text-align: left;\"><strong><span style=\"color: #3366ff;\">Chi sono i buyer e cosa fanno?<\/span><\/strong><br \/>\nIl ruolo di buyer verr\u00e0 svolto: sia dalle reti di imprese partner del progetto (Montagne del Lago di Como, Consorzio Valchiavenna Turismo, Ente Turistico del Moesano); sia dai tour operator locali dell\u2019incoming che hanno aderito all\u2019iniziativa. Le agenzie di viaggio del territorio che hanno aderito al progetto sono: Gruppo Legnone Tours, Rusconi Viaggi, Rigamonti Viaggi, Lake Como Food Tours, Quo Gentium Travel, Agenzia Nuove Mete e<br \/>\nAgenzia Terre di Confine. I buyer avranno il compito di vendere i servizi delle imprese partecipanti sia singolarmente, sia nella forma di pacchetto turistico, utilizzando tutti i canali di commercializzazione (propri o messi a disposizione dal progetto).<\/p>\n<p style=\"text-align: center;\"><strong><span style=\"color: #3366ff;\">ALTRE INFORMAZIONI UTILI<\/span><\/strong><\/p>\n<p style=\"text-align: left;\"><span style=\"color: #3366ff;\"><strong>Un nuovo modo di organizzare il turismo: la DMO di prodotto<\/strong><\/span><br \/>\nLa BLTL \u00e8 parte di un nuovo modello di promozione e commercializzazione del prodotto turistico che \u00e8 in corso di sperimentazione nel progetto interreg Le Vie del Viandante: <strong>la Destination Management Organisation (DMO) di prodotto.<\/strong> La DMO di prodotto, \u00e8 un&rsquo;organizzazione di governance che nasce per coordinare tutti gli attori interessati al successo di un prodotto turistico: gli Enti pubblici per l&rsquo;operativit\u00e0 dei sentieri e la promozione istituzionale, i raggruppamenti di imprese per la progettazione e commercializzazione dei pacchetti turistici, le proloco e le associazioni per la valorizzazione turistica degli eventi e delle tradizioni.<\/p>\n<p style=\"text-align: left;\"><strong><span style=\"color: #3366ff;\">Il nuovo prodotto turistico \u201cLe vie del Viandante\u201d<\/span><\/strong><br \/>\nLe Vie del Viandante sono un grande itinerario internazionale di trekking che conduce dal passo San Bernardino, in Svizzera, al centro di Milano, ne fanno parte tra gli altri: il Sentiero di Leonardo, la Via San Bernardino (CH), la Via Francisca, il Sentiero del Viandante, etc\u2026<\/p>\n<p style=\"text-align: left;\"><strong>Ufficio stampa Comune di Lecco &#8211; <\/strong>0341 481262 &#8211; ufficio.stampa@comune.lecco.it<br \/>\n<strong>Montagne Lago di Como<\/strong> &#8211; 0341 802040 &#8211; info@montagnelagodicomo.it<\/p>\n","protected":false},"excerpt":{"rendered":"<p>NASCE LA BORSA LOCALE DEL TURISMO LARIANO MATCHING B2B PER CREARE IL CATALOGO DELL\u2019OFFERTA DEL NUOVO PRODOTTO TURISTICO \u201cLE VIE DEL VIANDANTE\u201d Lecco, 15 gennaio 2020 Nel corso della conferenza stampa svoltasi mercoled\u00ec 15 gennaio 2020 nella sala consiliare del Comune di Lecco \u00e8 stata presentata \u201cBorsa Locale del Turismo Lariano\u201d, evento organizzato dalla Rete [&hellip;]<\/p>\n","protected":false},"author":1,"featured_media":0,"comment_status":"open","ping_status":"open","sticky":false,"template":"","format":"standard","meta":{"_acf_changed":false,"footnotes":""},"categories":[146],"tags":[],"class_list":["post-63457","post","type-post","status-publish","format-standard","hentry","category-ultima-ora"],"acf":[],"yoast_head":"<!-- This site is optimized with the Yoast SEO plugin v25.0 - https:\/\/yoast.com\/wordpress\/plugins\/seo\/ -->\n<title>Borsa Locale del Turismo Lariano - conferenza stampa - Lago di Como e Valsassina<\/title>\n<meta name=\"robots\" content=\"index, follow, max-snippet:-1, max-image-preview:large, max-video-preview:-1\" \/>\n<link rel=\"canonical\" href=\"https:\/\/www.montagnelagodicomo.it\/2020\/01\/23\/borsa-locale-del-turismo-lariano-conferenza-stampa\/\" \/>\n<meta property=\"og:locale\" content=\"fr_FR\" \/>\n<meta property=\"og:type\" content=\"article\" \/>\n<meta property=\"og:title\" content=\"Borsa Locale del Turismo Lariano - conferenza stampa - Lago di Como e Valsassina\" \/>\n<meta property=\"og:description\" content=\"NASCE LA BORSA LOCALE DEL TURISMO LARIANO MATCHING B2B PER CREARE IL CATALOGO DELL\u2019OFFERTA DEL NUOVO PRODOTTO TURISTICO \u201cLE VIE DEL VIANDANTE\u201d Lecco, 15 gennaio 2020 Nel corso della conferenza stampa svoltasi mercoled\u00ec 15 gennaio 2020 nella sala consiliare del Comune di Lecco \u00e8 stata presentata \u201cBorsa Locale del Turismo Lariano\u201d, evento organizzato dalla Rete [&hellip;]\" \/>\n<meta property=\"og:url\" content=\"https:\/\/www.montagnelagodicomo.it\/2020\/01\/23\/borsa-locale-del-turismo-lariano-conferenza-stampa\/\" \/>\n<meta property=\"og:site_name\" content=\"Lago di Como e Valsassina\" \/>\n<meta property=\"article:publisher\" content=\"https:\/\/www.facebook.com\/montagnelagodicomo\" \/>\n<meta property=\"article:published_time\" content=\"2020-01-23T12:12:09+00:00\" \/>\n<meta property=\"article:modified_time\" content=\"2020-03-25T16:37:37+00:00\" \/>\n<meta property=\"og:image\" content=\"https:\/\/www.montagnelagodicomo.it\/wp-content\/uploads\/2019\/11\/LE-Vie-del-Viandante_prova.jpg\" \/>\n<meta name=\"author\" content=\"montagne\" \/>\n<meta name=\"twitter:card\" content=\"summary_large_image\" \/>\n<meta name=\"twitter:creator\" content=\"@MontagneLago\" \/>\n<meta name=\"twitter:site\" content=\"@MontagneLago\" \/>\n<meta name=\"twitter:label1\" content=\"\u00c9crit par\" \/>\n\t<meta name=\"twitter:data1\" content=\"montagne\" \/>\n\t<meta name=\"twitter:label2\" content=\"Dur\u00e9e de lecture estim\u00e9e\" \/>\n\t<meta name=\"twitter:data2\" content=\"4 minutes\" \/>\n<script type=\"application\/ld+json\" class=\"yoast-schema-graph\">{\"@context\":\"https:\/\/schema.org\",\"@graph\":[{\"@type\":\"Article\",\"@id\":\"https:\/\/www.montagnelagodicomo.it\/2020\/01\/23\/borsa-locale-del-turismo-lariano-conferenza-stampa\/#article\",\"isPartOf\":{\"@id\":\"https:\/\/www.montagnelagodicomo.it\/2020\/01\/23\/borsa-locale-del-turismo-lariano-conferenza-stampa\/\"},\"author\":{\"name\":\"montagne\",\"@id\":\"https:\/\/www.montagnelagodicomo.it\/#\/schema\/person\/e29d7922634eb034bc4083a91cad0954\"},\"headline\":\"Borsa Locale del Turismo Lariano &#8211; conferenza stampa\",\"datePublished\":\"2020-01-23T12:12:09+00:00\",\"dateModified\":\"2020-03-25T16:37:37+00:00\",\"mainEntityOfPage\":{\"@id\":\"https:\/\/www.montagnelagodicomo.it\/2020\/01\/23\/borsa-locale-del-turismo-lariano-conferenza-stampa\/\"},\"wordCount\":853,\"commentCount\":0,\"publisher\":{\"@id\":\"https:\/\/www.montagnelagodicomo.it\/#organization\"},\"image\":{\"@id\":\"https:\/\/www.montagnelagodicomo.it\/2020\/01\/23\/borsa-locale-del-turismo-lariano-conferenza-stampa\/#primaryimage\"},\"thumbnailUrl\":\"https:\/\/www.montagnelagodicomo.it\/wp-content\/uploads\/2019\/11\/LE-Vie-del-Viandante_prova.jpg\",\"articleSection\":[\"Ultima ora\"],\"inLanguage\":\"fr-FR\",\"potentialAction\":[{\"@type\":\"CommentAction\",\"name\":\"Comment\",\"target\":[\"https:\/\/www.montagnelagodicomo.it\/2020\/01\/23\/borsa-locale-del-turismo-lariano-conferenza-stampa\/#respond\"]}]},{\"@type\":\"WebPage\",\"@id\":\"https:\/\/www.montagnelagodicomo.it\/2020\/01\/23\/borsa-locale-del-turismo-lariano-conferenza-stampa\/\",\"url\":\"https:\/\/www.montagnelagodicomo.it\/2020\/01\/23\/borsa-locale-del-turismo-lariano-conferenza-stampa\/\",\"name\":\"Borsa Locale del Turismo Lariano - conferenza stampa - Lago di Como e Valsassina\",\"isPartOf\":{\"@id\":\"https:\/\/www.montagnelagodicomo.it\/#website\"},\"primaryImageOfPage\":{\"@id\":\"https:\/\/www.montagnelagodicomo.it\/2020\/01\/23\/borsa-locale-del-turismo-lariano-conferenza-stampa\/#primaryimage\"},\"image\":{\"@id\":\"https:\/\/www.montagnelagodicomo.it\/2020\/01\/23\/borsa-locale-del-turismo-lariano-conferenza-stampa\/#primaryimage\"},\"thumbnailUrl\":\"https:\/\/www.montagnelagodicomo.it\/wp-content\/uploads\/2019\/11\/LE-Vie-del-Viandante_prova.jpg\",\"datePublished\":\"2020-01-23T12:12:09+00:00\",\"dateModified\":\"2020-03-25T16:37:37+00:00\",\"breadcrumb\":{\"@id\":\"https:\/\/www.montagnelagodicomo.it\/2020\/01\/23\/borsa-locale-del-turismo-lariano-conferenza-stampa\/#breadcrumb\"},\"inLanguage\":\"fr-FR\",\"potentialAction\":[{\"@type\":\"ReadAction\",\"target\":[\"https:\/\/www.montagnelagodicomo.it\/2020\/01\/23\/borsa-locale-del-turismo-lariano-conferenza-stampa\/\"]}]},{\"@type\":\"ImageObject\",\"inLanguage\":\"fr-FR\",\"@id\":\"https:\/\/www.montagnelagodicomo.it\/2020\/01\/23\/borsa-locale-del-turismo-lariano-conferenza-stampa\/#primaryimage\",\"url\":\"https:\/\/www.montagnelagodicomo.it\/wp-content\/uploads\/2019\/11\/LE-Vie-del-Viandante_prova.jpg\",\"contentUrl\":\"https:\/\/www.montagnelagodicomo.it\/wp-content\/uploads\/2019\/11\/LE-Vie-del-Viandante_prova.jpg\"},{\"@type\":\"BreadcrumbList\",\"@id\":\"https:\/\/www.montagnelagodicomo.it\/2020\/01\/23\/borsa-locale-del-turismo-lariano-conferenza-stampa\/#breadcrumb\",\"itemListElement\":[{\"@type\":\"ListItem\",\"position\":1,\"name\":\"Home\",\"item\":\"https:\/\/www.montagnelagodicomo.it\/fr\/\"},{\"@type\":\"ListItem\",\"position\":2,\"name\":\"Borsa Locale del Turismo Lariano &#8211; conferenza stampa\"}]},{\"@type\":\"WebSite\",\"@id\":\"https:\/\/www.montagnelagodicomo.it\/#website\",\"url\":\"https:\/\/www.montagnelagodicomo.it\/\",\"name\":\"Lago di Como e Valsassina\",\"description\":\"\",\"publisher\":{\"@id\":\"https:\/\/www.montagnelagodicomo.it\/#organization\"},\"potentialAction\":[{\"@type\":\"SearchAction\",\"target\":{\"@type\":\"EntryPoint\",\"urlTemplate\":\"https:\/\/www.montagnelagodicomo.it\/?s={search_term_string}\"},\"query-input\":{\"@type\":\"PropertyValueSpecification\",\"valueRequired\":true,\"valueName\":\"search_term_string\"}}],\"inLanguage\":\"fr-FR\"},{\"@type\":\"Organization\",\"@id\":\"https:\/\/www.montagnelagodicomo.it\/#organization\",\"name\":\"Montagne del Lago di Como\",\"url\":\"https:\/\/www.montagnelagodicomo.it\/\",\"logo\":{\"@type\":\"ImageObject\",\"inLanguage\":\"fr-FR\",\"@id\":\"https:\/\/www.montagnelagodicomo.it\/#\/schema\/logo\/image\/\",\"url\":\"https:\/\/www.montagnelagodicomo.it\/wp-content\/uploads\/2016\/07\/DEF_Montagne_LagodiComo_04112015_png.png\",\"contentUrl\":\"https:\/\/www.montagnelagodicomo.it\/wp-content\/uploads\/2016\/07\/DEF_Montagne_LagodiComo_04112015_png.png\",\"width\":2997,\"height\":835,\"caption\":\"Montagne del Lago di Como\"},\"image\":{\"@id\":\"https:\/\/www.montagnelagodicomo.it\/#\/schema\/logo\/image\/\"},\"sameAs\":[\"https:\/\/www.facebook.com\/montagnelagodicomo\",\"https:\/\/x.com\/MontagneLago\",\"https:\/\/www.youtube.com\/channel\/UCDoxghWmgQnHlQ78rzZuUjA\"]},{\"@type\":\"Person\",\"@id\":\"https:\/\/www.montagnelagodicomo.it\/#\/schema\/person\/e29d7922634eb034bc4083a91cad0954\",\"name\":\"montagne\",\"image\":{\"@type\":\"ImageObject\",\"inLanguage\":\"fr-FR\",\"@id\":\"https:\/\/www.montagnelagodicomo.it\/#\/schema\/person\/image\/\",\"url\":\"https:\/\/secure.gravatar.com\/avatar\/ea758e56c15e5aff2449e6dbda52d15b66f73260605c6968eff333359d31b7ee?s=96&d=mm&r=g\",\"contentUrl\":\"https:\/\/secure.gravatar.com\/avatar\/ea758e56c15e5aff2449e6dbda52d15b66f73260605c6968eff333359d31b7ee?s=96&d=mm&r=g\",\"caption\":\"montagne\"},\"url\":\"https:\/\/www.montagnelagodicomo.it\/fr\/author\/montagne\/\"}]}<\/script>\n<!-- \/ Yoast SEO plugin. -->","yoast_head_json":{"title":"Borsa Locale del Turismo Lariano - conferenza stampa - Lago di Como e Valsassina","robots":{"index":"index","follow":"follow","max-snippet":"max-snippet:-1","max-image-preview":"max-image-preview:large","max-video-preview":"max-video-preview:-1"},"canonical":"https:\/\/www.montagnelagodicomo.it\/2020\/01\/23\/borsa-locale-del-turismo-lariano-conferenza-stampa\/","og_locale":"fr_FR","og_type":"article","og_title":"Borsa Locale del Turismo Lariano - conferenza stampa - Lago di Como e Valsassina","og_description":"NASCE LA BORSA LOCALE DEL TURISMO LARIANO MATCHING B2B PER CREARE IL CATALOGO DELL\u2019OFFERTA DEL NUOVO PRODOTTO TURISTICO \u201cLE VIE DEL VIANDANTE\u201d Lecco, 15 gennaio 2020 Nel corso della conferenza stampa svoltasi mercoled\u00ec 15 gennaio 2020 nella sala consiliare del Comune di Lecco \u00e8 stata presentata \u201cBorsa Locale del Turismo Lariano\u201d, evento organizzato dalla Rete [&hellip;]","og_url":"https:\/\/www.montagnelagodicomo.it\/2020\/01\/23\/borsa-locale-del-turismo-lariano-conferenza-stampa\/","og_site_name":"Lago di Como e Valsassina","article_publisher":"https:\/\/www.facebook.com\/montagnelagodicomo","article_published_time":"2020-01-23T12:12:09+00:00","article_modified_time":"2020-03-25T16:37:37+00:00","og_image":[{"url":"https:\/\/www.montagnelagodicomo.it\/wp-content\/uploads\/2019\/11\/LE-Vie-del-Viandante_prova.jpg","type":"","width":"","height":""}],"author":"montagne","twitter_card":"summary_large_image","twitter_creator":"@MontagneLago","twitter_site":"@MontagneLago","twitter_misc":{"\u00c9crit par":"montagne","Dur\u00e9e de lecture estim\u00e9e":"4 minutes"},"schema":{"@context":"https:\/\/schema.org","@graph":[{"@type":"Article","@id":"https:\/\/www.montagnelagodicomo.it\/2020\/01\/23\/borsa-locale-del-turismo-lariano-conferenza-stampa\/#article","isPartOf":{"@id":"https:\/\/www.montagnelagodicomo.it\/2020\/01\/23\/borsa-locale-del-turismo-lariano-conferenza-stampa\/"},"author":{"name":"montagne","@id":"https:\/\/www.montagnelagodicomo.it\/#\/schema\/person\/e29d7922634eb034bc4083a91cad0954"},"headline":"Borsa Locale del Turismo Lariano &#8211; conferenza stampa","datePublished":"2020-01-23T12:12:09+00:00","dateModified":"2020-03-25T16:37:37+00:00","mainEntityOfPage":{"@id":"https:\/\/www.montagnelagodicomo.it\/2020\/01\/23\/borsa-locale-del-turismo-lariano-conferenza-stampa\/"},"wordCount":853,"commentCount":0,"publisher":{"@id":"https:\/\/www.montagnelagodicomo.it\/#organization"},"image":{"@id":"https:\/\/www.montagnelagodicomo.it\/2020\/01\/23\/borsa-locale-del-turismo-lariano-conferenza-stampa\/#primaryimage"},"thumbnailUrl":"https:\/\/www.montagnelagodicomo.it\/wp-content\/uploads\/2019\/11\/LE-Vie-del-Viandante_prova.jpg","articleSection":["Ultima ora"],"inLanguage":"fr-FR","potentialAction":[{"@type":"CommentAction","name":"Comment","target":["https:\/\/www.montagnelagodicomo.it\/2020\/01\/23\/borsa-locale-del-turismo-lariano-conferenza-stampa\/#respond"]}]},{"@type":"WebPage","@id":"https:\/\/www.montagnelagodicomo.it\/2020\/01\/23\/borsa-locale-del-turismo-lariano-conferenza-stampa\/","url":"https:\/\/www.montagnelagodicomo.it\/2020\/01\/23\/borsa-locale-del-turismo-lariano-conferenza-stampa\/","name":"Borsa Locale del Turismo Lariano - conferenza stampa - Lago di Como e Valsassina","isPartOf":{"@id":"https:\/\/www.montagnelagodicomo.it\/#website"},"primaryImageOfPage":{"@id":"https:\/\/www.montagnelagodicomo.it\/2020\/01\/23\/borsa-locale-del-turismo-lariano-conferenza-stampa\/#primaryimage"},"image":{"@id":"https:\/\/www.montagnelagodicomo.it\/2020\/01\/23\/borsa-locale-del-turismo-lariano-conferenza-stampa\/#primaryimage"},"thumbnailUrl":"https:\/\/www.montagnelagodicomo.it\/wp-content\/uploads\/2019\/11\/LE-Vie-del-Viandante_prova.jpg","datePublished":"2020-01-23T12:12:09+00:00","dateModified":"2020-03-25T16:37:37+00:00","breadcrumb":{"@id":"https:\/\/www.montagnelagodicomo.it\/2020\/01\/23\/borsa-locale-del-turismo-lariano-conferenza-stampa\/#breadcrumb"},"inLanguage":"fr-FR","potentialAction":[{"@type":"ReadAction","target":["https:\/\/www.montagnelagodicomo.it\/2020\/01\/23\/borsa-locale-del-turismo-lariano-conferenza-stampa\/"]}]},{"@type":"ImageObject","inLanguage":"fr-FR","@id":"https:\/\/www.montagnelagodicomo.it\/2020\/01\/23\/borsa-locale-del-turismo-lariano-conferenza-stampa\/#primaryimage","url":"https:\/\/www.montagnelagodicomo.it\/wp-content\/uploads\/2019\/11\/LE-Vie-del-Viandante_prova.jpg","contentUrl":"https:\/\/www.montagnelagodicomo.it\/wp-content\/uploads\/2019\/11\/LE-Vie-del-Viandante_prova.jpg"},{"@type":"BreadcrumbList","@id":"https:\/\/www.montagnelagodicomo.it\/2020\/01\/23\/borsa-locale-del-turismo-lariano-conferenza-stampa\/#breadcrumb","itemListElement":[{"@type":"ListItem","position":1,"name":"Home","item":"https:\/\/www.montagnelagodicomo.it\/fr\/"},{"@type":"ListItem","position":2,"name":"Borsa Locale del Turismo Lariano &#8211; conferenza stampa"}]},{"@type":"WebSite","@id":"https:\/\/www.montagnelagodicomo.it\/#website","url":"https:\/\/www.montagnelagodicomo.it\/","name":"Lago di Como e Valsassina","description":"","publisher":{"@id":"https:\/\/www.montagnelagodicomo.it\/#organization"},"potentialAction":[{"@type":"SearchAction","target":{"@type":"EntryPoint","urlTemplate":"https:\/\/www.montagnelagodicomo.it\/?s={search_term_string}"},"query-input":{"@type":"PropertyValueSpecification","valueRequired":true,"valueName":"search_term_string"}}],"inLanguage":"fr-FR"},{"@type":"Organization","@id":"https:\/\/www.montagnelagodicomo.it\/#organization","name":"Montagne del Lago di Como","url":"https:\/\/www.montagnelagodicomo.it\/","logo":{"@type":"ImageObject","inLanguage":"fr-FR","@id":"https:\/\/www.montagnelagodicomo.it\/#\/schema\/logo\/image\/","url":"https:\/\/www.montagnelagodicomo.it\/wp-content\/uploads\/2016\/07\/DEF_Montagne_LagodiComo_04112015_png.png","contentUrl":"https:\/\/www.montagnelagodicomo.it\/wp-content\/uploads\/2016\/07\/DEF_Montagne_LagodiComo_04112015_png.png","width":2997,"height":835,"caption":"Montagne del Lago di Como"},"image":{"@id":"https:\/\/www.montagnelagodicomo.it\/#\/schema\/logo\/image\/"},"sameAs":["https:\/\/www.facebook.com\/montagnelagodicomo","https:\/\/x.com\/MontagneLago","https:\/\/www.youtube.com\/channel\/UCDoxghWmgQnHlQ78rzZuUjA"]},{"@type":"Person","@id":"https:\/\/www.montagnelagodicomo.it\/#\/schema\/person\/e29d7922634eb034bc4083a91cad0954","name":"montagne","image":{"@type":"ImageObject","inLanguage":"fr-FR","@id":"https:\/\/www.montagnelagodicomo.it\/#\/schema\/person\/image\/","url":"https:\/\/secure.gravatar.com\/avatar\/ea758e56c15e5aff2449e6dbda52d15b66f73260605c6968eff333359d31b7ee?s=96&d=mm&r=g","contentUrl":"https:\/\/secure.gravatar.com\/avatar\/ea758e56c15e5aff2449e6dbda52d15b66f73260605c6968eff333359d31b7ee?s=96&d=mm&r=g","caption":"montagne"},"url":"https:\/\/www.montagnelagodicomo.it\/fr\/author\/montagne\/"}]}},"_links":{"self":[{"href":"https:\/\/www.montagnelagodicomo.it\/fr\/wp-json\/wp\/v2\/posts\/63457","targetHints":{"allow":["GET"]}}],"collection":[{"href":"https:\/\/www.montagnelagodicomo.it\/fr\/wp-json\/wp\/v2\/posts"}],"about":[{"href":"https:\/\/www.montagnelagodicomo.it\/fr\/wp-json\/wp\/v2\/types\/post"}],"author":[{"embeddable":true,"href":"https:\/\/www.montagnelagodicomo.it\/fr\/wp-json\/wp\/v2\/users\/1"}],"replies":[{"embeddable":true,"href":"https:\/\/www.montagnelagodicomo.it\/fr\/wp-json\/wp\/v2\/comments?post=63457"}],"version-history":[{"count":1,"href":"https:\/\/www.montagnelagodicomo.it\/fr\/wp-json\/wp\/v2\/posts\/63457\/revisions"}],"predecessor-version":[{"id":63458,"href":"https:\/\/www.montagnelagodicomo.it\/fr\/wp-json\/wp\/v2\/posts\/63457\/revisions\/63458"}],"wp:attachment":[{"href":"https:\/\/www.montagnelagodicomo.it\/fr\/wp-json\/wp\/v2\/media?parent=63457"}],"wp:term":[{"taxonomy":"category","embeddable":true,"href":"https:\/\/www.montagnelagodicomo.it\/fr\/wp-json\/wp\/v2\/categories?post=63457"},{"taxonomy":"post_tag","embeddable":true,"href":"https:\/\/www.montagnelagodicomo.it\/fr\/wp-json\/wp\/v2\/tags?post=63457"}],"curies":[{"name":"wp","href":"https:\/\/api.w.org\/{rel}","templated":true}]}}