{"id":69352,"date":"2020-08-31T09:17:06","date_gmt":"2020-08-31T07:17:06","guid":{"rendered":"https:\/\/www.montagnelagodicomo.it\/?p=69352"},"modified":"2020-08-31T09:17:06","modified_gmt":"2020-08-31T07:17:06","slug":"magico-settembre","status":"publish","type":"post","link":"https:\/\/www.montagnelagodicomo.it\/fr\/2020\/08\/31\/magico-settembre\/","title":{"rendered":"Magico settembre"},"content":{"rendered":"<figure id=\"attachment_69353\" aria-describedby=\"caption-attachment-69353\" style=\"width: 680px\" class=\"wp-caption aligncenter\"><a href=\"https:\/\/h7c8.emailsp.com\/f\/rnl.aspx\/?mje=u_ur23c&amp;kl=uzek-=sxz\/z:e7&amp;d=k&amp;6:v&amp;x=pp&amp;wyegeg8&amp;x=pv&amp;e7d8-b&amp;a9beg6&amp;l3.6k=yxxzNCLM\" target=\"_blank\" rel=\"noopener noreferrer\"><img fetchpriority=\"high\" decoding=\"async\" class=\"wp-image-69353 size-full\" src=\"https:\/\/www.montagnelagodicomo.it\/wp-content\/uploads\/2020\/08\/MLC_newsletter-settembre-2020.png\" alt=\"\" width=\"680\" height=\"390\" srcset=\"https:\/\/www.montagnelagodicomo.it\/wp-content\/uploads\/2020\/08\/MLC_newsletter-settembre-2020.png 680w, https:\/\/www.montagnelagodicomo.it\/wp-content\/uploads\/2020\/08\/MLC_newsletter-settembre-2020-300x172.png 300w\" sizes=\"(max-width: 680px) 100vw, 680px\" \/><\/a><figcaption id=\"caption-attachment-69353\" class=\"wp-caption-text\">Clicca sulla foto per leggere la nostra Newsletter di Settembre 2020<\/figcaption><\/figure>\n<p>&nbsp;<\/p>\n<p>Cari amici, \u00e8 arrivato settembre e come recita la famosa canzone \u201cl&rsquo;estate sta finendo\u201d.<\/p>\n<p><b>La nostra estate \u00e8 stata ricca di presenze:<\/b> moltissimi di voi hanno scelto le Montagne del Lago di Como per le vacanze. E&rsquo; stato bello conoscervi e siamo felici di avervi ospitato al lago e sui monti. Vogliamo ringraziarvi per aver condiviso le vostre esperienze, con racconti, fotografie e video.<\/p>\n<p><b>Un magico settembre ci attende. <\/b>I pi\u00f9 fortunati di voi sono ancora in vacanza o addirittura inizieranno ora, altri si godranno weekend, brevi soggiorni o gite di giornata. Ci attende un periodo di relax, in cui le giornate si fanno pi\u00f9 fresche e i colori lentamente si trasformano.<\/p>\n<p><b>E&rsquo; un settembre da vivere in modo slow,<\/b> dedicando il tempo giusto alle esperienze, per entrare in contatto con le tradizioni, la cultura e i sapori delle Montagne del Lago di Como. E&rsquo; il periodo ideale per le attivit\u00e0 all&rsquo;aria aperta, le camminate, le escursioni alla scoperta dei piccoli borghi, le gite in battello e la visita delle ville del Lario con i loro stupendi giardini.<\/p>\n<p>I nostri ristoranti, agriturismi e rifugi sono pronti con i men\u00f9 dei <b>Weekend dei Sapori d&rsquo;Autunno 2020<\/b>, la rassegna gastronomica dedicata ai prodotti genuini, che ci accompagner\u00e0 fino a novembre. E&rsquo; un invito a venirci a trovare e a godere i piaceri della buona tavola.<\/p>\n<p><b>Il nostro staff \u00e8 a vostra disposizione tutto l&rsquo;anno <\/b>per prenotazioni, suggerimenti e consigli. Durante l&rsquo;estate vi abbiamo accompagnato quotidianamente, al telefono e via email, per aiutarvi a scegliere percorsi, esperienze a prenotare camere, pasti e approfittare delle offerte commerciali dei nostri operatori. E&rsquo; stato un piacere! Continuate a contattarci e a seguirci tramite il sito <a href=\"http:\/\/www.montagnelagodicomo.it\/\">www.montagnelagodicomo.it<\/a> e i nostri canali social per rimanere aggiornati sulle prossime novit\u00e0.<\/p>\n<p><b>Buon settembre a tutti, dalle Montagne del Lago di Como!<\/b><\/p>\n<p><strong>Il Presidente \u2013 Stefano Gianola<\/strong><\/p>\n<p>&nbsp;<\/p>\n<p style=\"text-align: left;\"><span style=\"color: #ff6600;\"><strong>Non sei iscritto alla nostra newsletter mensile? Puoi farlo direttamente dal sito! Compila il modulo che trovi in fondo alla pagina con i tuoi dati: riceverai gratuitamente i nostri eventi e le nostre proposte sulla tua email. Potrai annullare l&rsquo;iscrizione quando vuoi. <\/strong><\/span><\/p>\n","protected":false},"excerpt":{"rendered":"<p>&nbsp; Cari amici, \u00e8 arrivato settembre e come recita la famosa canzone \u201cl&rsquo;estate sta finendo\u201d. La nostra estate \u00e8 stata ricca di presenze: moltissimi di voi hanno scelto le Montagne del Lago di Como per le vacanze. E&rsquo; stato bello conoscervi e siamo felici di avervi ospitato al lago e sui monti. Vogliamo ringraziarvi per [&hellip;]<\/p>\n","protected":false},"author":1,"featured_media":69357,"comment_status":"open","ping_status":"open","sticky":false,"template":"","format":"standard","meta":{"_acf_changed":false,"footnotes":""},"categories":[146],"tags":[],"class_list":["post-69352","post","type-post","status-publish","format-standard","has-post-thumbnail","hentry","category-ultima-ora"],"acf":[],"yoast_head":"<!-- This site is optimized with the Yoast SEO plugin v25.0 - https:\/\/yoast.com\/wordpress\/plugins\/seo\/ -->\n<title>Magico settembre - Lago di Como e Valsassina<\/title>\n<meta name=\"robots\" content=\"index, follow, max-snippet:-1, max-image-preview:large, max-video-preview:-1\" \/>\n<link rel=\"canonical\" href=\"https:\/\/www.montagnelagodicomo.it\/2020\/08\/31\/magico-settembre\/\" \/>\n<meta property=\"og:locale\" content=\"fr_FR\" \/>\n<meta property=\"og:type\" content=\"article\" \/>\n<meta property=\"og:title\" content=\"Magico settembre - Lago di Como e Valsassina\" \/>\n<meta property=\"og:description\" content=\"&nbsp; Cari amici, \u00e8 arrivato settembre e come recita la famosa canzone \u201cl&rsquo;estate sta finendo\u201d. La nostra estate \u00e8 stata ricca di presenze: moltissimi di voi hanno scelto le Montagne del Lago di Como per le vacanze. E&rsquo; stato bello conoscervi e siamo felici di avervi ospitato al lago e sui monti. Vogliamo ringraziarvi per [&hellip;]\" \/>\n<meta property=\"og:url\" content=\"https:\/\/www.montagnelagodicomo.it\/2020\/08\/31\/magico-settembre\/\" \/>\n<meta property=\"og:site_name\" content=\"Lago di Como e Valsassina\" \/>\n<meta property=\"article:publisher\" content=\"https:\/\/www.facebook.com\/montagnelagodicomo\" \/>\n<meta property=\"article:published_time\" content=\"2020-08-31T07:17:06+00:00\" \/>\n<meta property=\"og:image\" content=\"https:\/\/www.montagnelagodicomo.it\/wp-content\/uploads\/2020\/08\/MLC_settembre-2020_banner-quadrato.png\" \/>\n\t<meta property=\"og:image:width\" content=\"600\" \/>\n\t<meta property=\"og:image:height\" content=\"600\" \/>\n\t<meta property=\"og:image:type\" content=\"image\/png\" \/>\n<meta name=\"author\" content=\"montagne\" \/>\n<meta name=\"twitter:card\" content=\"summary_large_image\" \/>\n<meta name=\"twitter:creator\" content=\"@MontagneLago\" \/>\n<meta name=\"twitter:site\" content=\"@MontagneLago\" \/>\n<meta name=\"twitter:label1\" content=\"\u00c9crit par\" \/>\n\t<meta name=\"twitter:data1\" content=\"montagne\" \/>\n\t<meta name=\"twitter:label2\" content=\"Dur\u00e9e de lecture estim\u00e9e\" \/>\n\t<meta name=\"twitter:data2\" content=\"2 minutes\" \/>\n<script type=\"application\/ld+json\" class=\"yoast-schema-graph\">{\"@context\":\"https:\/\/schema.org\",\"@graph\":[{\"@type\":\"Article\",\"@id\":\"https:\/\/www.montagnelagodicomo.it\/2020\/08\/31\/magico-settembre\/#article\",\"isPartOf\":{\"@id\":\"https:\/\/www.montagnelagodicomo.it\/2020\/08\/31\/magico-settembre\/\"},\"author\":{\"name\":\"montagne\",\"@id\":\"https:\/\/www.montagnelagodicomo.it\/#\/schema\/person\/e29d7922634eb034bc4083a91cad0954\"},\"headline\":\"Magico settembre\",\"datePublished\":\"2020-08-31T07:17:06+00:00\",\"mainEntityOfPage\":{\"@id\":\"https:\/\/www.montagnelagodicomo.it\/2020\/08\/31\/magico-settembre\/\"},\"wordCount\":366,\"commentCount\":0,\"publisher\":{\"@id\":\"https:\/\/www.montagnelagodicomo.it\/#organization\"},\"image\":{\"@id\":\"https:\/\/www.montagnelagodicomo.it\/2020\/08\/31\/magico-settembre\/#primaryimage\"},\"thumbnailUrl\":\"https:\/\/www.montagnelagodicomo.it\/wp-content\/uploads\/2020\/08\/MLC_settembre-2020_banner-quadrato.png\",\"articleSection\":[\"Ultima ora\"],\"inLanguage\":\"fr-FR\",\"potentialAction\":[{\"@type\":\"CommentAction\",\"name\":\"Comment\",\"target\":[\"https:\/\/www.montagnelagodicomo.it\/2020\/08\/31\/magico-settembre\/#respond\"]}]},{\"@type\":\"WebPage\",\"@id\":\"https:\/\/www.montagnelagodicomo.it\/2020\/08\/31\/magico-settembre\/\",\"url\":\"https:\/\/www.montagnelagodicomo.it\/2020\/08\/31\/magico-settembre\/\",\"name\":\"Magico settembre - Lago di Como e Valsassina\",\"isPartOf\":{\"@id\":\"https:\/\/www.montagnelagodicomo.it\/#website\"},\"primaryImageOfPage\":{\"@id\":\"https:\/\/www.montagnelagodicomo.it\/2020\/08\/31\/magico-settembre\/#primaryimage\"},\"image\":{\"@id\":\"https:\/\/www.montagnelagodicomo.it\/2020\/08\/31\/magico-settembre\/#primaryimage\"},\"thumbnailUrl\":\"https:\/\/www.montagnelagodicomo.it\/wp-content\/uploads\/2020\/08\/MLC_settembre-2020_banner-quadrato.png\",\"datePublished\":\"2020-08-31T07:17:06+00:00\",\"breadcrumb\":{\"@id\":\"https:\/\/www.montagnelagodicomo.it\/2020\/08\/31\/magico-settembre\/#breadcrumb\"},\"inLanguage\":\"fr-FR\",\"potentialAction\":[{\"@type\":\"ReadAction\",\"target\":[\"https:\/\/www.montagnelagodicomo.it\/2020\/08\/31\/magico-settembre\/\"]}]},{\"@type\":\"ImageObject\",\"inLanguage\":\"fr-FR\",\"@id\":\"https:\/\/www.montagnelagodicomo.it\/2020\/08\/31\/magico-settembre\/#primaryimage\",\"url\":\"https:\/\/www.montagnelagodicomo.it\/wp-content\/uploads\/2020\/08\/MLC_settembre-2020_banner-quadrato.png\",\"contentUrl\":\"https:\/\/www.montagnelagodicomo.it\/wp-content\/uploads\/2020\/08\/MLC_settembre-2020_banner-quadrato.png\",\"width\":600,\"height\":600},{\"@type\":\"BreadcrumbList\",\"@id\":\"https:\/\/www.montagnelagodicomo.it\/2020\/08\/31\/magico-settembre\/#breadcrumb\",\"itemListElement\":[{\"@type\":\"ListItem\",\"position\":1,\"name\":\"Home\",\"item\":\"https:\/\/www.montagnelagodicomo.it\/fr\/\"},{\"@type\":\"ListItem\",\"position\":2,\"name\":\"Magico settembre\"}]},{\"@type\":\"WebSite\",\"@id\":\"https:\/\/www.montagnelagodicomo.it\/#website\",\"url\":\"https:\/\/www.montagnelagodicomo.it\/\",\"name\":\"Lago di Como e Valsassina\",\"description\":\"\",\"publisher\":{\"@id\":\"https:\/\/www.montagnelagodicomo.it\/#organization\"},\"potentialAction\":[{\"@type\":\"SearchAction\",\"target\":{\"@type\":\"EntryPoint\",\"urlTemplate\":\"https:\/\/www.montagnelagodicomo.it\/?s={search_term_string}\"},\"query-input\":{\"@type\":\"PropertyValueSpecification\",\"valueRequired\":true,\"valueName\":\"search_term_string\"}}],\"inLanguage\":\"fr-FR\"},{\"@type\":\"Organization\",\"@id\":\"https:\/\/www.montagnelagodicomo.it\/#organization\",\"name\":\"Montagne del Lago di Como\",\"url\":\"https:\/\/www.montagnelagodicomo.it\/\",\"logo\":{\"@type\":\"ImageObject\",\"inLanguage\":\"fr-FR\",\"@id\":\"https:\/\/www.montagnelagodicomo.it\/#\/schema\/logo\/image\/\",\"url\":\"https:\/\/www.montagnelagodicomo.it\/wp-content\/uploads\/2016\/07\/DEF_Montagne_LagodiComo_04112015_png.png\",\"contentUrl\":\"https:\/\/www.montagnelagodicomo.it\/wp-content\/uploads\/2016\/07\/DEF_Montagne_LagodiComo_04112015_png.png\",\"width\":2997,\"height\":835,\"caption\":\"Montagne del Lago di Como\"},\"image\":{\"@id\":\"https:\/\/www.montagnelagodicomo.it\/#\/schema\/logo\/image\/\"},\"sameAs\":[\"https:\/\/www.facebook.com\/montagnelagodicomo\",\"https:\/\/x.com\/MontagneLago\",\"https:\/\/www.youtube.com\/channel\/UCDoxghWmgQnHlQ78rzZuUjA\"]},{\"@type\":\"Person\",\"@id\":\"https:\/\/www.montagnelagodicomo.it\/#\/schema\/person\/e29d7922634eb034bc4083a91cad0954\",\"name\":\"montagne\",\"image\":{\"@type\":\"ImageObject\",\"inLanguage\":\"fr-FR\",\"@id\":\"https:\/\/www.montagnelagodicomo.it\/#\/schema\/person\/image\/\",\"url\":\"https:\/\/secure.gravatar.com\/avatar\/ea758e56c15e5aff2449e6dbda52d15b66f73260605c6968eff333359d31b7ee?s=96&d=mm&r=g\",\"contentUrl\":\"https:\/\/secure.gravatar.com\/avatar\/ea758e56c15e5aff2449e6dbda52d15b66f73260605c6968eff333359d31b7ee?s=96&d=mm&r=g\",\"caption\":\"montagne\"},\"url\":\"https:\/\/www.montagnelagodicomo.it\/fr\/author\/montagne\/\"}]}<\/script>\n<!-- \/ Yoast SEO plugin. -->","yoast_head_json":{"title":"Magico settembre - Lago di Como e Valsassina","robots":{"index":"index","follow":"follow","max-snippet":"max-snippet:-1","max-image-preview":"max-image-preview:large","max-video-preview":"max-video-preview:-1"},"canonical":"https:\/\/www.montagnelagodicomo.it\/2020\/08\/31\/magico-settembre\/","og_locale":"fr_FR","og_type":"article","og_title":"Magico settembre - Lago di Como e Valsassina","og_description":"&nbsp; Cari amici, \u00e8 arrivato settembre e come recita la famosa canzone \u201cl&rsquo;estate sta finendo\u201d. La nostra estate \u00e8 stata ricca di presenze: moltissimi di voi hanno scelto le Montagne del Lago di Como per le vacanze. E&rsquo; stato bello conoscervi e siamo felici di avervi ospitato al lago e sui monti. Vogliamo ringraziarvi per [&hellip;]","og_url":"https:\/\/www.montagnelagodicomo.it\/2020\/08\/31\/magico-settembre\/","og_site_name":"Lago di Como e Valsassina","article_publisher":"https:\/\/www.facebook.com\/montagnelagodicomo","article_published_time":"2020-08-31T07:17:06+00:00","og_image":[{"width":600,"height":600,"url":"https:\/\/www.montagnelagodicomo.it\/wp-content\/uploads\/2020\/08\/MLC_settembre-2020_banner-quadrato.png","type":"image\/png"}],"author":"montagne","twitter_card":"summary_large_image","twitter_creator":"@MontagneLago","twitter_site":"@MontagneLago","twitter_misc":{"\u00c9crit par":"montagne","Dur\u00e9e de lecture estim\u00e9e":"2 minutes"},"schema":{"@context":"https:\/\/schema.org","@graph":[{"@type":"Article","@id":"https:\/\/www.montagnelagodicomo.it\/2020\/08\/31\/magico-settembre\/#article","isPartOf":{"@id":"https:\/\/www.montagnelagodicomo.it\/2020\/08\/31\/magico-settembre\/"},"author":{"name":"montagne","@id":"https:\/\/www.montagnelagodicomo.it\/#\/schema\/person\/e29d7922634eb034bc4083a91cad0954"},"headline":"Magico settembre","datePublished":"2020-08-31T07:17:06+00:00","mainEntityOfPage":{"@id":"https:\/\/www.montagnelagodicomo.it\/2020\/08\/31\/magico-settembre\/"},"wordCount":366,"commentCount":0,"publisher":{"@id":"https:\/\/www.montagnelagodicomo.it\/#organization"},"image":{"@id":"https:\/\/www.montagnelagodicomo.it\/2020\/08\/31\/magico-settembre\/#primaryimage"},"thumbnailUrl":"https:\/\/www.montagnelagodicomo.it\/wp-content\/uploads\/2020\/08\/MLC_settembre-2020_banner-quadrato.png","articleSection":["Ultima ora"],"inLanguage":"fr-FR","potentialAction":[{"@type":"CommentAction","name":"Comment","target":["https:\/\/www.montagnelagodicomo.it\/2020\/08\/31\/magico-settembre\/#respond"]}]},{"@type":"WebPage","@id":"https:\/\/www.montagnelagodicomo.it\/2020\/08\/31\/magico-settembre\/","url":"https:\/\/www.montagnelagodicomo.it\/2020\/08\/31\/magico-settembre\/","name":"Magico settembre - Lago di Como e Valsassina","isPartOf":{"@id":"https:\/\/www.montagnelagodicomo.it\/#website"},"primaryImageOfPage":{"@id":"https:\/\/www.montagnelagodicomo.it\/2020\/08\/31\/magico-settembre\/#primaryimage"},"image":{"@id":"https:\/\/www.montagnelagodicomo.it\/2020\/08\/31\/magico-settembre\/#primaryimage"},"thumbnailUrl":"https:\/\/www.montagnelagodicomo.it\/wp-content\/uploads\/2020\/08\/MLC_settembre-2020_banner-quadrato.png","datePublished":"2020-08-31T07:17:06+00:00","breadcrumb":{"@id":"https:\/\/www.montagnelagodicomo.it\/2020\/08\/31\/magico-settembre\/#breadcrumb"},"inLanguage":"fr-FR","potentialAction":[{"@type":"ReadAction","target":["https:\/\/www.montagnelagodicomo.it\/2020\/08\/31\/magico-settembre\/"]}]},{"@type":"ImageObject","inLanguage":"fr-FR","@id":"https:\/\/www.montagnelagodicomo.it\/2020\/08\/31\/magico-settembre\/#primaryimage","url":"https:\/\/www.montagnelagodicomo.it\/wp-content\/uploads\/2020\/08\/MLC_settembre-2020_banner-quadrato.png","contentUrl":"https:\/\/www.montagnelagodicomo.it\/wp-content\/uploads\/2020\/08\/MLC_settembre-2020_banner-quadrato.png","width":600,"height":600},{"@type":"BreadcrumbList","@id":"https:\/\/www.montagnelagodicomo.it\/2020\/08\/31\/magico-settembre\/#breadcrumb","itemListElement":[{"@type":"ListItem","position":1,"name":"Home","item":"https:\/\/www.montagnelagodicomo.it\/fr\/"},{"@type":"ListItem","position":2,"name":"Magico settembre"}]},{"@type":"WebSite","@id":"https:\/\/www.montagnelagodicomo.it\/#website","url":"https:\/\/www.montagnelagodicomo.it\/","name":"Lago di Como e Valsassina","description":"","publisher":{"@id":"https:\/\/www.montagnelagodicomo.it\/#organization"},"potentialAction":[{"@type":"SearchAction","target":{"@type":"EntryPoint","urlTemplate":"https:\/\/www.montagnelagodicomo.it\/?s={search_term_string}"},"query-input":{"@type":"PropertyValueSpecification","valueRequired":true,"valueName":"search_term_string"}}],"inLanguage":"fr-FR"},{"@type":"Organization","@id":"https:\/\/www.montagnelagodicomo.it\/#organization","name":"Montagne del Lago di Como","url":"https:\/\/www.montagnelagodicomo.it\/","logo":{"@type":"ImageObject","inLanguage":"fr-FR","@id":"https:\/\/www.montagnelagodicomo.it\/#\/schema\/logo\/image\/","url":"https:\/\/www.montagnelagodicomo.it\/wp-content\/uploads\/2016\/07\/DEF_Montagne_LagodiComo_04112015_png.png","contentUrl":"https:\/\/www.montagnelagodicomo.it\/wp-content\/uploads\/2016\/07\/DEF_Montagne_LagodiComo_04112015_png.png","width":2997,"height":835,"caption":"Montagne del Lago di Como"},"image":{"@id":"https:\/\/www.montagnelagodicomo.it\/#\/schema\/logo\/image\/"},"sameAs":["https:\/\/www.facebook.com\/montagnelagodicomo","https:\/\/x.com\/MontagneLago","https:\/\/www.youtube.com\/channel\/UCDoxghWmgQnHlQ78rzZuUjA"]},{"@type":"Person","@id":"https:\/\/www.montagnelagodicomo.it\/#\/schema\/person\/e29d7922634eb034bc4083a91cad0954","name":"montagne","image":{"@type":"ImageObject","inLanguage":"fr-FR","@id":"https:\/\/www.montagnelagodicomo.it\/#\/schema\/person\/image\/","url":"https:\/\/secure.gravatar.com\/avatar\/ea758e56c15e5aff2449e6dbda52d15b66f73260605c6968eff333359d31b7ee?s=96&d=mm&r=g","contentUrl":"https:\/\/secure.gravatar.com\/avatar\/ea758e56c15e5aff2449e6dbda52d15b66f73260605c6968eff333359d31b7ee?s=96&d=mm&r=g","caption":"montagne"},"url":"https:\/\/www.montagnelagodicomo.it\/fr\/author\/montagne\/"}]}},"_links":{"self":[{"href":"https:\/\/www.montagnelagodicomo.it\/fr\/wp-json\/wp\/v2\/posts\/69352","targetHints":{"allow":["GET"]}}],"collection":[{"href":"https:\/\/www.montagnelagodicomo.it\/fr\/wp-json\/wp\/v2\/posts"}],"about":[{"href":"https:\/\/www.montagnelagodicomo.it\/fr\/wp-json\/wp\/v2\/types\/post"}],"author":[{"embeddable":true,"href":"https:\/\/www.montagnelagodicomo.it\/fr\/wp-json\/wp\/v2\/users\/1"}],"replies":[{"embeddable":true,"href":"https:\/\/www.montagnelagodicomo.it\/fr\/wp-json\/wp\/v2\/comments?post=69352"}],"version-history":[{"count":3,"href":"https:\/\/www.montagnelagodicomo.it\/fr\/wp-json\/wp\/v2\/posts\/69352\/revisions"}],"predecessor-version":[{"id":69364,"href":"https:\/\/www.montagnelagodicomo.it\/fr\/wp-json\/wp\/v2\/posts\/69352\/revisions\/69364"}],"wp:featuredmedia":[{"embeddable":true,"href":"https:\/\/www.montagnelagodicomo.it\/fr\/wp-json\/wp\/v2\/media\/69357"}],"wp:attachment":[{"href":"https:\/\/www.montagnelagodicomo.it\/fr\/wp-json\/wp\/v2\/media?parent=69352"}],"wp:term":[{"taxonomy":"category","embeddable":true,"href":"https:\/\/www.montagnelagodicomo.it\/fr\/wp-json\/wp\/v2\/categories?post=69352"},{"taxonomy":"post_tag","embeddable":true,"href":"https:\/\/www.montagnelagodicomo.it\/fr\/wp-json\/wp\/v2\/tags?post=69352"}],"curies":[{"name":"wp","href":"https:\/\/api.w.org\/{rel}","templated":true}]}}