{"id":78650,"date":"2021-12-01T10:07:38","date_gmt":"2021-12-01T09:07:38","guid":{"rendered":"https:\/\/www.montagnelagodicomo.it\/2021\/12\/01\/apertura-impianti-sciistici-piani-di-bobbio-1-dicembre-2018\/"},"modified":"2021-12-01T12:03:57","modified_gmt":"2021-12-01T11:03:57","slug":"apertura-impianti-sciistici-piani-di-bobbio-4-dicembre-2021","status":"publish","type":"post","link":"https:\/\/www.montagnelagodicomo.it\/fr\/2021\/12\/01\/apertura-impianti-sciistici-piani-di-bobbio-4-dicembre-2021\/","title":{"rendered":"Apertura impianti sciistici Piani di Bobbio 4 dicembre 2021"},"content":{"rendered":"<p><img fetchpriority=\"high\" decoding=\"async\" class=\"wp-image-78652 size-full aligncenter\" src=\"https:\/\/www.montagnelagodicomo.it\/wp-content\/uploads\/2021\/12\/2021-12-04-Apertura-Bobbio.png\" alt=\"\" width=\"623\" height=\"380\" srcset=\"https:\/\/www.montagnelagodicomo.it\/wp-content\/uploads\/2021\/12\/2021-12-04-Apertura-Bobbio.png 623w, https:\/\/www.montagnelagodicomo.it\/wp-content\/uploads\/2021\/12\/2021-12-04-Apertura-Bobbio-300x183.png 300w\" sizes=\"(max-width: 623px) 100vw, 623px\" \/><\/p>\n<p style=\"text-align: left;\">Ai Piani di Bobbio si ri-parte con i fiocchi!<\/p>\n<p>Con piacere vi cominichiamo <strong>l&rsquo;apertura ufficale del comprensorio sciistico Piani di Bobbio &#8211; Valtorta a partire da Sabato 4 dicembre 2021.<\/strong><\/p>\n<p>La neve \u00e8 arrivata e i rifugi, le scuole di sci, i noleggi e le strutture ricettive non vedono l&rsquo;ora di riaccogliervi.<\/p>\n<p>Visitate il sito <a href=\"https:\/\/www.pianidibobbio.com\/it\/home\">www.pianidibobbio.com<\/a> per maggiori informazioni e in particolare sulle <a href=\"https:\/\/www.pianidibobbio.com\/it\/news\/987-stagione-2021-2022-regole-anti-covid\">normative Covid<\/a>.<\/p>\n<p>Per prenotazioni, consigli e informazioni, non esitate a contattare lo staff di Montagne Lago di Como<\/p>\n<p>&nbsp;<\/p>\n<p><img decoding=\"async\" class=\"alignnone size-medium wp-image-78659\" src=\"https:\/\/www.montagnelagodicomo.it\/wp-content\/uploads\/2021\/12\/Bobbio-stagione-2021-2022_1-300x300.jpg\" alt=\"\" width=\"300\" height=\"300\" srcset=\"https:\/\/www.montagnelagodicomo.it\/wp-content\/uploads\/2021\/12\/Bobbio-stagione-2021-2022_1-300x300.jpg 300w, https:\/\/www.montagnelagodicomo.it\/wp-content\/uploads\/2021\/12\/Bobbio-stagione-2021-2022_1-150x150.jpg 150w, https:\/\/www.montagnelagodicomo.it\/wp-content\/uploads\/2021\/12\/Bobbio-stagione-2021-2022_1-768x768.jpg 768w, https:\/\/www.montagnelagodicomo.it\/wp-content\/uploads\/2021\/12\/Bobbio-stagione-2021-2022_1.jpg 945w\" sizes=\"(max-width: 300px) 100vw, 300px\" \/> <img decoding=\"async\" class=\"alignnone size-medium wp-image-78663\" src=\"https:\/\/www.montagnelagodicomo.it\/wp-content\/uploads\/2021\/12\/Bobbio-stagione-2021-2022_2-300x300.jpg\" alt=\"\" width=\"300\" height=\"300\" srcset=\"https:\/\/www.montagnelagodicomo.it\/wp-content\/uploads\/2021\/12\/Bobbio-stagione-2021-2022_2-300x300.jpg 300w, https:\/\/www.montagnelagodicomo.it\/wp-content\/uploads\/2021\/12\/Bobbio-stagione-2021-2022_2-150x150.jpg 150w, https:\/\/www.montagnelagodicomo.it\/wp-content\/uploads\/2021\/12\/Bobbio-stagione-2021-2022_2-768x768.jpg 768w, https:\/\/www.montagnelagodicomo.it\/wp-content\/uploads\/2021\/12\/Bobbio-stagione-2021-2022_2.jpg 945w\" sizes=\"(max-width: 300px) 100vw, 300px\" \/> <img loading=\"lazy\" decoding=\"async\" class=\"alignnone size-medium wp-image-78667\" src=\"https:\/\/www.montagnelagodicomo.it\/wp-content\/uploads\/2021\/12\/Bobbio-stagione-2021-2022_3-300x300.jpg\" alt=\"\" width=\"300\" height=\"300\" srcset=\"https:\/\/www.montagnelagodicomo.it\/wp-content\/uploads\/2021\/12\/Bobbio-stagione-2021-2022_3-300x300.jpg 300w, https:\/\/www.montagnelagodicomo.it\/wp-content\/uploads\/2021\/12\/Bobbio-stagione-2021-2022_3-150x150.jpg 150w, https:\/\/www.montagnelagodicomo.it\/wp-content\/uploads\/2021\/12\/Bobbio-stagione-2021-2022_3-768x768.jpg 768w, https:\/\/www.montagnelagodicomo.it\/wp-content\/uploads\/2021\/12\/Bobbio-stagione-2021-2022_3.jpg 945w\" sizes=\"(max-width: 300px) 100vw, 300px\" \/>\u00a0\u00a0<img loading=\"lazy\" decoding=\"async\" class=\"alignnone size-medium wp-image-78671\" src=\"https:\/\/www.montagnelagodicomo.it\/wp-content\/uploads\/2021\/12\/Bobbio-stagione-2021-2022_4-300x300.jpg\" alt=\"\" width=\"300\" height=\"300\" srcset=\"https:\/\/www.montagnelagodicomo.it\/wp-content\/uploads\/2021\/12\/Bobbio-stagione-2021-2022_4-300x300.jpg 300w, https:\/\/www.montagnelagodicomo.it\/wp-content\/uploads\/2021\/12\/Bobbio-stagione-2021-2022_4-150x150.jpg 150w, https:\/\/www.montagnelagodicomo.it\/wp-content\/uploads\/2021\/12\/Bobbio-stagione-2021-2022_4-768x768.jpg 768w, https:\/\/www.montagnelagodicomo.it\/wp-content\/uploads\/2021\/12\/Bobbio-stagione-2021-2022_4.jpg 945w\" sizes=\"(max-width: 300px) 100vw, 300px\" \/> <img loading=\"lazy\" decoding=\"async\" class=\"alignnone size-medium wp-image-78675\" src=\"https:\/\/www.montagnelagodicomo.it\/wp-content\/uploads\/2021\/12\/Bobbio-stagione-2021-2022_5-300x300.jpg\" alt=\"\" width=\"300\" height=\"300\" srcset=\"https:\/\/www.montagnelagodicomo.it\/wp-content\/uploads\/2021\/12\/Bobbio-stagione-2021-2022_5-300x300.jpg 300w, https:\/\/www.montagnelagodicomo.it\/wp-content\/uploads\/2021\/12\/Bobbio-stagione-2021-2022_5-150x150.jpg 150w, https:\/\/www.montagnelagodicomo.it\/wp-content\/uploads\/2021\/12\/Bobbio-stagione-2021-2022_5-768x768.jpg 768w, https:\/\/www.montagnelagodicomo.it\/wp-content\/uploads\/2021\/12\/Bobbio-stagione-2021-2022_5.jpg 945w\" sizes=\"(max-width: 300px) 100vw, 300px\" \/> <img loading=\"lazy\" decoding=\"async\" class=\"alignnone size-medium wp-image-78679\" src=\"https:\/\/www.montagnelagodicomo.it\/wp-content\/uploads\/2021\/12\/Bobbio-stagione-2021-2022_6-300x300.jpg\" alt=\"\" width=\"300\" height=\"300\" srcset=\"https:\/\/www.montagnelagodicomo.it\/wp-content\/uploads\/2021\/12\/Bobbio-stagione-2021-2022_6-300x300.jpg 300w, https:\/\/www.montagnelagodicomo.it\/wp-content\/uploads\/2021\/12\/Bobbio-stagione-2021-2022_6-150x150.jpg 150w, https:\/\/www.montagnelagodicomo.it\/wp-content\/uploads\/2021\/12\/Bobbio-stagione-2021-2022_6-768x768.jpg 768w, https:\/\/www.montagnelagodicomo.it\/wp-content\/uploads\/2021\/12\/Bobbio-stagione-2021-2022_6.jpg 945w\" sizes=\"(max-width: 300px) 100vw, 300px\" \/><\/p>\n","protected":false},"excerpt":{"rendered":"<p>Ai Piani di Bobbio si ri-parte con i fiocchi! Con piacere vi cominichiamo l&rsquo;apertura ufficale del comprensorio sciistico Piani di Bobbio &#8211; Valtorta a partire da Sabato 4 dicembre 2021. La neve \u00e8 arrivata e i rifugi, le scuole di sci, i noleggi e le strutture ricettive non vedono l&rsquo;ora di riaccogliervi. Visitate il sito [&hellip;]<\/p>\n","protected":false},"author":4,"featured_media":78652,"comment_status":"open","ping_status":"open","sticky":false,"template":"","format":"standard","meta":{"_acf_changed":false,"footnotes":""},"categories":[146],"tags":[],"class_list":["post-78650","post","type-post","status-publish","format-standard","has-post-thumbnail","hentry","category-ultima-ora"],"acf":[],"yoast_head":"<!-- This site is optimized with the Yoast SEO plugin v25.0 - https:\/\/yoast.com\/wordpress\/plugins\/seo\/ -->\n<title>Apertura impianti sciistici Piani di Bobbio 4 dicembre 2021 - Lago di Como e Valsassina<\/title>\n<meta name=\"robots\" content=\"index, follow, max-snippet:-1, max-image-preview:large, max-video-preview:-1\" \/>\n<link rel=\"canonical\" href=\"https:\/\/www.montagnelagodicomo.it\/en\/2021\/12\/01\/apertura-impianti-sciistici-piani-di-bobbio-4-dicembre-2021\/\" \/>\n<meta property=\"og:locale\" content=\"fr_FR\" \/>\n<meta property=\"og:type\" content=\"article\" \/>\n<meta property=\"og:title\" content=\"Apertura impianti sciistici Piani di Bobbio 4 dicembre 2021 - Lago di Como e Valsassina\" \/>\n<meta property=\"og:description\" content=\"Ai Piani di Bobbio si ri-parte con i fiocchi! Con piacere vi cominichiamo l&rsquo;apertura ufficale del comprensorio sciistico Piani di Bobbio &#8211; Valtorta a partire da Sabato 4 dicembre 2021. La neve \u00e8 arrivata e i rifugi, le scuole di sci, i noleggi e le strutture ricettive non vedono l&rsquo;ora di riaccogliervi. Visitate il sito [&hellip;]\" \/>\n<meta property=\"og:url\" content=\"https:\/\/www.montagnelagodicomo.it\/en\/2021\/12\/01\/apertura-impianti-sciistici-piani-di-bobbio-4-dicembre-2021\/\" \/>\n<meta property=\"og:site_name\" content=\"Lago di Como e Valsassina\" \/>\n<meta property=\"article:publisher\" content=\"https:\/\/www.facebook.com\/montagnelagodicomo\" \/>\n<meta property=\"article:published_time\" content=\"2021-12-01T09:07:38+00:00\" \/>\n<meta property=\"article:modified_time\" content=\"2021-12-01T11:03:57+00:00\" \/>\n<meta property=\"og:image\" content=\"https:\/\/www.montagnelagodicomo.it\/wp-content\/uploads\/2021\/12\/2021-12-04-Apertura-Bobbio.png\" \/>\n\t<meta property=\"og:image:width\" content=\"623\" \/>\n\t<meta property=\"og:image:height\" content=\"380\" \/>\n\t<meta property=\"og:image:type\" content=\"image\/png\" \/>\n<meta name=\"author\" content=\"Lago di Como 3\" \/>\n<meta name=\"twitter:card\" content=\"summary_large_image\" \/>\n<meta name=\"twitter:creator\" content=\"@MontagneLago\" \/>\n<meta name=\"twitter:site\" content=\"@MontagneLago\" \/>\n<meta name=\"twitter:label1\" content=\"\u00c9crit par\" \/>\n\t<meta name=\"twitter:data1\" content=\"Lago di Como 3\" \/>\n\t<meta name=\"twitter:label2\" content=\"Dur\u00e9e de lecture estim\u00e9e\" \/>\n\t<meta name=\"twitter:data2\" content=\"2 minutes\" \/>\n<script type=\"application\/ld+json\" class=\"yoast-schema-graph\">{\"@context\":\"https:\/\/schema.org\",\"@graph\":[{\"@type\":\"Article\",\"@id\":\"https:\/\/www.montagnelagodicomo.it\/en\/2021\/12\/01\/apertura-impianti-sciistici-piani-di-bobbio-4-dicembre-2021\/#article\",\"isPartOf\":{\"@id\":\"https:\/\/www.montagnelagodicomo.it\/en\/2021\/12\/01\/apertura-impianti-sciistici-piani-di-bobbio-4-dicembre-2021\/\"},\"author\":{\"name\":\"Lago di Como 3\",\"@id\":\"https:\/\/www.montagnelagodicomo.it\/#\/schema\/person\/62387dee120171fb5c03a77fe5169f1e\"},\"headline\":\"Apertura impianti sciistici Piani di Bobbio 4 dicembre 2021\",\"datePublished\":\"2021-12-01T09:07:38+00:00\",\"dateModified\":\"2021-12-01T11:03:57+00:00\",\"mainEntityOfPage\":{\"@id\":\"https:\/\/www.montagnelagodicomo.it\/en\/2021\/12\/01\/apertura-impianti-sciistici-piani-di-bobbio-4-dicembre-2021\/\"},\"wordCount\":88,\"commentCount\":0,\"publisher\":{\"@id\":\"https:\/\/www.montagnelagodicomo.it\/#organization\"},\"image\":{\"@id\":\"https:\/\/www.montagnelagodicomo.it\/en\/2021\/12\/01\/apertura-impianti-sciistici-piani-di-bobbio-4-dicembre-2021\/#primaryimage\"},\"thumbnailUrl\":\"https:\/\/www.montagnelagodicomo.it\/wp-content\/uploads\/2021\/12\/2021-12-04-Apertura-Bobbio.png\",\"articleSection\":[\"Ultima ora\"],\"inLanguage\":\"fr-FR\",\"potentialAction\":[{\"@type\":\"CommentAction\",\"name\":\"Comment\",\"target\":[\"https:\/\/www.montagnelagodicomo.it\/en\/2021\/12\/01\/apertura-impianti-sciistici-piani-di-bobbio-4-dicembre-2021\/#respond\"]}]},{\"@type\":\"WebPage\",\"@id\":\"https:\/\/www.montagnelagodicomo.it\/en\/2021\/12\/01\/apertura-impianti-sciistici-piani-di-bobbio-4-dicembre-2021\/\",\"url\":\"https:\/\/www.montagnelagodicomo.it\/en\/2021\/12\/01\/apertura-impianti-sciistici-piani-di-bobbio-4-dicembre-2021\/\",\"name\":\"Apertura impianti sciistici Piani di Bobbio 4 dicembre 2021 - Lago di Como e Valsassina\",\"isPartOf\":{\"@id\":\"https:\/\/www.montagnelagodicomo.it\/#website\"},\"primaryImageOfPage\":{\"@id\":\"https:\/\/www.montagnelagodicomo.it\/en\/2021\/12\/01\/apertura-impianti-sciistici-piani-di-bobbio-4-dicembre-2021\/#primaryimage\"},\"image\":{\"@id\":\"https:\/\/www.montagnelagodicomo.it\/en\/2021\/12\/01\/apertura-impianti-sciistici-piani-di-bobbio-4-dicembre-2021\/#primaryimage\"},\"thumbnailUrl\":\"https:\/\/www.montagnelagodicomo.it\/wp-content\/uploads\/2021\/12\/2021-12-04-Apertura-Bobbio.png\",\"datePublished\":\"2021-12-01T09:07:38+00:00\",\"dateModified\":\"2021-12-01T11:03:57+00:00\",\"breadcrumb\":{\"@id\":\"https:\/\/www.montagnelagodicomo.it\/en\/2021\/12\/01\/apertura-impianti-sciistici-piani-di-bobbio-4-dicembre-2021\/#breadcrumb\"},\"inLanguage\":\"fr-FR\",\"potentialAction\":[{\"@type\":\"ReadAction\",\"target\":[\"https:\/\/www.montagnelagodicomo.it\/en\/2021\/12\/01\/apertura-impianti-sciistici-piani-di-bobbio-4-dicembre-2021\/\"]}]},{\"@type\":\"ImageObject\",\"inLanguage\":\"fr-FR\",\"@id\":\"https:\/\/www.montagnelagodicomo.it\/en\/2021\/12\/01\/apertura-impianti-sciistici-piani-di-bobbio-4-dicembre-2021\/#primaryimage\",\"url\":\"https:\/\/www.montagnelagodicomo.it\/wp-content\/uploads\/2021\/12\/2021-12-04-Apertura-Bobbio.png\",\"contentUrl\":\"https:\/\/www.montagnelagodicomo.it\/wp-content\/uploads\/2021\/12\/2021-12-04-Apertura-Bobbio.png\",\"width\":623,\"height\":380},{\"@type\":\"BreadcrumbList\",\"@id\":\"https:\/\/www.montagnelagodicomo.it\/en\/2021\/12\/01\/apertura-impianti-sciistici-piani-di-bobbio-4-dicembre-2021\/#breadcrumb\",\"itemListElement\":[{\"@type\":\"ListItem\",\"position\":1,\"name\":\"Home\",\"item\":\"https:\/\/www.montagnelagodicomo.it\/fr\/\"},{\"@type\":\"ListItem\",\"position\":2,\"name\":\"Apertura impianti sciistici Piani di Bobbio 4 dicembre 2021\"}]},{\"@type\":\"WebSite\",\"@id\":\"https:\/\/www.montagnelagodicomo.it\/#website\",\"url\":\"https:\/\/www.montagnelagodicomo.it\/\",\"name\":\"Lago di Como e Valsassina\",\"description\":\"\",\"publisher\":{\"@id\":\"https:\/\/www.montagnelagodicomo.it\/#organization\"},\"potentialAction\":[{\"@type\":\"SearchAction\",\"target\":{\"@type\":\"EntryPoint\",\"urlTemplate\":\"https:\/\/www.montagnelagodicomo.it\/?s={search_term_string}\"},\"query-input\":{\"@type\":\"PropertyValueSpecification\",\"valueRequired\":true,\"valueName\":\"search_term_string\"}}],\"inLanguage\":\"fr-FR\"},{\"@type\":\"Organization\",\"@id\":\"https:\/\/www.montagnelagodicomo.it\/#organization\",\"name\":\"Montagne del Lago di Como\",\"url\":\"https:\/\/www.montagnelagodicomo.it\/\",\"logo\":{\"@type\":\"ImageObject\",\"inLanguage\":\"fr-FR\",\"@id\":\"https:\/\/www.montagnelagodicomo.it\/#\/schema\/logo\/image\/\",\"url\":\"https:\/\/www.montagnelagodicomo.it\/wp-content\/uploads\/2016\/07\/DEF_Montagne_LagodiComo_04112015_png.png\",\"contentUrl\":\"https:\/\/www.montagnelagodicomo.it\/wp-content\/uploads\/2016\/07\/DEF_Montagne_LagodiComo_04112015_png.png\",\"width\":2997,\"height\":835,\"caption\":\"Montagne del Lago di Como\"},\"image\":{\"@id\":\"https:\/\/www.montagnelagodicomo.it\/#\/schema\/logo\/image\/\"},\"sameAs\":[\"https:\/\/www.facebook.com\/montagnelagodicomo\",\"https:\/\/x.com\/MontagneLago\",\"https:\/\/www.youtube.com\/channel\/UCDoxghWmgQnHlQ78rzZuUjA\"]},{\"@type\":\"Person\",\"@id\":\"https:\/\/www.montagnelagodicomo.it\/#\/schema\/person\/62387dee120171fb5c03a77fe5169f1e\",\"name\":\"Lago di Como 3\",\"image\":{\"@type\":\"ImageObject\",\"inLanguage\":\"fr-FR\",\"@id\":\"https:\/\/www.montagnelagodicomo.it\/#\/schema\/person\/image\/\",\"url\":\"https:\/\/secure.gravatar.com\/avatar\/177606e9ed7370bc5cd946f4243ac59920e657438575f65d56f2ebfb41996b8f?s=96&d=mm&r=g\",\"contentUrl\":\"https:\/\/secure.gravatar.com\/avatar\/177606e9ed7370bc5cd946f4243ac59920e657438575f65d56f2ebfb41996b8f?s=96&d=mm&r=g\",\"caption\":\"Lago di Como 3\"},\"url\":\"https:\/\/www.montagnelagodicomo.it\/fr\/author\/lago-di-como-3\/\"}]}<\/script>\n<!-- \/ Yoast SEO plugin. -->","yoast_head_json":{"title":"Apertura impianti sciistici Piani di Bobbio 4 dicembre 2021 - Lago di Como e Valsassina","robots":{"index":"index","follow":"follow","max-snippet":"max-snippet:-1","max-image-preview":"max-image-preview:large","max-video-preview":"max-video-preview:-1"},"canonical":"https:\/\/www.montagnelagodicomo.it\/en\/2021\/12\/01\/apertura-impianti-sciistici-piani-di-bobbio-4-dicembre-2021\/","og_locale":"fr_FR","og_type":"article","og_title":"Apertura impianti sciistici Piani di Bobbio 4 dicembre 2021 - Lago di Como e Valsassina","og_description":"Ai Piani di Bobbio si ri-parte con i fiocchi! Con piacere vi cominichiamo l&rsquo;apertura ufficale del comprensorio sciistico Piani di Bobbio &#8211; Valtorta a partire da Sabato 4 dicembre 2021. La neve \u00e8 arrivata e i rifugi, le scuole di sci, i noleggi e le strutture ricettive non vedono l&rsquo;ora di riaccogliervi. Visitate il sito [&hellip;]","og_url":"https:\/\/www.montagnelagodicomo.it\/en\/2021\/12\/01\/apertura-impianti-sciistici-piani-di-bobbio-4-dicembre-2021\/","og_site_name":"Lago di Como e Valsassina","article_publisher":"https:\/\/www.facebook.com\/montagnelagodicomo","article_published_time":"2021-12-01T09:07:38+00:00","article_modified_time":"2021-12-01T11:03:57+00:00","og_image":[{"width":623,"height":380,"url":"https:\/\/www.montagnelagodicomo.it\/wp-content\/uploads\/2021\/12\/2021-12-04-Apertura-Bobbio.png","type":"image\/png"}],"author":"Lago di Como 3","twitter_card":"summary_large_image","twitter_creator":"@MontagneLago","twitter_site":"@MontagneLago","twitter_misc":{"\u00c9crit par":"Lago di Como 3","Dur\u00e9e de lecture estim\u00e9e":"2 minutes"},"schema":{"@context":"https:\/\/schema.org","@graph":[{"@type":"Article","@id":"https:\/\/www.montagnelagodicomo.it\/en\/2021\/12\/01\/apertura-impianti-sciistici-piani-di-bobbio-4-dicembre-2021\/#article","isPartOf":{"@id":"https:\/\/www.montagnelagodicomo.it\/en\/2021\/12\/01\/apertura-impianti-sciistici-piani-di-bobbio-4-dicembre-2021\/"},"author":{"name":"Lago di Como 3","@id":"https:\/\/www.montagnelagodicomo.it\/#\/schema\/person\/62387dee120171fb5c03a77fe5169f1e"},"headline":"Apertura impianti sciistici Piani di Bobbio 4 dicembre 2021","datePublished":"2021-12-01T09:07:38+00:00","dateModified":"2021-12-01T11:03:57+00:00","mainEntityOfPage":{"@id":"https:\/\/www.montagnelagodicomo.it\/en\/2021\/12\/01\/apertura-impianti-sciistici-piani-di-bobbio-4-dicembre-2021\/"},"wordCount":88,"commentCount":0,"publisher":{"@id":"https:\/\/www.montagnelagodicomo.it\/#organization"},"image":{"@id":"https:\/\/www.montagnelagodicomo.it\/en\/2021\/12\/01\/apertura-impianti-sciistici-piani-di-bobbio-4-dicembre-2021\/#primaryimage"},"thumbnailUrl":"https:\/\/www.montagnelagodicomo.it\/wp-content\/uploads\/2021\/12\/2021-12-04-Apertura-Bobbio.png","articleSection":["Ultima ora"],"inLanguage":"fr-FR","potentialAction":[{"@type":"CommentAction","name":"Comment","target":["https:\/\/www.montagnelagodicomo.it\/en\/2021\/12\/01\/apertura-impianti-sciistici-piani-di-bobbio-4-dicembre-2021\/#respond"]}]},{"@type":"WebPage","@id":"https:\/\/www.montagnelagodicomo.it\/en\/2021\/12\/01\/apertura-impianti-sciistici-piani-di-bobbio-4-dicembre-2021\/","url":"https:\/\/www.montagnelagodicomo.it\/en\/2021\/12\/01\/apertura-impianti-sciistici-piani-di-bobbio-4-dicembre-2021\/","name":"Apertura impianti sciistici Piani di Bobbio 4 dicembre 2021 - Lago di Como e Valsassina","isPartOf":{"@id":"https:\/\/www.montagnelagodicomo.it\/#website"},"primaryImageOfPage":{"@id":"https:\/\/www.montagnelagodicomo.it\/en\/2021\/12\/01\/apertura-impianti-sciistici-piani-di-bobbio-4-dicembre-2021\/#primaryimage"},"image":{"@id":"https:\/\/www.montagnelagodicomo.it\/en\/2021\/12\/01\/apertura-impianti-sciistici-piani-di-bobbio-4-dicembre-2021\/#primaryimage"},"thumbnailUrl":"https:\/\/www.montagnelagodicomo.it\/wp-content\/uploads\/2021\/12\/2021-12-04-Apertura-Bobbio.png","datePublished":"2021-12-01T09:07:38+00:00","dateModified":"2021-12-01T11:03:57+00:00","breadcrumb":{"@id":"https:\/\/www.montagnelagodicomo.it\/en\/2021\/12\/01\/apertura-impianti-sciistici-piani-di-bobbio-4-dicembre-2021\/#breadcrumb"},"inLanguage":"fr-FR","potentialAction":[{"@type":"ReadAction","target":["https:\/\/www.montagnelagodicomo.it\/en\/2021\/12\/01\/apertura-impianti-sciistici-piani-di-bobbio-4-dicembre-2021\/"]}]},{"@type":"ImageObject","inLanguage":"fr-FR","@id":"https:\/\/www.montagnelagodicomo.it\/en\/2021\/12\/01\/apertura-impianti-sciistici-piani-di-bobbio-4-dicembre-2021\/#primaryimage","url":"https:\/\/www.montagnelagodicomo.it\/wp-content\/uploads\/2021\/12\/2021-12-04-Apertura-Bobbio.png","contentUrl":"https:\/\/www.montagnelagodicomo.it\/wp-content\/uploads\/2021\/12\/2021-12-04-Apertura-Bobbio.png","width":623,"height":380},{"@type":"BreadcrumbList","@id":"https:\/\/www.montagnelagodicomo.it\/en\/2021\/12\/01\/apertura-impianti-sciistici-piani-di-bobbio-4-dicembre-2021\/#breadcrumb","itemListElement":[{"@type":"ListItem","position":1,"name":"Home","item":"https:\/\/www.montagnelagodicomo.it\/fr\/"},{"@type":"ListItem","position":2,"name":"Apertura impianti sciistici Piani di Bobbio 4 dicembre 2021"}]},{"@type":"WebSite","@id":"https:\/\/www.montagnelagodicomo.it\/#website","url":"https:\/\/www.montagnelagodicomo.it\/","name":"Lago di Como e Valsassina","description":"","publisher":{"@id":"https:\/\/www.montagnelagodicomo.it\/#organization"},"potentialAction":[{"@type":"SearchAction","target":{"@type":"EntryPoint","urlTemplate":"https:\/\/www.montagnelagodicomo.it\/?s={search_term_string}"},"query-input":{"@type":"PropertyValueSpecification","valueRequired":true,"valueName":"search_term_string"}}],"inLanguage":"fr-FR"},{"@type":"Organization","@id":"https:\/\/www.montagnelagodicomo.it\/#organization","name":"Montagne del Lago di Como","url":"https:\/\/www.montagnelagodicomo.it\/","logo":{"@type":"ImageObject","inLanguage":"fr-FR","@id":"https:\/\/www.montagnelagodicomo.it\/#\/schema\/logo\/image\/","url":"https:\/\/www.montagnelagodicomo.it\/wp-content\/uploads\/2016\/07\/DEF_Montagne_LagodiComo_04112015_png.png","contentUrl":"https:\/\/www.montagnelagodicomo.it\/wp-content\/uploads\/2016\/07\/DEF_Montagne_LagodiComo_04112015_png.png","width":2997,"height":835,"caption":"Montagne del Lago di Como"},"image":{"@id":"https:\/\/www.montagnelagodicomo.it\/#\/schema\/logo\/image\/"},"sameAs":["https:\/\/www.facebook.com\/montagnelagodicomo","https:\/\/x.com\/MontagneLago","https:\/\/www.youtube.com\/channel\/UCDoxghWmgQnHlQ78rzZuUjA"]},{"@type":"Person","@id":"https:\/\/www.montagnelagodicomo.it\/#\/schema\/person\/62387dee120171fb5c03a77fe5169f1e","name":"Lago di Como 3","image":{"@type":"ImageObject","inLanguage":"fr-FR","@id":"https:\/\/www.montagnelagodicomo.it\/#\/schema\/person\/image\/","url":"https:\/\/secure.gravatar.com\/avatar\/177606e9ed7370bc5cd946f4243ac59920e657438575f65d56f2ebfb41996b8f?s=96&d=mm&r=g","contentUrl":"https:\/\/secure.gravatar.com\/avatar\/177606e9ed7370bc5cd946f4243ac59920e657438575f65d56f2ebfb41996b8f?s=96&d=mm&r=g","caption":"Lago di Como 3"},"url":"https:\/\/www.montagnelagodicomo.it\/fr\/author\/lago-di-como-3\/"}]}},"_links":{"self":[{"href":"https:\/\/www.montagnelagodicomo.it\/fr\/wp-json\/wp\/v2\/posts\/78650","targetHints":{"allow":["GET"]}}],"collection":[{"href":"https:\/\/www.montagnelagodicomo.it\/fr\/wp-json\/wp\/v2\/posts"}],"about":[{"href":"https:\/\/www.montagnelagodicomo.it\/fr\/wp-json\/wp\/v2\/types\/post"}],"author":[{"embeddable":true,"href":"https:\/\/www.montagnelagodicomo.it\/fr\/wp-json\/wp\/v2\/users\/4"}],"replies":[{"embeddable":true,"href":"https:\/\/www.montagnelagodicomo.it\/fr\/wp-json\/wp\/v2\/comments?post=78650"}],"version-history":[{"count":5,"href":"https:\/\/www.montagnelagodicomo.it\/fr\/wp-json\/wp\/v2\/posts\/78650\/revisions"}],"predecessor-version":[{"id":78684,"href":"https:\/\/www.montagnelagodicomo.it\/fr\/wp-json\/wp\/v2\/posts\/78650\/revisions\/78684"}],"wp:featuredmedia":[{"embeddable":true,"href":"https:\/\/www.montagnelagodicomo.it\/fr\/wp-json\/wp\/v2\/media\/78652"}],"wp:attachment":[{"href":"https:\/\/www.montagnelagodicomo.it\/fr\/wp-json\/wp\/v2\/media?parent=78650"}],"wp:term":[{"taxonomy":"category","embeddable":true,"href":"https:\/\/www.montagnelagodicomo.it\/fr\/wp-json\/wp\/v2\/categories?post=78650"},{"taxonomy":"post_tag","embeddable":true,"href":"https:\/\/www.montagnelagodicomo.it\/fr\/wp-json\/wp\/v2\/tags?post=78650"}],"curies":[{"name":"wp","href":"https:\/\/api.w.org\/{rel}","templated":true}]}}