{"id":79667,"date":"2022-02-07T09:27:48","date_gmt":"2022-02-07T08:27:48","guid":{"rendered":"https:\/\/www.montagnelagodicomo.it\/?p=79667"},"modified":"2022-02-07T09:28:36","modified_gmt":"2022-02-07T08:28:36","slug":"avviso-manifestazione-interesse-interreg-vi-vi-2-0-ecommerce","status":"publish","type":"post","link":"https:\/\/www.montagnelagodicomo.it\/fr\/2022\/02\/07\/avviso-manifestazione-interesse-interreg-vi-vi-2-0-ecommerce\/","title":{"rendered":"Avviso manifestazione interesse Interreg Vi.Vi. 2.0 &#8211; ecommerce"},"content":{"rendered":"<p align=\"CENTER\"><img decoding=\"async\" class=\"size-medium wp-image-27309 alignleft\" src=\"https:\/\/www.montagnelagodicomo.it\/wp-content\/uploads\/2019\/08\/banner-INTERREG-VIVI-300x105.png\" alt=\"\" width=\"300\" height=\"105\" srcset=\"https:\/\/www.montagnelagodicomo.it\/wp-content\/uploads\/2019\/08\/banner-INTERREG-VIVI-300x105.png 300w, https:\/\/www.montagnelagodicomo.it\/wp-content\/uploads\/2019\/08\/banner-INTERREG-VIVI.png 343w\" sizes=\"(max-width: 300px) 100vw, 300px\" \/><img decoding=\"async\" class=\"size-medium wp-image-70009 alignright\" src=\"https:\/\/www.montagnelagodicomo.it\/wp-content\/uploads\/2020\/10\/Logo-prodotto-Le-Vie-del-Viandante-300x165.jpg\" alt=\"\" width=\"300\" height=\"165\" srcset=\"https:\/\/www.montagnelagodicomo.it\/wp-content\/uploads\/2020\/10\/Logo-prodotto-Le-Vie-del-Viandante-300x165.jpg 300w, https:\/\/www.montagnelagodicomo.it\/wp-content\/uploads\/2020\/10\/Logo-prodotto-Le-Vie-del-Viandante-1024x562.jpg 1024w, https:\/\/www.montagnelagodicomo.it\/wp-content\/uploads\/2020\/10\/Logo-prodotto-Le-Vie-del-Viandante-768x422.jpg 768w, https:\/\/www.montagnelagodicomo.it\/wp-content\/uploads\/2020\/10\/Logo-prodotto-Le-Vie-del-Viandante.jpg 1202w\" sizes=\"(max-width: 300px) 100vw, 300px\" \/><\/p>\n<p align=\"CENTER\"><span style=\"font-size: large;\"><b>AVVISO MANIFESTAZIONE DI INTERESSE PER ATTIVITA\u2019 DI MARKETING E ADVERTISING E-COMMERCE MONTAGNE DEL LAGO DI COMO <\/b><\/span><\/p>\n<p align=\"CENTER\"><span style=\"font-size: large;\"><b>PROGETTO INTERREG LE VIE DEL VIANDANTE 2.0<br \/>\n<\/b><\/span><span style=\"font-size: large;\"><b>WP 5 &#8211; CUP E45J18000100004<\/b><\/span><\/p>\n<p align=\"JUSTIFY\"><b>PREMESSA<\/b><\/p>\n<p>Montagne del Lago di Como \u00e8 impegnato all\u2019interno di un progetto di Cooperazione Transfrontaliera sul programma Interreg Italia \u2013 Svizzera 2014 -2020 dal titolo: \u201cVi.Vi 2.0\u201d e recentemente la rete \u00e8 stata riconosciuta beneficiaria di un finanziamento aggiuntivo sullo stesso progetto legato alla particolare situazione COVID (Modulo Aggiuntivo COVID).<\/p>\n<p>Nel contesto del progetto del Modulo Aggiuntivo Covid, Montagne del Lago di Como \u00e8 alla ricerca di un soggetto qualificato che offra la propria prestazione nella realizzazione di azioni di Marketing operativo finalizzate alla promozione e al lancio della nuova piattaforma di e-commerce realizzata all\u2019interno dello stesso progetto<\/p>\n<p align=\"JUSTIFY\"><b>IL PROGETTO INTERREG VI.VI. 2.0<\/b><\/p>\n<p>Il progetto vede protagoniste le imprese di piccole e medie dimensioni che intendono attivare intorno al prodotto turistico \u201cLe vie del Viandante\u201d un\u2019offerta turistica attivando sinergie con gli attori territoriali.<\/p>\n<p><strong>A CHI SI RIVOLGE L\u2019INVITO: AMBITI DI ESPERIENZA RICHIESTI<\/strong><\/p>\n<p>Imprese con esperienza nei seguenti ambiti:<\/p>\n<ul>\n<li><strong> Marketing Turistico<br \/>\n<\/strong>Piani di marketing strategico e azioni di marketing operativo nel settore turistico<\/li>\n<\/ul>\n<ul>\n<li><strong> Supporto manageriale alle reti e alle aggregazioni di imprese<br \/>\n<\/strong>Attivit\u00e0 di assistenza, consulenza, animazione e coordinamento di imprese in rete (Contratto di Rete; Consorzi; Altre tipologie di aggregazioni collettive di imprese orientate ad operare nel mercato);<\/li>\n<\/ul>\n<ul>\n<li><strong> Gestione e\/o partecipazione di progetti territoriali con partenariato pubblico privato<br \/>\n<\/strong>Management di progetti di sviluppo territoriale con la partecipazione di soggetti privati e pubblici, realizzazione di attivit\u00e0 all\u2019interno di progetti territoriali con ampio partenariato e azioni diversificate.<\/li>\n<\/ul>\n<p align=\"JUSTIFY\"><b>SERVIZIO RICHIESTO<\/b><\/p>\n<p>Il servizio consiste nel fornire una prestazione specialistica finalizzata alla promozione sul mercato della nuova piattaforma di e-commerce:<\/p>\n<ol>\n<li><strong>Consulenza nella definizione degli strumenti di marketing operativo<\/strong><\/li>\n<li><strong>Promozione online con acquisto di advertising<\/strong><\/li>\n<li><strong>Monitoraggio della redditivit\u00e0 delle campagne<\/strong><\/li>\n<li><strong>Coordinamento e raccordo con i partner del progetto per programmare le azioni promozionali in maniera sinergica con le altre azioni in corso;<\/strong><\/li>\n<li><strong>Raccordo con il personale della Rete di imprese<\/strong><\/li>\n<\/ol>\n<p><strong>\u00a0<\/strong><b>TEMPI DI ESECUZIONE DEL SERVIZIO<\/b><\/p>\n<p>Le attivit\u00e0 dovranno essere svolte entro il 10 Agosto 2022 eventualmente prorogabile qualora venga riconosciuta al progetto una proroga fino alla fine del 2022.<\/p>\n<p align=\"JUSTIFY\"><b>COMPENSO PREVISTO<\/b><\/p>\n<p style=\"margin-bottom: .0001pt;\">E\u2019 previsto un compenso di \u20ac 8.500 + IVA, di cui per acquisto advertising sul web: 70%.<\/p>\n<p align=\"JUSTIFY\">\n<p align=\"JUSTIFY\"><b>MODALITA\u2019 DI PARTECIPAZIONE ALL\u2019AVVISO<\/b><\/p>\n<p>Si chiede di trasmettere via pec <a href=\"mailto:mlc@lamiapec.it\">mlc@lamiapec.it<\/a> entro il giorno 11 febbraio 2022 ore 13.00 i seguenti documenti:<\/p>\n<ul>\n<li>Presentazione aziendale con elenco di una selezione di incarichi negli ambiti di esperienza richiesti (Max 3 pagine). Nella presentazione devono essere messi in evidenza le progettualit\u00e0 alle quali si \u00e8 lavorato, il periodo di realizzazione, il lavoro svolto, le caratteristiche dei progetti e del partenariato in modo da collegare l\u2019esperienza aziendale con gli ambiti di esperienza richiesti;<\/li>\n<li>Descrizione sulle modalit\u00e0 di esecuzione del servizio: metodo di lavoro, raccordo con la committenza, supporto al personale della rete\u2026 (Max 1 pagina)<\/li>\n<\/ul>\n<p>Si chiede di rispettare il numero di pagine richieste.<\/p>\n<p align=\"JUSTIFY\"><b>MODALITA\u2019 DI SCELTA DELL\u2019OPERATORE<\/b><\/p>\n<p>La selezione avverr\u00e0 sulla base dei documenti trasmessi valutando l\u2019attinenza dell\u2019esperienza maturata e la modalit\u00e0 di lavoro proposta. La rete potr\u00e0 programmare anche un colloquio finalizzato ad approfondire il curriculum descritto e la proposta effettuata.<\/p>\n<p align=\"JUSTIFY\"><b>PER INFORMAZIONI<\/b><\/p>\n<p align=\"JUSTIFY\">Scrivere a <a href=\"mailto:info@montagnelagodicomo.it\">info@montagnelagodicomo.it<\/a><\/p>\n<p align=\"JUSTIFY\"><strong><a href=\"https:\/\/www.montagnelagodicomo.it\/wp-content\/uploads\/2022\/02\/2022-02-07-Avviso-manifestazione-interesse_Interreg-Vi.Vi_.-2.0.pdf\" target=\"_blank\" rel=\"noopener\">Clicca qui e scarica l&rsquo;avviso in formato PDF<\/a><\/strong><\/p>\n<p align=\"JUSTIFY\">Crandola Valsassina, 7 febbraio 2022<\/p>\n<p>&nbsp;<\/p>\n","protected":false},"excerpt":{"rendered":"<p>AVVISO MANIFESTAZIONE DI INTERESSE PER ATTIVITA\u2019 DI MARKETING E ADVERTISING E-COMMERCE MONTAGNE DEL LAGO DI COMO PROGETTO INTERREG LE VIE DEL VIANDANTE 2.0 WP 5 &#8211; CUP E45J18000100004 PREMESSA Montagne del Lago di Como \u00e8 impegnato all\u2019interno di un progetto di Cooperazione Transfrontaliera sul programma Interreg Italia \u2013 Svizzera 2014 -2020 dal titolo: \u201cVi.Vi 2.0\u201d [&hellip;]<\/p>\n","protected":false},"author":6,"featured_media":76973,"comment_status":"open","ping_status":"open","sticky":false,"template":"","format":"standard","meta":{"_acf_changed":false,"footnotes":""},"categories":[145],"tags":[],"class_list":["post-79667","post","type-post","status-publish","format-standard","has-post-thumbnail","hentry","category-non-categorizzato"],"acf":[],"yoast_head":"<!-- This site is optimized with the Yoast SEO plugin v25.0 - https:\/\/yoast.com\/wordpress\/plugins\/seo\/ -->\n<title>Avviso manifestazione interesse Interreg Vi.Vi. 2.0 - ecommerce - Lago di Como e Valsassina<\/title>\n<meta name=\"description\" content=\"AVVISO MANIFESTAZIONE DI INTERESSE PER ATTIVITA\u2019 DI PACCHETTIZZAZIONE, MARKETING E ADVERTISINGE-COMMERCE MONTAGNE DEL LAGO DI COMO\" \/>\n<meta name=\"robots\" content=\"index, follow, max-snippet:-1, max-image-preview:large, max-video-preview:-1\" \/>\n<link rel=\"canonical\" href=\"https:\/\/www.montagnelagodicomo.it\/2022\/02\/07\/avviso-manifestazione-interesse-interreg-vi-vi-2-0-ecommerce\/\" \/>\n<meta property=\"og:locale\" content=\"fr_FR\" \/>\n<meta property=\"og:type\" content=\"article\" \/>\n<meta property=\"og:title\" content=\"Avviso manifestazione interesse Interreg Vi.Vi. 2.0 - ecommerce - Lago di Como e Valsassina\" \/>\n<meta property=\"og:description\" content=\"AVVISO MANIFESTAZIONE DI INTERESSE PER ATTIVITA\u2019 DI PACCHETTIZZAZIONE, MARKETING E ADVERTISINGE-COMMERCE MONTAGNE DEL LAGO DI COMO\" \/>\n<meta property=\"og:url\" content=\"https:\/\/www.montagnelagodicomo.it\/2022\/02\/07\/avviso-manifestazione-interesse-interreg-vi-vi-2-0-ecommerce\/\" \/>\n<meta property=\"og:site_name\" content=\"Lago di Como e Valsassina\" \/>\n<meta property=\"article:publisher\" content=\"https:\/\/www.facebook.com\/montagnelagodicomo\" \/>\n<meta property=\"article:published_time\" content=\"2022-02-07T08:27:48+00:00\" \/>\n<meta property=\"article:modified_time\" content=\"2022-02-07T08:28:36+00:00\" \/>\n<meta property=\"og:image\" content=\"https:\/\/www.montagnelagodicomo.it\/wp-content\/uploads\/2021\/07\/MLC_Le-Vie-del-Viandante_banner-quadrato.jpg\" \/>\n\t<meta property=\"og:image:width\" content=\"800\" \/>\n\t<meta property=\"og:image:height\" content=\"800\" \/>\n\t<meta property=\"og:image:type\" content=\"image\/jpeg\" \/>\n<meta name=\"author\" content=\"Lago di Como\" \/>\n<meta name=\"twitter:card\" content=\"summary_large_image\" \/>\n<meta name=\"twitter:creator\" content=\"@MontagneLago\" \/>\n<meta name=\"twitter:site\" content=\"@MontagneLago\" \/>\n<meta name=\"twitter:label1\" content=\"\u00c9crit par\" \/>\n\t<meta name=\"twitter:data1\" content=\"Lago di Como\" \/>\n\t<meta name=\"twitter:label2\" content=\"Dur\u00e9e de lecture estim\u00e9e\" \/>\n\t<meta name=\"twitter:data2\" content=\"3 minutes\" \/>\n<script type=\"application\/ld+json\" class=\"yoast-schema-graph\">{\"@context\":\"https:\/\/schema.org\",\"@graph\":[{\"@type\":\"Article\",\"@id\":\"https:\/\/www.montagnelagodicomo.it\/2022\/02\/07\/avviso-manifestazione-interesse-interreg-vi-vi-2-0-ecommerce\/#article\",\"isPartOf\":{\"@id\":\"https:\/\/www.montagnelagodicomo.it\/2022\/02\/07\/avviso-manifestazione-interesse-interreg-vi-vi-2-0-ecommerce\/\"},\"author\":{\"name\":\"Lago di Como\",\"@id\":\"https:\/\/www.montagnelagodicomo.it\/#\/schema\/person\/2bf16933476a4be250f5262fc4b6be73\"},\"headline\":\"Avviso manifestazione interesse Interreg Vi.Vi. 2.0 &#8211; ecommerce\",\"datePublished\":\"2022-02-07T08:27:48+00:00\",\"dateModified\":\"2022-02-07T08:28:36+00:00\",\"mainEntityOfPage\":{\"@id\":\"https:\/\/www.montagnelagodicomo.it\/2022\/02\/07\/avviso-manifestazione-interesse-interreg-vi-vi-2-0-ecommerce\/\"},\"wordCount\":550,\"commentCount\":0,\"publisher\":{\"@id\":\"https:\/\/www.montagnelagodicomo.it\/#organization\"},\"image\":{\"@id\":\"https:\/\/www.montagnelagodicomo.it\/2022\/02\/07\/avviso-manifestazione-interesse-interreg-vi-vi-2-0-ecommerce\/#primaryimage\"},\"thumbnailUrl\":\"https:\/\/www.montagnelagodicomo.it\/wp-content\/uploads\/2021\/07\/MLC_Le-Vie-del-Viandante_banner-quadrato.jpg\",\"articleSection\":[\"Non categorizzato\"],\"inLanguage\":\"fr-FR\",\"potentialAction\":[{\"@type\":\"CommentAction\",\"name\":\"Comment\",\"target\":[\"https:\/\/www.montagnelagodicomo.it\/2022\/02\/07\/avviso-manifestazione-interesse-interreg-vi-vi-2-0-ecommerce\/#respond\"]}]},{\"@type\":\"WebPage\",\"@id\":\"https:\/\/www.montagnelagodicomo.it\/2022\/02\/07\/avviso-manifestazione-interesse-interreg-vi-vi-2-0-ecommerce\/\",\"url\":\"https:\/\/www.montagnelagodicomo.it\/2022\/02\/07\/avviso-manifestazione-interesse-interreg-vi-vi-2-0-ecommerce\/\",\"name\":\"Avviso manifestazione interesse Interreg Vi.Vi. 2.0 - ecommerce - Lago di Como e Valsassina\",\"isPartOf\":{\"@id\":\"https:\/\/www.montagnelagodicomo.it\/#website\"},\"primaryImageOfPage\":{\"@id\":\"https:\/\/www.montagnelagodicomo.it\/2022\/02\/07\/avviso-manifestazione-interesse-interreg-vi-vi-2-0-ecommerce\/#primaryimage\"},\"image\":{\"@id\":\"https:\/\/www.montagnelagodicomo.it\/2022\/02\/07\/avviso-manifestazione-interesse-interreg-vi-vi-2-0-ecommerce\/#primaryimage\"},\"thumbnailUrl\":\"https:\/\/www.montagnelagodicomo.it\/wp-content\/uploads\/2021\/07\/MLC_Le-Vie-del-Viandante_banner-quadrato.jpg\",\"datePublished\":\"2022-02-07T08:27:48+00:00\",\"dateModified\":\"2022-02-07T08:28:36+00:00\",\"description\":\"AVVISO MANIFESTAZIONE DI INTERESSE PER ATTIVITA\u2019 DI PACCHETTIZZAZIONE, MARKETING E ADVERTISINGE-COMMERCE MONTAGNE DEL LAGO DI COMO\",\"breadcrumb\":{\"@id\":\"https:\/\/www.montagnelagodicomo.it\/2022\/02\/07\/avviso-manifestazione-interesse-interreg-vi-vi-2-0-ecommerce\/#breadcrumb\"},\"inLanguage\":\"fr-FR\",\"potentialAction\":[{\"@type\":\"ReadAction\",\"target\":[\"https:\/\/www.montagnelagodicomo.it\/2022\/02\/07\/avviso-manifestazione-interesse-interreg-vi-vi-2-0-ecommerce\/\"]}]},{\"@type\":\"ImageObject\",\"inLanguage\":\"fr-FR\",\"@id\":\"https:\/\/www.montagnelagodicomo.it\/2022\/02\/07\/avviso-manifestazione-interesse-interreg-vi-vi-2-0-ecommerce\/#primaryimage\",\"url\":\"https:\/\/www.montagnelagodicomo.it\/wp-content\/uploads\/2021\/07\/MLC_Le-Vie-del-Viandante_banner-quadrato.jpg\",\"contentUrl\":\"https:\/\/www.montagnelagodicomo.it\/wp-content\/uploads\/2021\/07\/MLC_Le-Vie-del-Viandante_banner-quadrato.jpg\",\"width\":800,\"height\":800},{\"@type\":\"BreadcrumbList\",\"@id\":\"https:\/\/www.montagnelagodicomo.it\/2022\/02\/07\/avviso-manifestazione-interesse-interreg-vi-vi-2-0-ecommerce\/#breadcrumb\",\"itemListElement\":[{\"@type\":\"ListItem\",\"position\":1,\"name\":\"Home\",\"item\":\"https:\/\/www.montagnelagodicomo.it\/fr\/\"},{\"@type\":\"ListItem\",\"position\":2,\"name\":\"Avviso manifestazione interesse Interreg Vi.Vi. 2.0 &#8211; ecommerce\"}]},{\"@type\":\"WebSite\",\"@id\":\"https:\/\/www.montagnelagodicomo.it\/#website\",\"url\":\"https:\/\/www.montagnelagodicomo.it\/\",\"name\":\"Lago di Como e Valsassina\",\"description\":\"\",\"publisher\":{\"@id\":\"https:\/\/www.montagnelagodicomo.it\/#organization\"},\"potentialAction\":[{\"@type\":\"SearchAction\",\"target\":{\"@type\":\"EntryPoint\",\"urlTemplate\":\"https:\/\/www.montagnelagodicomo.it\/?s={search_term_string}\"},\"query-input\":{\"@type\":\"PropertyValueSpecification\",\"valueRequired\":true,\"valueName\":\"search_term_string\"}}],\"inLanguage\":\"fr-FR\"},{\"@type\":\"Organization\",\"@id\":\"https:\/\/www.montagnelagodicomo.it\/#organization\",\"name\":\"Montagne del Lago di Como\",\"url\":\"https:\/\/www.montagnelagodicomo.it\/\",\"logo\":{\"@type\":\"ImageObject\",\"inLanguage\":\"fr-FR\",\"@id\":\"https:\/\/www.montagnelagodicomo.it\/#\/schema\/logo\/image\/\",\"url\":\"https:\/\/www.montagnelagodicomo.it\/wp-content\/uploads\/2016\/07\/DEF_Montagne_LagodiComo_04112015_png.png\",\"contentUrl\":\"https:\/\/www.montagnelagodicomo.it\/wp-content\/uploads\/2016\/07\/DEF_Montagne_LagodiComo_04112015_png.png\",\"width\":2997,\"height\":835,\"caption\":\"Montagne del Lago di Como\"},\"image\":{\"@id\":\"https:\/\/www.montagnelagodicomo.it\/#\/schema\/logo\/image\/\"},\"sameAs\":[\"https:\/\/www.facebook.com\/montagnelagodicomo\",\"https:\/\/x.com\/MontagneLago\",\"https:\/\/www.youtube.com\/channel\/UCDoxghWmgQnHlQ78rzZuUjA\"]},{\"@type\":\"Person\",\"@id\":\"https:\/\/www.montagnelagodicomo.it\/#\/schema\/person\/2bf16933476a4be250f5262fc4b6be73\",\"name\":\"Lago di Como\",\"image\":{\"@type\":\"ImageObject\",\"inLanguage\":\"fr-FR\",\"@id\":\"https:\/\/www.montagnelagodicomo.it\/#\/schema\/person\/image\/\",\"url\":\"https:\/\/secure.gravatar.com\/avatar\/b0ea597184538654d9c960fec152139dfdb9bdcb85f1479a337049ab90c2f71a?s=96&d=mm&r=g\",\"contentUrl\":\"https:\/\/secure.gravatar.com\/avatar\/b0ea597184538654d9c960fec152139dfdb9bdcb85f1479a337049ab90c2f71a?s=96&d=mm&r=g\",\"caption\":\"Lago di Como\"},\"url\":\"https:\/\/www.montagnelagodicomo.it\/fr\/author\/lago-di-como\/\"}]}<\/script>\n<!-- \/ Yoast SEO plugin. -->","yoast_head_json":{"title":"Avviso manifestazione interesse Interreg Vi.Vi. 2.0 - ecommerce - Lago di Como e Valsassina","description":"AVVISO MANIFESTAZIONE DI INTERESSE PER ATTIVITA\u2019 DI PACCHETTIZZAZIONE, MARKETING E ADVERTISINGE-COMMERCE MONTAGNE DEL LAGO DI COMO","robots":{"index":"index","follow":"follow","max-snippet":"max-snippet:-1","max-image-preview":"max-image-preview:large","max-video-preview":"max-video-preview:-1"},"canonical":"https:\/\/www.montagnelagodicomo.it\/2022\/02\/07\/avviso-manifestazione-interesse-interreg-vi-vi-2-0-ecommerce\/","og_locale":"fr_FR","og_type":"article","og_title":"Avviso manifestazione interesse Interreg Vi.Vi. 2.0 - ecommerce - Lago di Como e Valsassina","og_description":"AVVISO MANIFESTAZIONE DI INTERESSE PER ATTIVITA\u2019 DI PACCHETTIZZAZIONE, MARKETING E ADVERTISINGE-COMMERCE MONTAGNE DEL LAGO DI COMO","og_url":"https:\/\/www.montagnelagodicomo.it\/2022\/02\/07\/avviso-manifestazione-interesse-interreg-vi-vi-2-0-ecommerce\/","og_site_name":"Lago di Como e Valsassina","article_publisher":"https:\/\/www.facebook.com\/montagnelagodicomo","article_published_time":"2022-02-07T08:27:48+00:00","article_modified_time":"2022-02-07T08:28:36+00:00","og_image":[{"width":800,"height":800,"url":"https:\/\/www.montagnelagodicomo.it\/wp-content\/uploads\/2021\/07\/MLC_Le-Vie-del-Viandante_banner-quadrato.jpg","type":"image\/jpeg"}],"author":"Lago di Como","twitter_card":"summary_large_image","twitter_creator":"@MontagneLago","twitter_site":"@MontagneLago","twitter_misc":{"\u00c9crit par":"Lago di Como","Dur\u00e9e de lecture estim\u00e9e":"3 minutes"},"schema":{"@context":"https:\/\/schema.org","@graph":[{"@type":"Article","@id":"https:\/\/www.montagnelagodicomo.it\/2022\/02\/07\/avviso-manifestazione-interesse-interreg-vi-vi-2-0-ecommerce\/#article","isPartOf":{"@id":"https:\/\/www.montagnelagodicomo.it\/2022\/02\/07\/avviso-manifestazione-interesse-interreg-vi-vi-2-0-ecommerce\/"},"author":{"name":"Lago di Como","@id":"https:\/\/www.montagnelagodicomo.it\/#\/schema\/person\/2bf16933476a4be250f5262fc4b6be73"},"headline":"Avviso manifestazione interesse Interreg Vi.Vi. 2.0 &#8211; ecommerce","datePublished":"2022-02-07T08:27:48+00:00","dateModified":"2022-02-07T08:28:36+00:00","mainEntityOfPage":{"@id":"https:\/\/www.montagnelagodicomo.it\/2022\/02\/07\/avviso-manifestazione-interesse-interreg-vi-vi-2-0-ecommerce\/"},"wordCount":550,"commentCount":0,"publisher":{"@id":"https:\/\/www.montagnelagodicomo.it\/#organization"},"image":{"@id":"https:\/\/www.montagnelagodicomo.it\/2022\/02\/07\/avviso-manifestazione-interesse-interreg-vi-vi-2-0-ecommerce\/#primaryimage"},"thumbnailUrl":"https:\/\/www.montagnelagodicomo.it\/wp-content\/uploads\/2021\/07\/MLC_Le-Vie-del-Viandante_banner-quadrato.jpg","articleSection":["Non categorizzato"],"inLanguage":"fr-FR","potentialAction":[{"@type":"CommentAction","name":"Comment","target":["https:\/\/www.montagnelagodicomo.it\/2022\/02\/07\/avviso-manifestazione-interesse-interreg-vi-vi-2-0-ecommerce\/#respond"]}]},{"@type":"WebPage","@id":"https:\/\/www.montagnelagodicomo.it\/2022\/02\/07\/avviso-manifestazione-interesse-interreg-vi-vi-2-0-ecommerce\/","url":"https:\/\/www.montagnelagodicomo.it\/2022\/02\/07\/avviso-manifestazione-interesse-interreg-vi-vi-2-0-ecommerce\/","name":"Avviso manifestazione interesse Interreg Vi.Vi. 2.0 - ecommerce - Lago di Como e Valsassina","isPartOf":{"@id":"https:\/\/www.montagnelagodicomo.it\/#website"},"primaryImageOfPage":{"@id":"https:\/\/www.montagnelagodicomo.it\/2022\/02\/07\/avviso-manifestazione-interesse-interreg-vi-vi-2-0-ecommerce\/#primaryimage"},"image":{"@id":"https:\/\/www.montagnelagodicomo.it\/2022\/02\/07\/avviso-manifestazione-interesse-interreg-vi-vi-2-0-ecommerce\/#primaryimage"},"thumbnailUrl":"https:\/\/www.montagnelagodicomo.it\/wp-content\/uploads\/2021\/07\/MLC_Le-Vie-del-Viandante_banner-quadrato.jpg","datePublished":"2022-02-07T08:27:48+00:00","dateModified":"2022-02-07T08:28:36+00:00","description":"AVVISO MANIFESTAZIONE DI INTERESSE PER ATTIVITA\u2019 DI PACCHETTIZZAZIONE, MARKETING E ADVERTISINGE-COMMERCE MONTAGNE DEL LAGO DI COMO","breadcrumb":{"@id":"https:\/\/www.montagnelagodicomo.it\/2022\/02\/07\/avviso-manifestazione-interesse-interreg-vi-vi-2-0-ecommerce\/#breadcrumb"},"inLanguage":"fr-FR","potentialAction":[{"@type":"ReadAction","target":["https:\/\/www.montagnelagodicomo.it\/2022\/02\/07\/avviso-manifestazione-interesse-interreg-vi-vi-2-0-ecommerce\/"]}]},{"@type":"ImageObject","inLanguage":"fr-FR","@id":"https:\/\/www.montagnelagodicomo.it\/2022\/02\/07\/avviso-manifestazione-interesse-interreg-vi-vi-2-0-ecommerce\/#primaryimage","url":"https:\/\/www.montagnelagodicomo.it\/wp-content\/uploads\/2021\/07\/MLC_Le-Vie-del-Viandante_banner-quadrato.jpg","contentUrl":"https:\/\/www.montagnelagodicomo.it\/wp-content\/uploads\/2021\/07\/MLC_Le-Vie-del-Viandante_banner-quadrato.jpg","width":800,"height":800},{"@type":"BreadcrumbList","@id":"https:\/\/www.montagnelagodicomo.it\/2022\/02\/07\/avviso-manifestazione-interesse-interreg-vi-vi-2-0-ecommerce\/#breadcrumb","itemListElement":[{"@type":"ListItem","position":1,"name":"Home","item":"https:\/\/www.montagnelagodicomo.it\/fr\/"},{"@type":"ListItem","position":2,"name":"Avviso manifestazione interesse Interreg Vi.Vi. 2.0 &#8211; ecommerce"}]},{"@type":"WebSite","@id":"https:\/\/www.montagnelagodicomo.it\/#website","url":"https:\/\/www.montagnelagodicomo.it\/","name":"Lago di Como e Valsassina","description":"","publisher":{"@id":"https:\/\/www.montagnelagodicomo.it\/#organization"},"potentialAction":[{"@type":"SearchAction","target":{"@type":"EntryPoint","urlTemplate":"https:\/\/www.montagnelagodicomo.it\/?s={search_term_string}"},"query-input":{"@type":"PropertyValueSpecification","valueRequired":true,"valueName":"search_term_string"}}],"inLanguage":"fr-FR"},{"@type":"Organization","@id":"https:\/\/www.montagnelagodicomo.it\/#organization","name":"Montagne del Lago di Como","url":"https:\/\/www.montagnelagodicomo.it\/","logo":{"@type":"ImageObject","inLanguage":"fr-FR","@id":"https:\/\/www.montagnelagodicomo.it\/#\/schema\/logo\/image\/","url":"https:\/\/www.montagnelagodicomo.it\/wp-content\/uploads\/2016\/07\/DEF_Montagne_LagodiComo_04112015_png.png","contentUrl":"https:\/\/www.montagnelagodicomo.it\/wp-content\/uploads\/2016\/07\/DEF_Montagne_LagodiComo_04112015_png.png","width":2997,"height":835,"caption":"Montagne del Lago di Como"},"image":{"@id":"https:\/\/www.montagnelagodicomo.it\/#\/schema\/logo\/image\/"},"sameAs":["https:\/\/www.facebook.com\/montagnelagodicomo","https:\/\/x.com\/MontagneLago","https:\/\/www.youtube.com\/channel\/UCDoxghWmgQnHlQ78rzZuUjA"]},{"@type":"Person","@id":"https:\/\/www.montagnelagodicomo.it\/#\/schema\/person\/2bf16933476a4be250f5262fc4b6be73","name":"Lago di Como","image":{"@type":"ImageObject","inLanguage":"fr-FR","@id":"https:\/\/www.montagnelagodicomo.it\/#\/schema\/person\/image\/","url":"https:\/\/secure.gravatar.com\/avatar\/b0ea597184538654d9c960fec152139dfdb9bdcb85f1479a337049ab90c2f71a?s=96&d=mm&r=g","contentUrl":"https:\/\/secure.gravatar.com\/avatar\/b0ea597184538654d9c960fec152139dfdb9bdcb85f1479a337049ab90c2f71a?s=96&d=mm&r=g","caption":"Lago di Como"},"url":"https:\/\/www.montagnelagodicomo.it\/fr\/author\/lago-di-como\/"}]}},"_links":{"self":[{"href":"https:\/\/www.montagnelagodicomo.it\/fr\/wp-json\/wp\/v2\/posts\/79667","targetHints":{"allow":["GET"]}}],"collection":[{"href":"https:\/\/www.montagnelagodicomo.it\/fr\/wp-json\/wp\/v2\/posts"}],"about":[{"href":"https:\/\/www.montagnelagodicomo.it\/fr\/wp-json\/wp\/v2\/types\/post"}],"author":[{"embeddable":true,"href":"https:\/\/www.montagnelagodicomo.it\/fr\/wp-json\/wp\/v2\/users\/6"}],"replies":[{"embeddable":true,"href":"https:\/\/www.montagnelagodicomo.it\/fr\/wp-json\/wp\/v2\/comments?post=79667"}],"version-history":[{"count":4,"href":"https:\/\/www.montagnelagodicomo.it\/fr\/wp-json\/wp\/v2\/posts\/79667\/revisions"}],"predecessor-version":[{"id":79675,"href":"https:\/\/www.montagnelagodicomo.it\/fr\/wp-json\/wp\/v2\/posts\/79667\/revisions\/79675"}],"wp:featuredmedia":[{"embeddable":true,"href":"https:\/\/www.montagnelagodicomo.it\/fr\/wp-json\/wp\/v2\/media\/76973"}],"wp:attachment":[{"href":"https:\/\/www.montagnelagodicomo.it\/fr\/wp-json\/wp\/v2\/media?parent=79667"}],"wp:term":[{"taxonomy":"category","embeddable":true,"href":"https:\/\/www.montagnelagodicomo.it\/fr\/wp-json\/wp\/v2\/categories?post=79667"},{"taxonomy":"post_tag","embeddable":true,"href":"https:\/\/www.montagnelagodicomo.it\/fr\/wp-json\/wp\/v2\/tags?post=79667"}],"curies":[{"name":"wp","href":"https:\/\/api.w.org\/{rel}","templated":true}]}}