{"id":92210,"date":"2023-11-28T11:42:56","date_gmt":"2023-11-28T10:42:56","guid":{"rendered":"https:\/\/www.montagnelagodicomo.it\/?p=92210"},"modified":"2023-11-29T10:49:20","modified_gmt":"2023-11-29T09:49:20","slug":"apertura-impianti-sciistici-stagione-2023-2024","status":"publish","type":"post","link":"https:\/\/www.montagnelagodicomo.it\/fr\/2023\/11\/28\/apertura-impianti-sciistici-stagione-2023-2024\/","title":{"rendered":"Apertura impianti sciistici stagione 2023-2024"},"content":{"rendered":"<p>&nbsp;<\/p>\n<p><img fetchpriority=\"high\" decoding=\"async\" class=\"aligncenter wp-image-70463 size-large\" src=\"https:\/\/www.montagnelagodicomo.it\/wp-content\/uploads\/2020\/12\/5-Piani-di-Bobbio-sci_wide-1024x410.jpg\" alt=\"\" width=\"1024\" height=\"410\" srcset=\"https:\/\/www.montagnelagodicomo.it\/wp-content\/uploads\/2020\/12\/5-Piani-di-Bobbio-sci_wide-1024x410.jpg 1024w, https:\/\/www.montagnelagodicomo.it\/wp-content\/uploads\/2020\/12\/5-Piani-di-Bobbio-sci_wide-300x120.jpg 300w, https:\/\/www.montagnelagodicomo.it\/wp-content\/uploads\/2020\/12\/5-Piani-di-Bobbio-sci_wide-768x307.jpg 768w, https:\/\/www.montagnelagodicomo.it\/wp-content\/uploads\/2020\/12\/5-Piani-di-Bobbio-sci_wide-1536x614.jpg 1536w, https:\/\/www.montagnelagodicomo.it\/wp-content\/uploads\/2020\/12\/5-Piani-di-Bobbio-sci_wide.jpg 1920w\" sizes=\"(max-width: 1024px) 100vw, 1024px\" \/><\/p>\n<p>&nbsp;<\/p>\n<h2 style=\"text-align: center;\"><span style=\"color: #3366ff;\">INFO APERTURE STAZIONI SCIISTICHE INVERNALI E FUNIVIE<br \/>\n<\/span><\/h2>\n<p>La stazione sciistica <a href=\"https:\/\/www.montagnelagodicomo.it\/listings\/piani-di-bobbio\/\" target=\"_blank\" rel=\"noopener\"><strong>Piani di Bobbio &#8211; Valtorta<\/strong><\/a> apre ufficialmente la stagione invernale sabato 2 dicembre 2023. Per info sulle piste aperte, prezzi skipass e orari della cabinovia Barzio &#8211; Bobbio, visita il sito <a href=\"https:\/\/www.pianidibobbio.com\/it\/home\">www.pianidibobbio.com<\/a>.<\/p>\n<p>La funivia da Moggio per i <a href=\"https:\/\/www.montagnelagodicomo.it\/listings\/piani-di-artavaggio\/\" target=\"_blank\" rel=\"noopener\"><strong>Piani di Artavaggio<\/strong><\/a> riaprir\u00e0 con l&rsquo;inizio della stagione invernale. Per info sulla funivia e sulle piste da sci aperte visita il sito <a href=\"https:\/\/www.pianidibobbio.com\/it\/home\">www.pianidibobbio.com<\/a>.<\/p>\n<p>La funivia da Lecco per i <a href=\"https:\/\/www.montagnelagodicomo.it\/listings\/piani-derna\/\" target=\"_blank\" rel=\"noopener\"><strong>Piani d&rsquo;Erna<\/strong><\/a> al momento \u00e8 chiusa. Per info visita il sito <a href=\"https:\/\/www.pianidibobbio.com\/it\/home\">www.pianidibobbio.com<\/a>.<\/p>\n<p>La funivia da Margno per il <a href=\"https:\/\/www.montagnelagodicomo.it\/listings\/pian-delle-betulle\/\" target=\"_blank\" rel=\"noopener\"><strong>Pian delle Betulle<\/strong><\/a> \u00e8 aperta. Per info visita il sito <a href=\"https:\/\/www.pianidibobbio.com\/it\/home\">www.pianidibobbio.com<\/a> oppure contatta l&rsquo;<a href=\"https:\/\/www.montagnelagodicomo.it\/listings\/albergo-baitock\/\" target=\"_blank\" rel=\"noopener\"><strong>Albergo Baitock<\/strong><\/a>.<\/p>\n<p>All&rsquo;<a href=\"https:\/\/www.montagnelagodicomo.it\/listings\/sciare-allalpe-giumello\/\" target=\"_blank\" rel=\"noopener\"><strong>Alpe Giumello<\/strong><\/a> l\u2019<strong>apertura degli impianti<\/strong>, neve permettendo, \u00e8 prevista per l\u2019<strong>8 dicembre. <\/strong> Per info contatta il <a href=\"https:\/\/www.montagnelagodicomo.it\/listings\/ristoro-genio\/\" target=\"_blank\" rel=\"noopener\"><strong>Ristoro Genio<\/strong><\/a><\/p>\n<p>All&rsquo;<a href=\"https:\/\/www.montagnelagodicomo.it\/listings\/sciare-allalpe-cainallo\/\"><strong>Alpe Cainallo<\/strong><\/a> il tapis roulant \u00e8 chiuso per mancanza di neve. Per info e contatti contatta l&rsquo;<strong><a href=\"https:\/\/www.montagnelagodicomo.it\/listings\/sciare-allalpe-cainallo\/\" target=\"_blank\" rel=\"noopener\">Associazione Esino 2000<\/a><\/strong><\/p>\n<p>In arrivo anche le nostre <a href=\"https:\/\/ecommerce.montagnelagodicomo.it\/esperienze\/ciaspolate\" target=\"_blank\" rel=\"noopener\"><strong>Ciaspolate con guida alpina<\/strong><\/a> nelle varie localit\u00e0 della Valsassina e le proposte <a href=\"https:\/\/www.montagnelagodicomo.it\/events\/offerta-ciaspola-e-dormi-inverno-2022-2023\/\" target=\"_blank\" rel=\"noopener\"><strong>Ciaspola e Dormi<\/strong><\/a> dei nostri operatori turistici. Al momento le ciaspolate sono sospese in attesa di nuove nevicate.<\/p>\n<p>&nbsp;<\/p>\n<p>Articolo aggiornato il 28\/11\/2023<\/p>\n","protected":false},"excerpt":{"rendered":"<p>&nbsp; &nbsp; INFO APERTURE STAZIONI SCIISTICHE INVERNALI E FUNIVIE La stazione sciistica Piani di Bobbio &#8211; Valtorta apre ufficialmente la stagione invernale sabato 2 dicembre 2023. Per info sulle piste aperte, prezzi skipass e orari della cabinovia Barzio &#8211; Bobbio, visita il sito www.pianidibobbio.com. La funivia da Moggio per i Piani di Artavaggio riaprir\u00e0 con [&hellip;]<\/p>\n","protected":false},"author":4,"featured_media":12703,"comment_status":"open","ping_status":"open","sticky":false,"template":"","format":"standard","meta":{"_acf_changed":false,"footnotes":""},"categories":[146],"tags":[1284,1282,1283,1285,1286],"class_list":["post-92210","post","type-post","status-publish","format-standard","has-post-thumbnail","hentry","category-ultima-ora","tag-aperture","tag-impianti","tag-neve","tag-sci","tag-scidifondo"],"acf":[],"yoast_head":"<!-- This site is optimized with the Yoast SEO plugin v25.0 - https:\/\/yoast.com\/wordpress\/plugins\/seo\/ -->\n<title>Apertura impianti sciistici stagione 2023-2024 - Lago di Como e Valsassina<\/title>\n<meta name=\"description\" content=\"INFO APERTURE STAZIONI SCIISTICHE INVERNALI E FUNIVIE\" \/>\n<meta name=\"robots\" content=\"index, follow, max-snippet:-1, max-image-preview:large, max-video-preview:-1\" \/>\n<link rel=\"canonical\" href=\"https:\/\/www.montagnelagodicomo.it\/en\/2023\/11\/28\/apertura-impianti-sciistici-stagione-2023-2024\/\" \/>\n<meta property=\"og:locale\" content=\"fr_FR\" \/>\n<meta property=\"og:type\" content=\"article\" \/>\n<meta property=\"og:title\" content=\"Apertura impianti sciistici stagione 2022-2023\" \/>\n<meta property=\"og:description\" content=\"INFO APERTURE STAZIONI SCIISTICHE INVERNALI E FUNIVIE\" \/>\n<meta property=\"og:url\" content=\"https:\/\/www.montagnelagodicomo.it\/en\/2023\/11\/28\/apertura-impianti-sciistici-stagione-2023-2024\/\" \/>\n<meta property=\"og:site_name\" content=\"Lago di Como e Valsassina\" \/>\n<meta property=\"article:publisher\" content=\"https:\/\/www.facebook.com\/montagnelagodicomo\" \/>\n<meta property=\"article:published_time\" content=\"2023-11-28T10:42:56+00:00\" \/>\n<meta property=\"article:modified_time\" content=\"2023-11-29T09:49:20+00:00\" \/>\n<meta property=\"og:image\" content=\"https:\/\/www.montagnelagodicomo.it\/wp-content\/uploads\/2016\/12\/Bobbio_inverno6_sito.jpg\" \/>\n\t<meta property=\"og:image:width\" content=\"384\" \/>\n\t<meta property=\"og:image:height\" content=\"288\" \/>\n\t<meta property=\"og:image:type\" content=\"image\/jpeg\" \/>\n<meta name=\"author\" content=\"Lago di Como 3\" \/>\n<meta name=\"twitter:card\" content=\"summary_large_image\" \/>\n<meta name=\"twitter:title\" content=\"Apertura impianti sciistici stagione 2022-2023\" \/>\n<meta name=\"twitter:description\" content=\"INFO APERTURE STAZIONI SCIISTICHE INVERNALI E FUNIVIE\" \/>\n<meta name=\"twitter:image\" content=\"https:\/\/www.montagnelagodicomo.it\/wp-content\/uploads\/2016\/12\/Bobbio_inverno6_sito.jpg\" \/>\n<meta name=\"twitter:creator\" content=\"@MontagneLago\" \/>\n<meta name=\"twitter:site\" content=\"@MontagneLago\" \/>\n<meta name=\"twitter:label1\" content=\"\u00c9crit par\" \/>\n\t<meta name=\"twitter:data1\" content=\"Lago di Como 3\" \/>\n\t<meta name=\"twitter:label2\" content=\"Dur\u00e9e de lecture estim\u00e9e\" \/>\n\t<meta name=\"twitter:data2\" content=\"2 minutes\" \/>\n<script type=\"application\/ld+json\" class=\"yoast-schema-graph\">{\"@context\":\"https:\/\/schema.org\",\"@graph\":[{\"@type\":\"Article\",\"@id\":\"https:\/\/www.montagnelagodicomo.it\/en\/2023\/11\/28\/apertura-impianti-sciistici-stagione-2023-2024\/#article\",\"isPartOf\":{\"@id\":\"https:\/\/www.montagnelagodicomo.it\/en\/2023\/11\/28\/apertura-impianti-sciistici-stagione-2023-2024\/\"},\"author\":{\"name\":\"Lago di Como 3\",\"@id\":\"https:\/\/www.montagnelagodicomo.it\/#\/schema\/person\/62387dee120171fb5c03a77fe5169f1e\"},\"headline\":\"Apertura impianti sciistici stagione 2023-2024\",\"datePublished\":\"2023-11-28T10:42:56+00:00\",\"dateModified\":\"2023-11-29T09:49:20+00:00\",\"mainEntityOfPage\":{\"@id\":\"https:\/\/www.montagnelagodicomo.it\/en\/2023\/11\/28\/apertura-impianti-sciistici-stagione-2023-2024\/\"},\"wordCount\":199,\"commentCount\":0,\"publisher\":{\"@id\":\"https:\/\/www.montagnelagodicomo.it\/#organization\"},\"image\":{\"@id\":\"https:\/\/www.montagnelagodicomo.it\/en\/2023\/11\/28\/apertura-impianti-sciistici-stagione-2023-2024\/#primaryimage\"},\"thumbnailUrl\":\"https:\/\/www.montagnelagodicomo.it\/wp-content\/uploads\/2015\/11\/Bobbio_inverno6_sito.jpg\",\"keywords\":[\"aperture\",\"impianti\",\"neve\",\"sci\",\"scidifondo\"],\"articleSection\":[\"Ultima ora\"],\"inLanguage\":\"fr-FR\",\"potentialAction\":[{\"@type\":\"CommentAction\",\"name\":\"Comment\",\"target\":[\"https:\/\/www.montagnelagodicomo.it\/en\/2023\/11\/28\/apertura-impianti-sciistici-stagione-2023-2024\/#respond\"]}]},{\"@type\":\"WebPage\",\"@id\":\"https:\/\/www.montagnelagodicomo.it\/en\/2023\/11\/28\/apertura-impianti-sciistici-stagione-2023-2024\/\",\"url\":\"https:\/\/www.montagnelagodicomo.it\/en\/2023\/11\/28\/apertura-impianti-sciistici-stagione-2023-2024\/\",\"name\":\"Apertura impianti sciistici stagione 2023-2024 - Lago di Como e Valsassina\",\"isPartOf\":{\"@id\":\"https:\/\/www.montagnelagodicomo.it\/#website\"},\"primaryImageOfPage\":{\"@id\":\"https:\/\/www.montagnelagodicomo.it\/en\/2023\/11\/28\/apertura-impianti-sciistici-stagione-2023-2024\/#primaryimage\"},\"image\":{\"@id\":\"https:\/\/www.montagnelagodicomo.it\/en\/2023\/11\/28\/apertura-impianti-sciistici-stagione-2023-2024\/#primaryimage\"},\"thumbnailUrl\":\"https:\/\/www.montagnelagodicomo.it\/wp-content\/uploads\/2015\/11\/Bobbio_inverno6_sito.jpg\",\"datePublished\":\"2023-11-28T10:42:56+00:00\",\"dateModified\":\"2023-11-29T09:49:20+00:00\",\"description\":\"INFO APERTURE STAZIONI SCIISTICHE INVERNALI E FUNIVIE\",\"breadcrumb\":{\"@id\":\"https:\/\/www.montagnelagodicomo.it\/en\/2023\/11\/28\/apertura-impianti-sciistici-stagione-2023-2024\/#breadcrumb\"},\"inLanguage\":\"fr-FR\",\"potentialAction\":[{\"@type\":\"ReadAction\",\"target\":[\"https:\/\/www.montagnelagodicomo.it\/en\/2023\/11\/28\/apertura-impianti-sciistici-stagione-2023-2024\/\"]}]},{\"@type\":\"ImageObject\",\"inLanguage\":\"fr-FR\",\"@id\":\"https:\/\/www.montagnelagodicomo.it\/en\/2023\/11\/28\/apertura-impianti-sciistici-stagione-2023-2024\/#primaryimage\",\"url\":\"https:\/\/www.montagnelagodicomo.it\/wp-content\/uploads\/2015\/11\/Bobbio_inverno6_sito.jpg\",\"contentUrl\":\"https:\/\/www.montagnelagodicomo.it\/wp-content\/uploads\/2015\/11\/Bobbio_inverno6_sito.jpg\",\"width\":384,\"height\":288,\"caption\":\"Apertura Impianti Piani di Bobbio\"},{\"@type\":\"BreadcrumbList\",\"@id\":\"https:\/\/www.montagnelagodicomo.it\/en\/2023\/11\/28\/apertura-impianti-sciistici-stagione-2023-2024\/#breadcrumb\",\"itemListElement\":[{\"@type\":\"ListItem\",\"position\":1,\"name\":\"Home\",\"item\":\"https:\/\/www.montagnelagodicomo.it\/fr\/\"},{\"@type\":\"ListItem\",\"position\":2,\"name\":\"Apertura impianti sciistici stagione 2023-2024\"}]},{\"@type\":\"WebSite\",\"@id\":\"https:\/\/www.montagnelagodicomo.it\/#website\",\"url\":\"https:\/\/www.montagnelagodicomo.it\/\",\"name\":\"Lago di Como e Valsassina\",\"description\":\"\",\"publisher\":{\"@id\":\"https:\/\/www.montagnelagodicomo.it\/#organization\"},\"potentialAction\":[{\"@type\":\"SearchAction\",\"target\":{\"@type\":\"EntryPoint\",\"urlTemplate\":\"https:\/\/www.montagnelagodicomo.it\/?s={search_term_string}\"},\"query-input\":{\"@type\":\"PropertyValueSpecification\",\"valueRequired\":true,\"valueName\":\"search_term_string\"}}],\"inLanguage\":\"fr-FR\"},{\"@type\":\"Organization\",\"@id\":\"https:\/\/www.montagnelagodicomo.it\/#organization\",\"name\":\"Montagne del Lago di Como\",\"url\":\"https:\/\/www.montagnelagodicomo.it\/\",\"logo\":{\"@type\":\"ImageObject\",\"inLanguage\":\"fr-FR\",\"@id\":\"https:\/\/www.montagnelagodicomo.it\/#\/schema\/logo\/image\/\",\"url\":\"https:\/\/www.montagnelagodicomo.it\/wp-content\/uploads\/2016\/07\/DEF_Montagne_LagodiComo_04112015_png.png\",\"contentUrl\":\"https:\/\/www.montagnelagodicomo.it\/wp-content\/uploads\/2016\/07\/DEF_Montagne_LagodiComo_04112015_png.png\",\"width\":2997,\"height\":835,\"caption\":\"Montagne del Lago di Como\"},\"image\":{\"@id\":\"https:\/\/www.montagnelagodicomo.it\/#\/schema\/logo\/image\/\"},\"sameAs\":[\"https:\/\/www.facebook.com\/montagnelagodicomo\",\"https:\/\/x.com\/MontagneLago\",\"https:\/\/www.youtube.com\/channel\/UCDoxghWmgQnHlQ78rzZuUjA\"]},{\"@type\":\"Person\",\"@id\":\"https:\/\/www.montagnelagodicomo.it\/#\/schema\/person\/62387dee120171fb5c03a77fe5169f1e\",\"name\":\"Lago di Como 3\",\"image\":{\"@type\":\"ImageObject\",\"inLanguage\":\"fr-FR\",\"@id\":\"https:\/\/www.montagnelagodicomo.it\/#\/schema\/person\/image\/\",\"url\":\"https:\/\/secure.gravatar.com\/avatar\/177606e9ed7370bc5cd946f4243ac59920e657438575f65d56f2ebfb41996b8f?s=96&d=mm&r=g\",\"contentUrl\":\"https:\/\/secure.gravatar.com\/avatar\/177606e9ed7370bc5cd946f4243ac59920e657438575f65d56f2ebfb41996b8f?s=96&d=mm&r=g\",\"caption\":\"Lago di Como 3\"},\"url\":\"https:\/\/www.montagnelagodicomo.it\/fr\/author\/lago-di-como-3\/\"}]}<\/script>\n<!-- \/ Yoast SEO plugin. -->","yoast_head_json":{"title":"Apertura impianti sciistici stagione 2023-2024 - Lago di Como e Valsassina","description":"INFO APERTURE STAZIONI SCIISTICHE INVERNALI E FUNIVIE","robots":{"index":"index","follow":"follow","max-snippet":"max-snippet:-1","max-image-preview":"max-image-preview:large","max-video-preview":"max-video-preview:-1"},"canonical":"https:\/\/www.montagnelagodicomo.it\/en\/2023\/11\/28\/apertura-impianti-sciistici-stagione-2023-2024\/","og_locale":"fr_FR","og_type":"article","og_title":"Apertura impianti sciistici stagione 2022-2023","og_description":"INFO APERTURE STAZIONI SCIISTICHE INVERNALI E FUNIVIE","og_url":"https:\/\/www.montagnelagodicomo.it\/en\/2023\/11\/28\/apertura-impianti-sciistici-stagione-2023-2024\/","og_site_name":"Lago di Como e Valsassina","article_publisher":"https:\/\/www.facebook.com\/montagnelagodicomo","article_published_time":"2023-11-28T10:42:56+00:00","article_modified_time":"2023-11-29T09:49:20+00:00","og_image":[{"width":384,"height":288,"url":"https:\/\/www.montagnelagodicomo.it\/wp-content\/uploads\/2016\/12\/Bobbio_inverno6_sito.jpg","type":"image\/jpeg"}],"author":"Lago di Como 3","twitter_card":"summary_large_image","twitter_title":"Apertura impianti sciistici stagione 2022-2023","twitter_description":"INFO APERTURE STAZIONI SCIISTICHE INVERNALI E FUNIVIE","twitter_image":"https:\/\/www.montagnelagodicomo.it\/wp-content\/uploads\/2016\/12\/Bobbio_inverno6_sito.jpg","twitter_creator":"@MontagneLago","twitter_site":"@MontagneLago","twitter_misc":{"\u00c9crit par":"Lago di Como 3","Dur\u00e9e de lecture estim\u00e9e":"2 minutes"},"schema":{"@context":"https:\/\/schema.org","@graph":[{"@type":"Article","@id":"https:\/\/www.montagnelagodicomo.it\/en\/2023\/11\/28\/apertura-impianti-sciistici-stagione-2023-2024\/#article","isPartOf":{"@id":"https:\/\/www.montagnelagodicomo.it\/en\/2023\/11\/28\/apertura-impianti-sciistici-stagione-2023-2024\/"},"author":{"name":"Lago di Como 3","@id":"https:\/\/www.montagnelagodicomo.it\/#\/schema\/person\/62387dee120171fb5c03a77fe5169f1e"},"headline":"Apertura impianti sciistici stagione 2023-2024","datePublished":"2023-11-28T10:42:56+00:00","dateModified":"2023-11-29T09:49:20+00:00","mainEntityOfPage":{"@id":"https:\/\/www.montagnelagodicomo.it\/en\/2023\/11\/28\/apertura-impianti-sciistici-stagione-2023-2024\/"},"wordCount":199,"commentCount":0,"publisher":{"@id":"https:\/\/www.montagnelagodicomo.it\/#organization"},"image":{"@id":"https:\/\/www.montagnelagodicomo.it\/en\/2023\/11\/28\/apertura-impianti-sciistici-stagione-2023-2024\/#primaryimage"},"thumbnailUrl":"https:\/\/www.montagnelagodicomo.it\/wp-content\/uploads\/2015\/11\/Bobbio_inverno6_sito.jpg","keywords":["aperture","impianti","neve","sci","scidifondo"],"articleSection":["Ultima ora"],"inLanguage":"fr-FR","potentialAction":[{"@type":"CommentAction","name":"Comment","target":["https:\/\/www.montagnelagodicomo.it\/en\/2023\/11\/28\/apertura-impianti-sciistici-stagione-2023-2024\/#respond"]}]},{"@type":"WebPage","@id":"https:\/\/www.montagnelagodicomo.it\/en\/2023\/11\/28\/apertura-impianti-sciistici-stagione-2023-2024\/","url":"https:\/\/www.montagnelagodicomo.it\/en\/2023\/11\/28\/apertura-impianti-sciistici-stagione-2023-2024\/","name":"Apertura impianti sciistici stagione 2023-2024 - Lago di Como e Valsassina","isPartOf":{"@id":"https:\/\/www.montagnelagodicomo.it\/#website"},"primaryImageOfPage":{"@id":"https:\/\/www.montagnelagodicomo.it\/en\/2023\/11\/28\/apertura-impianti-sciistici-stagione-2023-2024\/#primaryimage"},"image":{"@id":"https:\/\/www.montagnelagodicomo.it\/en\/2023\/11\/28\/apertura-impianti-sciistici-stagione-2023-2024\/#primaryimage"},"thumbnailUrl":"https:\/\/www.montagnelagodicomo.it\/wp-content\/uploads\/2015\/11\/Bobbio_inverno6_sito.jpg","datePublished":"2023-11-28T10:42:56+00:00","dateModified":"2023-11-29T09:49:20+00:00","description":"INFO APERTURE STAZIONI SCIISTICHE INVERNALI E FUNIVIE","breadcrumb":{"@id":"https:\/\/www.montagnelagodicomo.it\/en\/2023\/11\/28\/apertura-impianti-sciistici-stagione-2023-2024\/#breadcrumb"},"inLanguage":"fr-FR","potentialAction":[{"@type":"ReadAction","target":["https:\/\/www.montagnelagodicomo.it\/en\/2023\/11\/28\/apertura-impianti-sciistici-stagione-2023-2024\/"]}]},{"@type":"ImageObject","inLanguage":"fr-FR","@id":"https:\/\/www.montagnelagodicomo.it\/en\/2023\/11\/28\/apertura-impianti-sciistici-stagione-2023-2024\/#primaryimage","url":"https:\/\/www.montagnelagodicomo.it\/wp-content\/uploads\/2015\/11\/Bobbio_inverno6_sito.jpg","contentUrl":"https:\/\/www.montagnelagodicomo.it\/wp-content\/uploads\/2015\/11\/Bobbio_inverno6_sito.jpg","width":384,"height":288,"caption":"Apertura Impianti Piani di Bobbio"},{"@type":"BreadcrumbList","@id":"https:\/\/www.montagnelagodicomo.it\/en\/2023\/11\/28\/apertura-impianti-sciistici-stagione-2023-2024\/#breadcrumb","itemListElement":[{"@type":"ListItem","position":1,"name":"Home","item":"https:\/\/www.montagnelagodicomo.it\/fr\/"},{"@type":"ListItem","position":2,"name":"Apertura impianti sciistici stagione 2023-2024"}]},{"@type":"WebSite","@id":"https:\/\/www.montagnelagodicomo.it\/#website","url":"https:\/\/www.montagnelagodicomo.it\/","name":"Lago di Como e Valsassina","description":"","publisher":{"@id":"https:\/\/www.montagnelagodicomo.it\/#organization"},"potentialAction":[{"@type":"SearchAction","target":{"@type":"EntryPoint","urlTemplate":"https:\/\/www.montagnelagodicomo.it\/?s={search_term_string}"},"query-input":{"@type":"PropertyValueSpecification","valueRequired":true,"valueName":"search_term_string"}}],"inLanguage":"fr-FR"},{"@type":"Organization","@id":"https:\/\/www.montagnelagodicomo.it\/#organization","name":"Montagne del Lago di Como","url":"https:\/\/www.montagnelagodicomo.it\/","logo":{"@type":"ImageObject","inLanguage":"fr-FR","@id":"https:\/\/www.montagnelagodicomo.it\/#\/schema\/logo\/image\/","url":"https:\/\/www.montagnelagodicomo.it\/wp-content\/uploads\/2016\/07\/DEF_Montagne_LagodiComo_04112015_png.png","contentUrl":"https:\/\/www.montagnelagodicomo.it\/wp-content\/uploads\/2016\/07\/DEF_Montagne_LagodiComo_04112015_png.png","width":2997,"height":835,"caption":"Montagne del Lago di Como"},"image":{"@id":"https:\/\/www.montagnelagodicomo.it\/#\/schema\/logo\/image\/"},"sameAs":["https:\/\/www.facebook.com\/montagnelagodicomo","https:\/\/x.com\/MontagneLago","https:\/\/www.youtube.com\/channel\/UCDoxghWmgQnHlQ78rzZuUjA"]},{"@type":"Person","@id":"https:\/\/www.montagnelagodicomo.it\/#\/schema\/person\/62387dee120171fb5c03a77fe5169f1e","name":"Lago di Como 3","image":{"@type":"ImageObject","inLanguage":"fr-FR","@id":"https:\/\/www.montagnelagodicomo.it\/#\/schema\/person\/image\/","url":"https:\/\/secure.gravatar.com\/avatar\/177606e9ed7370bc5cd946f4243ac59920e657438575f65d56f2ebfb41996b8f?s=96&d=mm&r=g","contentUrl":"https:\/\/secure.gravatar.com\/avatar\/177606e9ed7370bc5cd946f4243ac59920e657438575f65d56f2ebfb41996b8f?s=96&d=mm&r=g","caption":"Lago di Como 3"},"url":"https:\/\/www.montagnelagodicomo.it\/fr\/author\/lago-di-como-3\/"}]}},"_links":{"self":[{"href":"https:\/\/www.montagnelagodicomo.it\/fr\/wp-json\/wp\/v2\/posts\/92210","targetHints":{"allow":["GET"]}}],"collection":[{"href":"https:\/\/www.montagnelagodicomo.it\/fr\/wp-json\/wp\/v2\/posts"}],"about":[{"href":"https:\/\/www.montagnelagodicomo.it\/fr\/wp-json\/wp\/v2\/types\/post"}],"author":[{"embeddable":true,"href":"https:\/\/www.montagnelagodicomo.it\/fr\/wp-json\/wp\/v2\/users\/4"}],"replies":[{"embeddable":true,"href":"https:\/\/www.montagnelagodicomo.it\/fr\/wp-json\/wp\/v2\/comments?post=92210"}],"version-history":[{"count":5,"href":"https:\/\/www.montagnelagodicomo.it\/fr\/wp-json\/wp\/v2\/posts\/92210\/revisions"}],"predecessor-version":[{"id":92250,"href":"https:\/\/www.montagnelagodicomo.it\/fr\/wp-json\/wp\/v2\/posts\/92210\/revisions\/92250"}],"wp:featuredmedia":[{"embeddable":true,"href":"https:\/\/www.montagnelagodicomo.it\/fr\/wp-json\/wp\/v2\/media\/12703"}],"wp:attachment":[{"href":"https:\/\/www.montagnelagodicomo.it\/fr\/wp-json\/wp\/v2\/media?parent=92210"}],"wp:term":[{"taxonomy":"category","embeddable":true,"href":"https:\/\/www.montagnelagodicomo.it\/fr\/wp-json\/wp\/v2\/categories?post=92210"},{"taxonomy":"post_tag","embeddable":true,"href":"https:\/\/www.montagnelagodicomo.it\/fr\/wp-json\/wp\/v2\/tags?post=92210"}],"curies":[{"name":"wp","href":"https:\/\/api.w.org\/{rel}","templated":true}]}}